{"id":463058,"date":"2026-04-30T16:33:35","date_gmt":"2026-04-30T19:33:35","guid":{"rendered":"https:\/\/portaltela.pt\/noticias\/2026\/04\/30\/montenegro-anuncia-80-milhoes-em-apoios-a-agricultura-e-compara-se-a-cavaco\/"},"modified":"2026-04-30T16:33:35","modified_gmt":"2026-04-30T19:33:35","slug":"montenegro-anuncia-80-milhoes-em-apoios-a-agricultura-e-compara-se-a-cavaco","status":"publish","type":"post","link":"https:\/\/portaltela.pt\/noticias\/economia\/2026\/04\/30\/montenegro-anuncia-80-milhoes-em-apoios-a-agricultura-e-compara-se-a-cavaco\/","title":{"rendered":"Montenegro anuncia 80 milh\u00f5es em apoios \u00e0 agricultura e compara-se a Cavaco"},"content":{"rendered":"<p>O primeiro-ministro Montenegro anunciou um pacote de medidas para a agricultura, incluindo apoios extraordin\u00e1rios de 80 milh\u00f5es de euros e o levantamento de restri\u00e7\u00f5es ao licenciamento de furos de \u00e1gua. A declara\u00e7\u00e3o enfatizou empatia com o custo de vida.<\/p>\n<p>A C\u00e2mara sustenta que o Governo est\u00e1 atento \u00e0s dificuldades, prometendo a\u00e7\u00f5es com modera\u00e7\u00e3o e sentido de responsabilidade para facilitar o setor agr\u00edcola e enfrentar o aumento dos pre\u00e7os.<\/p>\n<p>Montenegro comparou a sua vis\u00e3o com a de An\u00edbal Cavaco Silva, referindo-se ao legado pol\u00edtico do ex-primeiro-ministro como inspira\u00e7\u00e3o para as medidas em curso.<\/p>\n<h3>Apoios \u00e0 agricultura<\/h3>\n<p>Os 80 milh\u00f5es de euros destinam-se a apoios extraordin\u00e1rios ao setor, assegurando suporte financeiro adicional aos agricultores em \u00e9poca de press\u00e3o econ\u00f3mica. A proposta inclui recursos para v\u00e1rias vias de mitiga\u00e7\u00e3o.<\/p>\n<h3>Licenciamentos de furos de \u00e1gua<\/h3>\n<p>Al\u00e9m dos apoios, foi anunciado o levantamento das restri\u00e7\u00f5es ao licenciamento de furos de \u00e1gua, com o intuito de simplificar procedimentos e acelerar a implementa\u00e7\u00e3o de projetos h\u00eddricos no pa\u00eds.<\/p>\n","protected":false},"excerpt":{"rendered":"<ul>\n<li>O primeiro-ministro anunciou apoios extraordin\u00e1rios \u00e0 agricultura no valor de 80 milh\u00f5es de euros.<\/li>\n<li>Inclui o levantamento das restri\u00e7\u00f5es ao licenciamento de furos de \u00e1gua.<\/li>\n<li>O Governo diz estar atento ao aumento do custo de vida, prometendo medidas com modera\u00e7\u00e3o e responsabilidade.<\/li>\n<li>Montenegro comparou a vis\u00e3o do executivo com a de An\u00edbal Cavaco Silva.<\/li>\n<li>A medida foca-se no setor agr\u00edcola e na confian\u00e7a transmitida pelo Governo.<\/li>\n<\/ul>\n","protected":false},"author":2,"featured_media":463060,"comment_status":"closed","ping_status":"closed","sticky":false,"template":"","format":"standard","meta":{"footnotes":""},"categories":[2,1],"tags":[8922,7883,10064,8037,7952,8477],"class_list":["post-463058","post","type-post","status-publish","format-standard","has-post-thumbnail","hentry","category-economia","category-noticias","tag-_abastecimento-de-agua","tag-_agricultura","tag-_anibal-cavaco-silva","tag-_desenvolvimento-economico","tag-_governo","tag-_licenciamentos"],"yoast_head":"<!-- This site is optimized with the Yoast SEO plugin v27.2 - https:\/\/yoast.com\/product\/yoast-seo-wordpress\/ -->\n<title>Montenegro anuncia 80 milh\u00f5es em apoios \u00e0 agricultura e compara-se a Cavaco - Portal Tela Portugal<\/title>\n<meta name=\"robots\" content=\"index, follow, max-snippet:-1, max-image-preview:large, max-video-preview:-1\" \/>\n<meta property=\"og:locale\" content=\"pt_PT\" \/>\n<meta property=\"og:type\" content=\"article\" \/>\n<meta property=\"og:title\" content=\"Montenegro anuncia 80 milh\u00f5es em apoios \u00e0 agricultura e compara-se a Cavaco - Portal Tela Portugal\" \/>\n<meta property=\"og:description\" content=\"O primeiro-ministro anunciou apoios extraordin\u00e1rios \u00e0 agricultura no valor de 80 milh\u00f5es de euros. Inclui o levantamento das restri\u00e7\u00f5es ao licenciamento de furos de \u00e1gua. O Governo diz estar atento ao aumento do custo de vida, prometendo medidas com modera\u00e7\u00e3o e responsabilidade. Montenegro comparou a vis\u00e3o do executivo com a de An\u00edbal Cavaco Silva. A medida foca-se no setor agr\u00edcola e na confian\u00e7a transmitida pelo Governo.\" \/>\n<meta property=\"og:url\" content=\"https:\/\/portaltela.pt\/noticias\/2026\/04\/30\/montenegro-anuncia-80-milhoes-em-apoios-a-agricultura-e-compara-se-a-cavaco\/\" \/>\n<meta property=\"og:site_name\" content=\"Portal Tela Portugal\" \/>\n<meta property=\"article:published_time\" content=\"2026-04-30T19:33:35+00:00\" \/>\n<meta name=\"author\" content=\"Telinha\" \/>\n<meta name=\"twitter:card\" content=\"summary_large_image\" \/>\n<meta name=\"twitter:label1\" content=\"Escrito por\" \/>\n\t<meta name=\"twitter:data1\" content=\"Telinha\" \/>\n\t<meta name=\"twitter:label2\" content=\"Tempo estimado de leitura\" \/>\n\t<meta name=\"twitter:data2\" content=\"1 minuto\" \/>\n<script type=\"application\/ld+json\" class=\"yoast-schema-graph\">{\"@context\":\"https:\/\/schema.org\",\"@graph\":[{\"@type\":\"Article\",\"@id\":\"https:\/\/portaltela.pt\/noticias\/2026\/04\/30\/montenegro-anuncia-80-milhoes-em-apoios-a-agricultura-e-compara-se-a-cavaco\/#article\",\"isPartOf\":{\"@id\":\"https:\/\/portaltela.pt\/noticias\/2026\/04\/30\/montenegro-anuncia-80-milhoes-em-apoios-a-agricultura-e-compara-se-a-cavaco\/\"},\"author\":{\"name\":\"Telinha\",\"@id\":\"https:\/\/portaltela.pt\/#\/schema\/person\/c4278d4a6028830caff9ee44b42d32ed\"},\"headline\":\"Montenegro anuncia 80 milh\u00f5es em apoios \u00e0 agricultura e compara-se a Cavaco\",\"datePublished\":\"2026-04-30T19:33:35+00:00\",\"mainEntityOfPage\":{\"@id\":\"https:\/\/portaltela.pt\/noticias\/2026\/04\/30\/montenegro-anuncia-80-milhoes-em-apoios-a-agricultura-e-compara-se-a-cavaco\/\"},\"wordCount\":193,\"image\":{\"@id\":\"https:\/\/portaltela.pt\/noticias\/2026\/04\/30\/montenegro-anuncia-80-milhoes-em-apoios-a-agricultura-e-compara-se-a-cavaco\/#primaryimage\"},\"thumbnailUrl\":\"https:\/\/portaltela.pt\/s.01k8rhncp4jt1\/2026\/04\/2085380.jpg\",\"keywords\":[\"_abastecimento de \u00e1gua\",\"_agricultura\",\"_An\u00edbal Cavaco Silva\",\"_desenvolvimento econ\u00f3mico\",\"_governo\",\"_licenciamentos\"],\"articleSection\":[\"Economia\",\"Not\u00edcias\"],\"inLanguage\":\"pt-PT\"},{\"@type\":\"WebPage\",\"@id\":\"https:\/\/portaltela.pt\/noticias\/2026\/04\/30\/montenegro-anuncia-80-milhoes-em-apoios-a-agricultura-e-compara-se-a-cavaco\/\",\"url\":\"https:\/\/portaltela.pt\/noticias\/2026\/04\/30\/montenegro-anuncia-80-milhoes-em-apoios-a-agricultura-e-compara-se-a-cavaco\/\",\"name\":\"Montenegro anuncia 80 milh\u00f5es em apoios \u00e0 agricultura e compara-se a Cavaco - Portal Tela Portugal\",\"isPartOf\":{\"@id\":\"https:\/\/portaltela.pt\/#website\"},\"primaryImageOfPage\":{\"@id\":\"https:\/\/portaltela.pt\/noticias\/2026\/04\/30\/montenegro-anuncia-80-milhoes-em-apoios-a-agricultura-e-compara-se-a-cavaco\/#primaryimage\"},\"image\":{\"@id\":\"https:\/\/portaltela.pt\/noticias\/2026\/04\/30\/montenegro-anuncia-80-milhoes-em-apoios-a-agricultura-e-compara-se-a-cavaco\/#primaryimage\"},\"thumbnailUrl\":\"https:\/\/portaltela.pt\/s.01k8rhncp4jt1\/2026\/04\/2085380.jpg\",\"datePublished\":\"2026-04-30T19:33:35+00:00\",\"author\":{\"@id\":\"https:\/\/portaltela.pt\/#\/schema\/person\/c4278d4a6028830caff9ee44b42d32ed\"},\"breadcrumb\":{\"@id\":\"https:\/\/portaltela.pt\/noticias\/2026\/04\/30\/montenegro-anuncia-80-milhoes-em-apoios-a-agricultura-e-compara-se-a-cavaco\/#breadcrumb\"},\"inLanguage\":\"pt-PT\",\"potentialAction\":[{\"@type\":\"ReadAction\",\"target\":[\"https:\/\/portaltela.pt\/noticias\/2026\/04\/30\/montenegro-anuncia-80-milhoes-em-apoios-a-agricultura-e-compara-se-a-cavaco\/\"]}]},{\"@type\":\"ImageObject\",\"inLanguage\":\"pt-PT\",\"@id\":\"https:\/\/portaltela.pt\/noticias\/2026\/04\/30\/montenegro-anuncia-80-milhoes-em-apoios-a-agricultura-e-compara-se-a-cavaco\/#primaryimage\",\"url\":\"https:\/\/portaltela.pt\/s.01k8rhncp4jt1\/2026\/04\/2085380.jpg\",\"contentUrl\":\"https:\/\/portaltela.pt\/s.01k8rhncp4jt1\/2026\/04\/2085380.jpg\",\"width\":796,\"height\":448,\"caption\":\"Conselho de Ministros reuniu-se na Ovibeja nesta quinta-feira\"},{\"@type\":\"BreadcrumbList\",\"@id\":\"https:\/\/portaltela.pt\/noticias\/2026\/04\/30\/montenegro-anuncia-80-milhoes-em-apoios-a-agricultura-e-compara-se-a-cavaco\/#breadcrumb\",\"itemListElement\":[{\"@type\":\"ListItem\",\"position\":1,\"name\":\"In\u00edcio\",\"item\":\"https:\/\/portaltela.pt\/\"},{\"@type\":\"ListItem\",\"position\":2,\"name\":\"Montenegro anuncia 80 milh\u00f5es em apoios \u00e0 agricultura e compara-se a Cavaco\"}]},{\"@type\":\"WebSite\",\"@id\":\"https:\/\/portaltela.pt\/#website\",\"url\":\"https:\/\/portaltela.pt\/\",\"name\":\"Portal Tela Portugal\",\"description\":\"\",\"potentialAction\":[{\"@type\":\"SearchAction\",\"target\":{\"@type\":\"EntryPoint\",\"urlTemplate\":\"https:\/\/portaltela.pt\/?s={search_term_string}\"},\"query-input\":{\"@type\":\"PropertyValueSpecification\",\"valueRequired\":true,\"valueName\":\"search_term_string\"}}],\"inLanguage\":\"pt-PT\"},{\"@type\":\"Person\",\"@id\":\"https:\/\/portaltela.pt\/#\/schema\/person\/c4278d4a6028830caff9ee44b42d32ed\",\"name\":\"Telinha\",\"image\":{\"@type\":\"ImageObject\",\"inLanguage\":\"pt-PT\",\"@id\":\"https:\/\/portaltela.pt\/s.01k8rhncp4jt1\/2025\/11\/talking-bot-125x125.png\",\"url\":\"https:\/\/portaltela.pt\/s.01k8rhncp4jt1\/2025\/11\/talking-bot-125x125.png\",\"contentUrl\":\"https:\/\/portaltela.pt\/s.01k8rhncp4jt1\/2025\/11\/talking-bot-125x125.png\",\"caption\":\"Telinha\"},\"sameAs\":[\"https:\/\/portaltela.pt\/\"],\"url\":\"https:\/\/portaltela.pt\/por\/367410592786\/\"}]}<\/script>\n<!-- \/ Yoast SEO plugin. -->","yoast_head_json":{"title":"Montenegro anuncia 80 milh\u00f5es em apoios \u00e0 agricultura e compara-se a Cavaco - Portal Tela Portugal","robots":{"index":"index","follow":"follow","max-snippet":"max-snippet:-1","max-image-preview":"max-image-preview:large","max-video-preview":"max-video-preview:-1"},"og_locale":"pt_PT","og_type":"article","og_title":"Montenegro anuncia 80 milh\u00f5es em apoios \u00e0 agricultura e compara-se a Cavaco - Portal Tela Portugal","og_description":"O primeiro-ministro anunciou apoios extraordin\u00e1rios \u00e0 agricultura no valor de 80 milh\u00f5es de euros. Inclui o levantamento das restri\u00e7\u00f5es ao licenciamento de furos de \u00e1gua. O Governo diz estar atento ao aumento do custo de vida, prometendo medidas com modera\u00e7\u00e3o e responsabilidade. Montenegro comparou a vis\u00e3o do executivo com a de An\u00edbal Cavaco Silva. A medida foca-se no setor agr\u00edcola e na confian\u00e7a transmitida pelo Governo.","og_url":"https:\/\/portaltela.pt\/noticias\/2026\/04\/30\/montenegro-anuncia-80-milhoes-em-apoios-a-agricultura-e-compara-se-a-cavaco\/","og_site_name":"Portal Tela Portugal","article_published_time":"2026-04-30T19:33:35+00:00","author":"Telinha","twitter_card":"summary_large_image","twitter_misc":{"Escrito por":"Telinha","Tempo estimado de leitura":"1 minuto"},"schema":{"@context":"https:\/\/schema.org","@graph":[{"@type":"Article","@id":"https:\/\/portaltela.pt\/noticias\/2026\/04\/30\/montenegro-anuncia-80-milhoes-em-apoios-a-agricultura-e-compara-se-a-cavaco\/#article","isPartOf":{"@id":"https:\/\/portaltela.pt\/noticias\/2026\/04\/30\/montenegro-anuncia-80-milhoes-em-apoios-a-agricultura-e-compara-se-a-cavaco\/"},"author":{"name":"Telinha","@id":"https:\/\/portaltela.pt\/#\/schema\/person\/c4278d4a6028830caff9ee44b42d32ed"},"headline":"Montenegro anuncia 80 milh\u00f5es em apoios \u00e0 agricultura e compara-se a Cavaco","datePublished":"2026-04-30T19:33:35+00:00","mainEntityOfPage":{"@id":"https:\/\/portaltela.pt\/noticias\/2026\/04\/30\/montenegro-anuncia-80-milhoes-em-apoios-a-agricultura-e-compara-se-a-cavaco\/"},"wordCount":193,"image":{"@id":"https:\/\/portaltela.pt\/noticias\/2026\/04\/30\/montenegro-anuncia-80-milhoes-em-apoios-a-agricultura-e-compara-se-a-cavaco\/#primaryimage"},"thumbnailUrl":"https:\/\/portaltela.pt\/s.01k8rhncp4jt1\/2026\/04\/2085380.jpg","keywords":["_abastecimento de \u00e1gua","_agricultura","_An\u00edbal Cavaco Silva","_desenvolvimento econ\u00f3mico","_governo","_licenciamentos"],"articleSection":["Economia","Not\u00edcias"],"inLanguage":"pt-PT"},{"@type":"WebPage","@id":"https:\/\/portaltela.pt\/noticias\/2026\/04\/30\/montenegro-anuncia-80-milhoes-em-apoios-a-agricultura-e-compara-se-a-cavaco\/","url":"https:\/\/portaltela.pt\/noticias\/2026\/04\/30\/montenegro-anuncia-80-milhoes-em-apoios-a-agricultura-e-compara-se-a-cavaco\/","name":"Montenegro anuncia 80 milh\u00f5es em apoios \u00e0 agricultura e compara-se a Cavaco - Portal Tela Portugal","isPartOf":{"@id":"https:\/\/portaltela.pt\/#website"},"primaryImageOfPage":{"@id":"https:\/\/portaltela.pt\/noticias\/2026\/04\/30\/montenegro-anuncia-80-milhoes-em-apoios-a-agricultura-e-compara-se-a-cavaco\/#primaryimage"},"image":{"@id":"https:\/\/portaltela.pt\/noticias\/2026\/04\/30\/montenegro-anuncia-80-milhoes-em-apoios-a-agricultura-e-compara-se-a-cavaco\/#primaryimage"},"thumbnailUrl":"https:\/\/portaltela.pt\/s.01k8rhncp4jt1\/2026\/04\/2085380.jpg","datePublished":"2026-04-30T19:33:35+00:00","author":{"@id":"https:\/\/portaltela.pt\/#\/schema\/person\/c4278d4a6028830caff9ee44b42d32ed"},"breadcrumb":{"@id":"https:\/\/portaltela.pt\/noticias\/2026\/04\/30\/montenegro-anuncia-80-milhoes-em-apoios-a-agricultura-e-compara-se-a-cavaco\/#breadcrumb"},"inLanguage":"pt-PT","potentialAction":[{"@type":"ReadAction","target":["https:\/\/portaltela.pt\/noticias\/2026\/04\/30\/montenegro-anuncia-80-milhoes-em-apoios-a-agricultura-e-compara-se-a-cavaco\/"]}]},{"@type":"ImageObject","inLanguage":"pt-PT","@id":"https:\/\/portaltela.pt\/noticias\/2026\/04\/30\/montenegro-anuncia-80-milhoes-em-apoios-a-agricultura-e-compara-se-a-cavaco\/#primaryimage","url":"https:\/\/portaltela.pt\/s.01k8rhncp4jt1\/2026\/04\/2085380.jpg","contentUrl":"https:\/\/portaltela.pt\/s.01k8rhncp4jt1\/2026\/04\/2085380.jpg","width":796,"height":448,"caption":"Conselho de Ministros reuniu-se na Ovibeja nesta quinta-feira"},{"@type":"BreadcrumbList","@id":"https:\/\/portaltela.pt\/noticias\/2026\/04\/30\/montenegro-anuncia-80-milhoes-em-apoios-a-agricultura-e-compara-se-a-cavaco\/#breadcrumb","itemListElement":[{"@type":"ListItem","position":1,"name":"In\u00edcio","item":"https:\/\/portaltela.pt\/"},{"@type":"ListItem","position":2,"name":"Montenegro anuncia 80 milh\u00f5es em apoios \u00e0 agricultura e compara-se a Cavaco"}]},{"@type":"WebSite","@id":"https:\/\/portaltela.pt\/#website","url":"https:\/\/portaltela.pt\/","name":"Portal Tela Portugal","description":"","potentialAction":[{"@type":"SearchAction","target":{"@type":"EntryPoint","urlTemplate":"https:\/\/portaltela.pt\/?s={search_term_string}"},"query-input":{"@type":"PropertyValueSpecification","valueRequired":true,"valueName":"search_term_string"}}],"inLanguage":"pt-PT"},{"@type":"Person","@id":"https:\/\/portaltela.pt\/#\/schema\/person\/c4278d4a6028830caff9ee44b42d32ed","name":"Telinha","image":{"@type":"ImageObject","inLanguage":"pt-PT","@id":"https:\/\/portaltela.pt\/s.01k8rhncp4jt1\/2025\/11\/talking-bot-125x125.png","url":"https:\/\/portaltela.pt\/s.01k8rhncp4jt1\/2025\/11\/talking-bot-125x125.png","contentUrl":"https:\/\/portaltela.pt\/s.01k8rhncp4jt1\/2025\/11\/talking-bot-125x125.png","caption":"Telinha"},"sameAs":["https:\/\/portaltela.pt\/"],"url":"https:\/\/portaltela.pt\/por\/367410592786\/"}]}},"_links":{"self":[{"href":"https:\/\/portaltela.pt\/api\/wp\/v2\/posts\/463058","targetHints":{"allow":["GET"]}}],"collection":[{"href":"https:\/\/portaltela.pt\/api\/wp\/v2\/posts"}],"about":[{"href":"https:\/\/portaltela.pt\/api\/wp\/v2\/types\/post"}],"author":[{"embeddable":true,"href":"https:\/\/portaltela.pt\/api\/wp\/v2\/users\/2"}],"replies":[{"embeddable":true,"href":"https:\/\/portaltela.pt\/api\/wp\/v2\/comments?post=463058"}],"version-history":[{"count":0,"href":"https:\/\/portaltela.pt\/api\/wp\/v2\/posts\/463058\/revisions"}],"wp:featuredmedia":[{"embeddable":true,"href":"https:\/\/portaltela.pt\/api\/wp\/v2\/media\/463060"}],"wp:attachment":[{"href":"https:\/\/portaltela.pt\/api\/wp\/v2\/media?parent=463058"}],"wp:term":[{"taxonomy":"category","embeddable":true,"href":"https:\/\/portaltela.pt\/api\/wp\/v2\/categories?post=463058"},{"taxonomy":"post_tag","embeddable":true,"href":"https:\/\/portaltela.pt\/api\/wp\/v2\/tags?post=463058"}],"curies":[{"name":"wp","href":"https:\/\/api.w.org\/{rel}","templated":true}]}}