{"id":463052,"date":"2026-04-30T16:17:50","date_gmt":"2026-04-30T19:17:50","guid":{"rendered":"https:\/\/portaltela.pt\/noticias\/2026\/04\/30\/seguro-montenegro-e-marcelo-no-braga-friburgo\/"},"modified":"2026-04-30T16:17:50","modified_gmt":"2026-04-30T19:17:50","slug":"seguro-montenegro-e-marcelo-no-braga-friburgo","status":"publish","type":"post","link":"https:\/\/portaltela.pt\/desporto\/futebol\/2026\/04\/30\/seguro-montenegro-e-marcelo-no-braga-friburgo\/","title":{"rendered":"Seguro, Montenegro e Marcelo no Braga, Friburgo"},"content":{"rendered":"<p>O presidente da Rep\u00fablica, Ant\u00f3nio Jos\u00e9 Seguro, o primeiro-ministro, Lu\u00eds Montenegro, e o anterior Chefe de Estado, Marcelo Rebelo de Sousa, deslocaram-se a Braga para acompanhar ao vivo a meia-final da Liga Europa entre o Braga e o Friburgo, no Municipal de Braga. A presen\u00e7a institucional ocorreu em plena atividade desportiva internacional, no contexto de uma competi\u00e7\u00e3o europeia.<\/p>\n<p>Antes do in\u00edcio do jogo, Marcelo Rebelo de Sousa manteve conversa com o l\u00edder do Braga, Ant\u00f3nio Salvador, e com o treinador Carlos Vicens, refor\u00e7ando o apoio ao clube minhoto ao qual \u00e9 adepto. A participa\u00e7\u00e3o dos tr\u00eas elementos acrescentou relevo pol\u00edtico ao evento esportivo.<\/p>\n<p>Tamb\u00e9m estiveram presentes Margarida Balseiro Lopes, ministra da Cultura, Juventude e Desporto, e Pedro Dias, secret\u00e1rio de Estado do Desporto, numa comitiva que acompanhou a partida. A presen\u00e7a de figuras p\u00fablicas refor\u00e7a o apoio institucional ao futebol nacional.<\/p>\n<h3>Participa\u00e7\u00e3o de figuras pol\u00edticas no evento<\/h3>\n<p>O encontro decorreu no contexto da agenda desportiva do fim de semana e marcou, para Seguro, o primeiro evento desportivo ao vivo desde a sua elei\u00e7\u00e3o no dia 8 de fevereiro. A presen\u00e7a de lideran\u00e7as nacionais em jogos de clubes refor\u00e7a a liga\u00e7\u00e3o entre pol\u00edtica e desporto.<\/p>\n","protected":false},"excerpt":{"rendered":"<ul>\n<li>O presidente da Rep\u00fablica, Ant\u00f3nio Jos\u00e9 Seguro, o primeiro-ministro, Lu\u00eds Montenegro, e o anterior chefe de Estado, Marcelo Rebelo de Sousa, assistiram \u00e0 meia-final da Liga Europa entre Braga e Friburgo, em Braga.<\/li>\n<li>Seguro participou pela primeira vez num evento desportivo ao vivo desde a sua elei\u00e7\u00e3o, em 8 de fevereiro.<\/li>\n<li>Marcelo Rebelo de Sousa apoiou o Braga e manteve conversa com o l\u00edder do clube, Ant\u00f3nio Salvador, e com o treinador Carlos Vicens.<\/li>\n<li>A ministra da Cultura, Juventude e Desporto, Margarida Balseiro Lopes, e o secret\u00e1rio de Estado do Desporto, Pedro Dias, tamb\u00e9m estiveram presentes no Municipal de Braga.<\/li>\n<li>O encontro foi descrito como um momento de apoio ao clube minhoto na partida da meia-final da competi\u00e7\u00e3o europeia.<\/li>\n<\/ul>\n","protected":false},"author":2,"featured_media":463056,"comment_status":"closed","ping_status":"closed","sticky":false,"template":"","format":"standard","meta":{"footnotes":""},"categories":[21,24],"tags":[7973,8830,152,2877,3111,3416],"class_list":["post-463052","post","type-post","status-publish","format-standard","has-post-thumbnail","hentry","category-desporto","category-futebol","tag-_braga","tag-_europa-league","tag-desporto","tag-marcelo-rebelo-de-sousa","tag-montenegro","tag-seguro"],"yoast_head":"<!-- This site is optimized with the Yoast SEO plugin v27.2 - https:\/\/yoast.com\/product\/yoast-seo-wordpress\/ -->\n<title>Seguro, Montenegro e Marcelo no Braga, Friburgo - Portal Tela Portugal<\/title>\n<meta name=\"robots\" content=\"index, follow, max-snippet:-1, max-image-preview:large, max-video-preview:-1\" \/>\n<meta property=\"og:locale\" content=\"pt_PT\" \/>\n<meta property=\"og:type\" content=\"article\" \/>\n<meta property=\"og:title\" content=\"Seguro, Montenegro e Marcelo no Braga, Friburgo - Portal Tela Portugal\" \/>\n<meta property=\"og:description\" content=\"O presidente da Rep\u00fablica, Ant\u00f3nio Jos\u00e9 Seguro, o primeiro-ministro, Lu\u00eds Montenegro, e o anterior chefe de Estado, Marcelo Rebelo de Sousa, assistiram \u00e0 meia-final da Liga Europa entre Braga e Friburgo, em Braga. Seguro participou pela primeira vez num evento desportivo ao vivo desde a sua elei\u00e7\u00e3o, em 8 de fevereiro. Marcelo Rebelo de Sousa apoiou o Braga e manteve conversa com o l\u00edder do clube, Ant\u00f3nio Salvador, e com o treinador Carlos Vicens. A ministra da Cultura, Juventude e Desporto, Margarida Balseiro Lopes, e o secret\u00e1rio de Estado do Desporto, Pedro Dias, tamb\u00e9m estiveram presentes no Municipal de Braga. O encontro foi descrito como um momento de apoio ao clube minhoto na partida da meia-final da competi\u00e7\u00e3o europeia.\" \/>\n<meta property=\"og:url\" content=\"https:\/\/portaltela.pt\/noticias\/2026\/04\/30\/seguro-montenegro-e-marcelo-no-braga-friburgo\/\" \/>\n<meta property=\"og:site_name\" content=\"Portal Tela Portugal\" \/>\n<meta property=\"article:published_time\" content=\"2026-04-30T19:17:50+00:00\" \/>\n<meta name=\"author\" content=\"Telinha\" \/>\n<meta name=\"twitter:card\" content=\"summary_large_image\" \/>\n<meta name=\"twitter:label1\" content=\"Escrito por\" \/>\n\t<meta name=\"twitter:data1\" content=\"Telinha\" \/>\n\t<meta name=\"twitter:label2\" content=\"Tempo estimado de leitura\" \/>\n\t<meta name=\"twitter:data2\" content=\"1 minuto\" \/>\n<script type=\"application\/ld+json\" class=\"yoast-schema-graph\">{\"@context\":\"https:\/\/schema.org\",\"@graph\":[{\"@type\":\"Article\",\"@id\":\"https:\/\/portaltela.pt\/noticias\/2026\/04\/30\/seguro-montenegro-e-marcelo-no-braga-friburgo\/#article\",\"isPartOf\":{\"@id\":\"https:\/\/portaltela.pt\/noticias\/2026\/04\/30\/seguro-montenegro-e-marcelo-no-braga-friburgo\/\"},\"author\":{\"name\":\"Telinha\",\"@id\":\"https:\/\/portaltela.pt\/#\/schema\/person\/c4278d4a6028830caff9ee44b42d32ed\"},\"headline\":\"Seguro, Montenegro e Marcelo no Braga, Friburgo\",\"datePublished\":\"2026-04-30T19:17:50+00:00\",\"mainEntityOfPage\":{\"@id\":\"https:\/\/portaltela.pt\/noticias\/2026\/04\/30\/seguro-montenegro-e-marcelo-no-braga-friburgo\/\"},\"wordCount\":224,\"image\":{\"@id\":\"https:\/\/portaltela.pt\/noticias\/2026\/04\/30\/seguro-montenegro-e-marcelo-no-braga-friburgo\/#primaryimage\"},\"thumbnailUrl\":\"https:\/\/portaltela.pt\/s.01k8rhncp4jt1\/2026\/04\/image-115.webp\",\"keywords\":[\"_Braga\",\"_Europa League\",\"desporto\",\"Marcelo Rebelo de Sousa\",\"Montenegro\",\"Seguro\"],\"articleSection\":[\"Desporto\",\"Futebol\"],\"inLanguage\":\"pt-PT\"},{\"@type\":\"WebPage\",\"@id\":\"https:\/\/portaltela.pt\/noticias\/2026\/04\/30\/seguro-montenegro-e-marcelo-no-braga-friburgo\/\",\"url\":\"https:\/\/portaltela.pt\/noticias\/2026\/04\/30\/seguro-montenegro-e-marcelo-no-braga-friburgo\/\",\"name\":\"Seguro, Montenegro e Marcelo no Braga, Friburgo - Portal Tela Portugal\",\"isPartOf\":{\"@id\":\"https:\/\/portaltela.pt\/#website\"},\"primaryImageOfPage\":{\"@id\":\"https:\/\/portaltela.pt\/noticias\/2026\/04\/30\/seguro-montenegro-e-marcelo-no-braga-friburgo\/#primaryimage\"},\"image\":{\"@id\":\"https:\/\/portaltela.pt\/noticias\/2026\/04\/30\/seguro-montenegro-e-marcelo-no-braga-friburgo\/#primaryimage\"},\"thumbnailUrl\":\"https:\/\/portaltela.pt\/s.01k8rhncp4jt1\/2026\/04\/image-115.webp\",\"datePublished\":\"2026-04-30T19:17:50+00:00\",\"author\":{\"@id\":\"https:\/\/portaltela.pt\/#\/schema\/person\/c4278d4a6028830caff9ee44b42d32ed\"},\"breadcrumb\":{\"@id\":\"https:\/\/portaltela.pt\/noticias\/2026\/04\/30\/seguro-montenegro-e-marcelo-no-braga-friburgo\/#breadcrumb\"},\"inLanguage\":\"pt-PT\",\"potentialAction\":[{\"@type\":\"ReadAction\",\"target\":[\"https:\/\/portaltela.pt\/noticias\/2026\/04\/30\/seguro-montenegro-e-marcelo-no-braga-friburgo\/\"]}]},{\"@type\":\"ImageObject\",\"inLanguage\":\"pt-PT\",\"@id\":\"https:\/\/portaltela.pt\/noticias\/2026\/04\/30\/seguro-montenegro-e-marcelo-no-braga-friburgo\/#primaryimage\",\"url\":\"https:\/\/portaltela.pt\/s.01k8rhncp4jt1\/2026\/04\/image-115.webp\",\"contentUrl\":\"https:\/\/portaltela.pt\/s.01k8rhncp4jt1\/2026\/04\/image-115.webp\",\"width\":1200,\"height\":904,\"caption\":\"Marcelo Rebelo de Sousa incentivou o treinador do Braga, Carlos Vicens\"},{\"@type\":\"BreadcrumbList\",\"@id\":\"https:\/\/portaltela.pt\/noticias\/2026\/04\/30\/seguro-montenegro-e-marcelo-no-braga-friburgo\/#breadcrumb\",\"itemListElement\":[{\"@type\":\"ListItem\",\"position\":1,\"name\":\"In\u00edcio\",\"item\":\"https:\/\/portaltela.pt\/\"},{\"@type\":\"ListItem\",\"position\":2,\"name\":\"Seguro, Montenegro e Marcelo no Braga, Friburgo\"}]},{\"@type\":\"WebSite\",\"@id\":\"https:\/\/portaltela.pt\/#website\",\"url\":\"https:\/\/portaltela.pt\/\",\"name\":\"Portal Tela Portugal\",\"description\":\"\",\"potentialAction\":[{\"@type\":\"SearchAction\",\"target\":{\"@type\":\"EntryPoint\",\"urlTemplate\":\"https:\/\/portaltela.pt\/?s={search_term_string}\"},\"query-input\":{\"@type\":\"PropertyValueSpecification\",\"valueRequired\":true,\"valueName\":\"search_term_string\"}}],\"inLanguage\":\"pt-PT\"},{\"@type\":\"Person\",\"@id\":\"https:\/\/portaltela.pt\/#\/schema\/person\/c4278d4a6028830caff9ee44b42d32ed\",\"name\":\"Telinha\",\"image\":{\"@type\":\"ImageObject\",\"inLanguage\":\"pt-PT\",\"@id\":\"https:\/\/portaltela.pt\/s.01k8rhncp4jt1\/2025\/11\/talking-bot-125x125.png\",\"url\":\"https:\/\/portaltela.pt\/s.01k8rhncp4jt1\/2025\/11\/talking-bot-125x125.png\",\"contentUrl\":\"https:\/\/portaltela.pt\/s.01k8rhncp4jt1\/2025\/11\/talking-bot-125x125.png\",\"caption\":\"Telinha\"},\"sameAs\":[\"https:\/\/portaltela.pt\/\"],\"url\":\"https:\/\/portaltela.pt\/por\/367410592786\/\"}]}<\/script>\n<!-- \/ Yoast SEO plugin. -->","yoast_head_json":{"title":"Seguro, Montenegro e Marcelo no Braga, Friburgo - Portal Tela Portugal","robots":{"index":"index","follow":"follow","max-snippet":"max-snippet:-1","max-image-preview":"max-image-preview:large","max-video-preview":"max-video-preview:-1"},"og_locale":"pt_PT","og_type":"article","og_title":"Seguro, Montenegro e Marcelo no Braga, Friburgo - Portal Tela Portugal","og_description":"O presidente da Rep\u00fablica, Ant\u00f3nio Jos\u00e9 Seguro, o primeiro-ministro, Lu\u00eds Montenegro, e o anterior chefe de Estado, Marcelo Rebelo de Sousa, assistiram \u00e0 meia-final da Liga Europa entre Braga e Friburgo, em Braga. Seguro participou pela primeira vez num evento desportivo ao vivo desde a sua elei\u00e7\u00e3o, em 8 de fevereiro. Marcelo Rebelo de Sousa apoiou o Braga e manteve conversa com o l\u00edder do clube, Ant\u00f3nio Salvador, e com o treinador Carlos Vicens. A ministra da Cultura, Juventude e Desporto, Margarida Balseiro Lopes, e o secret\u00e1rio de Estado do Desporto, Pedro Dias, tamb\u00e9m estiveram presentes no Municipal de Braga. O encontro foi descrito como um momento de apoio ao clube minhoto na partida da meia-final da competi\u00e7\u00e3o europeia.","og_url":"https:\/\/portaltela.pt\/noticias\/2026\/04\/30\/seguro-montenegro-e-marcelo-no-braga-friburgo\/","og_site_name":"Portal Tela Portugal","article_published_time":"2026-04-30T19:17:50+00:00","author":"Telinha","twitter_card":"summary_large_image","twitter_misc":{"Escrito por":"Telinha","Tempo estimado de leitura":"1 minuto"},"schema":{"@context":"https:\/\/schema.org","@graph":[{"@type":"Article","@id":"https:\/\/portaltela.pt\/noticias\/2026\/04\/30\/seguro-montenegro-e-marcelo-no-braga-friburgo\/#article","isPartOf":{"@id":"https:\/\/portaltela.pt\/noticias\/2026\/04\/30\/seguro-montenegro-e-marcelo-no-braga-friburgo\/"},"author":{"name":"Telinha","@id":"https:\/\/portaltela.pt\/#\/schema\/person\/c4278d4a6028830caff9ee44b42d32ed"},"headline":"Seguro, Montenegro e Marcelo no Braga, Friburgo","datePublished":"2026-04-30T19:17:50+00:00","mainEntityOfPage":{"@id":"https:\/\/portaltela.pt\/noticias\/2026\/04\/30\/seguro-montenegro-e-marcelo-no-braga-friburgo\/"},"wordCount":224,"image":{"@id":"https:\/\/portaltela.pt\/noticias\/2026\/04\/30\/seguro-montenegro-e-marcelo-no-braga-friburgo\/#primaryimage"},"thumbnailUrl":"https:\/\/portaltela.pt\/s.01k8rhncp4jt1\/2026\/04\/image-115.webp","keywords":["_Braga","_Europa League","desporto","Marcelo Rebelo de Sousa","Montenegro","Seguro"],"articleSection":["Desporto","Futebol"],"inLanguage":"pt-PT"},{"@type":"WebPage","@id":"https:\/\/portaltela.pt\/noticias\/2026\/04\/30\/seguro-montenegro-e-marcelo-no-braga-friburgo\/","url":"https:\/\/portaltela.pt\/noticias\/2026\/04\/30\/seguro-montenegro-e-marcelo-no-braga-friburgo\/","name":"Seguro, Montenegro e Marcelo no Braga, Friburgo - Portal Tela Portugal","isPartOf":{"@id":"https:\/\/portaltela.pt\/#website"},"primaryImageOfPage":{"@id":"https:\/\/portaltela.pt\/noticias\/2026\/04\/30\/seguro-montenegro-e-marcelo-no-braga-friburgo\/#primaryimage"},"image":{"@id":"https:\/\/portaltela.pt\/noticias\/2026\/04\/30\/seguro-montenegro-e-marcelo-no-braga-friburgo\/#primaryimage"},"thumbnailUrl":"https:\/\/portaltela.pt\/s.01k8rhncp4jt1\/2026\/04\/image-115.webp","datePublished":"2026-04-30T19:17:50+00:00","author":{"@id":"https:\/\/portaltela.pt\/#\/schema\/person\/c4278d4a6028830caff9ee44b42d32ed"},"breadcrumb":{"@id":"https:\/\/portaltela.pt\/noticias\/2026\/04\/30\/seguro-montenegro-e-marcelo-no-braga-friburgo\/#breadcrumb"},"inLanguage":"pt-PT","potentialAction":[{"@type":"ReadAction","target":["https:\/\/portaltela.pt\/noticias\/2026\/04\/30\/seguro-montenegro-e-marcelo-no-braga-friburgo\/"]}]},{"@type":"ImageObject","inLanguage":"pt-PT","@id":"https:\/\/portaltela.pt\/noticias\/2026\/04\/30\/seguro-montenegro-e-marcelo-no-braga-friburgo\/#primaryimage","url":"https:\/\/portaltela.pt\/s.01k8rhncp4jt1\/2026\/04\/image-115.webp","contentUrl":"https:\/\/portaltela.pt\/s.01k8rhncp4jt1\/2026\/04\/image-115.webp","width":1200,"height":904,"caption":"Marcelo Rebelo de Sousa incentivou o treinador do Braga, Carlos Vicens"},{"@type":"BreadcrumbList","@id":"https:\/\/portaltela.pt\/noticias\/2026\/04\/30\/seguro-montenegro-e-marcelo-no-braga-friburgo\/#breadcrumb","itemListElement":[{"@type":"ListItem","position":1,"name":"In\u00edcio","item":"https:\/\/portaltela.pt\/"},{"@type":"ListItem","position":2,"name":"Seguro, Montenegro e Marcelo no Braga, Friburgo"}]},{"@type":"WebSite","@id":"https:\/\/portaltela.pt\/#website","url":"https:\/\/portaltela.pt\/","name":"Portal Tela Portugal","description":"","potentialAction":[{"@type":"SearchAction","target":{"@type":"EntryPoint","urlTemplate":"https:\/\/portaltela.pt\/?s={search_term_string}"},"query-input":{"@type":"PropertyValueSpecification","valueRequired":true,"valueName":"search_term_string"}}],"inLanguage":"pt-PT"},{"@type":"Person","@id":"https:\/\/portaltela.pt\/#\/schema\/person\/c4278d4a6028830caff9ee44b42d32ed","name":"Telinha","image":{"@type":"ImageObject","inLanguage":"pt-PT","@id":"https:\/\/portaltela.pt\/s.01k8rhncp4jt1\/2025\/11\/talking-bot-125x125.png","url":"https:\/\/portaltela.pt\/s.01k8rhncp4jt1\/2025\/11\/talking-bot-125x125.png","contentUrl":"https:\/\/portaltela.pt\/s.01k8rhncp4jt1\/2025\/11\/talking-bot-125x125.png","caption":"Telinha"},"sameAs":["https:\/\/portaltela.pt\/"],"url":"https:\/\/portaltela.pt\/por\/367410592786\/"}]}},"_links":{"self":[{"href":"https:\/\/portaltela.pt\/api\/wp\/v2\/posts\/463052","targetHints":{"allow":["GET"]}}],"collection":[{"href":"https:\/\/portaltela.pt\/api\/wp\/v2\/posts"}],"about":[{"href":"https:\/\/portaltela.pt\/api\/wp\/v2\/types\/post"}],"author":[{"embeddable":true,"href":"https:\/\/portaltela.pt\/api\/wp\/v2\/users\/2"}],"replies":[{"embeddable":true,"href":"https:\/\/portaltela.pt\/api\/wp\/v2\/comments?post=463052"}],"version-history":[{"count":0,"href":"https:\/\/portaltela.pt\/api\/wp\/v2\/posts\/463052\/revisions"}],"wp:featuredmedia":[{"embeddable":true,"href":"https:\/\/portaltela.pt\/api\/wp\/v2\/media\/463056"}],"wp:attachment":[{"href":"https:\/\/portaltela.pt\/api\/wp\/v2\/media?parent=463052"}],"wp:term":[{"taxonomy":"category","embeddable":true,"href":"https:\/\/portaltela.pt\/api\/wp\/v2\/categories?post=463052"},{"taxonomy":"post_tag","embeddable":true,"href":"https:\/\/portaltela.pt\/api\/wp\/v2\/tags?post=463052"}],"curies":[{"name":"wp","href":"https:\/\/api.w.org\/{rel}","templated":true}]}}