{"id":463050,"date":"2026-04-30T16:17:35","date_gmt":"2026-04-30T19:17:35","guid":{"rendered":"https:\/\/portaltela.pt\/noticias\/2026\/04\/30\/benfica-reune-jogadores-e-patrocinadores-no-desafio-lancado-por-rui-costa\/"},"modified":"2026-04-30T16:17:35","modified_gmt":"2026-04-30T19:17:35","slug":"benfica-reune-jogadores-e-patrocinadores-no-desafio-lancado-por-rui-costa","status":"publish","type":"post","link":"https:\/\/portaltela.pt\/desporto\/futebol\/2026\/04\/30\/benfica-reune-jogadores-e-patrocinadores-no-desafio-lancado-por-rui-costa\/","title":{"rendered":"Benfica re\u00fane jogadores e patrocinadores no desafio lan\u00e7ado por Rui Costa"},"content":{"rendered":"<p>No Seixal, o Benfica reuniu atualmente e antigos jogadores com patrocinadores no evento Corporate, que ocorre anualmente. Este ano, mais de 750 pessoas do universo empresarial encarnado estiveram presentes no Benfica Campus, envolvendo mais de 600 empresas, para formar equipas em jogos com equipamento adequado.<\/p>\n<p>A iniciativa contou com a presen\u00e7a de Jos\u00e9 Mourinho e contou com a participa\u00e7\u00e3o ativa de jogadores do plantel, que distribu\u00edram aut\u00f3grafos e tiraram fotografias com os convidados. Rui Costa, em tom descontra\u00eddo, lan\u00e7ou o desafio aos presentes para que possam vir a ser chamados \u00e0 equipa principal.<\/p>\n<h3>Envolvimento empresarial e declara\u00e7\u00f5es<\/h3>\n<p>Rui Costa salientou que o clube j\u00e1 conta com cerca de 2.500 empresas associadas, enquadrando o evento como um conv\u00edvio merecido. O l\u00edder do Benfica explicou que a dimens\u00e3o do clube \u00e9 amplificada pelo apoio dos patrocinadores e pela confian\u00e7a demonstrada por estas parcerias, refor\u00e7ando o compromisso de fazer mais e melhor.<\/p>\n<p>O Presidente do clube sublinhou ainda que a fam\u00edlia empresarial do Benfica tem crescido ao longo dos anos, destacando a responsabilidade de proporcionar mais alegrias aos Benfiquistas. O evento refor\u00e7a, segundo a organiza\u00e7\u00e3o, a liga\u00e7\u00e3o entre o clube, os patrocinadores e a comunidade desportiva.<\/p>\n","protected":false},"excerpt":{"rendered":"<ul>\n<li>O Benfica realizou o Corporate no Seixal, reunindo atuais e ex-jogadores, bem como patrocinadores, no Benfica Campus.<\/li>\n<li>Mais de 750 pessoas ligadas ao universo empresarial estiveram presentes, de mais de 600 empresas.<\/li>\n<li>Os participantes puderam atuar em jogos devidamente equipados, com presen\u00e7a de jogadores do plantel orientado por Jos\u00e9 Mourinho.<\/li>\n<li>Rui Costa lan\u00e7ou um desafio descontra\u00eddo, sugerindo que alguns presentes possam ser chamados \u00e0 equipa principal; destacou tamb\u00e9m o conv\u00edvio merecido.<\/li>\n<li>O l\u00edder dos encarnados destacou que j\u00e1 existem 2.500 empresas a colaborar com o clube, refor\u00e7ando o pedido de apoio cont\u00ednuo e o objetivo de construir \u201calegrias\u201d para os Benfiquistas.<\/li>\n<\/ul>\n","protected":false},"author":2,"featured_media":463053,"comment_status":"closed","ping_status":"closed","sticky":false,"template":"","format":"standard","meta":{"footnotes":""},"categories":[21,24],"tags":[8566,8613,7902,7755,10063,8487],"class_list":["post-463050","post","type-post","status-publish","format-standard","has-post-thumbnail","hentry","category-desporto","category-futebol","tag-_benfica","tag-_benfica-sad","tag-_desporto","tag-_futebol","tag-_patrocinio","tag-_seixal"],"yoast_head":"<!-- This site is optimized with the Yoast SEO plugin v27.2 - https:\/\/yoast.com\/product\/yoast-seo-wordpress\/ -->\n<title>Benfica re\u00fane jogadores e patrocinadores no desafio lan\u00e7ado por Rui Costa - Portal Tela Portugal<\/title>\n<meta name=\"robots\" content=\"index, follow, max-snippet:-1, max-image-preview:large, max-video-preview:-1\" \/>\n<meta property=\"og:locale\" content=\"pt_PT\" \/>\n<meta property=\"og:type\" content=\"article\" \/>\n<meta property=\"og:title\" content=\"Benfica re\u00fane jogadores e patrocinadores no desafio lan\u00e7ado por Rui Costa - Portal Tela Portugal\" \/>\n<meta property=\"og:description\" content=\"O Benfica realizou o Corporate no Seixal, reunindo atuais e ex-jogadores, bem como patrocinadores, no Benfica Campus. Mais de 750 pessoas ligadas ao universo empresarial estiveram presentes, de mais de 600 empresas. Os participantes puderam atuar em jogos devidamente equipados, com presen\u00e7a de jogadores do plantel orientado por Jos\u00e9 Mourinho. Rui Costa lan\u00e7ou um desafio descontra\u00eddo, sugerindo que alguns presentes possam ser chamados \u00e0 equipa principal; destacou tamb\u00e9m o conv\u00edvio merecido. O l\u00edder dos encarnados destacou que j\u00e1 existem 2.500 empresas a colaborar com o clube, refor\u00e7ando o pedido de apoio cont\u00ednuo e o objetivo de construir \u201calegrias\u201d para os Benfiquistas.\" \/>\n<meta property=\"og:url\" content=\"https:\/\/portaltela.pt\/noticias\/2026\/04\/30\/benfica-reune-jogadores-e-patrocinadores-no-desafio-lancado-por-rui-costa\/\" \/>\n<meta property=\"og:site_name\" content=\"Portal Tela Portugal\" \/>\n<meta property=\"article:published_time\" content=\"2026-04-30T19:17:35+00:00\" \/>\n<meta name=\"author\" content=\"Telinha\" \/>\n<meta name=\"twitter:card\" content=\"summary_large_image\" \/>\n<meta name=\"twitter:label1\" content=\"Escrito por\" \/>\n\t<meta name=\"twitter:data1\" content=\"Telinha\" \/>\n\t<meta name=\"twitter:label2\" content=\"Tempo estimado de leitura\" \/>\n\t<meta name=\"twitter:data2\" content=\"1 minuto\" \/>\n<script type=\"application\/ld+json\" class=\"yoast-schema-graph\">{\"@context\":\"https:\/\/schema.org\",\"@graph\":[{\"@type\":\"Article\",\"@id\":\"https:\/\/portaltela.pt\/noticias\/2026\/04\/30\/benfica-reune-jogadores-e-patrocinadores-no-desafio-lancado-por-rui-costa\/#article\",\"isPartOf\":{\"@id\":\"https:\/\/portaltela.pt\/noticias\/2026\/04\/30\/benfica-reune-jogadores-e-patrocinadores-no-desafio-lancado-por-rui-costa\/\"},\"author\":{\"name\":\"Telinha\",\"@id\":\"https:\/\/portaltela.pt\/#\/schema\/person\/c4278d4a6028830caff9ee44b42d32ed\"},\"headline\":\"Benfica re\u00fane jogadores e patrocinadores no desafio lan\u00e7ado por Rui Costa\",\"datePublished\":\"2026-04-30T19:17:35+00:00\",\"mainEntityOfPage\":{\"@id\":\"https:\/\/portaltela.pt\/noticias\/2026\/04\/30\/benfica-reune-jogadores-e-patrocinadores-no-desafio-lancado-por-rui-costa\/\"},\"wordCount\":217,\"image\":{\"@id\":\"https:\/\/portaltela.pt\/noticias\/2026\/04\/30\/benfica-reune-jogadores-e-patrocinadores-no-desafio-lancado-por-rui-costa\/#primaryimage\"},\"thumbnailUrl\":\"https:\/\/portaltela.pt\/s.01k8rhncp4jt1\/2026\/04\/img_920x518uu2026-04-30-20-01-14-2436164.jpg\",\"keywords\":[\"_Benfica\",\"_Benfica SAD\",\"_desporto\",\"_futebol\",\"_patroc\u00ednio\",\"_Seixal\"],\"articleSection\":[\"Desporto\",\"Futebol\"],\"inLanguage\":\"pt-PT\"},{\"@type\":\"WebPage\",\"@id\":\"https:\/\/portaltela.pt\/noticias\/2026\/04\/30\/benfica-reune-jogadores-e-patrocinadores-no-desafio-lancado-por-rui-costa\/\",\"url\":\"https:\/\/portaltela.pt\/noticias\/2026\/04\/30\/benfica-reune-jogadores-e-patrocinadores-no-desafio-lancado-por-rui-costa\/\",\"name\":\"Benfica re\u00fane jogadores e patrocinadores no desafio lan\u00e7ado por Rui Costa - Portal Tela Portugal\",\"isPartOf\":{\"@id\":\"https:\/\/portaltela.pt\/#website\"},\"primaryImageOfPage\":{\"@id\":\"https:\/\/portaltela.pt\/noticias\/2026\/04\/30\/benfica-reune-jogadores-e-patrocinadores-no-desafio-lancado-por-rui-costa\/#primaryimage\"},\"image\":{\"@id\":\"https:\/\/portaltela.pt\/noticias\/2026\/04\/30\/benfica-reune-jogadores-e-patrocinadores-no-desafio-lancado-por-rui-costa\/#primaryimage\"},\"thumbnailUrl\":\"https:\/\/portaltela.pt\/s.01k8rhncp4jt1\/2026\/04\/img_920x518uu2026-04-30-20-01-14-2436164.jpg\",\"datePublished\":\"2026-04-30T19:17:35+00:00\",\"author\":{\"@id\":\"https:\/\/portaltela.pt\/#\/schema\/person\/c4278d4a6028830caff9ee44b42d32ed\"},\"breadcrumb\":{\"@id\":\"https:\/\/portaltela.pt\/noticias\/2026\/04\/30\/benfica-reune-jogadores-e-patrocinadores-no-desafio-lancado-por-rui-costa\/#breadcrumb\"},\"inLanguage\":\"pt-PT\",\"potentialAction\":[{\"@type\":\"ReadAction\",\"target\":[\"https:\/\/portaltela.pt\/noticias\/2026\/04\/30\/benfica-reune-jogadores-e-patrocinadores-no-desafio-lancado-por-rui-costa\/\"]}]},{\"@type\":\"ImageObject\",\"inLanguage\":\"pt-PT\",\"@id\":\"https:\/\/portaltela.pt\/noticias\/2026\/04\/30\/benfica-reune-jogadores-e-patrocinadores-no-desafio-lancado-por-rui-costa\/#primaryimage\",\"url\":\"https:\/\/portaltela.pt\/s.01k8rhncp4jt1\/2026\/04\/img_920x518uu2026-04-30-20-01-14-2436164.jpg\",\"contentUrl\":\"https:\/\/portaltela.pt\/s.01k8rhncp4jt1\/2026\/04\/img_920x518uu2026-04-30-20-01-14-2436164.jpg\",\"width\":796,\"height\":448,\"caption\":\"Rui Costa no evento\"},{\"@type\":\"BreadcrumbList\",\"@id\":\"https:\/\/portaltela.pt\/noticias\/2026\/04\/30\/benfica-reune-jogadores-e-patrocinadores-no-desafio-lancado-por-rui-costa\/#breadcrumb\",\"itemListElement\":[{\"@type\":\"ListItem\",\"position\":1,\"name\":\"In\u00edcio\",\"item\":\"https:\/\/portaltela.pt\/\"},{\"@type\":\"ListItem\",\"position\":2,\"name\":\"Benfica re\u00fane jogadores e patrocinadores no desafio lan\u00e7ado por Rui Costa\"}]},{\"@type\":\"WebSite\",\"@id\":\"https:\/\/portaltela.pt\/#website\",\"url\":\"https:\/\/portaltela.pt\/\",\"name\":\"Portal Tela Portugal\",\"description\":\"\",\"potentialAction\":[{\"@type\":\"SearchAction\",\"target\":{\"@type\":\"EntryPoint\",\"urlTemplate\":\"https:\/\/portaltela.pt\/?s={search_term_string}\"},\"query-input\":{\"@type\":\"PropertyValueSpecification\",\"valueRequired\":true,\"valueName\":\"search_term_string\"}}],\"inLanguage\":\"pt-PT\"},{\"@type\":\"Person\",\"@id\":\"https:\/\/portaltela.pt\/#\/schema\/person\/c4278d4a6028830caff9ee44b42d32ed\",\"name\":\"Telinha\",\"image\":{\"@type\":\"ImageObject\",\"inLanguage\":\"pt-PT\",\"@id\":\"https:\/\/portaltela.pt\/s.01k8rhncp4jt1\/2025\/11\/talking-bot-125x125.png\",\"url\":\"https:\/\/portaltela.pt\/s.01k8rhncp4jt1\/2025\/11\/talking-bot-125x125.png\",\"contentUrl\":\"https:\/\/portaltela.pt\/s.01k8rhncp4jt1\/2025\/11\/talking-bot-125x125.png\",\"caption\":\"Telinha\"},\"sameAs\":[\"https:\/\/portaltela.pt\/\"],\"url\":\"https:\/\/portaltela.pt\/por\/367410592786\/\"}]}<\/script>\n<!-- \/ Yoast SEO plugin. -->","yoast_head_json":{"title":"Benfica re\u00fane jogadores e patrocinadores no desafio lan\u00e7ado por Rui Costa - Portal Tela Portugal","robots":{"index":"index","follow":"follow","max-snippet":"max-snippet:-1","max-image-preview":"max-image-preview:large","max-video-preview":"max-video-preview:-1"},"og_locale":"pt_PT","og_type":"article","og_title":"Benfica re\u00fane jogadores e patrocinadores no desafio lan\u00e7ado por Rui Costa - Portal Tela Portugal","og_description":"O Benfica realizou o Corporate no Seixal, reunindo atuais e ex-jogadores, bem como patrocinadores, no Benfica Campus. Mais de 750 pessoas ligadas ao universo empresarial estiveram presentes, de mais de 600 empresas. Os participantes puderam atuar em jogos devidamente equipados, com presen\u00e7a de jogadores do plantel orientado por Jos\u00e9 Mourinho. Rui Costa lan\u00e7ou um desafio descontra\u00eddo, sugerindo que alguns presentes possam ser chamados \u00e0 equipa principal; destacou tamb\u00e9m o conv\u00edvio merecido. O l\u00edder dos encarnados destacou que j\u00e1 existem 2.500 empresas a colaborar com o clube, refor\u00e7ando o pedido de apoio cont\u00ednuo e o objetivo de construir \u201calegrias\u201d para os Benfiquistas.","og_url":"https:\/\/portaltela.pt\/noticias\/2026\/04\/30\/benfica-reune-jogadores-e-patrocinadores-no-desafio-lancado-por-rui-costa\/","og_site_name":"Portal Tela Portugal","article_published_time":"2026-04-30T19:17:35+00:00","author":"Telinha","twitter_card":"summary_large_image","twitter_misc":{"Escrito por":"Telinha","Tempo estimado de leitura":"1 minuto"},"schema":{"@context":"https:\/\/schema.org","@graph":[{"@type":"Article","@id":"https:\/\/portaltela.pt\/noticias\/2026\/04\/30\/benfica-reune-jogadores-e-patrocinadores-no-desafio-lancado-por-rui-costa\/#article","isPartOf":{"@id":"https:\/\/portaltela.pt\/noticias\/2026\/04\/30\/benfica-reune-jogadores-e-patrocinadores-no-desafio-lancado-por-rui-costa\/"},"author":{"name":"Telinha","@id":"https:\/\/portaltela.pt\/#\/schema\/person\/c4278d4a6028830caff9ee44b42d32ed"},"headline":"Benfica re\u00fane jogadores e patrocinadores no desafio lan\u00e7ado por Rui Costa","datePublished":"2026-04-30T19:17:35+00:00","mainEntityOfPage":{"@id":"https:\/\/portaltela.pt\/noticias\/2026\/04\/30\/benfica-reune-jogadores-e-patrocinadores-no-desafio-lancado-por-rui-costa\/"},"wordCount":217,"image":{"@id":"https:\/\/portaltela.pt\/noticias\/2026\/04\/30\/benfica-reune-jogadores-e-patrocinadores-no-desafio-lancado-por-rui-costa\/#primaryimage"},"thumbnailUrl":"https:\/\/portaltela.pt\/s.01k8rhncp4jt1\/2026\/04\/img_920x518uu2026-04-30-20-01-14-2436164.jpg","keywords":["_Benfica","_Benfica SAD","_desporto","_futebol","_patroc\u00ednio","_Seixal"],"articleSection":["Desporto","Futebol"],"inLanguage":"pt-PT"},{"@type":"WebPage","@id":"https:\/\/portaltela.pt\/noticias\/2026\/04\/30\/benfica-reune-jogadores-e-patrocinadores-no-desafio-lancado-por-rui-costa\/","url":"https:\/\/portaltela.pt\/noticias\/2026\/04\/30\/benfica-reune-jogadores-e-patrocinadores-no-desafio-lancado-por-rui-costa\/","name":"Benfica re\u00fane jogadores e patrocinadores no desafio lan\u00e7ado por Rui Costa - Portal Tela Portugal","isPartOf":{"@id":"https:\/\/portaltela.pt\/#website"},"primaryImageOfPage":{"@id":"https:\/\/portaltela.pt\/noticias\/2026\/04\/30\/benfica-reune-jogadores-e-patrocinadores-no-desafio-lancado-por-rui-costa\/#primaryimage"},"image":{"@id":"https:\/\/portaltela.pt\/noticias\/2026\/04\/30\/benfica-reune-jogadores-e-patrocinadores-no-desafio-lancado-por-rui-costa\/#primaryimage"},"thumbnailUrl":"https:\/\/portaltela.pt\/s.01k8rhncp4jt1\/2026\/04\/img_920x518uu2026-04-30-20-01-14-2436164.jpg","datePublished":"2026-04-30T19:17:35+00:00","author":{"@id":"https:\/\/portaltela.pt\/#\/schema\/person\/c4278d4a6028830caff9ee44b42d32ed"},"breadcrumb":{"@id":"https:\/\/portaltela.pt\/noticias\/2026\/04\/30\/benfica-reune-jogadores-e-patrocinadores-no-desafio-lancado-por-rui-costa\/#breadcrumb"},"inLanguage":"pt-PT","potentialAction":[{"@type":"ReadAction","target":["https:\/\/portaltela.pt\/noticias\/2026\/04\/30\/benfica-reune-jogadores-e-patrocinadores-no-desafio-lancado-por-rui-costa\/"]}]},{"@type":"ImageObject","inLanguage":"pt-PT","@id":"https:\/\/portaltela.pt\/noticias\/2026\/04\/30\/benfica-reune-jogadores-e-patrocinadores-no-desafio-lancado-por-rui-costa\/#primaryimage","url":"https:\/\/portaltela.pt\/s.01k8rhncp4jt1\/2026\/04\/img_920x518uu2026-04-30-20-01-14-2436164.jpg","contentUrl":"https:\/\/portaltela.pt\/s.01k8rhncp4jt1\/2026\/04\/img_920x518uu2026-04-30-20-01-14-2436164.jpg","width":796,"height":448,"caption":"Rui Costa no evento"},{"@type":"BreadcrumbList","@id":"https:\/\/portaltela.pt\/noticias\/2026\/04\/30\/benfica-reune-jogadores-e-patrocinadores-no-desafio-lancado-por-rui-costa\/#breadcrumb","itemListElement":[{"@type":"ListItem","position":1,"name":"In\u00edcio","item":"https:\/\/portaltela.pt\/"},{"@type":"ListItem","position":2,"name":"Benfica re\u00fane jogadores e patrocinadores no desafio lan\u00e7ado por Rui Costa"}]},{"@type":"WebSite","@id":"https:\/\/portaltela.pt\/#website","url":"https:\/\/portaltela.pt\/","name":"Portal Tela Portugal","description":"","potentialAction":[{"@type":"SearchAction","target":{"@type":"EntryPoint","urlTemplate":"https:\/\/portaltela.pt\/?s={search_term_string}"},"query-input":{"@type":"PropertyValueSpecification","valueRequired":true,"valueName":"search_term_string"}}],"inLanguage":"pt-PT"},{"@type":"Person","@id":"https:\/\/portaltela.pt\/#\/schema\/person\/c4278d4a6028830caff9ee44b42d32ed","name":"Telinha","image":{"@type":"ImageObject","inLanguage":"pt-PT","@id":"https:\/\/portaltela.pt\/s.01k8rhncp4jt1\/2025\/11\/talking-bot-125x125.png","url":"https:\/\/portaltela.pt\/s.01k8rhncp4jt1\/2025\/11\/talking-bot-125x125.png","contentUrl":"https:\/\/portaltela.pt\/s.01k8rhncp4jt1\/2025\/11\/talking-bot-125x125.png","caption":"Telinha"},"sameAs":["https:\/\/portaltela.pt\/"],"url":"https:\/\/portaltela.pt\/por\/367410592786\/"}]}},"_links":{"self":[{"href":"https:\/\/portaltela.pt\/api\/wp\/v2\/posts\/463050","targetHints":{"allow":["GET"]}}],"collection":[{"href":"https:\/\/portaltela.pt\/api\/wp\/v2\/posts"}],"about":[{"href":"https:\/\/portaltela.pt\/api\/wp\/v2\/types\/post"}],"author":[{"embeddable":true,"href":"https:\/\/portaltela.pt\/api\/wp\/v2\/users\/2"}],"replies":[{"embeddable":true,"href":"https:\/\/portaltela.pt\/api\/wp\/v2\/comments?post=463050"}],"version-history":[{"count":0,"href":"https:\/\/portaltela.pt\/api\/wp\/v2\/posts\/463050\/revisions"}],"wp:featuredmedia":[{"embeddable":true,"href":"https:\/\/portaltela.pt\/api\/wp\/v2\/media\/463053"}],"wp:attachment":[{"href":"https:\/\/portaltela.pt\/api\/wp\/v2\/media?parent=463050"}],"wp:term":[{"taxonomy":"category","embeddable":true,"href":"https:\/\/portaltela.pt\/api\/wp\/v2\/categories?post=463050"},{"taxonomy":"post_tag","embeddable":true,"href":"https:\/\/portaltela.pt\/api\/wp\/v2\/tags?post=463050"}],"curies":[{"name":"wp","href":"https:\/\/api.w.org\/{rel}","templated":true}]}}