{"id":463048,"date":"2026-04-30T16:17:23","date_gmt":"2026-04-30T19:17:23","guid":{"rendered":"https:\/\/portaltela.pt\/noticias\/2026\/04\/30\/portugal-convoca-embaixador-de-israel-apos-detencao-de-portugueses-na-flotilha\/"},"modified":"2026-04-30T16:17:23","modified_gmt":"2026-04-30T19:17:23","slug":"portugal-convoca-embaixador-de-israel-apos-detencao-de-portugueses-na-flotilha","status":"publish","type":"post","link":"https:\/\/portaltela.pt\/noticias\/internacional\/2026\/04\/30\/portugal-convoca-embaixador-de-israel-apos-detencao-de-portugueses-na-flotilha\/","title":{"rendered":"Portugal convoca embaixador de Israel ap\u00f3s deten\u00e7\u00e3o de portugueses na flotilha"},"content":{"rendered":"<p>O Governo de Portugal confirmou que, pelo menos, tr\u00eas cidad\u00e3os nacionais integram a flotilha humanit\u00e1ria Global Sumud, com destino \u00e0 Faixa de Gaza. A opera\u00e7\u00e3o ocorreu em \u00e1guas internacionais, onde a flotilha foi intercetada pela Marinha israelita. As autoridades portuguesas convocaram o embaixador de Israel para prestar esclarecimentos.<\/p>\n<p>Paulo Rangel, em participa\u00e7\u00e3o no F\u00f3rum Portugal Na\u00e7\u00e3o Global, explicou que o embaixador foi chamado para ouvir explica\u00e7\u00f5es sobre as deten\u00e7\u00f5es e para assegurar apoio consular aos ativistas. O l\u00edder pol\u00edtico salientou que a prote\u00e7\u00e3o consular est\u00e1 acionada, j\u00e1 tinha sido ativada preventivamente e mant\u00e9m-se ativa em Telavive e Atenas, onde pode haver efeitos \u00fateis aos cidad\u00e3os portugueses.<\/p>\n<p>O Minist\u00e9rio dos Neg\u00f3cios Estrangeiros confirmou a presen\u00e7a de ativistas portugueses na embarca\u00e7\u00e3o e informou que n\u00e3o houve contacto formal anterior do grupo com o Estado portugu\u00eas. As autoridades consulares est\u00e3o a acompanhar os desenvolvimentos, com dilig\u00eancias para assegurar apoio aos detidos ou a outros poss\u00edveis casos.<\/p>\n<h3>Desenvolvimento diplom\u00e1tico e situacional<\/h3>\n<p>A Marinha israelita apreendeu alguns barcos da flotilha e indicou que os tripulantes detidos seriam transferidos para o porto de Ashdod, em Israel. Em comunica\u00e7\u00e3o p\u00fablica, as autoridades israelitas indicaram que os civis detidos desembarcar\u00e3o na costa grega nas pr\u00f3ximas horas, em acordo com o governo grego. O primeiro-ministro israelita associou a opera\u00e7\u00e3o a uma verifica\u00e7\u00e3o de seguran\u00e7a e elogiou a atua\u00e7\u00e3o da Marinha.<\/p>\n<p>A comunica\u00e7\u00e3o do Governo portugu\u00eas reiterou a necessidade de sondagens adicionais e pediu aos familiares ou aos cidad\u00e3os que integrem a flotilha que informem o Gabinete de Emerg\u00eancia Consular, para facilitar o apoio necess\u00e1rio. Em paralelo, circulam v\u00eddeos de ativistas portugueses gravados antes da integra\u00e7\u00e3o na flotilha, com divulga\u00e7\u00e3o associada aos eventos.<\/p>\n","protected":false},"excerpt":{"rendered":"<ul>\n<li>Portugal convocou o embaixador de Israel para prestar esclarecimentos sobre as deten\u00e7\u00f5es de ativistas portugueses a bordo da flotilha humanit\u00e1ria Global Sumud, com destino a Gaza.<\/li>\n<li>Pelo menos tr\u00eas cidad\u00e3os portugueses seguiam na embarca\u00e7\u00e3o quando a flotilha foi intercetada pela Marinha israelita, com alguns barcos apreendidos e tripula\u00e7\u00f5es possivelmente transferidas para o porto de Ashdod.<\/li>\n<li>O Minist\u00e9rio dos Neg\u00f3cios Estrangeiros assegura prote\u00e7\u00e3o consular ativa nas duas capitais \u2014 Telavive e Atenas \u2014 e pediu que, se houver outros portugueses envolvidos, os afetados ou as respetivas fam\u00edlias contactem o Gabinete de Emerg\u00eancia Consular.<\/li>\n<li>Paulo Rangel, em declara\u00e7\u00f5es \u00e0 Lusa, afirmou que a interven\u00e7\u00e3o ocorreu em \u00e1guas internacionais e que o embaixador de Israel foi chamado para explicar a opera\u00e7\u00e3o.<\/li>\n<li>O Governo portugu\u00eas indica que as autoridades consulares est\u00e3o a atuar e que, segundo acordos, os cidad\u00e3os detidos devem receber apoio consular, sem confirma\u00e7\u00e3o de n\u00fameros adicionais de envolvidos.<\/li>\n<\/ul>\n","protected":false},"author":2,"featured_media":463049,"comment_status":"closed","ping_status":"closed","sticky":false,"template":"","format":"standard","meta":{"footnotes":""},"categories":[6814,4],"tags":[2198,29,3205,3708,7439,1014],"class_list":["post-463048","post","type-post","status-publish","format-standard","has-post-thumbnail","hentry","category-geopolitica","category-internacional","tag-conflitos-internacionais","tag-diplomacia","tag-embaixadas","tag-israel","tag-politica-externa","tag-portugal"],"yoast_head":"<!-- This site is optimized with the Yoast SEO plugin v27.2 - https:\/\/yoast.com\/product\/yoast-seo-wordpress\/ -->\n<title>Portugal convoca embaixador de Israel ap\u00f3s deten\u00e7\u00e3o de portugueses na flotilha - Portal Tela Portugal<\/title>\n<meta name=\"robots\" content=\"index, follow, max-snippet:-1, max-image-preview:large, max-video-preview:-1\" \/>\n<meta property=\"og:locale\" content=\"pt_PT\" \/>\n<meta property=\"og:type\" content=\"article\" \/>\n<meta property=\"og:title\" content=\"Portugal convoca embaixador de Israel ap\u00f3s deten\u00e7\u00e3o de portugueses na flotilha - Portal Tela Portugal\" \/>\n<meta property=\"og:description\" content=\"Portugal convocou o embaixador de Israel para prestar esclarecimentos sobre as deten\u00e7\u00f5es de ativistas portugueses a bordo da flotilha humanit\u00e1ria Global Sumud, com destino a Gaza. Pelo menos tr\u00eas cidad\u00e3os portugueses seguiam na embarca\u00e7\u00e3o quando a flotilha foi intercetada pela Marinha israelita, com alguns barcos apreendidos e tripula\u00e7\u00f5es possivelmente transferidas para o porto de Ashdod. O Minist\u00e9rio dos Neg\u00f3cios Estrangeiros assegura prote\u00e7\u00e3o consular ativa nas duas capitais \u2014 Telavive e Atenas \u2014 e pediu que, se houver outros portugueses envolvidos, os afetados ou as respetivas fam\u00edlias contactem o Gabinete de Emerg\u00eancia Consular. Paulo Rangel, em declara\u00e7\u00f5es \u00e0 Lusa, afirmou que a interven\u00e7\u00e3o ocorreu em \u00e1guas internacionais e que o embaixador de Israel foi chamado para explicar a opera\u00e7\u00e3o. O Governo portugu\u00eas indica que as autoridades consulares est\u00e3o a atuar e que, segundo acordos, os cidad\u00e3os detidos devem receber apoio consular, sem confirma\u00e7\u00e3o de n\u00fameros adicionais de envolvidos.\" \/>\n<meta property=\"og:url\" content=\"https:\/\/portaltela.pt\/noticias\/2026\/04\/30\/portugal-convoca-embaixador-de-israel-apos-detencao-de-portugueses-na-flotilha\/\" \/>\n<meta property=\"og:site_name\" content=\"Portal Tela Portugal\" \/>\n<meta property=\"article:published_time\" content=\"2026-04-30T19:17:23+00:00\" \/>\n<meta name=\"author\" content=\"Telinha\" \/>\n<meta name=\"twitter:card\" content=\"summary_large_image\" \/>\n<meta name=\"twitter:label1\" content=\"Escrito por\" \/>\n\t<meta name=\"twitter:data1\" content=\"Telinha\" \/>\n\t<meta name=\"twitter:label2\" content=\"Tempo estimado de leitura\" \/>\n\t<meta name=\"twitter:data2\" content=\"2 minutos\" \/>\n<script type=\"application\/ld+json\" class=\"yoast-schema-graph\">{\"@context\":\"https:\/\/schema.org\",\"@graph\":[{\"@type\":\"Article\",\"@id\":\"https:\/\/portaltela.pt\/noticias\/2026\/04\/30\/portugal-convoca-embaixador-de-israel-apos-detencao-de-portugueses-na-flotilha\/#article\",\"isPartOf\":{\"@id\":\"https:\/\/portaltela.pt\/noticias\/2026\/04\/30\/portugal-convoca-embaixador-de-israel-apos-detencao-de-portugueses-na-flotilha\/\"},\"author\":{\"name\":\"Telinha\",\"@id\":\"https:\/\/portaltela.pt\/#\/schema\/person\/c4278d4a6028830caff9ee44b42d32ed\"},\"headline\":\"Portugal convoca embaixador de Israel ap\u00f3s deten\u00e7\u00e3o de portugueses na flotilha\",\"datePublished\":\"2026-04-30T19:17:23+00:00\",\"mainEntityOfPage\":{\"@id\":\"https:\/\/portaltela.pt\/noticias\/2026\/04\/30\/portugal-convoca-embaixador-de-israel-apos-detencao-de-portugueses-na-flotilha\/\"},\"wordCount\":325,\"image\":{\"@id\":\"https:\/\/portaltela.pt\/noticias\/2026\/04\/30\/portugal-convoca-embaixador-de-israel-apos-detencao-de-portugueses-na-flotilha\/#primaryimage\"},\"thumbnailUrl\":\"https:\/\/portaltela.pt\/s.01k8rhncp4jt1\/2026\/04\/1536x864_cmsv2_8327ac42-e431-561a-8ca2-affd3ca850a4-9742781.jpg\",\"keywords\":[\"conflitos internacionais\",\"diplomacia\",\"embaixadas\",\"Israel\",\"pol\u00edtica externa\",\"Portugal\"],\"articleSection\":[\"Geopol\u00edtica\",\"Internacional\"],\"inLanguage\":\"pt-PT\"},{\"@type\":\"WebPage\",\"@id\":\"https:\/\/portaltela.pt\/noticias\/2026\/04\/30\/portugal-convoca-embaixador-de-israel-apos-detencao-de-portugueses-na-flotilha\/\",\"url\":\"https:\/\/portaltela.pt\/noticias\/2026\/04\/30\/portugal-convoca-embaixador-de-israel-apos-detencao-de-portugueses-na-flotilha\/\",\"name\":\"Portugal convoca embaixador de Israel ap\u00f3s deten\u00e7\u00e3o de portugueses na flotilha - Portal Tela Portugal\",\"isPartOf\":{\"@id\":\"https:\/\/portaltela.pt\/#website\"},\"primaryImageOfPage\":{\"@id\":\"https:\/\/portaltela.pt\/noticias\/2026\/04\/30\/portugal-convoca-embaixador-de-israel-apos-detencao-de-portugueses-na-flotilha\/#primaryimage\"},\"image\":{\"@id\":\"https:\/\/portaltela.pt\/noticias\/2026\/04\/30\/portugal-convoca-embaixador-de-israel-apos-detencao-de-portugueses-na-flotilha\/#primaryimage\"},\"thumbnailUrl\":\"https:\/\/portaltela.pt\/s.01k8rhncp4jt1\/2026\/04\/1536x864_cmsv2_8327ac42-e431-561a-8ca2-affd3ca850a4-9742781.jpg\",\"datePublished\":\"2026-04-30T19:17:23+00:00\",\"author\":{\"@id\":\"https:\/\/portaltela.pt\/#\/schema\/person\/c4278d4a6028830caff9ee44b42d32ed\"},\"breadcrumb\":{\"@id\":\"https:\/\/portaltela.pt\/noticias\/2026\/04\/30\/portugal-convoca-embaixador-de-israel-apos-detencao-de-portugueses-na-flotilha\/#breadcrumb\"},\"inLanguage\":\"pt-PT\",\"potentialAction\":[{\"@type\":\"ReadAction\",\"target\":[\"https:\/\/portaltela.pt\/noticias\/2026\/04\/30\/portugal-convoca-embaixador-de-israel-apos-detencao-de-portugueses-na-flotilha\/\"]}]},{\"@type\":\"ImageObject\",\"inLanguage\":\"pt-PT\",\"@id\":\"https:\/\/portaltela.pt\/noticias\/2026\/04\/30\/portugal-convoca-embaixador-de-israel-apos-detencao-de-portugueses-na-flotilha\/#primaryimage\",\"url\":\"https:\/\/portaltela.pt\/s.01k8rhncp4jt1\/2026\/04\/1536x864_cmsv2_8327ac42-e431-561a-8ca2-affd3ca850a4-9742781.jpg\",\"contentUrl\":\"https:\/\/portaltela.pt\/s.01k8rhncp4jt1\/2026\/04\/1536x864_cmsv2_8327ac42-e431-561a-8ca2-affd3ca850a4-9742781.jpg\",\"width\":796,\"height\":448,\"caption\":\"Paulo Rangelo, ministro dos Neg\u00f3cios Estrangeiros\"},{\"@type\":\"BreadcrumbList\",\"@id\":\"https:\/\/portaltela.pt\/noticias\/2026\/04\/30\/portugal-convoca-embaixador-de-israel-apos-detencao-de-portugueses-na-flotilha\/#breadcrumb\",\"itemListElement\":[{\"@type\":\"ListItem\",\"position\":1,\"name\":\"In\u00edcio\",\"item\":\"https:\/\/portaltela.pt\/\"},{\"@type\":\"ListItem\",\"position\":2,\"name\":\"Portugal convoca embaixador de Israel ap\u00f3s deten\u00e7\u00e3o de portugueses na flotilha\"}]},{\"@type\":\"WebSite\",\"@id\":\"https:\/\/portaltela.pt\/#website\",\"url\":\"https:\/\/portaltela.pt\/\",\"name\":\"Portal Tela Portugal\",\"description\":\"\",\"potentialAction\":[{\"@type\":\"SearchAction\",\"target\":{\"@type\":\"EntryPoint\",\"urlTemplate\":\"https:\/\/portaltela.pt\/?s={search_term_string}\"},\"query-input\":{\"@type\":\"PropertyValueSpecification\",\"valueRequired\":true,\"valueName\":\"search_term_string\"}}],\"inLanguage\":\"pt-PT\"},{\"@type\":\"Person\",\"@id\":\"https:\/\/portaltela.pt\/#\/schema\/person\/c4278d4a6028830caff9ee44b42d32ed\",\"name\":\"Telinha\",\"image\":{\"@type\":\"ImageObject\",\"inLanguage\":\"pt-PT\",\"@id\":\"https:\/\/portaltela.pt\/s.01k8rhncp4jt1\/2025\/11\/talking-bot-125x125.png\",\"url\":\"https:\/\/portaltela.pt\/s.01k8rhncp4jt1\/2025\/11\/talking-bot-125x125.png\",\"contentUrl\":\"https:\/\/portaltela.pt\/s.01k8rhncp4jt1\/2025\/11\/talking-bot-125x125.png\",\"caption\":\"Telinha\"},\"sameAs\":[\"https:\/\/portaltela.pt\/\"],\"url\":\"https:\/\/portaltela.pt\/por\/367410592786\/\"}]}<\/script>\n<!-- \/ Yoast SEO plugin. -->","yoast_head_json":{"title":"Portugal convoca embaixador de Israel ap\u00f3s deten\u00e7\u00e3o de portugueses na flotilha - Portal Tela Portugal","robots":{"index":"index","follow":"follow","max-snippet":"max-snippet:-1","max-image-preview":"max-image-preview:large","max-video-preview":"max-video-preview:-1"},"og_locale":"pt_PT","og_type":"article","og_title":"Portugal convoca embaixador de Israel ap\u00f3s deten\u00e7\u00e3o de portugueses na flotilha - Portal Tela Portugal","og_description":"Portugal convocou o embaixador de Israel para prestar esclarecimentos sobre as deten\u00e7\u00f5es de ativistas portugueses a bordo da flotilha humanit\u00e1ria Global Sumud, com destino a Gaza. Pelo menos tr\u00eas cidad\u00e3os portugueses seguiam na embarca\u00e7\u00e3o quando a flotilha foi intercetada pela Marinha israelita, com alguns barcos apreendidos e tripula\u00e7\u00f5es possivelmente transferidas para o porto de Ashdod. O Minist\u00e9rio dos Neg\u00f3cios Estrangeiros assegura prote\u00e7\u00e3o consular ativa nas duas capitais \u2014 Telavive e Atenas \u2014 e pediu que, se houver outros portugueses envolvidos, os afetados ou as respetivas fam\u00edlias contactem o Gabinete de Emerg\u00eancia Consular. Paulo Rangel, em declara\u00e7\u00f5es \u00e0 Lusa, afirmou que a interven\u00e7\u00e3o ocorreu em \u00e1guas internacionais e que o embaixador de Israel foi chamado para explicar a opera\u00e7\u00e3o. O Governo portugu\u00eas indica que as autoridades consulares est\u00e3o a atuar e que, segundo acordos, os cidad\u00e3os detidos devem receber apoio consular, sem confirma\u00e7\u00e3o de n\u00fameros adicionais de envolvidos.","og_url":"https:\/\/portaltela.pt\/noticias\/2026\/04\/30\/portugal-convoca-embaixador-de-israel-apos-detencao-de-portugueses-na-flotilha\/","og_site_name":"Portal Tela Portugal","article_published_time":"2026-04-30T19:17:23+00:00","author":"Telinha","twitter_card":"summary_large_image","twitter_misc":{"Escrito por":"Telinha","Tempo estimado de leitura":"2 minutos"},"schema":{"@context":"https:\/\/schema.org","@graph":[{"@type":"Article","@id":"https:\/\/portaltela.pt\/noticias\/2026\/04\/30\/portugal-convoca-embaixador-de-israel-apos-detencao-de-portugueses-na-flotilha\/#article","isPartOf":{"@id":"https:\/\/portaltela.pt\/noticias\/2026\/04\/30\/portugal-convoca-embaixador-de-israel-apos-detencao-de-portugueses-na-flotilha\/"},"author":{"name":"Telinha","@id":"https:\/\/portaltela.pt\/#\/schema\/person\/c4278d4a6028830caff9ee44b42d32ed"},"headline":"Portugal convoca embaixador de Israel ap\u00f3s deten\u00e7\u00e3o de portugueses na flotilha","datePublished":"2026-04-30T19:17:23+00:00","mainEntityOfPage":{"@id":"https:\/\/portaltela.pt\/noticias\/2026\/04\/30\/portugal-convoca-embaixador-de-israel-apos-detencao-de-portugueses-na-flotilha\/"},"wordCount":325,"image":{"@id":"https:\/\/portaltela.pt\/noticias\/2026\/04\/30\/portugal-convoca-embaixador-de-israel-apos-detencao-de-portugueses-na-flotilha\/#primaryimage"},"thumbnailUrl":"https:\/\/portaltela.pt\/s.01k8rhncp4jt1\/2026\/04\/1536x864_cmsv2_8327ac42-e431-561a-8ca2-affd3ca850a4-9742781.jpg","keywords":["conflitos internacionais","diplomacia","embaixadas","Israel","pol\u00edtica externa","Portugal"],"articleSection":["Geopol\u00edtica","Internacional"],"inLanguage":"pt-PT"},{"@type":"WebPage","@id":"https:\/\/portaltela.pt\/noticias\/2026\/04\/30\/portugal-convoca-embaixador-de-israel-apos-detencao-de-portugueses-na-flotilha\/","url":"https:\/\/portaltela.pt\/noticias\/2026\/04\/30\/portugal-convoca-embaixador-de-israel-apos-detencao-de-portugueses-na-flotilha\/","name":"Portugal convoca embaixador de Israel ap\u00f3s deten\u00e7\u00e3o de portugueses na flotilha - Portal Tela Portugal","isPartOf":{"@id":"https:\/\/portaltela.pt\/#website"},"primaryImageOfPage":{"@id":"https:\/\/portaltela.pt\/noticias\/2026\/04\/30\/portugal-convoca-embaixador-de-israel-apos-detencao-de-portugueses-na-flotilha\/#primaryimage"},"image":{"@id":"https:\/\/portaltela.pt\/noticias\/2026\/04\/30\/portugal-convoca-embaixador-de-israel-apos-detencao-de-portugueses-na-flotilha\/#primaryimage"},"thumbnailUrl":"https:\/\/portaltela.pt\/s.01k8rhncp4jt1\/2026\/04\/1536x864_cmsv2_8327ac42-e431-561a-8ca2-affd3ca850a4-9742781.jpg","datePublished":"2026-04-30T19:17:23+00:00","author":{"@id":"https:\/\/portaltela.pt\/#\/schema\/person\/c4278d4a6028830caff9ee44b42d32ed"},"breadcrumb":{"@id":"https:\/\/portaltela.pt\/noticias\/2026\/04\/30\/portugal-convoca-embaixador-de-israel-apos-detencao-de-portugueses-na-flotilha\/#breadcrumb"},"inLanguage":"pt-PT","potentialAction":[{"@type":"ReadAction","target":["https:\/\/portaltela.pt\/noticias\/2026\/04\/30\/portugal-convoca-embaixador-de-israel-apos-detencao-de-portugueses-na-flotilha\/"]}]},{"@type":"ImageObject","inLanguage":"pt-PT","@id":"https:\/\/portaltela.pt\/noticias\/2026\/04\/30\/portugal-convoca-embaixador-de-israel-apos-detencao-de-portugueses-na-flotilha\/#primaryimage","url":"https:\/\/portaltela.pt\/s.01k8rhncp4jt1\/2026\/04\/1536x864_cmsv2_8327ac42-e431-561a-8ca2-affd3ca850a4-9742781.jpg","contentUrl":"https:\/\/portaltela.pt\/s.01k8rhncp4jt1\/2026\/04\/1536x864_cmsv2_8327ac42-e431-561a-8ca2-affd3ca850a4-9742781.jpg","width":796,"height":448,"caption":"Paulo Rangelo, ministro dos Neg\u00f3cios Estrangeiros"},{"@type":"BreadcrumbList","@id":"https:\/\/portaltela.pt\/noticias\/2026\/04\/30\/portugal-convoca-embaixador-de-israel-apos-detencao-de-portugueses-na-flotilha\/#breadcrumb","itemListElement":[{"@type":"ListItem","position":1,"name":"In\u00edcio","item":"https:\/\/portaltela.pt\/"},{"@type":"ListItem","position":2,"name":"Portugal convoca embaixador de Israel ap\u00f3s deten\u00e7\u00e3o de portugueses na flotilha"}]},{"@type":"WebSite","@id":"https:\/\/portaltela.pt\/#website","url":"https:\/\/portaltela.pt\/","name":"Portal Tela Portugal","description":"","potentialAction":[{"@type":"SearchAction","target":{"@type":"EntryPoint","urlTemplate":"https:\/\/portaltela.pt\/?s={search_term_string}"},"query-input":{"@type":"PropertyValueSpecification","valueRequired":true,"valueName":"search_term_string"}}],"inLanguage":"pt-PT"},{"@type":"Person","@id":"https:\/\/portaltela.pt\/#\/schema\/person\/c4278d4a6028830caff9ee44b42d32ed","name":"Telinha","image":{"@type":"ImageObject","inLanguage":"pt-PT","@id":"https:\/\/portaltela.pt\/s.01k8rhncp4jt1\/2025\/11\/talking-bot-125x125.png","url":"https:\/\/portaltela.pt\/s.01k8rhncp4jt1\/2025\/11\/talking-bot-125x125.png","contentUrl":"https:\/\/portaltela.pt\/s.01k8rhncp4jt1\/2025\/11\/talking-bot-125x125.png","caption":"Telinha"},"sameAs":["https:\/\/portaltela.pt\/"],"url":"https:\/\/portaltela.pt\/por\/367410592786\/"}]}},"_links":{"self":[{"href":"https:\/\/portaltela.pt\/api\/wp\/v2\/posts\/463048","targetHints":{"allow":["GET"]}}],"collection":[{"href":"https:\/\/portaltela.pt\/api\/wp\/v2\/posts"}],"about":[{"href":"https:\/\/portaltela.pt\/api\/wp\/v2\/types\/post"}],"author":[{"embeddable":true,"href":"https:\/\/portaltela.pt\/api\/wp\/v2\/users\/2"}],"replies":[{"embeddable":true,"href":"https:\/\/portaltela.pt\/api\/wp\/v2\/comments?post=463048"}],"version-history":[{"count":0,"href":"https:\/\/portaltela.pt\/api\/wp\/v2\/posts\/463048\/revisions"}],"wp:featuredmedia":[{"embeddable":true,"href":"https:\/\/portaltela.pt\/api\/wp\/v2\/media\/463049"}],"wp:attachment":[{"href":"https:\/\/portaltela.pt\/api\/wp\/v2\/media?parent=463048"}],"wp:term":[{"taxonomy":"category","embeddable":true,"href":"https:\/\/portaltela.pt\/api\/wp\/v2\/categories?post=463048"},{"taxonomy":"post_tag","embeddable":true,"href":"https:\/\/portaltela.pt\/api\/wp\/v2\/tags?post=463048"}],"curies":[{"name":"wp","href":"https:\/\/api.w.org\/{rel}","templated":true}]}}