{"id":463045,"date":"2026-04-30T16:03:35","date_gmt":"2026-04-30T19:03:35","guid":{"rendered":"https:\/\/portaltela.pt\/noticias\/2026\/04\/30\/governo-aprova-60-milhoes-para-eletrificar-linha-casa-branca-beja\/"},"modified":"2026-04-30T16:03:35","modified_gmt":"2026-04-30T19:03:35","slug":"governo-aprova-60-milhoes-para-eletrificar-linha-casa-branca-beja","status":"publish","type":"post","link":"https:\/\/portaltela.pt\/noticias\/politica\/2026\/04\/30\/governo-aprova-60-milhoes-para-eletrificar-linha-casa-branca-beja\/","title":{"rendered":"Governo aprova 60 milh\u00f5es para eletrificar linha Casa Branca-Beja"},"content":{"rendered":"<p>O Governo aprovou, em Conselho de Ministros, a disponibiliza\u00e7\u00e3o de 60 milh\u00f5es de euros para a eletrifica\u00e7\u00e3o da Linha do Alentejo, no tro\u00e7o Casa Branca-Beja. O objetivo \u00e9 desbloquear a conclus\u00e3o do projeto de moderniza\u00e7\u00e3o ferrovi\u00e1ria. A decis\u00e3o foi anunciada pelo primeiro-ministro ao final da reuni\u00e3o, na 42.\u00aa Ovibeja, em Beja.<\/p>\n<p>O montante que estava em falta tinha sido retirado em dezembro, no \u00e2mbito da reprograma\u00e7\u00e3o do programa Alentejo 2030. A CCDR do Alentejo alegou que a obra n\u00e3o era exequ\u00edvel no quadro comunit\u00e1rio que vigora at\u00e9 2027. A medida gerou contesta\u00e7\u00e3o de autarcas, partidos locais e da Infraestruturas de Portugal.<\/p>\n<p>A ministra do Ambiente e Energia, Maria da Gra\u00e7a Carvalho, assegurou, em Beja, que os 60 milh\u00f5es seriam assegurados via o Programa Operacional Sustent\u00e1vel 2030 e pelo Fundo Ambiental. A garantia ocorreu durante a visita \u00e0 cidade.<\/p>\n<p>No briefing do Conselho de Ministros, o primeiro-ministro mencionou ainda que do lote de 22 novas automotoras para a CP, tr\u00eas ser\u00e3o destinadas \u00e0 linha Casa Branca-Beja. A primeira unidade chega em janeiro, a segunda em fevereiro e a terceira em mar\u00e7o de 2027.<\/p>\n<p>\u201cAs composi\u00e7\u00f5es est\u00e3o preparadas para operar sem eletrifica\u00e7\u00e3o e, depois, com a eletrifica\u00e7\u00e3o conclu\u00edda\u201d, sublinhou o chefe de Governo. O investimento total previsto para este conjunto de material circulante soma 1.800 milh\u00f5es de euros.<\/p>\n<p>O Primeiro-Ministro destacou que, globalmente, h\u00e1 23 anos sem a entrada de um novo comboio em Portugal, valorizando o investimento recente. O projeto da Linha do Alentejo visa a moderniza\u00e7\u00e3o e eletrifica\u00e7\u00e3o da liga\u00e7\u00e3o entre Casa Branca e Beja.<\/p>\n","protected":false},"excerpt":{"rendered":"<ul>\n<li>O Governo aprovou sessenta milh\u00f5es de euros para a eletrifica\u00e7\u00e3o da linha Casa Branca-Beja, no tro\u00e7o da Linha do Alentejo.<\/li>\n<li>Em dezembro, a CCDR do Alentejo retirou sessenta milh\u00f5es dos oitenta, dizendo que a obra n\u00e3o era exequ\u00edvel no atual quadro comunit\u00e1rio; autarquias e Infraestruturas de Portugal contestaram.<\/li>\n<li>A ministra do Ambiente garantiu que os sessenta milh\u00f5es seriam assegurados atrav\u00e9s do Programa Operacional Sustent\u00e1vel 2030 e do Fundo Ambiental.<\/li>\n<li>Do lote de vinte e duas automotoras novas da CP, tr\u00eas ser\u00e3o destinadas \u00e0 liga\u00e7\u00e3o Casa Branca-Beja, com as primeiras entregas previstas para janeiro, fevereiro e mar\u00e7o de 2027.<\/li>\n<li>O conjunto de material circulante representa um investimento de 1 800 milh\u00f5es de euros; o Primeiro-Ministro destacou que h\u00e1 23 anos n\u00e3o chega um novo comboio.<\/li>\n<\/ul>\n","protected":false},"author":2,"featured_media":463047,"comment_status":"closed","ping_status":"closed","sticky":false,"template":"","format":"standard","meta":{"footnotes":""},"categories":[1,5],"tags":[8201,8768,8609,8608,7775,8859],"class_list":["post-463045","post","type-post","status-publish","format-standard","has-post-thumbnail","hentry","category-noticias","category-politica","tag-_alentejo","tag-_beja","tag-_comboios","tag-_cp","tag-_energia","tag-_linha"],"yoast_head":"<!-- This site is optimized with the Yoast SEO plugin v27.2 - https:\/\/yoast.com\/product\/yoast-seo-wordpress\/ -->\n<title>Governo aprova 60 milh\u00f5es para eletrificar linha Casa Branca-Beja - Portal Tela Portugal<\/title>\n<meta name=\"robots\" content=\"index, follow, max-snippet:-1, max-image-preview:large, max-video-preview:-1\" \/>\n<meta property=\"og:locale\" content=\"pt_PT\" \/>\n<meta property=\"og:type\" content=\"article\" \/>\n<meta property=\"og:title\" content=\"Governo aprova 60 milh\u00f5es para eletrificar linha Casa Branca-Beja - Portal Tela Portugal\" \/>\n<meta property=\"og:description\" content=\"O Governo aprovou sessenta milh\u00f5es de euros para a eletrifica\u00e7\u00e3o da linha Casa Branca-Beja, no tro\u00e7o da Linha do Alentejo. Em dezembro, a CCDR do Alentejo retirou sessenta milh\u00f5es dos oitenta, dizendo que a obra n\u00e3o era exequ\u00edvel no atual quadro comunit\u00e1rio; autarquias e Infraestruturas de Portugal contestaram. A ministra do Ambiente garantiu que os sessenta milh\u00f5es seriam assegurados atrav\u00e9s do Programa Operacional Sustent\u00e1vel 2030 e do Fundo Ambiental. Do lote de vinte e duas automotoras novas da CP, tr\u00eas ser\u00e3o destinadas \u00e0 liga\u00e7\u00e3o Casa Branca-Beja, com as primeiras entregas previstas para janeiro, fevereiro e mar\u00e7o de 2027. O conjunto de material circulante representa um investimento de 1 800 milh\u00f5es de euros; o Primeiro-Ministro destacou que h\u00e1 23 anos n\u00e3o chega um novo comboio.\" \/>\n<meta property=\"og:url\" content=\"https:\/\/portaltela.pt\/noticias\/2026\/04\/30\/governo-aprova-60-milhoes-para-eletrificar-linha-casa-branca-beja\/\" \/>\n<meta property=\"og:site_name\" content=\"Portal Tela Portugal\" \/>\n<meta property=\"article:published_time\" content=\"2026-04-30T19:03:35+00:00\" \/>\n<meta name=\"author\" content=\"Telinha\" \/>\n<meta name=\"twitter:card\" content=\"summary_large_image\" \/>\n<meta name=\"twitter:label1\" content=\"Escrito por\" \/>\n\t<meta name=\"twitter:data1\" content=\"Telinha\" \/>\n\t<meta name=\"twitter:label2\" content=\"Tempo estimado de leitura\" \/>\n\t<meta name=\"twitter:data2\" content=\"1 minuto\" \/>\n<script type=\"application\/ld+json\" class=\"yoast-schema-graph\">{\"@context\":\"https:\/\/schema.org\",\"@graph\":[{\"@type\":\"Article\",\"@id\":\"https:\/\/portaltela.pt\/noticias\/2026\/04\/30\/governo-aprova-60-milhoes-para-eletrificar-linha-casa-branca-beja\/#article\",\"isPartOf\":{\"@id\":\"https:\/\/portaltela.pt\/noticias\/2026\/04\/30\/governo-aprova-60-milhoes-para-eletrificar-linha-casa-branca-beja\/\"},\"author\":{\"name\":\"Telinha\",\"@id\":\"https:\/\/portaltela.pt\/#\/schema\/person\/c4278d4a6028830caff9ee44b42d32ed\"},\"headline\":\"Governo aprova 60 milh\u00f5es para eletrificar linha Casa Branca-Beja\",\"datePublished\":\"2026-04-30T19:03:35+00:00\",\"mainEntityOfPage\":{\"@id\":\"https:\/\/portaltela.pt\/noticias\/2026\/04\/30\/governo-aprova-60-milhoes-para-eletrificar-linha-casa-branca-beja\/\"},\"wordCount\":280,\"image\":{\"@id\":\"https:\/\/portaltela.pt\/noticias\/2026\/04\/30\/governo-aprova-60-milhoes-para-eletrificar-linha-casa-branca-beja\/#primaryimage\"},\"thumbnailUrl\":\"https:\/\/portaltela.pt\/s.01k8rhncp4jt1\/2026\/04\/img_1500x1000uu2026-04-30-19-51-31-2282092.jpg\",\"keywords\":[\"_Alentejo\",\"_Beja\",\"_comboios\",\"_CP\",\"_energia\",\"_Linha\"],\"articleSection\":[\"Not\u00edcias\",\"Pol\u00edtica\"],\"inLanguage\":\"pt-PT\"},{\"@type\":\"WebPage\",\"@id\":\"https:\/\/portaltela.pt\/noticias\/2026\/04\/30\/governo-aprova-60-milhoes-para-eletrificar-linha-casa-branca-beja\/\",\"url\":\"https:\/\/portaltela.pt\/noticias\/2026\/04\/30\/governo-aprova-60-milhoes-para-eletrificar-linha-casa-branca-beja\/\",\"name\":\"Governo aprova 60 milh\u00f5es para eletrificar linha Casa Branca-Beja - Portal Tela Portugal\",\"isPartOf\":{\"@id\":\"https:\/\/portaltela.pt\/#website\"},\"primaryImageOfPage\":{\"@id\":\"https:\/\/portaltela.pt\/noticias\/2026\/04\/30\/governo-aprova-60-milhoes-para-eletrificar-linha-casa-branca-beja\/#primaryimage\"},\"image\":{\"@id\":\"https:\/\/portaltela.pt\/noticias\/2026\/04\/30\/governo-aprova-60-milhoes-para-eletrificar-linha-casa-branca-beja\/#primaryimage\"},\"thumbnailUrl\":\"https:\/\/portaltela.pt\/s.01k8rhncp4jt1\/2026\/04\/img_1500x1000uu2026-04-30-19-51-31-2282092.jpg\",\"datePublished\":\"2026-04-30T19:03:35+00:00\",\"author\":{\"@id\":\"https:\/\/portaltela.pt\/#\/schema\/person\/c4278d4a6028830caff9ee44b42d32ed\"},\"breadcrumb\":{\"@id\":\"https:\/\/portaltela.pt\/noticias\/2026\/04\/30\/governo-aprova-60-milhoes-para-eletrificar-linha-casa-branca-beja\/#breadcrumb\"},\"inLanguage\":\"pt-PT\",\"potentialAction\":[{\"@type\":\"ReadAction\",\"target\":[\"https:\/\/portaltela.pt\/noticias\/2026\/04\/30\/governo-aprova-60-milhoes-para-eletrificar-linha-casa-branca-beja\/\"]}]},{\"@type\":\"ImageObject\",\"inLanguage\":\"pt-PT\",\"@id\":\"https:\/\/portaltela.pt\/noticias\/2026\/04\/30\/governo-aprova-60-milhoes-para-eletrificar-linha-casa-branca-beja\/#primaryimage\",\"url\":\"https:\/\/portaltela.pt\/s.01k8rhncp4jt1\/2026\/04\/img_1500x1000uu2026-04-30-19-51-31-2282092.jpg\",\"contentUrl\":\"https:\/\/portaltela.pt\/s.01k8rhncp4jt1\/2026\/04\/img_1500x1000uu2026-04-30-19-51-31-2282092.jpg\",\"width\":796,\"height\":448,\"caption\":\"Linha do Alentejo\"},{\"@type\":\"BreadcrumbList\",\"@id\":\"https:\/\/portaltela.pt\/noticias\/2026\/04\/30\/governo-aprova-60-milhoes-para-eletrificar-linha-casa-branca-beja\/#breadcrumb\",\"itemListElement\":[{\"@type\":\"ListItem\",\"position\":1,\"name\":\"In\u00edcio\",\"item\":\"https:\/\/portaltela.pt\/\"},{\"@type\":\"ListItem\",\"position\":2,\"name\":\"Governo aprova 60 milh\u00f5es para eletrificar linha Casa Branca-Beja\"}]},{\"@type\":\"WebSite\",\"@id\":\"https:\/\/portaltela.pt\/#website\",\"url\":\"https:\/\/portaltela.pt\/\",\"name\":\"Portal Tela Portugal\",\"description\":\"\",\"potentialAction\":[{\"@type\":\"SearchAction\",\"target\":{\"@type\":\"EntryPoint\",\"urlTemplate\":\"https:\/\/portaltela.pt\/?s={search_term_string}\"},\"query-input\":{\"@type\":\"PropertyValueSpecification\",\"valueRequired\":true,\"valueName\":\"search_term_string\"}}],\"inLanguage\":\"pt-PT\"},{\"@type\":\"Person\",\"@id\":\"https:\/\/portaltela.pt\/#\/schema\/person\/c4278d4a6028830caff9ee44b42d32ed\",\"name\":\"Telinha\",\"image\":{\"@type\":\"ImageObject\",\"inLanguage\":\"pt-PT\",\"@id\":\"https:\/\/portaltela.pt\/s.01k8rhncp4jt1\/2025\/11\/talking-bot-125x125.png\",\"url\":\"https:\/\/portaltela.pt\/s.01k8rhncp4jt1\/2025\/11\/talking-bot-125x125.png\",\"contentUrl\":\"https:\/\/portaltela.pt\/s.01k8rhncp4jt1\/2025\/11\/talking-bot-125x125.png\",\"caption\":\"Telinha\"},\"sameAs\":[\"https:\/\/portaltela.pt\/\"],\"url\":\"https:\/\/portaltela.pt\/por\/367410592786\/\"}]}<\/script>\n<!-- \/ Yoast SEO plugin. -->","yoast_head_json":{"title":"Governo aprova 60 milh\u00f5es para eletrificar linha Casa Branca-Beja - Portal Tela Portugal","robots":{"index":"index","follow":"follow","max-snippet":"max-snippet:-1","max-image-preview":"max-image-preview:large","max-video-preview":"max-video-preview:-1"},"og_locale":"pt_PT","og_type":"article","og_title":"Governo aprova 60 milh\u00f5es para eletrificar linha Casa Branca-Beja - Portal Tela Portugal","og_description":"O Governo aprovou sessenta milh\u00f5es de euros para a eletrifica\u00e7\u00e3o da linha Casa Branca-Beja, no tro\u00e7o da Linha do Alentejo. Em dezembro, a CCDR do Alentejo retirou sessenta milh\u00f5es dos oitenta, dizendo que a obra n\u00e3o era exequ\u00edvel no atual quadro comunit\u00e1rio; autarquias e Infraestruturas de Portugal contestaram. A ministra do Ambiente garantiu que os sessenta milh\u00f5es seriam assegurados atrav\u00e9s do Programa Operacional Sustent\u00e1vel 2030 e do Fundo Ambiental. Do lote de vinte e duas automotoras novas da CP, tr\u00eas ser\u00e3o destinadas \u00e0 liga\u00e7\u00e3o Casa Branca-Beja, com as primeiras entregas previstas para janeiro, fevereiro e mar\u00e7o de 2027. O conjunto de material circulante representa um investimento de 1 800 milh\u00f5es de euros; o Primeiro-Ministro destacou que h\u00e1 23 anos n\u00e3o chega um novo comboio.","og_url":"https:\/\/portaltela.pt\/noticias\/2026\/04\/30\/governo-aprova-60-milhoes-para-eletrificar-linha-casa-branca-beja\/","og_site_name":"Portal Tela Portugal","article_published_time":"2026-04-30T19:03:35+00:00","author":"Telinha","twitter_card":"summary_large_image","twitter_misc":{"Escrito por":"Telinha","Tempo estimado de leitura":"1 minuto"},"schema":{"@context":"https:\/\/schema.org","@graph":[{"@type":"Article","@id":"https:\/\/portaltela.pt\/noticias\/2026\/04\/30\/governo-aprova-60-milhoes-para-eletrificar-linha-casa-branca-beja\/#article","isPartOf":{"@id":"https:\/\/portaltela.pt\/noticias\/2026\/04\/30\/governo-aprova-60-milhoes-para-eletrificar-linha-casa-branca-beja\/"},"author":{"name":"Telinha","@id":"https:\/\/portaltela.pt\/#\/schema\/person\/c4278d4a6028830caff9ee44b42d32ed"},"headline":"Governo aprova 60 milh\u00f5es para eletrificar linha Casa Branca-Beja","datePublished":"2026-04-30T19:03:35+00:00","mainEntityOfPage":{"@id":"https:\/\/portaltela.pt\/noticias\/2026\/04\/30\/governo-aprova-60-milhoes-para-eletrificar-linha-casa-branca-beja\/"},"wordCount":280,"image":{"@id":"https:\/\/portaltela.pt\/noticias\/2026\/04\/30\/governo-aprova-60-milhoes-para-eletrificar-linha-casa-branca-beja\/#primaryimage"},"thumbnailUrl":"https:\/\/portaltela.pt\/s.01k8rhncp4jt1\/2026\/04\/img_1500x1000uu2026-04-30-19-51-31-2282092.jpg","keywords":["_Alentejo","_Beja","_comboios","_CP","_energia","_Linha"],"articleSection":["Not\u00edcias","Pol\u00edtica"],"inLanguage":"pt-PT"},{"@type":"WebPage","@id":"https:\/\/portaltela.pt\/noticias\/2026\/04\/30\/governo-aprova-60-milhoes-para-eletrificar-linha-casa-branca-beja\/","url":"https:\/\/portaltela.pt\/noticias\/2026\/04\/30\/governo-aprova-60-milhoes-para-eletrificar-linha-casa-branca-beja\/","name":"Governo aprova 60 milh\u00f5es para eletrificar linha Casa Branca-Beja - Portal Tela Portugal","isPartOf":{"@id":"https:\/\/portaltela.pt\/#website"},"primaryImageOfPage":{"@id":"https:\/\/portaltela.pt\/noticias\/2026\/04\/30\/governo-aprova-60-milhoes-para-eletrificar-linha-casa-branca-beja\/#primaryimage"},"image":{"@id":"https:\/\/portaltela.pt\/noticias\/2026\/04\/30\/governo-aprova-60-milhoes-para-eletrificar-linha-casa-branca-beja\/#primaryimage"},"thumbnailUrl":"https:\/\/portaltela.pt\/s.01k8rhncp4jt1\/2026\/04\/img_1500x1000uu2026-04-30-19-51-31-2282092.jpg","datePublished":"2026-04-30T19:03:35+00:00","author":{"@id":"https:\/\/portaltela.pt\/#\/schema\/person\/c4278d4a6028830caff9ee44b42d32ed"},"breadcrumb":{"@id":"https:\/\/portaltela.pt\/noticias\/2026\/04\/30\/governo-aprova-60-milhoes-para-eletrificar-linha-casa-branca-beja\/#breadcrumb"},"inLanguage":"pt-PT","potentialAction":[{"@type":"ReadAction","target":["https:\/\/portaltela.pt\/noticias\/2026\/04\/30\/governo-aprova-60-milhoes-para-eletrificar-linha-casa-branca-beja\/"]}]},{"@type":"ImageObject","inLanguage":"pt-PT","@id":"https:\/\/portaltela.pt\/noticias\/2026\/04\/30\/governo-aprova-60-milhoes-para-eletrificar-linha-casa-branca-beja\/#primaryimage","url":"https:\/\/portaltela.pt\/s.01k8rhncp4jt1\/2026\/04\/img_1500x1000uu2026-04-30-19-51-31-2282092.jpg","contentUrl":"https:\/\/portaltela.pt\/s.01k8rhncp4jt1\/2026\/04\/img_1500x1000uu2026-04-30-19-51-31-2282092.jpg","width":796,"height":448,"caption":"Linha do Alentejo"},{"@type":"BreadcrumbList","@id":"https:\/\/portaltela.pt\/noticias\/2026\/04\/30\/governo-aprova-60-milhoes-para-eletrificar-linha-casa-branca-beja\/#breadcrumb","itemListElement":[{"@type":"ListItem","position":1,"name":"In\u00edcio","item":"https:\/\/portaltela.pt\/"},{"@type":"ListItem","position":2,"name":"Governo aprova 60 milh\u00f5es para eletrificar linha Casa Branca-Beja"}]},{"@type":"WebSite","@id":"https:\/\/portaltela.pt\/#website","url":"https:\/\/portaltela.pt\/","name":"Portal Tela Portugal","description":"","potentialAction":[{"@type":"SearchAction","target":{"@type":"EntryPoint","urlTemplate":"https:\/\/portaltela.pt\/?s={search_term_string}"},"query-input":{"@type":"PropertyValueSpecification","valueRequired":true,"valueName":"search_term_string"}}],"inLanguage":"pt-PT"},{"@type":"Person","@id":"https:\/\/portaltela.pt\/#\/schema\/person\/c4278d4a6028830caff9ee44b42d32ed","name":"Telinha","image":{"@type":"ImageObject","inLanguage":"pt-PT","@id":"https:\/\/portaltela.pt\/s.01k8rhncp4jt1\/2025\/11\/talking-bot-125x125.png","url":"https:\/\/portaltela.pt\/s.01k8rhncp4jt1\/2025\/11\/talking-bot-125x125.png","contentUrl":"https:\/\/portaltela.pt\/s.01k8rhncp4jt1\/2025\/11\/talking-bot-125x125.png","caption":"Telinha"},"sameAs":["https:\/\/portaltela.pt\/"],"url":"https:\/\/portaltela.pt\/por\/367410592786\/"}]}},"_links":{"self":[{"href":"https:\/\/portaltela.pt\/api\/wp\/v2\/posts\/463045","targetHints":{"allow":["GET"]}}],"collection":[{"href":"https:\/\/portaltela.pt\/api\/wp\/v2\/posts"}],"about":[{"href":"https:\/\/portaltela.pt\/api\/wp\/v2\/types\/post"}],"author":[{"embeddable":true,"href":"https:\/\/portaltela.pt\/api\/wp\/v2\/users\/2"}],"replies":[{"embeddable":true,"href":"https:\/\/portaltela.pt\/api\/wp\/v2\/comments?post=463045"}],"version-history":[{"count":0,"href":"https:\/\/portaltela.pt\/api\/wp\/v2\/posts\/463045\/revisions"}],"wp:featuredmedia":[{"embeddable":true,"href":"https:\/\/portaltela.pt\/api\/wp\/v2\/media\/463047"}],"wp:attachment":[{"href":"https:\/\/portaltela.pt\/api\/wp\/v2\/media?parent=463045"}],"wp:term":[{"taxonomy":"category","embeddable":true,"href":"https:\/\/portaltela.pt\/api\/wp\/v2\/categories?post=463045"},{"taxonomy":"post_tag","embeddable":true,"href":"https:\/\/portaltela.pt\/api\/wp\/v2\/tags?post=463045"}],"curies":[{"name":"wp","href":"https:\/\/api.w.org\/{rel}","templated":true}]}}