{"id":463035,"date":"2026-04-30T16:03:09","date_gmt":"2026-04-30T19:03:09","guid":{"rendered":"https:\/\/portaltela.pt\/noticias\/2026\/04\/30\/chega-propoe-baixar-idade-da-reforma-ex-ministros-alertam-para-perigo\/"},"modified":"2026-04-30T16:03:09","modified_gmt":"2026-04-30T19:03:09","slug":"chega-propoe-baixar-idade-da-reforma-ex-ministros-alertam-para-perigo","status":"publish","type":"post","link":"https:\/\/portaltela.pt\/noticias\/politica\/2026\/04\/30\/chega-propoe-baixar-idade-da-reforma-ex-ministros-alertam-para-perigo\/","title":{"rendered":"Chega prop\u00f5e baixar idade da reforma; ex-ministros alertam para perigo"},"content":{"rendered":"<p>Durante o debate quinzenal no parlamento, o CHEGA avisou que, para aprovar a reforma laboral, \u00e9 crucial reduzir a idade da reforma. A posi\u00e7\u00e3o foi defendida sem especificar qual seria a nova idade pretendida, mantendo a exig\u00eancia de altera\u00e7\u00e3o como condi\u00e7\u00e3o para o avan\u00e7o da legisla\u00e7\u00e3o.<\/p>\n<p>Os antigos ministros do Trabalho e da Seguran\u00e7a Social reagiram de forma cr\u00edtica. Ant\u00f3nio Bag\u00e3o F\u00e9lix considerou a descida da idade inadequada, enquanto Jos\u00e9 Vieira da Silva classificou a proposta do l\u00edder do Chega como populista.<\/p>\n<p>O enquadramento atual aponta para uma idade da reforma fixada, em 2026, nos 66 anos e nove meses. O Chega ainda n\u00e3o clarificou qual seria o novo patamar desejado, dizendo apenas que a reforma laboral depende dessa altera\u00e7\u00e3o.<\/p>\n<p>Bag\u00e3o F\u00e9lix e Vieira da Silva destacam, em declara\u00e7\u00f5es separadas, preocupa\u00e7\u00f5es sobre impactos sociais e econ\u00f3micos de uma poss\u00edvel redu\u00e7\u00e3o. A discuss\u00e3o envolve tamb\u00e9m efeitos sobre a sustentabilidade do sistema de reformas e o equil\u00edbrio entre recrutamento, produtividade e prote\u00e7\u00e3o social.<\/p>\n","protected":false},"excerpt":{"rendered":"<ul>\n<li>O Chega afirma que, para aprovar a reforma laboral, \u00e9 necess\u00e1ria a redu\u00e7\u00e3o da idade da reforma, sem indicar para que idade.<\/li>\n<li>Em 2026, a idade da reforma est\u00e1 fixada em 66 anos e nove meses.<\/li>\n<li>Ex-ministros Ant\u00f3nio Bag\u00e3o F\u00e9lix e Jos\u00e9 Vieira da Silva alertam para o \u201cperigo\u201d da medida.<\/li>\n<li>Bag\u00e3o F\u00e9lix considera a descida inadequada, enquanto Vieira da Silva critica-a como populista.<\/li>\n<li>O debate sobre o pacote laboral volta a ficar dependente desta mat\u00e9ria.<\/li>\n<\/ul>\n","protected":false},"author":2,"featured_media":463041,"comment_status":"closed","ping_status":"closed","sticky":false,"template":"","format":"standard","meta":{"footnotes":""},"categories":[1,5],"tags":[2142,34,2832,36,243,2201],"class_list":["post-463035","post","type-post","status-publish","format-standard","has-post-thumbnail","hentry","category-noticias","category-politica","tag-chega","tag-governo","tag-politica","tag-reforma","tag-seguranca-social","tag-trabalho"],"yoast_head":"<!-- This site is optimized with the Yoast SEO plugin v27.2 - https:\/\/yoast.com\/product\/yoast-seo-wordpress\/ -->\n<title>Chega prop\u00f5e baixar idade da reforma; ex-ministros alertam para perigo - Portal Tela Portugal<\/title>\n<meta name=\"robots\" content=\"index, follow, max-snippet:-1, max-image-preview:large, max-video-preview:-1\" \/>\n<meta property=\"og:locale\" content=\"pt_PT\" \/>\n<meta property=\"og:type\" content=\"article\" \/>\n<meta property=\"og:title\" content=\"Chega prop\u00f5e baixar idade da reforma; ex-ministros alertam para perigo - Portal Tela Portugal\" \/>\n<meta property=\"og:description\" content=\"O Chega afirma que, para aprovar a reforma laboral, \u00e9 necess\u00e1ria a redu\u00e7\u00e3o da idade da reforma, sem indicar para que idade. Em 2026, a idade da reforma est\u00e1 fixada em 66 anos e nove meses. Ex-ministros Ant\u00f3nio Bag\u00e3o F\u00e9lix e Jos\u00e9 Vieira da Silva alertam para o \u201cperigo\u201d da medida. Bag\u00e3o F\u00e9lix considera a descida inadequada, enquanto Vieira da Silva critica-a como populista. O debate sobre o pacote laboral volta a ficar dependente desta mat\u00e9ria.\" \/>\n<meta property=\"og:url\" content=\"https:\/\/portaltela.pt\/noticias\/2026\/04\/30\/chega-propoe-baixar-idade-da-reforma-ex-ministros-alertam-para-perigo\/\" \/>\n<meta property=\"og:site_name\" content=\"Portal Tela Portugal\" \/>\n<meta property=\"article:published_time\" content=\"2026-04-30T19:03:09+00:00\" \/>\n<meta name=\"author\" content=\"Telinha\" \/>\n<meta name=\"twitter:card\" content=\"summary_large_image\" \/>\n<meta name=\"twitter:label1\" content=\"Escrito por\" \/>\n\t<meta name=\"twitter:data1\" content=\"Telinha\" \/>\n\t<meta name=\"twitter:label2\" content=\"Tempo estimado de leitura\" \/>\n\t<meta name=\"twitter:data2\" content=\"1 minuto\" \/>\n<script type=\"application\/ld+json\" class=\"yoast-schema-graph\">{\"@context\":\"https:\/\/schema.org\",\"@graph\":[{\"@type\":\"Article\",\"@id\":\"https:\/\/portaltela.pt\/noticias\/2026\/04\/30\/chega-propoe-baixar-idade-da-reforma-ex-ministros-alertam-para-perigo\/#article\",\"isPartOf\":{\"@id\":\"https:\/\/portaltela.pt\/noticias\/2026\/04\/30\/chega-propoe-baixar-idade-da-reforma-ex-ministros-alertam-para-perigo\/\"},\"author\":{\"name\":\"Telinha\",\"@id\":\"https:\/\/portaltela.pt\/#\/schema\/person\/c4278d4a6028830caff9ee44b42d32ed\"},\"headline\":\"Chega prop\u00f5e baixar idade da reforma; ex-ministros alertam para perigo\",\"datePublished\":\"2026-04-30T19:03:09+00:00\",\"mainEntityOfPage\":{\"@id\":\"https:\/\/portaltela.pt\/noticias\/2026\/04\/30\/chega-propoe-baixar-idade-da-reforma-ex-ministros-alertam-para-perigo\/\"},\"wordCount\":194,\"image\":{\"@id\":\"https:\/\/portaltela.pt\/noticias\/2026\/04\/30\/chega-propoe-baixar-idade-da-reforma-ex-ministros-alertam-para-perigo\/#primaryimage\"},\"thumbnailUrl\":\"https:\/\/portaltela.pt\/s.01k8rhncp4jt1\/2026\/04\/2085367.jpg\",\"keywords\":[\"CHEGA\",\"governo\",\"pol\u00edtica\",\"reforma\",\"seguran\u00e7a social\",\"trabalho\"],\"articleSection\":[\"Not\u00edcias\",\"Pol\u00edtica\"],\"inLanguage\":\"pt-PT\"},{\"@type\":\"WebPage\",\"@id\":\"https:\/\/portaltela.pt\/noticias\/2026\/04\/30\/chega-propoe-baixar-idade-da-reforma-ex-ministros-alertam-para-perigo\/\",\"url\":\"https:\/\/portaltela.pt\/noticias\/2026\/04\/30\/chega-propoe-baixar-idade-da-reforma-ex-ministros-alertam-para-perigo\/\",\"name\":\"Chega prop\u00f5e baixar idade da reforma; ex-ministros alertam para perigo - Portal Tela Portugal\",\"isPartOf\":{\"@id\":\"https:\/\/portaltela.pt\/#website\"},\"primaryImageOfPage\":{\"@id\":\"https:\/\/portaltela.pt\/noticias\/2026\/04\/30\/chega-propoe-baixar-idade-da-reforma-ex-ministros-alertam-para-perigo\/#primaryimage\"},\"image\":{\"@id\":\"https:\/\/portaltela.pt\/noticias\/2026\/04\/30\/chega-propoe-baixar-idade-da-reforma-ex-ministros-alertam-para-perigo\/#primaryimage\"},\"thumbnailUrl\":\"https:\/\/portaltela.pt\/s.01k8rhncp4jt1\/2026\/04\/2085367.jpg\",\"datePublished\":\"2026-04-30T19:03:09+00:00\",\"author\":{\"@id\":\"https:\/\/portaltela.pt\/#\/schema\/person\/c4278d4a6028830caff9ee44b42d32ed\"},\"breadcrumb\":{\"@id\":\"https:\/\/portaltela.pt\/noticias\/2026\/04\/30\/chega-propoe-baixar-idade-da-reforma-ex-ministros-alertam-para-perigo\/#breadcrumb\"},\"inLanguage\":\"pt-PT\",\"potentialAction\":[{\"@type\":\"ReadAction\",\"target\":[\"https:\/\/portaltela.pt\/noticias\/2026\/04\/30\/chega-propoe-baixar-idade-da-reforma-ex-ministros-alertam-para-perigo\/\"]}]},{\"@type\":\"ImageObject\",\"inLanguage\":\"pt-PT\",\"@id\":\"https:\/\/portaltela.pt\/noticias\/2026\/04\/30\/chega-propoe-baixar-idade-da-reforma-ex-ministros-alertam-para-perigo\/#primaryimage\",\"url\":\"https:\/\/portaltela.pt\/s.01k8rhncp4jt1\/2026\/04\/2085367.jpg\",\"contentUrl\":\"https:\/\/portaltela.pt\/s.01k8rhncp4jt1\/2026\/04\/2085367.jpg\",\"width\":796,\"height\":448,\"caption\":\"Andr\u00e9 Ventura fez depender a aprova\u00e7\u00e3o do pacote laboral da redu\u00e7\u00e3o da idade da reforma\"},{\"@type\":\"BreadcrumbList\",\"@id\":\"https:\/\/portaltela.pt\/noticias\/2026\/04\/30\/chega-propoe-baixar-idade-da-reforma-ex-ministros-alertam-para-perigo\/#breadcrumb\",\"itemListElement\":[{\"@type\":\"ListItem\",\"position\":1,\"name\":\"In\u00edcio\",\"item\":\"https:\/\/portaltela.pt\/\"},{\"@type\":\"ListItem\",\"position\":2,\"name\":\"Chega prop\u00f5e baixar idade da reforma; ex-ministros alertam para perigo\"}]},{\"@type\":\"WebSite\",\"@id\":\"https:\/\/portaltela.pt\/#website\",\"url\":\"https:\/\/portaltela.pt\/\",\"name\":\"Portal Tela Portugal\",\"description\":\"\",\"potentialAction\":[{\"@type\":\"SearchAction\",\"target\":{\"@type\":\"EntryPoint\",\"urlTemplate\":\"https:\/\/portaltela.pt\/?s={search_term_string}\"},\"query-input\":{\"@type\":\"PropertyValueSpecification\",\"valueRequired\":true,\"valueName\":\"search_term_string\"}}],\"inLanguage\":\"pt-PT\"},{\"@type\":\"Person\",\"@id\":\"https:\/\/portaltela.pt\/#\/schema\/person\/c4278d4a6028830caff9ee44b42d32ed\",\"name\":\"Telinha\",\"image\":{\"@type\":\"ImageObject\",\"inLanguage\":\"pt-PT\",\"@id\":\"https:\/\/portaltela.pt\/s.01k8rhncp4jt1\/2025\/11\/talking-bot-125x125.png\",\"url\":\"https:\/\/portaltela.pt\/s.01k8rhncp4jt1\/2025\/11\/talking-bot-125x125.png\",\"contentUrl\":\"https:\/\/portaltela.pt\/s.01k8rhncp4jt1\/2025\/11\/talking-bot-125x125.png\",\"caption\":\"Telinha\"},\"sameAs\":[\"https:\/\/portaltela.pt\/\"],\"url\":\"https:\/\/portaltela.pt\/por\/367410592786\/\"}]}<\/script>\n<!-- \/ Yoast SEO plugin. -->","yoast_head_json":{"title":"Chega prop\u00f5e baixar idade da reforma; ex-ministros alertam para perigo - Portal Tela Portugal","robots":{"index":"index","follow":"follow","max-snippet":"max-snippet:-1","max-image-preview":"max-image-preview:large","max-video-preview":"max-video-preview:-1"},"og_locale":"pt_PT","og_type":"article","og_title":"Chega prop\u00f5e baixar idade da reforma; ex-ministros alertam para perigo - Portal Tela Portugal","og_description":"O Chega afirma que, para aprovar a reforma laboral, \u00e9 necess\u00e1ria a redu\u00e7\u00e3o da idade da reforma, sem indicar para que idade. Em 2026, a idade da reforma est\u00e1 fixada em 66 anos e nove meses. Ex-ministros Ant\u00f3nio Bag\u00e3o F\u00e9lix e Jos\u00e9 Vieira da Silva alertam para o \u201cperigo\u201d da medida. Bag\u00e3o F\u00e9lix considera a descida inadequada, enquanto Vieira da Silva critica-a como populista. O debate sobre o pacote laboral volta a ficar dependente desta mat\u00e9ria.","og_url":"https:\/\/portaltela.pt\/noticias\/2026\/04\/30\/chega-propoe-baixar-idade-da-reforma-ex-ministros-alertam-para-perigo\/","og_site_name":"Portal Tela Portugal","article_published_time":"2026-04-30T19:03:09+00:00","author":"Telinha","twitter_card":"summary_large_image","twitter_misc":{"Escrito por":"Telinha","Tempo estimado de leitura":"1 minuto"},"schema":{"@context":"https:\/\/schema.org","@graph":[{"@type":"Article","@id":"https:\/\/portaltela.pt\/noticias\/2026\/04\/30\/chega-propoe-baixar-idade-da-reforma-ex-ministros-alertam-para-perigo\/#article","isPartOf":{"@id":"https:\/\/portaltela.pt\/noticias\/2026\/04\/30\/chega-propoe-baixar-idade-da-reforma-ex-ministros-alertam-para-perigo\/"},"author":{"name":"Telinha","@id":"https:\/\/portaltela.pt\/#\/schema\/person\/c4278d4a6028830caff9ee44b42d32ed"},"headline":"Chega prop\u00f5e baixar idade da reforma; ex-ministros alertam para perigo","datePublished":"2026-04-30T19:03:09+00:00","mainEntityOfPage":{"@id":"https:\/\/portaltela.pt\/noticias\/2026\/04\/30\/chega-propoe-baixar-idade-da-reforma-ex-ministros-alertam-para-perigo\/"},"wordCount":194,"image":{"@id":"https:\/\/portaltela.pt\/noticias\/2026\/04\/30\/chega-propoe-baixar-idade-da-reforma-ex-ministros-alertam-para-perigo\/#primaryimage"},"thumbnailUrl":"https:\/\/portaltela.pt\/s.01k8rhncp4jt1\/2026\/04\/2085367.jpg","keywords":["CHEGA","governo","pol\u00edtica","reforma","seguran\u00e7a social","trabalho"],"articleSection":["Not\u00edcias","Pol\u00edtica"],"inLanguage":"pt-PT"},{"@type":"WebPage","@id":"https:\/\/portaltela.pt\/noticias\/2026\/04\/30\/chega-propoe-baixar-idade-da-reforma-ex-ministros-alertam-para-perigo\/","url":"https:\/\/portaltela.pt\/noticias\/2026\/04\/30\/chega-propoe-baixar-idade-da-reforma-ex-ministros-alertam-para-perigo\/","name":"Chega prop\u00f5e baixar idade da reforma; ex-ministros alertam para perigo - Portal Tela Portugal","isPartOf":{"@id":"https:\/\/portaltela.pt\/#website"},"primaryImageOfPage":{"@id":"https:\/\/portaltela.pt\/noticias\/2026\/04\/30\/chega-propoe-baixar-idade-da-reforma-ex-ministros-alertam-para-perigo\/#primaryimage"},"image":{"@id":"https:\/\/portaltela.pt\/noticias\/2026\/04\/30\/chega-propoe-baixar-idade-da-reforma-ex-ministros-alertam-para-perigo\/#primaryimage"},"thumbnailUrl":"https:\/\/portaltela.pt\/s.01k8rhncp4jt1\/2026\/04\/2085367.jpg","datePublished":"2026-04-30T19:03:09+00:00","author":{"@id":"https:\/\/portaltela.pt\/#\/schema\/person\/c4278d4a6028830caff9ee44b42d32ed"},"breadcrumb":{"@id":"https:\/\/portaltela.pt\/noticias\/2026\/04\/30\/chega-propoe-baixar-idade-da-reforma-ex-ministros-alertam-para-perigo\/#breadcrumb"},"inLanguage":"pt-PT","potentialAction":[{"@type":"ReadAction","target":["https:\/\/portaltela.pt\/noticias\/2026\/04\/30\/chega-propoe-baixar-idade-da-reforma-ex-ministros-alertam-para-perigo\/"]}]},{"@type":"ImageObject","inLanguage":"pt-PT","@id":"https:\/\/portaltela.pt\/noticias\/2026\/04\/30\/chega-propoe-baixar-idade-da-reforma-ex-ministros-alertam-para-perigo\/#primaryimage","url":"https:\/\/portaltela.pt\/s.01k8rhncp4jt1\/2026\/04\/2085367.jpg","contentUrl":"https:\/\/portaltela.pt\/s.01k8rhncp4jt1\/2026\/04\/2085367.jpg","width":796,"height":448,"caption":"Andr\u00e9 Ventura fez depender a aprova\u00e7\u00e3o do pacote laboral da redu\u00e7\u00e3o da idade da reforma"},{"@type":"BreadcrumbList","@id":"https:\/\/portaltela.pt\/noticias\/2026\/04\/30\/chega-propoe-baixar-idade-da-reforma-ex-ministros-alertam-para-perigo\/#breadcrumb","itemListElement":[{"@type":"ListItem","position":1,"name":"In\u00edcio","item":"https:\/\/portaltela.pt\/"},{"@type":"ListItem","position":2,"name":"Chega prop\u00f5e baixar idade da reforma; ex-ministros alertam para perigo"}]},{"@type":"WebSite","@id":"https:\/\/portaltela.pt\/#website","url":"https:\/\/portaltela.pt\/","name":"Portal Tela Portugal","description":"","potentialAction":[{"@type":"SearchAction","target":{"@type":"EntryPoint","urlTemplate":"https:\/\/portaltela.pt\/?s={search_term_string}"},"query-input":{"@type":"PropertyValueSpecification","valueRequired":true,"valueName":"search_term_string"}}],"inLanguage":"pt-PT"},{"@type":"Person","@id":"https:\/\/portaltela.pt\/#\/schema\/person\/c4278d4a6028830caff9ee44b42d32ed","name":"Telinha","image":{"@type":"ImageObject","inLanguage":"pt-PT","@id":"https:\/\/portaltela.pt\/s.01k8rhncp4jt1\/2025\/11\/talking-bot-125x125.png","url":"https:\/\/portaltela.pt\/s.01k8rhncp4jt1\/2025\/11\/talking-bot-125x125.png","contentUrl":"https:\/\/portaltela.pt\/s.01k8rhncp4jt1\/2025\/11\/talking-bot-125x125.png","caption":"Telinha"},"sameAs":["https:\/\/portaltela.pt\/"],"url":"https:\/\/portaltela.pt\/por\/367410592786\/"}]}},"_links":{"self":[{"href":"https:\/\/portaltela.pt\/api\/wp\/v2\/posts\/463035","targetHints":{"allow":["GET"]}}],"collection":[{"href":"https:\/\/portaltela.pt\/api\/wp\/v2\/posts"}],"about":[{"href":"https:\/\/portaltela.pt\/api\/wp\/v2\/types\/post"}],"author":[{"embeddable":true,"href":"https:\/\/portaltela.pt\/api\/wp\/v2\/users\/2"}],"replies":[{"embeddable":true,"href":"https:\/\/portaltela.pt\/api\/wp\/v2\/comments?post=463035"}],"version-history":[{"count":0,"href":"https:\/\/portaltela.pt\/api\/wp\/v2\/posts\/463035\/revisions"}],"wp:featuredmedia":[{"embeddable":true,"href":"https:\/\/portaltela.pt\/api\/wp\/v2\/media\/463041"}],"wp:attachment":[{"href":"https:\/\/portaltela.pt\/api\/wp\/v2\/media?parent=463035"}],"wp:term":[{"taxonomy":"category","embeddable":true,"href":"https:\/\/portaltela.pt\/api\/wp\/v2\/categories?post=463035"},{"taxonomy":"post_tag","embeddable":true,"href":"https:\/\/portaltela.pt\/api\/wp\/v2\/tags?post=463035"}],"curies":[{"name":"wp","href":"https:\/\/api.w.org\/{rel}","templated":true}]}}