{"id":463031,"date":"2026-04-30T16:03:02","date_gmt":"2026-04-30T19:03:02","guid":{"rendered":"https:\/\/portaltela.pt\/noticias\/2026\/04\/30\/mp-recorre-da-absolvicao-de-rui-pinto\/"},"modified":"2026-04-30T16:03:02","modified_gmt":"2026-04-30T19:03:02","slug":"mp-recorre-da-absolvicao-de-rui-pinto","status":"publish","type":"post","link":"https:\/\/portaltela.pt\/justica\/2026\/04\/30\/mp-recorre-da-absolvicao-de-rui-pinto\/","title":{"rendered":"MP recorre da absolvi\u00e7\u00e3o de Rui Pinto"},"content":{"rendered":"<p>O Minist\u00e9rio P\u00fablico vai recorrer da absolvi\u00e7\u00e3o de Rui Pinto, absolvido nesta quarta-feira de 241 crimes inform\u00e1ticos, entre os quais 201 de acesso ileg\u00edtimo qualificado. Os ju\u00edzes consideraram a acusa\u00e7\u00e3o nula por violar normas legais, constitucionais e da Conven\u00e7\u00e3o Europeia dos Direitos Humanos. O P\u00daBLICO confirmou a rea\u00e7\u00e3o da Procuradoria-Geral da Rep\u00fablica.<\/p>\n<p>A decis\u00e3o, tomada por um colectivo de tr\u00eas ju\u00edzes de forma un\u00e2nime, aponta que o despacho de acusa\u00e7\u00e3o inclui factos j\u00e1 julgados num primeiro processo. Os magistrados destacam uma viola\u00e7\u00e3o de direitos de defesa e criticam a atua\u00e7\u00e3o do Minist\u00e9rio P\u00fablico, por alegada arbitrariedade e por usar os mesmos meios de prova em v\u00e1rios processos.<\/p>\n<p>Rui Pinto tornou-se conhecido como o pirata inform\u00e1tico ligado ao caso Football Leaks. Entre os factos imputados, constam emails roubados ao Benfica, acessos ileg\u00edtimos a sistemas do Porto, da Liga de Futebol, de advogados, de ju\u00edzes, e at\u00e9 \u00e0 Rede Nacional de Seguran\u00e7a Interna e \u00e0 Autoridade Tribut\u00e1ria. O arguido teria utilizado credenciais da pr\u00f3pria Dire\u00e7\u00e3o-Geral dos Impostos para aceder ao sistema fiscal.<\/p>\n<h3>Contexto legal e antecedentes<\/h3>\n<p>Este \u00e9 o segundo julgamento a que Rui Pinto \u00e9 presente, depois da condena\u00e7\u00e3o a quatro anos de pena suspensa no processo Football Leaks. Existe ainda uma terceira investiga\u00e7\u00e3o em curso no Departamento Central de Investiga\u00e7\u00e3o e A\u00e7\u00e3o Penal por crimes id\u00eanticos.<\/p>\n<p>Antes do veredito, o pirata inform\u00e1tico colaborou com a Pol\u00edcia Judici\u00e1ria e com autoridades europeias desde 2020, fornecendo informa\u00e7\u00f5es a pol\u00edcias e a um cons\u00f3rcio de jornalistas. Foi-lhe atribu\u00eddo o estatuto de testemunha protegida e continua sob prote\u00e7\u00e3o policial.<\/p>\n<p>As informa\u00e7\u00f5es recolhidas por Pinto foram usadas no \u00e2mbito de v\u00e1rios processos judiciais relacionados com irregularidades no mundo do futebol, incluindo alegados casos de branqueamento de capitais e fraude fiscal. A protec\u00e7\u00e3o de dados e a natureza confidencial do material mant\u00eam-se sob reserva.<\/p>\n","protected":false},"excerpt":{"rendered":"<ul>\n<li>O Minist\u00e9rio P\u00fablico vai recorrer da absolvi\u00e7\u00e3o de Rui Pinto, absolvido de duzentos e quarenta e um crimes inform\u00e1ticos, incluindo duzentos e um de acesso ileg\u00edtimo qualificado.<\/li>\n<li>A absolvi\u00e7\u00e3o ocorreu nesta quarta-feira e os ju\u00edzes consideraram nula a acusa\u00e7\u00e3o por viola\u00e7\u00e3o de v\u00e1rias normas legais, constitucionais e da Conven\u00e7\u00e3o Europeia dos Direitos Humanos.<\/li>\n<li>O tribunal escreveu que o despacho de acusa\u00e7\u00e3o incluiu factos j\u00e1 julgados noutro processo, o que violaria o princ\u00edpio de n\u00e3o se julgar algu\u00e9m duas vezes pelo mesmo crime.<\/li>\n<li>Os ju\u00edzes criticaram a atua\u00e7\u00e3o do Minist\u00e9rio P\u00fablico, afirmando que houve viola\u00e7\u00e3o dos direitos de defesa e exerc\u00edcio da a\u00e7\u00e3o penal de forma inaceit\u00e1vel.<\/li>\n<li>Entre os factos do processo est\u00e3o emails roubados ao Benfica, acessos a sistemas do Porto e da Liga, e credenciais do fisco usados para entrar no sistema da Autoridade Tribut\u00e1ria; Rui Pinto j\u00e1 colaborou com autoridades desde 2020 e \u00e9 testemunha protegida.<\/li>\n<\/ul>\n","protected":false},"author":2,"featured_media":463038,"comment_status":"closed","ping_status":"closed","sticky":false,"template":"","format":"standard","meta":{"footnotes":""},"categories":[7374,6815],"tags":[9170,8501,7943,7970,8078,8489],"class_list":["post-463031","post","type-post","status-publish","format-standard","has-post-thumbnail","hentry","category-criminalidade","category-justica","tag-_acesso-ilegitimo","tag-_branqueamento-de-capitais","tag-_crimes","tag-_fraude","tag-_fraude-fiscal","tag-_protecao-de-dados"],"yoast_head":"<!-- This site is optimized with the Yoast SEO plugin v27.2 - https:\/\/yoast.com\/product\/yoast-seo-wordpress\/ -->\n<title>MP recorre da absolvi\u00e7\u00e3o de Rui Pinto - Portal Tela Portugal<\/title>\n<meta name=\"robots\" content=\"index, follow, max-snippet:-1, max-image-preview:large, max-video-preview:-1\" \/>\n<meta property=\"og:locale\" content=\"pt_PT\" \/>\n<meta property=\"og:type\" content=\"article\" \/>\n<meta property=\"og:title\" content=\"MP recorre da absolvi\u00e7\u00e3o de Rui Pinto - Portal Tela Portugal\" \/>\n<meta property=\"og:description\" content=\"O Minist\u00e9rio P\u00fablico vai recorrer da absolvi\u00e7\u00e3o de Rui Pinto, absolvido de duzentos e quarenta e um crimes inform\u00e1ticos, incluindo duzentos e um de acesso ileg\u00edtimo qualificado. A absolvi\u00e7\u00e3o ocorreu nesta quarta-feira e os ju\u00edzes consideraram nula a acusa\u00e7\u00e3o por viola\u00e7\u00e3o de v\u00e1rias normas legais, constitucionais e da Conven\u00e7\u00e3o Europeia dos Direitos Humanos. O tribunal escreveu que o despacho de acusa\u00e7\u00e3o incluiu factos j\u00e1 julgados noutro processo, o que violaria o princ\u00edpio de n\u00e3o se julgar algu\u00e9m duas vezes pelo mesmo crime. Os ju\u00edzes criticaram a atua\u00e7\u00e3o do Minist\u00e9rio P\u00fablico, afirmando que houve viola\u00e7\u00e3o dos direitos de defesa e exerc\u00edcio da a\u00e7\u00e3o penal de forma inaceit\u00e1vel. Entre os factos do processo est\u00e3o emails roubados ao Benfica, acessos a sistemas do Porto e da Liga, e credenciais do fisco usados para entrar no sistema da Autoridade Tribut\u00e1ria; Rui Pinto j\u00e1 colaborou com autoridades desde 2020 e \u00e9 testemunha protegida.\" \/>\n<meta property=\"og:url\" content=\"https:\/\/portaltela.pt\/noticias\/2026\/04\/30\/mp-recorre-da-absolvicao-de-rui-pinto\/\" \/>\n<meta property=\"og:site_name\" content=\"Portal Tela Portugal\" \/>\n<meta property=\"article:published_time\" content=\"2026-04-30T19:03:02+00:00\" \/>\n<meta name=\"author\" content=\"Telinha\" \/>\n<meta name=\"twitter:card\" content=\"summary_large_image\" \/>\n<meta name=\"twitter:label1\" content=\"Escrito por\" \/>\n\t<meta name=\"twitter:data1\" content=\"Telinha\" \/>\n\t<meta name=\"twitter:label2\" content=\"Tempo estimado de leitura\" \/>\n\t<meta name=\"twitter:data2\" content=\"2 minutos\" \/>\n<script type=\"application\/ld+json\" class=\"yoast-schema-graph\">{\"@context\":\"https:\/\/schema.org\",\"@graph\":[{\"@type\":\"Article\",\"@id\":\"https:\/\/portaltela.pt\/noticias\/2026\/04\/30\/mp-recorre-da-absolvicao-de-rui-pinto\/#article\",\"isPartOf\":{\"@id\":\"https:\/\/portaltela.pt\/noticias\/2026\/04\/30\/mp-recorre-da-absolvicao-de-rui-pinto\/\"},\"author\":{\"name\":\"Telinha\",\"@id\":\"https:\/\/portaltela.pt\/#\/schema\/person\/c4278d4a6028830caff9ee44b42d32ed\"},\"headline\":\"MP recorre da absolvi\u00e7\u00e3o de Rui Pinto\",\"datePublished\":\"2026-04-30T19:03:02+00:00\",\"mainEntityOfPage\":{\"@id\":\"https:\/\/portaltela.pt\/noticias\/2026\/04\/30\/mp-recorre-da-absolvicao-de-rui-pinto\/\"},\"wordCount\":344,\"image\":{\"@id\":\"https:\/\/portaltela.pt\/noticias\/2026\/04\/30\/mp-recorre-da-absolvicao-de-rui-pinto\/#primaryimage\"},\"thumbnailUrl\":\"https:\/\/portaltela.pt\/s.01k8rhncp4jt1\/2026\/04\/2085377.jpg\",\"keywords\":[\"_acesso ileg\u00edtimo\",\"_branqueamento de capitais\",\"_crimes\",\"_fraude\",\"_fraude fiscal\",\"_prote\u00e7\u00e3o de dados\"],\"articleSection\":[\"Criminalidade\",\"Justi\u00e7a\"],\"inLanguage\":\"pt-PT\"},{\"@type\":\"WebPage\",\"@id\":\"https:\/\/portaltela.pt\/noticias\/2026\/04\/30\/mp-recorre-da-absolvicao-de-rui-pinto\/\",\"url\":\"https:\/\/portaltela.pt\/noticias\/2026\/04\/30\/mp-recorre-da-absolvicao-de-rui-pinto\/\",\"name\":\"MP recorre da absolvi\u00e7\u00e3o de Rui Pinto - Portal Tela Portugal\",\"isPartOf\":{\"@id\":\"https:\/\/portaltela.pt\/#website\"},\"primaryImageOfPage\":{\"@id\":\"https:\/\/portaltela.pt\/noticias\/2026\/04\/30\/mp-recorre-da-absolvicao-de-rui-pinto\/#primaryimage\"},\"image\":{\"@id\":\"https:\/\/portaltela.pt\/noticias\/2026\/04\/30\/mp-recorre-da-absolvicao-de-rui-pinto\/#primaryimage\"},\"thumbnailUrl\":\"https:\/\/portaltela.pt\/s.01k8rhncp4jt1\/2026\/04\/2085377.jpg\",\"datePublished\":\"2026-04-30T19:03:02+00:00\",\"author\":{\"@id\":\"https:\/\/portaltela.pt\/#\/schema\/person\/c4278d4a6028830caff9ee44b42d32ed\"},\"breadcrumb\":{\"@id\":\"https:\/\/portaltela.pt\/noticias\/2026\/04\/30\/mp-recorre-da-absolvicao-de-rui-pinto\/#breadcrumb\"},\"inLanguage\":\"pt-PT\",\"potentialAction\":[{\"@type\":\"ReadAction\",\"target\":[\"https:\/\/portaltela.pt\/noticias\/2026\/04\/30\/mp-recorre-da-absolvicao-de-rui-pinto\/\"]}]},{\"@type\":\"ImageObject\",\"inLanguage\":\"pt-PT\",\"@id\":\"https:\/\/portaltela.pt\/noticias\/2026\/04\/30\/mp-recorre-da-absolvicao-de-rui-pinto\/#primaryimage\",\"url\":\"https:\/\/portaltela.pt\/s.01k8rhncp4jt1\/2026\/04\/2085377.jpg\",\"contentUrl\":\"https:\/\/portaltela.pt\/s.01k8rhncp4jt1\/2026\/04\/2085377.jpg\",\"width\":796,\"height\":448,\"caption\":\"Rui Pinto j\u00e1 foi julgado duas vezes e ainda tem pendente um terceiro processo\"},{\"@type\":\"BreadcrumbList\",\"@id\":\"https:\/\/portaltela.pt\/noticias\/2026\/04\/30\/mp-recorre-da-absolvicao-de-rui-pinto\/#breadcrumb\",\"itemListElement\":[{\"@type\":\"ListItem\",\"position\":1,\"name\":\"In\u00edcio\",\"item\":\"https:\/\/portaltela.pt\/\"},{\"@type\":\"ListItem\",\"position\":2,\"name\":\"MP recorre da absolvi\u00e7\u00e3o de Rui Pinto\"}]},{\"@type\":\"WebSite\",\"@id\":\"https:\/\/portaltela.pt\/#website\",\"url\":\"https:\/\/portaltela.pt\/\",\"name\":\"Portal Tela Portugal\",\"description\":\"\",\"potentialAction\":[{\"@type\":\"SearchAction\",\"target\":{\"@type\":\"EntryPoint\",\"urlTemplate\":\"https:\/\/portaltela.pt\/?s={search_term_string}\"},\"query-input\":{\"@type\":\"PropertyValueSpecification\",\"valueRequired\":true,\"valueName\":\"search_term_string\"}}],\"inLanguage\":\"pt-PT\"},{\"@type\":\"Person\",\"@id\":\"https:\/\/portaltela.pt\/#\/schema\/person\/c4278d4a6028830caff9ee44b42d32ed\",\"name\":\"Telinha\",\"image\":{\"@type\":\"ImageObject\",\"inLanguage\":\"pt-PT\",\"@id\":\"https:\/\/portaltela.pt\/s.01k8rhncp4jt1\/2025\/11\/talking-bot-125x125.png\",\"url\":\"https:\/\/portaltela.pt\/s.01k8rhncp4jt1\/2025\/11\/talking-bot-125x125.png\",\"contentUrl\":\"https:\/\/portaltela.pt\/s.01k8rhncp4jt1\/2025\/11\/talking-bot-125x125.png\",\"caption\":\"Telinha\"},\"sameAs\":[\"https:\/\/portaltela.pt\/\"],\"url\":\"https:\/\/portaltela.pt\/por\/367410592786\/\"}]}<\/script>\n<!-- \/ Yoast SEO plugin. -->","yoast_head_json":{"title":"MP recorre da absolvi\u00e7\u00e3o de Rui Pinto - Portal Tela Portugal","robots":{"index":"index","follow":"follow","max-snippet":"max-snippet:-1","max-image-preview":"max-image-preview:large","max-video-preview":"max-video-preview:-1"},"og_locale":"pt_PT","og_type":"article","og_title":"MP recorre da absolvi\u00e7\u00e3o de Rui Pinto - Portal Tela Portugal","og_description":"O Minist\u00e9rio P\u00fablico vai recorrer da absolvi\u00e7\u00e3o de Rui Pinto, absolvido de duzentos e quarenta e um crimes inform\u00e1ticos, incluindo duzentos e um de acesso ileg\u00edtimo qualificado. A absolvi\u00e7\u00e3o ocorreu nesta quarta-feira e os ju\u00edzes consideraram nula a acusa\u00e7\u00e3o por viola\u00e7\u00e3o de v\u00e1rias normas legais, constitucionais e da Conven\u00e7\u00e3o Europeia dos Direitos Humanos. O tribunal escreveu que o despacho de acusa\u00e7\u00e3o incluiu factos j\u00e1 julgados noutro processo, o que violaria o princ\u00edpio de n\u00e3o se julgar algu\u00e9m duas vezes pelo mesmo crime. Os ju\u00edzes criticaram a atua\u00e7\u00e3o do Minist\u00e9rio P\u00fablico, afirmando que houve viola\u00e7\u00e3o dos direitos de defesa e exerc\u00edcio da a\u00e7\u00e3o penal de forma inaceit\u00e1vel. Entre os factos do processo est\u00e3o emails roubados ao Benfica, acessos a sistemas do Porto e da Liga, e credenciais do fisco usados para entrar no sistema da Autoridade Tribut\u00e1ria; Rui Pinto j\u00e1 colaborou com autoridades desde 2020 e \u00e9 testemunha protegida.","og_url":"https:\/\/portaltela.pt\/noticias\/2026\/04\/30\/mp-recorre-da-absolvicao-de-rui-pinto\/","og_site_name":"Portal Tela Portugal","article_published_time":"2026-04-30T19:03:02+00:00","author":"Telinha","twitter_card":"summary_large_image","twitter_misc":{"Escrito por":"Telinha","Tempo estimado de leitura":"2 minutos"},"schema":{"@context":"https:\/\/schema.org","@graph":[{"@type":"Article","@id":"https:\/\/portaltela.pt\/noticias\/2026\/04\/30\/mp-recorre-da-absolvicao-de-rui-pinto\/#article","isPartOf":{"@id":"https:\/\/portaltela.pt\/noticias\/2026\/04\/30\/mp-recorre-da-absolvicao-de-rui-pinto\/"},"author":{"name":"Telinha","@id":"https:\/\/portaltela.pt\/#\/schema\/person\/c4278d4a6028830caff9ee44b42d32ed"},"headline":"MP recorre da absolvi\u00e7\u00e3o de Rui Pinto","datePublished":"2026-04-30T19:03:02+00:00","mainEntityOfPage":{"@id":"https:\/\/portaltela.pt\/noticias\/2026\/04\/30\/mp-recorre-da-absolvicao-de-rui-pinto\/"},"wordCount":344,"image":{"@id":"https:\/\/portaltela.pt\/noticias\/2026\/04\/30\/mp-recorre-da-absolvicao-de-rui-pinto\/#primaryimage"},"thumbnailUrl":"https:\/\/portaltela.pt\/s.01k8rhncp4jt1\/2026\/04\/2085377.jpg","keywords":["_acesso ileg\u00edtimo","_branqueamento de capitais","_crimes","_fraude","_fraude fiscal","_prote\u00e7\u00e3o de dados"],"articleSection":["Criminalidade","Justi\u00e7a"],"inLanguage":"pt-PT"},{"@type":"WebPage","@id":"https:\/\/portaltela.pt\/noticias\/2026\/04\/30\/mp-recorre-da-absolvicao-de-rui-pinto\/","url":"https:\/\/portaltela.pt\/noticias\/2026\/04\/30\/mp-recorre-da-absolvicao-de-rui-pinto\/","name":"MP recorre da absolvi\u00e7\u00e3o de Rui Pinto - Portal Tela Portugal","isPartOf":{"@id":"https:\/\/portaltela.pt\/#website"},"primaryImageOfPage":{"@id":"https:\/\/portaltela.pt\/noticias\/2026\/04\/30\/mp-recorre-da-absolvicao-de-rui-pinto\/#primaryimage"},"image":{"@id":"https:\/\/portaltela.pt\/noticias\/2026\/04\/30\/mp-recorre-da-absolvicao-de-rui-pinto\/#primaryimage"},"thumbnailUrl":"https:\/\/portaltela.pt\/s.01k8rhncp4jt1\/2026\/04\/2085377.jpg","datePublished":"2026-04-30T19:03:02+00:00","author":{"@id":"https:\/\/portaltela.pt\/#\/schema\/person\/c4278d4a6028830caff9ee44b42d32ed"},"breadcrumb":{"@id":"https:\/\/portaltela.pt\/noticias\/2026\/04\/30\/mp-recorre-da-absolvicao-de-rui-pinto\/#breadcrumb"},"inLanguage":"pt-PT","potentialAction":[{"@type":"ReadAction","target":["https:\/\/portaltela.pt\/noticias\/2026\/04\/30\/mp-recorre-da-absolvicao-de-rui-pinto\/"]}]},{"@type":"ImageObject","inLanguage":"pt-PT","@id":"https:\/\/portaltela.pt\/noticias\/2026\/04\/30\/mp-recorre-da-absolvicao-de-rui-pinto\/#primaryimage","url":"https:\/\/portaltela.pt\/s.01k8rhncp4jt1\/2026\/04\/2085377.jpg","contentUrl":"https:\/\/portaltela.pt\/s.01k8rhncp4jt1\/2026\/04\/2085377.jpg","width":796,"height":448,"caption":"Rui Pinto j\u00e1 foi julgado duas vezes e ainda tem pendente um terceiro processo"},{"@type":"BreadcrumbList","@id":"https:\/\/portaltela.pt\/noticias\/2026\/04\/30\/mp-recorre-da-absolvicao-de-rui-pinto\/#breadcrumb","itemListElement":[{"@type":"ListItem","position":1,"name":"In\u00edcio","item":"https:\/\/portaltela.pt\/"},{"@type":"ListItem","position":2,"name":"MP recorre da absolvi\u00e7\u00e3o de Rui Pinto"}]},{"@type":"WebSite","@id":"https:\/\/portaltela.pt\/#website","url":"https:\/\/portaltela.pt\/","name":"Portal Tela Portugal","description":"","potentialAction":[{"@type":"SearchAction","target":{"@type":"EntryPoint","urlTemplate":"https:\/\/portaltela.pt\/?s={search_term_string}"},"query-input":{"@type":"PropertyValueSpecification","valueRequired":true,"valueName":"search_term_string"}}],"inLanguage":"pt-PT"},{"@type":"Person","@id":"https:\/\/portaltela.pt\/#\/schema\/person\/c4278d4a6028830caff9ee44b42d32ed","name":"Telinha","image":{"@type":"ImageObject","inLanguage":"pt-PT","@id":"https:\/\/portaltela.pt\/s.01k8rhncp4jt1\/2025\/11\/talking-bot-125x125.png","url":"https:\/\/portaltela.pt\/s.01k8rhncp4jt1\/2025\/11\/talking-bot-125x125.png","contentUrl":"https:\/\/portaltela.pt\/s.01k8rhncp4jt1\/2025\/11\/talking-bot-125x125.png","caption":"Telinha"},"sameAs":["https:\/\/portaltela.pt\/"],"url":"https:\/\/portaltela.pt\/por\/367410592786\/"}]}},"_links":{"self":[{"href":"https:\/\/portaltela.pt\/api\/wp\/v2\/posts\/463031","targetHints":{"allow":["GET"]}}],"collection":[{"href":"https:\/\/portaltela.pt\/api\/wp\/v2\/posts"}],"about":[{"href":"https:\/\/portaltela.pt\/api\/wp\/v2\/types\/post"}],"author":[{"embeddable":true,"href":"https:\/\/portaltela.pt\/api\/wp\/v2\/users\/2"}],"replies":[{"embeddable":true,"href":"https:\/\/portaltela.pt\/api\/wp\/v2\/comments?post=463031"}],"version-history":[{"count":0,"href":"https:\/\/portaltela.pt\/api\/wp\/v2\/posts\/463031\/revisions"}],"wp:featuredmedia":[{"embeddable":true,"href":"https:\/\/portaltela.pt\/api\/wp\/v2\/media\/463038"}],"wp:attachment":[{"href":"https:\/\/portaltela.pt\/api\/wp\/v2\/media?parent=463031"}],"wp:term":[{"taxonomy":"category","embeddable":true,"href":"https:\/\/portaltela.pt\/api\/wp\/v2\/categories?post=463031"},{"taxonomy":"post_tag","embeddable":true,"href":"https:\/\/portaltela.pt\/api\/wp\/v2\/tags?post=463031"}],"curies":[{"name":"wp","href":"https:\/\/api.w.org\/{rel}","templated":true}]}}