{"id":463015,"date":"2026-04-30T15:48:07","date_gmt":"2026-04-30T18:48:07","guid":{"rendered":"https:\/\/portaltela.pt\/noticias\/2026\/04\/30\/joao-giao-diz-que-leoes-estao-super-motivados-para-o-derbi-em-casa\/"},"modified":"2026-04-30T15:48:07","modified_gmt":"2026-04-30T18:48:07","slug":"joao-giao-diz-que-leoes-estao-super-motivados-para-o-derbi-em-casa","status":"publish","type":"post","link":"https:\/\/portaltela.pt\/desporto\/futebol\/2026\/04\/30\/joao-giao-diz-que-leoes-estao-super-motivados-para-o-derbi-em-casa\/","title":{"rendered":"Jo\u00e3o Gi\u00e3o diz que le\u00f5es est\u00e3o super-motivados para o d\u00e9rbi em casa"},"content":{"rendered":"<p>O d\u00e9rbi entre Sporting B e Benfica B tem lugar nesta sexta-feira, \u00e0s 20h30, na Academia. O encontro \u00e9 a primeira oportunidade desta \u00e9poca para o conjunto de Alvalade atuar em casa com este advers\u00e1rio, num contexto de elevada motiva\u00e7\u00e3o. O foco est\u00e1 na competi\u00e7\u00e3o da Liga 2, com ambi\u00e7\u00e3o de somar pontos.<\/p>\n<p>Jo\u00e3o Gir\u00e3o destacou a import\u00e2ncia do d\u00e9rbi e a evolu\u00e7\u00e3o do grupo, que ganhou o direito de disputar este n\u00edvel de competi\u00e7\u00e3o. O objetivo \u00e9 manter o n\u00edvel de exig\u00eancia e adaptar-se \u00e0s caracter\u00edsticas do advers\u00e1rio sem perder a identidade da equipa.<\/p>\n<p>Apesar de existir um conjunto de condicionantes por les\u00f5es na equipa A, a ideia \u00e9 apresentar uma forma\u00e7\u00e3o competitiva e dignificar o clube. Ahang\u00fcn, competir com rigor e mostrar qualidade dispon\u00edvel para vencer permanece a prioridade.<\/p>\n<h3>Francisco Silva e o derby<\/h3>\n<p>Francisco Silva, guarda-redes da equipa B, v\u00ea o Benfica como uma das equipas com maior qualidade da 2.\u00aa Liga. O jogador real\u00e7a a natureza especial do d\u00e9rbi e sublinha a necessidade de dar tudo em campo, independentemente dos resultados recentes.<\/p>\n<p>A an\u00e1lise aponta para uma prova extremamente competitiva, na qual o Sporting B precisa manter atitude e consist\u00eancia. O guarda-redes refor\u00e7a que o duelo ser\u00e1 decidido pela exibi\u00e7\u00e3o e pela determina\u00e7\u00e3o dos atletas em campo.<\/p>\n","protected":false},"excerpt":{"rendered":"<ul>\n<li>D\u00e9rbi da 2.\u00aa Liga entre Sporting B e Benfica B ocorre nesta sexta-feira, \u00e0s 20h30, na Academia.<\/li>\n<li>Jo\u00e3o Gir\u00e3o aposta na vit\u00f3ria do Sporting B, destacando que \u00e9 um d\u00e9rbi especial e de alta exig\u00eancia para a equipa da casa.<\/li>\n<li>O treinador ressalva que o advers\u00e1rio \u00e9 competente, com muitos jogadores experientes na divis\u00e3o, e que o jogo exige ajustes estrat\u00e9gicos.<\/li>\n<li>Admitidas algumas condicionantes por les\u00f5es na equipa A, mas garante que haver\u00e1 uma equipa competitiva para lutar pela vit\u00f3ria.<\/li>\n<li>Francisco Silva, o guarda-redes do Sporting, reconhece a qualidade do Benfica na 2.\u00aa Liga e diz que o derbi \u00e9 um jogo em que a equipa tem de dar tudo.<\/li>\n<\/ul>\n","protected":false},"author":2,"featured_media":463019,"comment_status":"closed","ping_status":"closed","sticky":false,"template":"","format":"standard","meta":{"footnotes":""},"categories":[21,24],"tags":[8832,8096,1946,32,1652],"class_list":["post-463015","post","type-post","status-publish","format-standard","has-post-thumbnail","hentry","category-desporto","category-futebol","tag-_2-a-liga","tag-_liga","tag-benfica","tag-futebol","tag-sporting"],"yoast_head":"<!-- This site is optimized with the Yoast SEO plugin v27.2 - https:\/\/yoast.com\/product\/yoast-seo-wordpress\/ -->\n<title>Jo\u00e3o Gi\u00e3o diz que le\u00f5es est\u00e3o super-motivados para o d\u00e9rbi em casa - Portal Tela Portugal<\/title>\n<meta name=\"robots\" content=\"index, follow, max-snippet:-1, max-image-preview:large, max-video-preview:-1\" \/>\n<meta property=\"og:locale\" content=\"pt_PT\" \/>\n<meta property=\"og:type\" content=\"article\" \/>\n<meta property=\"og:title\" content=\"Jo\u00e3o Gi\u00e3o diz que le\u00f5es est\u00e3o super-motivados para o d\u00e9rbi em casa - Portal Tela Portugal\" \/>\n<meta property=\"og:description\" content=\"D\u00e9rbi da 2.\u00aa Liga entre Sporting B e Benfica B ocorre nesta sexta-feira, \u00e0s 20h30, na Academia. Jo\u00e3o Gir\u00e3o aposta na vit\u00f3ria do Sporting B, destacando que \u00e9 um d\u00e9rbi especial e de alta exig\u00eancia para a equipa da casa. O treinador ressalva que o advers\u00e1rio \u00e9 competente, com muitos jogadores experientes na divis\u00e3o, e que o jogo exige ajustes estrat\u00e9gicos. Admitidas algumas condicionantes por les\u00f5es na equipa A, mas garante que haver\u00e1 uma equipa competitiva para lutar pela vit\u00f3ria. Francisco Silva, o guarda-redes do Sporting, reconhece a qualidade do Benfica na 2.\u00aa Liga e diz que o derbi \u00e9 um jogo em que a equipa tem de dar tudo.\" \/>\n<meta property=\"og:url\" content=\"https:\/\/portaltela.pt\/noticias\/2026\/04\/30\/joao-giao-diz-que-leoes-estao-super-motivados-para-o-derbi-em-casa\/\" \/>\n<meta property=\"og:site_name\" content=\"Portal Tela Portugal\" \/>\n<meta property=\"article:published_time\" content=\"2026-04-30T18:48:07+00:00\" \/>\n<meta name=\"author\" content=\"Telinha\" \/>\n<meta name=\"twitter:card\" content=\"summary_large_image\" \/>\n<meta name=\"twitter:label1\" content=\"Escrito por\" \/>\n\t<meta name=\"twitter:data1\" content=\"Telinha\" \/>\n\t<meta name=\"twitter:label2\" content=\"Tempo estimado de leitura\" \/>\n\t<meta name=\"twitter:data2\" content=\"1 minuto\" \/>\n<script type=\"application\/ld+json\" class=\"yoast-schema-graph\">{\"@context\":\"https:\/\/schema.org\",\"@graph\":[{\"@type\":\"Article\",\"@id\":\"https:\/\/portaltela.pt\/noticias\/2026\/04\/30\/joao-giao-diz-que-leoes-estao-super-motivados-para-o-derbi-em-casa\/#article\",\"isPartOf\":{\"@id\":\"https:\/\/portaltela.pt\/noticias\/2026\/04\/30\/joao-giao-diz-que-leoes-estao-super-motivados-para-o-derbi-em-casa\/\"},\"author\":{\"name\":\"Telinha\",\"@id\":\"https:\/\/portaltela.pt\/#\/schema\/person\/c4278d4a6028830caff9ee44b42d32ed\"},\"headline\":\"Jo\u00e3o Gi\u00e3o diz que le\u00f5es est\u00e3o super-motivados para o d\u00e9rbi em casa\",\"datePublished\":\"2026-04-30T18:48:07+00:00\",\"mainEntityOfPage\":{\"@id\":\"https:\/\/portaltela.pt\/noticias\/2026\/04\/30\/joao-giao-diz-que-leoes-estao-super-motivados-para-o-derbi-em-casa\/\"},\"wordCount\":250,\"image\":{\"@id\":\"https:\/\/portaltela.pt\/noticias\/2026\/04\/30\/joao-giao-diz-que-leoes-estao-super-motivados-para-o-derbi-em-casa\/#primaryimage\"},\"thumbnailUrl\":\"https:\/\/portaltela.pt\/s.01k8rhncp4jt1\/2026\/04\/img_920x518uu2025-10-31-17-33-59-2399626-im-639097155056169034.jpg\",\"keywords\":[\"_2.\u00aa Liga\",\"_Liga\",\"Benfica\",\"futebol\",\"Sporting\"],\"articleSection\":[\"Desporto\",\"Futebol\"],\"inLanguage\":\"pt-PT\"},{\"@type\":\"WebPage\",\"@id\":\"https:\/\/portaltela.pt\/noticias\/2026\/04\/30\/joao-giao-diz-que-leoes-estao-super-motivados-para-o-derbi-em-casa\/\",\"url\":\"https:\/\/portaltela.pt\/noticias\/2026\/04\/30\/joao-giao-diz-que-leoes-estao-super-motivados-para-o-derbi-em-casa\/\",\"name\":\"Jo\u00e3o Gi\u00e3o diz que le\u00f5es est\u00e3o super-motivados para o d\u00e9rbi em casa - Portal Tela Portugal\",\"isPartOf\":{\"@id\":\"https:\/\/portaltela.pt\/#website\"},\"primaryImageOfPage\":{\"@id\":\"https:\/\/portaltela.pt\/noticias\/2026\/04\/30\/joao-giao-diz-que-leoes-estao-super-motivados-para-o-derbi-em-casa\/#primaryimage\"},\"image\":{\"@id\":\"https:\/\/portaltela.pt\/noticias\/2026\/04\/30\/joao-giao-diz-que-leoes-estao-super-motivados-para-o-derbi-em-casa\/#primaryimage\"},\"thumbnailUrl\":\"https:\/\/portaltela.pt\/s.01k8rhncp4jt1\/2026\/04\/img_920x518uu2025-10-31-17-33-59-2399626-im-639097155056169034.jpg\",\"datePublished\":\"2026-04-30T18:48:07+00:00\",\"author\":{\"@id\":\"https:\/\/portaltela.pt\/#\/schema\/person\/c4278d4a6028830caff9ee44b42d32ed\"},\"breadcrumb\":{\"@id\":\"https:\/\/portaltela.pt\/noticias\/2026\/04\/30\/joao-giao-diz-que-leoes-estao-super-motivados-para-o-derbi-em-casa\/#breadcrumb\"},\"inLanguage\":\"pt-PT\",\"potentialAction\":[{\"@type\":\"ReadAction\",\"target\":[\"https:\/\/portaltela.pt\/noticias\/2026\/04\/30\/joao-giao-diz-que-leoes-estao-super-motivados-para-o-derbi-em-casa\/\"]}]},{\"@type\":\"ImageObject\",\"inLanguage\":\"pt-PT\",\"@id\":\"https:\/\/portaltela.pt\/noticias\/2026\/04\/30\/joao-giao-diz-que-leoes-estao-super-motivados-para-o-derbi-em-casa\/#primaryimage\",\"url\":\"https:\/\/portaltela.pt\/s.01k8rhncp4jt1\/2026\/04\/img_920x518uu2025-10-31-17-33-59-2399626-im-639097155056169034.jpg\",\"contentUrl\":\"https:\/\/portaltela.pt\/s.01k8rhncp4jt1\/2026\/04\/img_920x518uu2025-10-31-17-33-59-2399626-im-639097155056169034.jpg\",\"width\":920,\"height\":518,\"caption\":\"Jo\u00e3o Gi\u00e3o anetcipa duelo do Sporting B com o Benfica B\"},{\"@type\":\"BreadcrumbList\",\"@id\":\"https:\/\/portaltela.pt\/noticias\/2026\/04\/30\/joao-giao-diz-que-leoes-estao-super-motivados-para-o-derbi-em-casa\/#breadcrumb\",\"itemListElement\":[{\"@type\":\"ListItem\",\"position\":1,\"name\":\"In\u00edcio\",\"item\":\"https:\/\/portaltela.pt\/\"},{\"@type\":\"ListItem\",\"position\":2,\"name\":\"Jo\u00e3o Gi\u00e3o diz que le\u00f5es est\u00e3o super-motivados para o d\u00e9rbi em casa\"}]},{\"@type\":\"WebSite\",\"@id\":\"https:\/\/portaltela.pt\/#website\",\"url\":\"https:\/\/portaltela.pt\/\",\"name\":\"Portal Tela Portugal\",\"description\":\"\",\"potentialAction\":[{\"@type\":\"SearchAction\",\"target\":{\"@type\":\"EntryPoint\",\"urlTemplate\":\"https:\/\/portaltela.pt\/?s={search_term_string}\"},\"query-input\":{\"@type\":\"PropertyValueSpecification\",\"valueRequired\":true,\"valueName\":\"search_term_string\"}}],\"inLanguage\":\"pt-PT\"},{\"@type\":\"Person\",\"@id\":\"https:\/\/portaltela.pt\/#\/schema\/person\/c4278d4a6028830caff9ee44b42d32ed\",\"name\":\"Telinha\",\"image\":{\"@type\":\"ImageObject\",\"inLanguage\":\"pt-PT\",\"@id\":\"https:\/\/portaltela.pt\/s.01k8rhncp4jt1\/2025\/11\/talking-bot-125x125.png\",\"url\":\"https:\/\/portaltela.pt\/s.01k8rhncp4jt1\/2025\/11\/talking-bot-125x125.png\",\"contentUrl\":\"https:\/\/portaltela.pt\/s.01k8rhncp4jt1\/2025\/11\/talking-bot-125x125.png\",\"caption\":\"Telinha\"},\"sameAs\":[\"https:\/\/portaltela.pt\/\"],\"url\":\"https:\/\/portaltela.pt\/por\/367410592786\/\"}]}<\/script>\n<!-- \/ Yoast SEO plugin. -->","yoast_head_json":{"title":"Jo\u00e3o Gi\u00e3o diz que le\u00f5es est\u00e3o super-motivados para o d\u00e9rbi em casa - Portal Tela Portugal","robots":{"index":"index","follow":"follow","max-snippet":"max-snippet:-1","max-image-preview":"max-image-preview:large","max-video-preview":"max-video-preview:-1"},"og_locale":"pt_PT","og_type":"article","og_title":"Jo\u00e3o Gi\u00e3o diz que le\u00f5es est\u00e3o super-motivados para o d\u00e9rbi em casa - Portal Tela Portugal","og_description":"D\u00e9rbi da 2.\u00aa Liga entre Sporting B e Benfica B ocorre nesta sexta-feira, \u00e0s 20h30, na Academia. Jo\u00e3o Gir\u00e3o aposta na vit\u00f3ria do Sporting B, destacando que \u00e9 um d\u00e9rbi especial e de alta exig\u00eancia para a equipa da casa. O treinador ressalva que o advers\u00e1rio \u00e9 competente, com muitos jogadores experientes na divis\u00e3o, e que o jogo exige ajustes estrat\u00e9gicos. Admitidas algumas condicionantes por les\u00f5es na equipa A, mas garante que haver\u00e1 uma equipa competitiva para lutar pela vit\u00f3ria. Francisco Silva, o guarda-redes do Sporting, reconhece a qualidade do Benfica na 2.\u00aa Liga e diz que o derbi \u00e9 um jogo em que a equipa tem de dar tudo.","og_url":"https:\/\/portaltela.pt\/noticias\/2026\/04\/30\/joao-giao-diz-que-leoes-estao-super-motivados-para-o-derbi-em-casa\/","og_site_name":"Portal Tela Portugal","article_published_time":"2026-04-30T18:48:07+00:00","author":"Telinha","twitter_card":"summary_large_image","twitter_misc":{"Escrito por":"Telinha","Tempo estimado de leitura":"1 minuto"},"schema":{"@context":"https:\/\/schema.org","@graph":[{"@type":"Article","@id":"https:\/\/portaltela.pt\/noticias\/2026\/04\/30\/joao-giao-diz-que-leoes-estao-super-motivados-para-o-derbi-em-casa\/#article","isPartOf":{"@id":"https:\/\/portaltela.pt\/noticias\/2026\/04\/30\/joao-giao-diz-que-leoes-estao-super-motivados-para-o-derbi-em-casa\/"},"author":{"name":"Telinha","@id":"https:\/\/portaltela.pt\/#\/schema\/person\/c4278d4a6028830caff9ee44b42d32ed"},"headline":"Jo\u00e3o Gi\u00e3o diz que le\u00f5es est\u00e3o super-motivados para o d\u00e9rbi em casa","datePublished":"2026-04-30T18:48:07+00:00","mainEntityOfPage":{"@id":"https:\/\/portaltela.pt\/noticias\/2026\/04\/30\/joao-giao-diz-que-leoes-estao-super-motivados-para-o-derbi-em-casa\/"},"wordCount":250,"image":{"@id":"https:\/\/portaltela.pt\/noticias\/2026\/04\/30\/joao-giao-diz-que-leoes-estao-super-motivados-para-o-derbi-em-casa\/#primaryimage"},"thumbnailUrl":"https:\/\/portaltela.pt\/s.01k8rhncp4jt1\/2026\/04\/img_920x518uu2025-10-31-17-33-59-2399626-im-639097155056169034.jpg","keywords":["_2.\u00aa Liga","_Liga","Benfica","futebol","Sporting"],"articleSection":["Desporto","Futebol"],"inLanguage":"pt-PT"},{"@type":"WebPage","@id":"https:\/\/portaltela.pt\/noticias\/2026\/04\/30\/joao-giao-diz-que-leoes-estao-super-motivados-para-o-derbi-em-casa\/","url":"https:\/\/portaltela.pt\/noticias\/2026\/04\/30\/joao-giao-diz-que-leoes-estao-super-motivados-para-o-derbi-em-casa\/","name":"Jo\u00e3o Gi\u00e3o diz que le\u00f5es est\u00e3o super-motivados para o d\u00e9rbi em casa - Portal Tela Portugal","isPartOf":{"@id":"https:\/\/portaltela.pt\/#website"},"primaryImageOfPage":{"@id":"https:\/\/portaltela.pt\/noticias\/2026\/04\/30\/joao-giao-diz-que-leoes-estao-super-motivados-para-o-derbi-em-casa\/#primaryimage"},"image":{"@id":"https:\/\/portaltela.pt\/noticias\/2026\/04\/30\/joao-giao-diz-que-leoes-estao-super-motivados-para-o-derbi-em-casa\/#primaryimage"},"thumbnailUrl":"https:\/\/portaltela.pt\/s.01k8rhncp4jt1\/2026\/04\/img_920x518uu2025-10-31-17-33-59-2399626-im-639097155056169034.jpg","datePublished":"2026-04-30T18:48:07+00:00","author":{"@id":"https:\/\/portaltela.pt\/#\/schema\/person\/c4278d4a6028830caff9ee44b42d32ed"},"breadcrumb":{"@id":"https:\/\/portaltela.pt\/noticias\/2026\/04\/30\/joao-giao-diz-que-leoes-estao-super-motivados-para-o-derbi-em-casa\/#breadcrumb"},"inLanguage":"pt-PT","potentialAction":[{"@type":"ReadAction","target":["https:\/\/portaltela.pt\/noticias\/2026\/04\/30\/joao-giao-diz-que-leoes-estao-super-motivados-para-o-derbi-em-casa\/"]}]},{"@type":"ImageObject","inLanguage":"pt-PT","@id":"https:\/\/portaltela.pt\/noticias\/2026\/04\/30\/joao-giao-diz-que-leoes-estao-super-motivados-para-o-derbi-em-casa\/#primaryimage","url":"https:\/\/portaltela.pt\/s.01k8rhncp4jt1\/2026\/04\/img_920x518uu2025-10-31-17-33-59-2399626-im-639097155056169034.jpg","contentUrl":"https:\/\/portaltela.pt\/s.01k8rhncp4jt1\/2026\/04\/img_920x518uu2025-10-31-17-33-59-2399626-im-639097155056169034.jpg","width":920,"height":518,"caption":"Jo\u00e3o Gi\u00e3o anetcipa duelo do Sporting B com o Benfica B"},{"@type":"BreadcrumbList","@id":"https:\/\/portaltela.pt\/noticias\/2026\/04\/30\/joao-giao-diz-que-leoes-estao-super-motivados-para-o-derbi-em-casa\/#breadcrumb","itemListElement":[{"@type":"ListItem","position":1,"name":"In\u00edcio","item":"https:\/\/portaltela.pt\/"},{"@type":"ListItem","position":2,"name":"Jo\u00e3o Gi\u00e3o diz que le\u00f5es est\u00e3o super-motivados para o d\u00e9rbi em casa"}]},{"@type":"WebSite","@id":"https:\/\/portaltela.pt\/#website","url":"https:\/\/portaltela.pt\/","name":"Portal Tela Portugal","description":"","potentialAction":[{"@type":"SearchAction","target":{"@type":"EntryPoint","urlTemplate":"https:\/\/portaltela.pt\/?s={search_term_string}"},"query-input":{"@type":"PropertyValueSpecification","valueRequired":true,"valueName":"search_term_string"}}],"inLanguage":"pt-PT"},{"@type":"Person","@id":"https:\/\/portaltela.pt\/#\/schema\/person\/c4278d4a6028830caff9ee44b42d32ed","name":"Telinha","image":{"@type":"ImageObject","inLanguage":"pt-PT","@id":"https:\/\/portaltela.pt\/s.01k8rhncp4jt1\/2025\/11\/talking-bot-125x125.png","url":"https:\/\/portaltela.pt\/s.01k8rhncp4jt1\/2025\/11\/talking-bot-125x125.png","contentUrl":"https:\/\/portaltela.pt\/s.01k8rhncp4jt1\/2025\/11\/talking-bot-125x125.png","caption":"Telinha"},"sameAs":["https:\/\/portaltela.pt\/"],"url":"https:\/\/portaltela.pt\/por\/367410592786\/"}]}},"_links":{"self":[{"href":"https:\/\/portaltela.pt\/api\/wp\/v2\/posts\/463015","targetHints":{"allow":["GET"]}}],"collection":[{"href":"https:\/\/portaltela.pt\/api\/wp\/v2\/posts"}],"about":[{"href":"https:\/\/portaltela.pt\/api\/wp\/v2\/types\/post"}],"author":[{"embeddable":true,"href":"https:\/\/portaltela.pt\/api\/wp\/v2\/users\/2"}],"replies":[{"embeddable":true,"href":"https:\/\/portaltela.pt\/api\/wp\/v2\/comments?post=463015"}],"version-history":[{"count":0,"href":"https:\/\/portaltela.pt\/api\/wp\/v2\/posts\/463015\/revisions"}],"wp:featuredmedia":[{"embeddable":true,"href":"https:\/\/portaltela.pt\/api\/wp\/v2\/media\/463019"}],"wp:attachment":[{"href":"https:\/\/portaltela.pt\/api\/wp\/v2\/media?parent=463015"}],"wp:term":[{"taxonomy":"category","embeddable":true,"href":"https:\/\/portaltela.pt\/api\/wp\/v2\/categories?post=463015"},{"taxonomy":"post_tag","embeddable":true,"href":"https:\/\/portaltela.pt\/api\/wp\/v2\/tags?post=463015"}],"curies":[{"name":"wp","href":"https:\/\/api.w.org\/{rel}","templated":true}]}}