{"id":463014,"date":"2026-04-30T15:48:07","date_gmt":"2026-04-30T18:48:07","guid":{"rendered":"https:\/\/portaltela.pt\/noticias\/2026\/04\/30\/marina-mota-revela-o-que-viu-na-relacao-entre-antonio-cerdeira-e-susana-da-silva\/"},"modified":"2026-04-30T15:48:07","modified_gmt":"2026-04-30T18:48:07","slug":"marina-mota-revela-o-que-viu-na-relacao-entre-antonio-cerdeira-e-susana-da-silva","status":"publish","type":"post","link":"https:\/\/portaltela.pt\/noticias\/2026\/04\/30\/marina-mota-revela-o-que-viu-na-relacao-entre-antonio-cerdeira-e-susana-da-silva\/","title":{"rendered":"Marina Mota revela o que viu na rela\u00e7\u00e3o entre Ant\u00f3nio Cerdeira e Susana da Silva"},"content":{"rendered":"<p>Marina Mota testemunhou nesta quinta-feira, 30, no Tribunal de Sintra no julgamento de Ant\u00f3nio Pedro Cerdeira, acusado de viol\u00eancia dom\u00e9stica pela ex-namorada Susana da Silva. A atriz, de 63 anos, \u00e9 amiga do arguido e foi chamada pelo Minist\u00e9rio P\u00fablico, come\u00e7ando por explicar que n\u00e3o sabia a raz\u00e3o do convite.<\/p>\n<p>A artista revelou que s\u00f3 participou em jantares de grupo com o casal e que, na sua mem\u00f3ria, a rela\u00e7\u00e3o parecia normal. Relatou ainda uma discuss\u00e3o no regresso de um passeio de carro, em que Ant\u00f3nio lhe disse que Susana estava b\u00eabada. N\u00e3o recorda detalhes adicionais, apenas que a troca de palavras ocorreu entre as duas pessoas.<\/p>\n<h3>Depoimentos de outras testemunhas<\/h3>\n<p>Outras testemunhas do MP confirmaram discuss\u00f5es verbais entre o casal em diferentes ocasi\u00f5es. Duas pessoas presentes num jantar em setembro de 2021 disseram ter visto tens\u00f5es, sem confirma\u00e7\u00e3o de agress\u00f5es f\u00edsicas. Uma amiga de Susana afirmou que Susana lhe contou ter sido agredida pelo namorado e mencionou agress\u00f5es ao longo de v\u00e1rios anos.<\/p>\n<p>Outra testemunha descreveu um momento em que Susana se queixou de agress\u00f5es durante um almo\u00e7o, j\u00e1 com relatos de uma perna roxa. O depoimento de um amigo pr\u00f3ximo citou situa\u00e7\u00f5es de alta tens\u00e3o no jantar, com Susana a chorar no final. Em todos os relatos, \u00e9 descrita tens\u00e3o entre o casal, sem provas diretas de agress\u00f5es f\u00edsicas no momento.<\/p>\n","protected":false},"excerpt":{"rendered":"<ul>\n<li>Marina Mota testemunhou quinta-feira, 30, no julgamento de Ant\u00f3nio Pedro Cerdeira, no Tribunal de Sintra, acusado de viol\u00eancia dom\u00e9stica pela ex-namorada Susana da Silva; declarou ter visto apenas uma discuss\u00e3o no carro e que a rela\u00e7\u00e3o lhe parecia normal.<\/li>\n<li>A atriz afirmou ter participado apenas em jantares de grupo com o casal e n\u00e3o conhecer Susana o suficiente para saber se bebia com frequ\u00eancia.<\/li>\n<li>Outras testemunhas do Minist\u00e9rio P\u00fablico descreveram discuss\u00f5es verbais durante encontros; Ana Cristina Barros disse que o relacionamento n\u00e3o era fant\u00e1stico, mas n\u00e3o viu algo relevante.<\/li>\n<li>A agente imobili\u00e1ria que esteve no jantar disse ter recebido mensagem de Susana alegando que tinham discutido e que havia agress\u00f5es ao longo de v\u00e1rios anos.<\/li>\n<li>Um amigo de Susana contou ter visto Ant\u00f3nio Pedro segurar a cara da namorada num jantar, o que provocou tens\u00e3o e choro; Susana afirmou que era agredida e viu uma perna roxa noutra ocasi\u00e3o.<\/li>\n<\/ul>\n","protected":false},"author":2,"featured_media":463027,"comment_status":"closed","ping_status":"closed","sticky":false,"template":"","format":"standard","meta":{"footnotes":""},"categories":[6815,1],"tags":[7921,8023,9463,8080,7964],"class_list":["post-463014","post","type-post","status-publish","format-standard","has-post-thumbnail","hentry","category-justica","category-noticias","tag-_crime","tag-_sintra","tag-_testemunhos","tag-_tribunais","tag-_violencia-domestica"],"yoast_head":"<!-- This site is optimized with the Yoast SEO plugin v27.2 - https:\/\/yoast.com\/product\/yoast-seo-wordpress\/ -->\n<title>Marina Mota revela o que viu na rela\u00e7\u00e3o entre Ant\u00f3nio Cerdeira e Susana da Silva - Portal Tela Portugal<\/title>\n<meta name=\"robots\" content=\"index, follow, max-snippet:-1, max-image-preview:large, max-video-preview:-1\" \/>\n<meta property=\"og:locale\" content=\"pt_PT\" \/>\n<meta property=\"og:type\" content=\"article\" \/>\n<meta property=\"og:title\" content=\"Marina Mota revela o que viu na rela\u00e7\u00e3o entre Ant\u00f3nio Cerdeira e Susana da Silva - Portal Tela Portugal\" \/>\n<meta property=\"og:description\" content=\"Marina Mota testemunhou quinta-feira, 30, no julgamento de Ant\u00f3nio Pedro Cerdeira, no Tribunal de Sintra, acusado de viol\u00eancia dom\u00e9stica pela ex-namorada Susana da Silva; declarou ter visto apenas uma discuss\u00e3o no carro e que a rela\u00e7\u00e3o lhe parecia normal. A atriz afirmou ter participado apenas em jantares de grupo com o casal e n\u00e3o conhecer Susana o suficiente para saber se bebia com frequ\u00eancia. Outras testemunhas do Minist\u00e9rio P\u00fablico descreveram discuss\u00f5es verbais durante encontros; Ana Cristina Barros disse que o relacionamento n\u00e3o era fant\u00e1stico, mas n\u00e3o viu algo relevante. A agente imobili\u00e1ria que esteve no jantar disse ter recebido mensagem de Susana alegando que tinham discutido e que havia agress\u00f5es ao longo de v\u00e1rios anos. Um amigo de Susana contou ter visto Ant\u00f3nio Pedro segurar a cara da namorada num jantar, o que provocou tens\u00e3o e choro; Susana afirmou que era agredida e viu uma perna roxa noutra ocasi\u00e3o.\" \/>\n<meta property=\"og:url\" content=\"https:\/\/portaltela.pt\/noticias\/2026\/04\/30\/marina-mota-revela-o-que-viu-na-relacao-entre-antonio-cerdeira-e-susana-da-silva\/\" \/>\n<meta property=\"og:site_name\" content=\"Portal Tela Portugal\" \/>\n<meta property=\"article:published_time\" content=\"2026-04-30T18:48:07+00:00\" \/>\n<meta name=\"author\" content=\"Telinha\" \/>\n<meta name=\"twitter:card\" content=\"summary_large_image\" \/>\n<meta name=\"twitter:label1\" content=\"Escrito por\" \/>\n\t<meta name=\"twitter:data1\" content=\"Telinha\" \/>\n\t<meta name=\"twitter:label2\" content=\"Tempo estimado de leitura\" \/>\n\t<meta name=\"twitter:data2\" content=\"1 minuto\" \/>\n<script type=\"application\/ld+json\" class=\"yoast-schema-graph\">{\"@context\":\"https:\/\/schema.org\",\"@graph\":[{\"@type\":\"Article\",\"@id\":\"https:\/\/portaltela.pt\/noticias\/2026\/04\/30\/marina-mota-revela-o-que-viu-na-relacao-entre-antonio-cerdeira-e-susana-da-silva\/#article\",\"isPartOf\":{\"@id\":\"https:\/\/portaltela.pt\/noticias\/2026\/04\/30\/marina-mota-revela-o-que-viu-na-relacao-entre-antonio-cerdeira-e-susana-da-silva\/\"},\"author\":{\"name\":\"Telinha\",\"@id\":\"https:\/\/portaltela.pt\/#\/schema\/person\/c4278d4a6028830caff9ee44b42d32ed\"},\"headline\":\"Marina Mota revela o que viu na rela\u00e7\u00e3o entre Ant\u00f3nio Cerdeira e Susana da Silva\",\"datePublished\":\"2026-04-30T18:48:07+00:00\",\"mainEntityOfPage\":{\"@id\":\"https:\/\/portaltela.pt\/noticias\/2026\/04\/30\/marina-mota-revela-o-que-viu-na-relacao-entre-antonio-cerdeira-e-susana-da-silva\/\"},\"wordCount\":265,\"image\":{\"@id\":\"https:\/\/portaltela.pt\/noticias\/2026\/04\/30\/marina-mota-revela-o-que-viu-na-relacao-entre-antonio-cerdeira-e-susana-da-silva\/#primaryimage\"},\"thumbnailUrl\":\"https:\/\/portaltela.pt\/s.01k8rhncp4jt1\/2026\/04\/img_1280x718uu2020-12-17-17-44-15-998854-im-639131585276404545.jpg\",\"keywords\":[\"_crime\",\"_Sintra\",\"_testemunhos\",\"_Tribunais\",\"_viol\u00eancia dom\u00e9stica\"],\"articleSection\":[\"Justi\u00e7a\",\"Not\u00edcias\"],\"inLanguage\":\"pt-PT\"},{\"@type\":\"WebPage\",\"@id\":\"https:\/\/portaltela.pt\/noticias\/2026\/04\/30\/marina-mota-revela-o-que-viu-na-relacao-entre-antonio-cerdeira-e-susana-da-silva\/\",\"url\":\"https:\/\/portaltela.pt\/noticias\/2026\/04\/30\/marina-mota-revela-o-que-viu-na-relacao-entre-antonio-cerdeira-e-susana-da-silva\/\",\"name\":\"Marina Mota revela o que viu na rela\u00e7\u00e3o entre Ant\u00f3nio Cerdeira e Susana da Silva - Portal Tela Portugal\",\"isPartOf\":{\"@id\":\"https:\/\/portaltela.pt\/#website\"},\"primaryImageOfPage\":{\"@id\":\"https:\/\/portaltela.pt\/noticias\/2026\/04\/30\/marina-mota-revela-o-que-viu-na-relacao-entre-antonio-cerdeira-e-susana-da-silva\/#primaryimage\"},\"image\":{\"@id\":\"https:\/\/portaltela.pt\/noticias\/2026\/04\/30\/marina-mota-revela-o-que-viu-na-relacao-entre-antonio-cerdeira-e-susana-da-silva\/#primaryimage\"},\"thumbnailUrl\":\"https:\/\/portaltela.pt\/s.01k8rhncp4jt1\/2026\/04\/img_1280x718uu2020-12-17-17-44-15-998854-im-639131585276404545.jpg\",\"datePublished\":\"2026-04-30T18:48:07+00:00\",\"author\":{\"@id\":\"https:\/\/portaltela.pt\/#\/schema\/person\/c4278d4a6028830caff9ee44b42d32ed\"},\"breadcrumb\":{\"@id\":\"https:\/\/portaltela.pt\/noticias\/2026\/04\/30\/marina-mota-revela-o-que-viu-na-relacao-entre-antonio-cerdeira-e-susana-da-silva\/#breadcrumb\"},\"inLanguage\":\"pt-PT\",\"potentialAction\":[{\"@type\":\"ReadAction\",\"target\":[\"https:\/\/portaltela.pt\/noticias\/2026\/04\/30\/marina-mota-revela-o-que-viu-na-relacao-entre-antonio-cerdeira-e-susana-da-silva\/\"]}]},{\"@type\":\"ImageObject\",\"inLanguage\":\"pt-PT\",\"@id\":\"https:\/\/portaltela.pt\/noticias\/2026\/04\/30\/marina-mota-revela-o-que-viu-na-relacao-entre-antonio-cerdeira-e-susana-da-silva\/#primaryimage\",\"url\":\"https:\/\/portaltela.pt\/s.01k8rhncp4jt1\/2026\/04\/img_1280x718uu2020-12-17-17-44-15-998854-im-639131585276404545.jpg\",\"contentUrl\":\"https:\/\/portaltela.pt\/s.01k8rhncp4jt1\/2026\/04\/img_1280x718uu2020-12-17-17-44-15-998854-im-639131585276404545.jpg\",\"width\":796,\"height\":448,\"caption\":\"Marina Mota\"},{\"@type\":\"BreadcrumbList\",\"@id\":\"https:\/\/portaltela.pt\/noticias\/2026\/04\/30\/marina-mota-revela-o-que-viu-na-relacao-entre-antonio-cerdeira-e-susana-da-silva\/#breadcrumb\",\"itemListElement\":[{\"@type\":\"ListItem\",\"position\":1,\"name\":\"In\u00edcio\",\"item\":\"https:\/\/portaltela.pt\/\"},{\"@type\":\"ListItem\",\"position\":2,\"name\":\"Marina Mota revela o que viu na rela\u00e7\u00e3o entre Ant\u00f3nio Cerdeira e Susana da Silva\"}]},{\"@type\":\"WebSite\",\"@id\":\"https:\/\/portaltela.pt\/#website\",\"url\":\"https:\/\/portaltela.pt\/\",\"name\":\"Portal Tela Portugal\",\"description\":\"\",\"potentialAction\":[{\"@type\":\"SearchAction\",\"target\":{\"@type\":\"EntryPoint\",\"urlTemplate\":\"https:\/\/portaltela.pt\/?s={search_term_string}\"},\"query-input\":{\"@type\":\"PropertyValueSpecification\",\"valueRequired\":true,\"valueName\":\"search_term_string\"}}],\"inLanguage\":\"pt-PT\"},{\"@type\":\"Person\",\"@id\":\"https:\/\/portaltela.pt\/#\/schema\/person\/c4278d4a6028830caff9ee44b42d32ed\",\"name\":\"Telinha\",\"image\":{\"@type\":\"ImageObject\",\"inLanguage\":\"pt-PT\",\"@id\":\"https:\/\/portaltela.pt\/s.01k8rhncp4jt1\/2025\/11\/talking-bot-125x125.png\",\"url\":\"https:\/\/portaltela.pt\/s.01k8rhncp4jt1\/2025\/11\/talking-bot-125x125.png\",\"contentUrl\":\"https:\/\/portaltela.pt\/s.01k8rhncp4jt1\/2025\/11\/talking-bot-125x125.png\",\"caption\":\"Telinha\"},\"sameAs\":[\"https:\/\/portaltela.pt\/\"],\"url\":\"https:\/\/portaltela.pt\/por\/367410592786\/\"}]}<\/script>\n<!-- \/ Yoast SEO plugin. -->","yoast_head_json":{"title":"Marina Mota revela o que viu na rela\u00e7\u00e3o entre Ant\u00f3nio Cerdeira e Susana da Silva - Portal Tela Portugal","robots":{"index":"index","follow":"follow","max-snippet":"max-snippet:-1","max-image-preview":"max-image-preview:large","max-video-preview":"max-video-preview:-1"},"og_locale":"pt_PT","og_type":"article","og_title":"Marina Mota revela o que viu na rela\u00e7\u00e3o entre Ant\u00f3nio Cerdeira e Susana da Silva - Portal Tela Portugal","og_description":"Marina Mota testemunhou quinta-feira, 30, no julgamento de Ant\u00f3nio Pedro Cerdeira, no Tribunal de Sintra, acusado de viol\u00eancia dom\u00e9stica pela ex-namorada Susana da Silva; declarou ter visto apenas uma discuss\u00e3o no carro e que a rela\u00e7\u00e3o lhe parecia normal. A atriz afirmou ter participado apenas em jantares de grupo com o casal e n\u00e3o conhecer Susana o suficiente para saber se bebia com frequ\u00eancia. Outras testemunhas do Minist\u00e9rio P\u00fablico descreveram discuss\u00f5es verbais durante encontros; Ana Cristina Barros disse que o relacionamento n\u00e3o era fant\u00e1stico, mas n\u00e3o viu algo relevante. A agente imobili\u00e1ria que esteve no jantar disse ter recebido mensagem de Susana alegando que tinham discutido e que havia agress\u00f5es ao longo de v\u00e1rios anos. Um amigo de Susana contou ter visto Ant\u00f3nio Pedro segurar a cara da namorada num jantar, o que provocou tens\u00e3o e choro; Susana afirmou que era agredida e viu uma perna roxa noutra ocasi\u00e3o.","og_url":"https:\/\/portaltela.pt\/noticias\/2026\/04\/30\/marina-mota-revela-o-que-viu-na-relacao-entre-antonio-cerdeira-e-susana-da-silva\/","og_site_name":"Portal Tela Portugal","article_published_time":"2026-04-30T18:48:07+00:00","author":"Telinha","twitter_card":"summary_large_image","twitter_misc":{"Escrito por":"Telinha","Tempo estimado de leitura":"1 minuto"},"schema":{"@context":"https:\/\/schema.org","@graph":[{"@type":"Article","@id":"https:\/\/portaltela.pt\/noticias\/2026\/04\/30\/marina-mota-revela-o-que-viu-na-relacao-entre-antonio-cerdeira-e-susana-da-silva\/#article","isPartOf":{"@id":"https:\/\/portaltela.pt\/noticias\/2026\/04\/30\/marina-mota-revela-o-que-viu-na-relacao-entre-antonio-cerdeira-e-susana-da-silva\/"},"author":{"name":"Telinha","@id":"https:\/\/portaltela.pt\/#\/schema\/person\/c4278d4a6028830caff9ee44b42d32ed"},"headline":"Marina Mota revela o que viu na rela\u00e7\u00e3o entre Ant\u00f3nio Cerdeira e Susana da Silva","datePublished":"2026-04-30T18:48:07+00:00","mainEntityOfPage":{"@id":"https:\/\/portaltela.pt\/noticias\/2026\/04\/30\/marina-mota-revela-o-que-viu-na-relacao-entre-antonio-cerdeira-e-susana-da-silva\/"},"wordCount":265,"image":{"@id":"https:\/\/portaltela.pt\/noticias\/2026\/04\/30\/marina-mota-revela-o-que-viu-na-relacao-entre-antonio-cerdeira-e-susana-da-silva\/#primaryimage"},"thumbnailUrl":"https:\/\/portaltela.pt\/s.01k8rhncp4jt1\/2026\/04\/img_1280x718uu2020-12-17-17-44-15-998854-im-639131585276404545.jpg","keywords":["_crime","_Sintra","_testemunhos","_Tribunais","_viol\u00eancia dom\u00e9stica"],"articleSection":["Justi\u00e7a","Not\u00edcias"],"inLanguage":"pt-PT"},{"@type":"WebPage","@id":"https:\/\/portaltela.pt\/noticias\/2026\/04\/30\/marina-mota-revela-o-que-viu-na-relacao-entre-antonio-cerdeira-e-susana-da-silva\/","url":"https:\/\/portaltela.pt\/noticias\/2026\/04\/30\/marina-mota-revela-o-que-viu-na-relacao-entre-antonio-cerdeira-e-susana-da-silva\/","name":"Marina Mota revela o que viu na rela\u00e7\u00e3o entre Ant\u00f3nio Cerdeira e Susana da Silva - Portal Tela Portugal","isPartOf":{"@id":"https:\/\/portaltela.pt\/#website"},"primaryImageOfPage":{"@id":"https:\/\/portaltela.pt\/noticias\/2026\/04\/30\/marina-mota-revela-o-que-viu-na-relacao-entre-antonio-cerdeira-e-susana-da-silva\/#primaryimage"},"image":{"@id":"https:\/\/portaltela.pt\/noticias\/2026\/04\/30\/marina-mota-revela-o-que-viu-na-relacao-entre-antonio-cerdeira-e-susana-da-silva\/#primaryimage"},"thumbnailUrl":"https:\/\/portaltela.pt\/s.01k8rhncp4jt1\/2026\/04\/img_1280x718uu2020-12-17-17-44-15-998854-im-639131585276404545.jpg","datePublished":"2026-04-30T18:48:07+00:00","author":{"@id":"https:\/\/portaltela.pt\/#\/schema\/person\/c4278d4a6028830caff9ee44b42d32ed"},"breadcrumb":{"@id":"https:\/\/portaltela.pt\/noticias\/2026\/04\/30\/marina-mota-revela-o-que-viu-na-relacao-entre-antonio-cerdeira-e-susana-da-silva\/#breadcrumb"},"inLanguage":"pt-PT","potentialAction":[{"@type":"ReadAction","target":["https:\/\/portaltela.pt\/noticias\/2026\/04\/30\/marina-mota-revela-o-que-viu-na-relacao-entre-antonio-cerdeira-e-susana-da-silva\/"]}]},{"@type":"ImageObject","inLanguage":"pt-PT","@id":"https:\/\/portaltela.pt\/noticias\/2026\/04\/30\/marina-mota-revela-o-que-viu-na-relacao-entre-antonio-cerdeira-e-susana-da-silva\/#primaryimage","url":"https:\/\/portaltela.pt\/s.01k8rhncp4jt1\/2026\/04\/img_1280x718uu2020-12-17-17-44-15-998854-im-639131585276404545.jpg","contentUrl":"https:\/\/portaltela.pt\/s.01k8rhncp4jt1\/2026\/04\/img_1280x718uu2020-12-17-17-44-15-998854-im-639131585276404545.jpg","width":796,"height":448,"caption":"Marina Mota"},{"@type":"BreadcrumbList","@id":"https:\/\/portaltela.pt\/noticias\/2026\/04\/30\/marina-mota-revela-o-que-viu-na-relacao-entre-antonio-cerdeira-e-susana-da-silva\/#breadcrumb","itemListElement":[{"@type":"ListItem","position":1,"name":"In\u00edcio","item":"https:\/\/portaltela.pt\/"},{"@type":"ListItem","position":2,"name":"Marina Mota revela o que viu na rela\u00e7\u00e3o entre Ant\u00f3nio Cerdeira e Susana da Silva"}]},{"@type":"WebSite","@id":"https:\/\/portaltela.pt\/#website","url":"https:\/\/portaltela.pt\/","name":"Portal Tela Portugal","description":"","potentialAction":[{"@type":"SearchAction","target":{"@type":"EntryPoint","urlTemplate":"https:\/\/portaltela.pt\/?s={search_term_string}"},"query-input":{"@type":"PropertyValueSpecification","valueRequired":true,"valueName":"search_term_string"}}],"inLanguage":"pt-PT"},{"@type":"Person","@id":"https:\/\/portaltela.pt\/#\/schema\/person\/c4278d4a6028830caff9ee44b42d32ed","name":"Telinha","image":{"@type":"ImageObject","inLanguage":"pt-PT","@id":"https:\/\/portaltela.pt\/s.01k8rhncp4jt1\/2025\/11\/talking-bot-125x125.png","url":"https:\/\/portaltela.pt\/s.01k8rhncp4jt1\/2025\/11\/talking-bot-125x125.png","contentUrl":"https:\/\/portaltela.pt\/s.01k8rhncp4jt1\/2025\/11\/talking-bot-125x125.png","caption":"Telinha"},"sameAs":["https:\/\/portaltela.pt\/"],"url":"https:\/\/portaltela.pt\/por\/367410592786\/"}]}},"_links":{"self":[{"href":"https:\/\/portaltela.pt\/api\/wp\/v2\/posts\/463014","targetHints":{"allow":["GET"]}}],"collection":[{"href":"https:\/\/portaltela.pt\/api\/wp\/v2\/posts"}],"about":[{"href":"https:\/\/portaltela.pt\/api\/wp\/v2\/types\/post"}],"author":[{"embeddable":true,"href":"https:\/\/portaltela.pt\/api\/wp\/v2\/users\/2"}],"replies":[{"embeddable":true,"href":"https:\/\/portaltela.pt\/api\/wp\/v2\/comments?post=463014"}],"version-history":[{"count":0,"href":"https:\/\/portaltela.pt\/api\/wp\/v2\/posts\/463014\/revisions"}],"wp:featuredmedia":[{"embeddable":true,"href":"https:\/\/portaltela.pt\/api\/wp\/v2\/media\/463027"}],"wp:attachment":[{"href":"https:\/\/portaltela.pt\/api\/wp\/v2\/media?parent=463014"}],"wp:term":[{"taxonomy":"category","embeddable":true,"href":"https:\/\/portaltela.pt\/api\/wp\/v2\/categories?post=463014"},{"taxonomy":"post_tag","embeddable":true,"href":"https:\/\/portaltela.pt\/api\/wp\/v2\/tags?post=463014"}],"curies":[{"name":"wp","href":"https:\/\/api.w.org\/{rel}","templated":true}]}}