{"id":463013,"date":"2026-04-30T15:48:06","date_gmt":"2026-04-30T18:48:06","guid":{"rendered":"https:\/\/portaltela.pt\/noticias\/2026\/04\/30\/lipor-desconhecia-deposicao-ilegal-de-lixo-em-laundos\/"},"modified":"2026-04-30T15:48:06","modified_gmt":"2026-04-30T18:48:06","slug":"lipor-desconhecia-deposicao-ilegal-de-lixo-em-laundos","status":"publish","type":"post","link":"https:\/\/portaltela.pt\/noticias\/2026\/04\/30\/lipor-desconhecia-deposicao-ilegal-de-lixo-em-laundos\/","title":{"rendered":"Lipor desconhecia deposi\u00e7\u00e3o ilegal de lixo em Laundos"},"content":{"rendered":"<p>A Lipor afirmou que desconhecia a dimens\u00e3o do dep\u00f3sito ilegal de lixo junto \u00e0 antiga lixeira de Laundos, na P\u00f3voa de Varzim. A den\u00fancia foi feita pelo Bloco de Esquerda (BE) e gerou rea\u00e7\u00e3o de v\u00e1rias entidades locais.<\/p>\n<p>A C\u00e2mara da P\u00f3voa confirmou ter sido informada pelo JN sobre a ocorr\u00eancia e contactou a Junta de Freguesia de Laundos e a GNR, ambas a dizerem n\u00e3o ter conhecimento adequado do caso ou de queixas recebidas.<\/p>\n<p>A Lipor, respons\u00e1vel pela gest\u00e3o de res\u00edduos de oito concelhos da Regi\u00e3o Metropolitana do Porto, est\u00e1 a preparar o concurso para limpar e vedar todo o espa\u00e7o, com recurso a sinaliza\u00e7\u00e3o de proibi\u00e7\u00e3o de deposi\u00e7\u00e3o de res\u00edduos.<\/p>\n<h3>Situa\u00e7\u00e3o atual e medidas em curso<\/h3>\n<p>A Lipor explicou que os terrenos s\u00e3o espa\u00e7o florestal\/agr\u00edcola, com localiza\u00e7\u00e3o pr\u00f3xima de vias de circula\u00e7\u00e3o, o que facilita descargas ilegais. Ao longo dos anos, a empresa tem desenvolvido a\u00e7\u00f5es de limpeza e veda\u00e7\u00e3o, com remo\u00e7\u00e3o de veda\u00e7\u00f5es existentes em v\u00e1rias ocasi\u00f5es.<\/p>\n<p>A entidade adiantou que j\u00e1 est\u00e1 em execu\u00e7\u00e3o a produ\u00e7\u00e3o de placas informativas e a contrata\u00e7\u00e3o para limpar e vedar os terrenos, a fim de impedir novas deposi\u00e7\u00f5es ilegais. O objetivo \u00e9 resolver rapidamente a situa\u00e7\u00e3o em parceria com as autoridades locais.<\/p>\n","protected":false},"excerpt":{"rendered":"<ul>\n<li>A Lipor afirma n\u00e3o ter conhecimento da deposi\u00e7\u00e3o ilegal de lixo em terrenos junto \u00e0 antiga lixeira de Laundos, na P\u00f3voa de Varzim.<\/li>\n<li>A empresa est\u00e1 a preparar um concurso para limpeza e veda\u00e7\u00e3o de todo o espa\u00e7o, e j\u00e1 est\u00e1 a produzir placas informativas para sinaliza\u00e7\u00e3o de proibi\u00e7\u00e3o de deposi\u00e7\u00e3o de res\u00edduos.<\/li>\n<li>O BE denunciou o caso, que tamb\u00e9m levou o deputado Fabian Figueiredo a questionar a ministra do Ambiente e da Energia.<\/li>\n<li>A C\u00e2mara da P\u00f3voa de Varzim est\u00e1 a acompanhar a situa\u00e7\u00e3o em articula\u00e7\u00e3o com a Junta de Freguesia de Laundos e a GNR, para resolver rapidamente.<\/li>\n<li>Segundo o BE, junto \u00e0 antiga lixeira, em terrenos da Lipor, h\u00e1 toneladas de entulho de obras, colch\u00f5es, roupa, mobili\u00e1rio, pl\u00e1sticos e telhas de amianto depositados ilegalmente.<\/li>\n<\/ul>\n","protected":false},"author":2,"featured_media":463024,"comment_status":"closed","ping_status":"closed","sticky":false,"template":"","format":"standard","meta":{"footnotes":""},"categories":[6725,1],"tags":[8238,8911,8635,8878,8230,8285],"class_list":["post-463013","post","type-post","status-publish","format-standard","has-post-thumbnail","hentry","category-meio-ambiente","category-noticias","tag-_ambiente","tag-_educacao-ambiental","tag-_gestao-de-residuos","tag-_limpeza-urbana","tag-_protecao-civil-municipal","tag-_residuos"],"yoast_head":"<!-- This site is optimized with the Yoast SEO plugin v27.2 - https:\/\/yoast.com\/product\/yoast-seo-wordpress\/ -->\n<title>Lipor desconhecia deposi\u00e7\u00e3o ilegal de lixo em Laundos - Portal Tela Portugal<\/title>\n<meta name=\"robots\" content=\"index, follow, max-snippet:-1, max-image-preview:large, max-video-preview:-1\" \/>\n<meta property=\"og:locale\" content=\"pt_PT\" \/>\n<meta property=\"og:type\" content=\"article\" \/>\n<meta property=\"og:title\" content=\"Lipor desconhecia deposi\u00e7\u00e3o ilegal de lixo em Laundos - Portal Tela Portugal\" \/>\n<meta property=\"og:description\" content=\"A Lipor afirma n\u00e3o ter conhecimento da deposi\u00e7\u00e3o ilegal de lixo em terrenos junto \u00e0 antiga lixeira de Laundos, na P\u00f3voa de Varzim. A empresa est\u00e1 a preparar um concurso para limpeza e veda\u00e7\u00e3o de todo o espa\u00e7o, e j\u00e1 est\u00e1 a produzir placas informativas para sinaliza\u00e7\u00e3o de proibi\u00e7\u00e3o de deposi\u00e7\u00e3o de res\u00edduos. O BE denunciou o caso, que tamb\u00e9m levou o deputado Fabian Figueiredo a questionar a ministra do Ambiente e da Energia. A C\u00e2mara da P\u00f3voa de Varzim est\u00e1 a acompanhar a situa\u00e7\u00e3o em articula\u00e7\u00e3o com a Junta de Freguesia de Laundos e a GNR, para resolver rapidamente. Segundo o BE, junto \u00e0 antiga lixeira, em terrenos da Lipor, h\u00e1 toneladas de entulho de obras, colch\u00f5es, roupa, mobili\u00e1rio, pl\u00e1sticos e telhas de amianto depositados ilegalmente.\" \/>\n<meta property=\"og:url\" content=\"https:\/\/portaltela.pt\/noticias\/2026\/04\/30\/lipor-desconhecia-deposicao-ilegal-de-lixo-em-laundos\/\" \/>\n<meta property=\"og:site_name\" content=\"Portal Tela Portugal\" \/>\n<meta property=\"article:published_time\" content=\"2026-04-30T18:48:06+00:00\" \/>\n<meta name=\"author\" content=\"Telinha\" \/>\n<meta name=\"twitter:card\" content=\"summary_large_image\" \/>\n<meta name=\"twitter:label1\" content=\"Escrito por\" \/>\n\t<meta name=\"twitter:data1\" content=\"Telinha\" \/>\n\t<meta name=\"twitter:label2\" content=\"Tempo estimado de leitura\" \/>\n\t<meta name=\"twitter:data2\" content=\"1 minuto\" \/>\n<script type=\"application\/ld+json\" class=\"yoast-schema-graph\">{\"@context\":\"https:\/\/schema.org\",\"@graph\":[{\"@type\":\"Article\",\"@id\":\"https:\/\/portaltela.pt\/noticias\/2026\/04\/30\/lipor-desconhecia-deposicao-ilegal-de-lixo-em-laundos\/#article\",\"isPartOf\":{\"@id\":\"https:\/\/portaltela.pt\/noticias\/2026\/04\/30\/lipor-desconhecia-deposicao-ilegal-de-lixo-em-laundos\/\"},\"author\":{\"name\":\"Telinha\",\"@id\":\"https:\/\/portaltela.pt\/#\/schema\/person\/c4278d4a6028830caff9ee44b42d32ed\"},\"headline\":\"Lipor desconhecia deposi\u00e7\u00e3o ilegal de lixo em Laundos\",\"datePublished\":\"2026-04-30T18:48:06+00:00\",\"mainEntityOfPage\":{\"@id\":\"https:\/\/portaltela.pt\/noticias\/2026\/04\/30\/lipor-desconhecia-deposicao-ilegal-de-lixo-em-laundos\/\"},\"wordCount\":247,\"image\":{\"@id\":\"https:\/\/portaltela.pt\/noticias\/2026\/04\/30\/lipor-desconhecia-deposicao-ilegal-de-lixo-em-laundos\/#primaryimage\"},\"thumbnailUrl\":\"https:\/\/portaltela.pt\/s.01k8rhncp4jt1\/2026\/04\/image-114.webp\",\"keywords\":[\"_ambiente\",\"_educa\u00e7\u00e3o ambiental\",\"_gest\u00e3o de res\u00edduos\",\"_limpeza urbana\",\"_Prote\u00e7\u00e3o Civil Municipal\",\"_res\u00edduos\"],\"articleSection\":[\"Meio Ambiente\",\"Not\u00edcias\"],\"inLanguage\":\"pt-PT\"},{\"@type\":\"WebPage\",\"@id\":\"https:\/\/portaltela.pt\/noticias\/2026\/04\/30\/lipor-desconhecia-deposicao-ilegal-de-lixo-em-laundos\/\",\"url\":\"https:\/\/portaltela.pt\/noticias\/2026\/04\/30\/lipor-desconhecia-deposicao-ilegal-de-lixo-em-laundos\/\",\"name\":\"Lipor desconhecia deposi\u00e7\u00e3o ilegal de lixo em Laundos - Portal Tela Portugal\",\"isPartOf\":{\"@id\":\"https:\/\/portaltela.pt\/#website\"},\"primaryImageOfPage\":{\"@id\":\"https:\/\/portaltela.pt\/noticias\/2026\/04\/30\/lipor-desconhecia-deposicao-ilegal-de-lixo-em-laundos\/#primaryimage\"},\"image\":{\"@id\":\"https:\/\/portaltela.pt\/noticias\/2026\/04\/30\/lipor-desconhecia-deposicao-ilegal-de-lixo-em-laundos\/#primaryimage\"},\"thumbnailUrl\":\"https:\/\/portaltela.pt\/s.01k8rhncp4jt1\/2026\/04\/image-114.webp\",\"datePublished\":\"2026-04-30T18:48:06+00:00\",\"author\":{\"@id\":\"https:\/\/portaltela.pt\/#\/schema\/person\/c4278d4a6028830caff9ee44b42d32ed\"},\"breadcrumb\":{\"@id\":\"https:\/\/portaltela.pt\/noticias\/2026\/04\/30\/lipor-desconhecia-deposicao-ilegal-de-lixo-em-laundos\/#breadcrumb\"},\"inLanguage\":\"pt-PT\",\"potentialAction\":[{\"@type\":\"ReadAction\",\"target\":[\"https:\/\/portaltela.pt\/noticias\/2026\/04\/30\/lipor-desconhecia-deposicao-ilegal-de-lixo-em-laundos\/\"]}]},{\"@type\":\"ImageObject\",\"inLanguage\":\"pt-PT\",\"@id\":\"https:\/\/portaltela.pt\/noticias\/2026\/04\/30\/lipor-desconhecia-deposicao-ilegal-de-lixo-em-laundos\/#primaryimage\",\"url\":\"https:\/\/portaltela.pt\/s.01k8rhncp4jt1\/2026\/04\/image-114.webp\",\"contentUrl\":\"https:\/\/portaltela.pt\/s.01k8rhncp4jt1\/2026\/04\/image-114.webp\",\"width\":1200,\"height\":900,\"caption\":\"Lipor tamb\u00e9m n\u00e3o sabia da deposi\u00e7\u00e3o ilegal de lixo em Laundos\"},{\"@type\":\"BreadcrumbList\",\"@id\":\"https:\/\/portaltela.pt\/noticias\/2026\/04\/30\/lipor-desconhecia-deposicao-ilegal-de-lixo-em-laundos\/#breadcrumb\",\"itemListElement\":[{\"@type\":\"ListItem\",\"position\":1,\"name\":\"In\u00edcio\",\"item\":\"https:\/\/portaltela.pt\/\"},{\"@type\":\"ListItem\",\"position\":2,\"name\":\"Lipor desconhecia deposi\u00e7\u00e3o ilegal de lixo em Laundos\"}]},{\"@type\":\"WebSite\",\"@id\":\"https:\/\/portaltela.pt\/#website\",\"url\":\"https:\/\/portaltela.pt\/\",\"name\":\"Portal Tela Portugal\",\"description\":\"\",\"potentialAction\":[{\"@type\":\"SearchAction\",\"target\":{\"@type\":\"EntryPoint\",\"urlTemplate\":\"https:\/\/portaltela.pt\/?s={search_term_string}\"},\"query-input\":{\"@type\":\"PropertyValueSpecification\",\"valueRequired\":true,\"valueName\":\"search_term_string\"}}],\"inLanguage\":\"pt-PT\"},{\"@type\":\"Person\",\"@id\":\"https:\/\/portaltela.pt\/#\/schema\/person\/c4278d4a6028830caff9ee44b42d32ed\",\"name\":\"Telinha\",\"image\":{\"@type\":\"ImageObject\",\"inLanguage\":\"pt-PT\",\"@id\":\"https:\/\/portaltela.pt\/s.01k8rhncp4jt1\/2025\/11\/talking-bot-125x125.png\",\"url\":\"https:\/\/portaltela.pt\/s.01k8rhncp4jt1\/2025\/11\/talking-bot-125x125.png\",\"contentUrl\":\"https:\/\/portaltela.pt\/s.01k8rhncp4jt1\/2025\/11\/talking-bot-125x125.png\",\"caption\":\"Telinha\"},\"sameAs\":[\"https:\/\/portaltela.pt\/\"],\"url\":\"https:\/\/portaltela.pt\/por\/367410592786\/\"}]}<\/script>\n<!-- \/ Yoast SEO plugin. -->","yoast_head_json":{"title":"Lipor desconhecia deposi\u00e7\u00e3o ilegal de lixo em Laundos - Portal Tela Portugal","robots":{"index":"index","follow":"follow","max-snippet":"max-snippet:-1","max-image-preview":"max-image-preview:large","max-video-preview":"max-video-preview:-1"},"og_locale":"pt_PT","og_type":"article","og_title":"Lipor desconhecia deposi\u00e7\u00e3o ilegal de lixo em Laundos - Portal Tela Portugal","og_description":"A Lipor afirma n\u00e3o ter conhecimento da deposi\u00e7\u00e3o ilegal de lixo em terrenos junto \u00e0 antiga lixeira de Laundos, na P\u00f3voa de Varzim. A empresa est\u00e1 a preparar um concurso para limpeza e veda\u00e7\u00e3o de todo o espa\u00e7o, e j\u00e1 est\u00e1 a produzir placas informativas para sinaliza\u00e7\u00e3o de proibi\u00e7\u00e3o de deposi\u00e7\u00e3o de res\u00edduos. O BE denunciou o caso, que tamb\u00e9m levou o deputado Fabian Figueiredo a questionar a ministra do Ambiente e da Energia. A C\u00e2mara da P\u00f3voa de Varzim est\u00e1 a acompanhar a situa\u00e7\u00e3o em articula\u00e7\u00e3o com a Junta de Freguesia de Laundos e a GNR, para resolver rapidamente. Segundo o BE, junto \u00e0 antiga lixeira, em terrenos da Lipor, h\u00e1 toneladas de entulho de obras, colch\u00f5es, roupa, mobili\u00e1rio, pl\u00e1sticos e telhas de amianto depositados ilegalmente.","og_url":"https:\/\/portaltela.pt\/noticias\/2026\/04\/30\/lipor-desconhecia-deposicao-ilegal-de-lixo-em-laundos\/","og_site_name":"Portal Tela Portugal","article_published_time":"2026-04-30T18:48:06+00:00","author":"Telinha","twitter_card":"summary_large_image","twitter_misc":{"Escrito por":"Telinha","Tempo estimado de leitura":"1 minuto"},"schema":{"@context":"https:\/\/schema.org","@graph":[{"@type":"Article","@id":"https:\/\/portaltela.pt\/noticias\/2026\/04\/30\/lipor-desconhecia-deposicao-ilegal-de-lixo-em-laundos\/#article","isPartOf":{"@id":"https:\/\/portaltela.pt\/noticias\/2026\/04\/30\/lipor-desconhecia-deposicao-ilegal-de-lixo-em-laundos\/"},"author":{"name":"Telinha","@id":"https:\/\/portaltela.pt\/#\/schema\/person\/c4278d4a6028830caff9ee44b42d32ed"},"headline":"Lipor desconhecia deposi\u00e7\u00e3o ilegal de lixo em Laundos","datePublished":"2026-04-30T18:48:06+00:00","mainEntityOfPage":{"@id":"https:\/\/portaltela.pt\/noticias\/2026\/04\/30\/lipor-desconhecia-deposicao-ilegal-de-lixo-em-laundos\/"},"wordCount":247,"image":{"@id":"https:\/\/portaltela.pt\/noticias\/2026\/04\/30\/lipor-desconhecia-deposicao-ilegal-de-lixo-em-laundos\/#primaryimage"},"thumbnailUrl":"https:\/\/portaltela.pt\/s.01k8rhncp4jt1\/2026\/04\/image-114.webp","keywords":["_ambiente","_educa\u00e7\u00e3o ambiental","_gest\u00e3o de res\u00edduos","_limpeza urbana","_Prote\u00e7\u00e3o Civil Municipal","_res\u00edduos"],"articleSection":["Meio Ambiente","Not\u00edcias"],"inLanguage":"pt-PT"},{"@type":"WebPage","@id":"https:\/\/portaltela.pt\/noticias\/2026\/04\/30\/lipor-desconhecia-deposicao-ilegal-de-lixo-em-laundos\/","url":"https:\/\/portaltela.pt\/noticias\/2026\/04\/30\/lipor-desconhecia-deposicao-ilegal-de-lixo-em-laundos\/","name":"Lipor desconhecia deposi\u00e7\u00e3o ilegal de lixo em Laundos - Portal Tela Portugal","isPartOf":{"@id":"https:\/\/portaltela.pt\/#website"},"primaryImageOfPage":{"@id":"https:\/\/portaltela.pt\/noticias\/2026\/04\/30\/lipor-desconhecia-deposicao-ilegal-de-lixo-em-laundos\/#primaryimage"},"image":{"@id":"https:\/\/portaltela.pt\/noticias\/2026\/04\/30\/lipor-desconhecia-deposicao-ilegal-de-lixo-em-laundos\/#primaryimage"},"thumbnailUrl":"https:\/\/portaltela.pt\/s.01k8rhncp4jt1\/2026\/04\/image-114.webp","datePublished":"2026-04-30T18:48:06+00:00","author":{"@id":"https:\/\/portaltela.pt\/#\/schema\/person\/c4278d4a6028830caff9ee44b42d32ed"},"breadcrumb":{"@id":"https:\/\/portaltela.pt\/noticias\/2026\/04\/30\/lipor-desconhecia-deposicao-ilegal-de-lixo-em-laundos\/#breadcrumb"},"inLanguage":"pt-PT","potentialAction":[{"@type":"ReadAction","target":["https:\/\/portaltela.pt\/noticias\/2026\/04\/30\/lipor-desconhecia-deposicao-ilegal-de-lixo-em-laundos\/"]}]},{"@type":"ImageObject","inLanguage":"pt-PT","@id":"https:\/\/portaltela.pt\/noticias\/2026\/04\/30\/lipor-desconhecia-deposicao-ilegal-de-lixo-em-laundos\/#primaryimage","url":"https:\/\/portaltela.pt\/s.01k8rhncp4jt1\/2026\/04\/image-114.webp","contentUrl":"https:\/\/portaltela.pt\/s.01k8rhncp4jt1\/2026\/04\/image-114.webp","width":1200,"height":900,"caption":"Lipor tamb\u00e9m n\u00e3o sabia da deposi\u00e7\u00e3o ilegal de lixo em Laundos"},{"@type":"BreadcrumbList","@id":"https:\/\/portaltela.pt\/noticias\/2026\/04\/30\/lipor-desconhecia-deposicao-ilegal-de-lixo-em-laundos\/#breadcrumb","itemListElement":[{"@type":"ListItem","position":1,"name":"In\u00edcio","item":"https:\/\/portaltela.pt\/"},{"@type":"ListItem","position":2,"name":"Lipor desconhecia deposi\u00e7\u00e3o ilegal de lixo em Laundos"}]},{"@type":"WebSite","@id":"https:\/\/portaltela.pt\/#website","url":"https:\/\/portaltela.pt\/","name":"Portal Tela Portugal","description":"","potentialAction":[{"@type":"SearchAction","target":{"@type":"EntryPoint","urlTemplate":"https:\/\/portaltela.pt\/?s={search_term_string}"},"query-input":{"@type":"PropertyValueSpecification","valueRequired":true,"valueName":"search_term_string"}}],"inLanguage":"pt-PT"},{"@type":"Person","@id":"https:\/\/portaltela.pt\/#\/schema\/person\/c4278d4a6028830caff9ee44b42d32ed","name":"Telinha","image":{"@type":"ImageObject","inLanguage":"pt-PT","@id":"https:\/\/portaltela.pt\/s.01k8rhncp4jt1\/2025\/11\/talking-bot-125x125.png","url":"https:\/\/portaltela.pt\/s.01k8rhncp4jt1\/2025\/11\/talking-bot-125x125.png","contentUrl":"https:\/\/portaltela.pt\/s.01k8rhncp4jt1\/2025\/11\/talking-bot-125x125.png","caption":"Telinha"},"sameAs":["https:\/\/portaltela.pt\/"],"url":"https:\/\/portaltela.pt\/por\/367410592786\/"}]}},"_links":{"self":[{"href":"https:\/\/portaltela.pt\/api\/wp\/v2\/posts\/463013","targetHints":{"allow":["GET"]}}],"collection":[{"href":"https:\/\/portaltela.pt\/api\/wp\/v2\/posts"}],"about":[{"href":"https:\/\/portaltela.pt\/api\/wp\/v2\/types\/post"}],"author":[{"embeddable":true,"href":"https:\/\/portaltela.pt\/api\/wp\/v2\/users\/2"}],"replies":[{"embeddable":true,"href":"https:\/\/portaltela.pt\/api\/wp\/v2\/comments?post=463013"}],"version-history":[{"count":0,"href":"https:\/\/portaltela.pt\/api\/wp\/v2\/posts\/463013\/revisions"}],"wp:featuredmedia":[{"embeddable":true,"href":"https:\/\/portaltela.pt\/api\/wp\/v2\/media\/463024"}],"wp:attachment":[{"href":"https:\/\/portaltela.pt\/api\/wp\/v2\/media?parent=463013"}],"wp:term":[{"taxonomy":"category","embeddable":true,"href":"https:\/\/portaltela.pt\/api\/wp\/v2\/categories?post=463013"},{"taxonomy":"post_tag","embeddable":true,"href":"https:\/\/portaltela.pt\/api\/wp\/v2\/tags?post=463013"}],"curies":[{"name":"wp","href":"https:\/\/api.w.org\/{rel}","templated":true}]}}