{"id":463010,"date":"2026-04-30T15:48:02","date_gmt":"2026-04-30T18:48:02","guid":{"rendered":"https:\/\/portaltela.pt\/noticias\/2026\/04\/30\/levantadas-restricoes-ao-licenciamento-de-novos-furos-de-agua\/"},"modified":"2026-04-30T15:48:02","modified_gmt":"2026-04-30T18:48:02","slug":"levantadas-restricoes-ao-licenciamento-de-novos-furos-de-agua","status":"publish","type":"post","link":"https:\/\/portaltela.pt\/noticias\/2026\/04\/30\/levantadas-restricoes-ao-licenciamento-de-novos-furos-de-agua\/","title":{"rendered":"Levantadas restri\u00e7\u00f5es ao licenciamento de novos furos de \u00e1gua"},"content":{"rendered":"<p>O Primeiro-ministro Lu\u00eds Montenegro anunciou hoje o levantamento das restri\u00e7\u00f5es ao licenciamento de furos de capta\u00e7\u00e3o de \u00e1gua subterr\u00e2nea. A medida, motivada pela situa\u00e7\u00e3o h\u00eddrica favor\u00e1vel, incide sobretudo sobre o Algarve e o Alentejo. O an\u00fancio foi feito no final da reuni\u00e3o do Conselho de Ministros, na Ovibeja, em Beja.<\/p>\n<p>Montenegro explicou que as restri\u00e7\u00f5es vigentes nos \u00faltimos anos devido \u00e0 seca foram levantadas face \u00e0 recupera\u00e7\u00e3o das precipita\u00e7\u00f5es. A decis\u00e3o reflete a avalia\u00e7\u00e3o de melhoria dos recursos h\u00eddricos no pa\u00eds.<\/p>\n<p>A medida resulta da evolu\u00e7\u00e3o da situa\u00e7\u00e3o h\u00eddrica e da melhoria das perspetivas de recurso. O Governo aponta para a recupera\u00e7\u00e3o nos sistemas de \u00e1gua subterr\u00e2nea, com impactos previstos na oferta para o territ\u00f3rio.<\/p>\n<h3>Contexto h\u00eddrico<\/h3>\n<p>A Administra\u00e7\u00e3o indica que as precipita\u00e7\u00f5es dos \u00faltimos meses contribu\u00edram para a recupera\u00e7\u00e3o dos recursos. Entidades locais acompanham a evolu\u00e7\u00e3o da disponibilidade de \u00e1gua, mantendo-se a monitoriza\u00e7\u00e3o de \u00e1reas mais vulner\u00e1veis.<\/p>\n<p>O an\u00fancio foi acompanhado pela leitura de dados meteorol\u00f3gicos e hidrol\u00f3gicos que sustentam a mudan\u00e7a. Autoridades enfatizam a necessidade de continuar a gerir prudente dos recursos, mesmo com a melhoria atual.<\/p>\n","protected":false},"excerpt":{"rendered":"<ul>\n<li>O primeiro-ministro anunciou o levantamento das restri\u00e7\u00f5es ao licenciamento de furos de capta\u00e7\u00e3o de \u00e1gua subterr\u00e2neos.<\/li>\n<li>A medida, devido \u00e0 situa\u00e7\u00e3o h\u00eddrica favor\u00e1vel, abrange sobretudo o Algarve e o Alentejo.<\/li>\n<li>As restri\u00e7\u00f5es vigoraram nos \u00faltimos anos por causa da seca; passam a deixar de ser aplic\u00e1veis.<\/li>\n<li>A decis\u00e3o foi comunicada no final da reuni\u00e3o do Conselho de Ministros realizada na Ovibeja, em Beja, com base na recupera\u00e7\u00e3o da precipita\u00e7\u00e3o.<\/li>\n<\/ul>\n","protected":false},"author":2,"featured_media":463026,"comment_status":"closed","ping_status":"closed","sticky":false,"template":"","format":"standard","meta":{"footnotes":""},"categories":[6725,1],"tags":[8922,7923,8201,8099,8994,8382],"class_list":["post-463010","post","type-post","status-publish","format-standard","has-post-thumbnail","hentry","category-meio-ambiente","category-noticias","tag-_abastecimento-de-agua","tag-_agua","tag-_alentejo","tag-_algarve","tag-_gestao-de-recursos-hidricos","tag-_recursos-hidricos"],"yoast_head":"<!-- This site is optimized with the Yoast SEO plugin v27.2 - https:\/\/yoast.com\/product\/yoast-seo-wordpress\/ -->\n<title>Levantadas restri\u00e7\u00f5es ao licenciamento de novos furos de \u00e1gua - Portal Tela Portugal<\/title>\n<meta name=\"robots\" content=\"index, follow, max-snippet:-1, max-image-preview:large, max-video-preview:-1\" \/>\n<meta property=\"og:locale\" content=\"pt_PT\" \/>\n<meta property=\"og:type\" content=\"article\" \/>\n<meta property=\"og:title\" content=\"Levantadas restri\u00e7\u00f5es ao licenciamento de novos furos de \u00e1gua - Portal Tela Portugal\" \/>\n<meta property=\"og:description\" content=\"O primeiro-ministro anunciou o levantamento das restri\u00e7\u00f5es ao licenciamento de furos de capta\u00e7\u00e3o de \u00e1gua subterr\u00e2neos. A medida, devido \u00e0 situa\u00e7\u00e3o h\u00eddrica favor\u00e1vel, abrange sobretudo o Algarve e o Alentejo. As restri\u00e7\u00f5es vigoraram nos \u00faltimos anos por causa da seca; passam a deixar de ser aplic\u00e1veis. A decis\u00e3o foi comunicada no final da reuni\u00e3o do Conselho de Ministros realizada na Ovibeja, em Beja, com base na recupera\u00e7\u00e3o da precipita\u00e7\u00e3o.\" \/>\n<meta property=\"og:url\" content=\"https:\/\/portaltela.pt\/noticias\/2026\/04\/30\/levantadas-restricoes-ao-licenciamento-de-novos-furos-de-agua\/\" \/>\n<meta property=\"og:site_name\" content=\"Portal Tela Portugal\" \/>\n<meta property=\"article:published_time\" content=\"2026-04-30T18:48:02+00:00\" \/>\n<meta name=\"author\" content=\"Telinha\" \/>\n<meta name=\"twitter:card\" content=\"summary_large_image\" \/>\n<meta name=\"twitter:label1\" content=\"Escrito por\" \/>\n\t<meta name=\"twitter:data1\" content=\"Telinha\" \/>\n\t<meta name=\"twitter:label2\" content=\"Tempo estimado de leitura\" \/>\n\t<meta name=\"twitter:data2\" content=\"1 minuto\" \/>\n<script type=\"application\/ld+json\" class=\"yoast-schema-graph\">{\"@context\":\"https:\/\/schema.org\",\"@graph\":[{\"@type\":\"Article\",\"@id\":\"https:\/\/portaltela.pt\/noticias\/2026\/04\/30\/levantadas-restricoes-ao-licenciamento-de-novos-furos-de-agua\/#article\",\"isPartOf\":{\"@id\":\"https:\/\/portaltela.pt\/noticias\/2026\/04\/30\/levantadas-restricoes-ao-licenciamento-de-novos-furos-de-agua\/\"},\"author\":{\"name\":\"Telinha\",\"@id\":\"https:\/\/portaltela.pt\/#\/schema\/person\/c4278d4a6028830caff9ee44b42d32ed\"},\"headline\":\"Levantadas restri\u00e7\u00f5es ao licenciamento de novos furos de \u00e1gua\",\"datePublished\":\"2026-04-30T18:48:02+00:00\",\"mainEntityOfPage\":{\"@id\":\"https:\/\/portaltela.pt\/noticias\/2026\/04\/30\/levantadas-restricoes-ao-licenciamento-de-novos-furos-de-agua\/\"},\"wordCount\":221,\"image\":{\"@id\":\"https:\/\/portaltela.pt\/noticias\/2026\/04\/30\/levantadas-restricoes-ao-licenciamento-de-novos-furos-de-agua\/#primaryimage\"},\"thumbnailUrl\":\"https:\/\/portaltela.pt\/s.01k8rhncp4jt1\/2026\/04\/img_1500x1000uu2020-01-05-21-37-34-914573.jpg\",\"keywords\":[\"_abastecimento de \u00e1gua\",\"_\u00e1gua\",\"_Alentejo\",\"_Algarve\",\"_gest\u00e3o de recursos h\u00eddricos\",\"_recursos h\u00eddricos\"],\"articleSection\":[\"Meio Ambiente\",\"Not\u00edcias\"],\"inLanguage\":\"pt-PT\"},{\"@type\":\"WebPage\",\"@id\":\"https:\/\/portaltela.pt\/noticias\/2026\/04\/30\/levantadas-restricoes-ao-licenciamento-de-novos-furos-de-agua\/\",\"url\":\"https:\/\/portaltela.pt\/noticias\/2026\/04\/30\/levantadas-restricoes-ao-licenciamento-de-novos-furos-de-agua\/\",\"name\":\"Levantadas restri\u00e7\u00f5es ao licenciamento de novos furos de \u00e1gua - Portal Tela Portugal\",\"isPartOf\":{\"@id\":\"https:\/\/portaltela.pt\/#website\"},\"primaryImageOfPage\":{\"@id\":\"https:\/\/portaltela.pt\/noticias\/2026\/04\/30\/levantadas-restricoes-ao-licenciamento-de-novos-furos-de-agua\/#primaryimage\"},\"image\":{\"@id\":\"https:\/\/portaltela.pt\/noticias\/2026\/04\/30\/levantadas-restricoes-ao-licenciamento-de-novos-furos-de-agua\/#primaryimage\"},\"thumbnailUrl\":\"https:\/\/portaltela.pt\/s.01k8rhncp4jt1\/2026\/04\/img_1500x1000uu2020-01-05-21-37-34-914573.jpg\",\"datePublished\":\"2026-04-30T18:48:02+00:00\",\"author\":{\"@id\":\"https:\/\/portaltela.pt\/#\/schema\/person\/c4278d4a6028830caff9ee44b42d32ed\"},\"breadcrumb\":{\"@id\":\"https:\/\/portaltela.pt\/noticias\/2026\/04\/30\/levantadas-restricoes-ao-licenciamento-de-novos-furos-de-agua\/#breadcrumb\"},\"inLanguage\":\"pt-PT\",\"potentialAction\":[{\"@type\":\"ReadAction\",\"target\":[\"https:\/\/portaltela.pt\/noticias\/2026\/04\/30\/levantadas-restricoes-ao-licenciamento-de-novos-furos-de-agua\/\"]}]},{\"@type\":\"ImageObject\",\"inLanguage\":\"pt-PT\",\"@id\":\"https:\/\/portaltela.pt\/noticias\/2026\/04\/30\/levantadas-restricoes-ao-licenciamento-de-novos-furos-de-agua\/#primaryimage\",\"url\":\"https:\/\/portaltela.pt\/s.01k8rhncp4jt1\/2026\/04\/img_1500x1000uu2020-01-05-21-37-34-914573.jpg\",\"contentUrl\":\"https:\/\/portaltela.pt\/s.01k8rhncp4jt1\/2026\/04\/img_1500x1000uu2020-01-05-21-37-34-914573.jpg\",\"width\":796,\"height\":448,\"caption\":\"Levantadas as restri\u00e7\u00f5es ao licenciamento de novos furos de \u00e1gua\"},{\"@type\":\"BreadcrumbList\",\"@id\":\"https:\/\/portaltela.pt\/noticias\/2026\/04\/30\/levantadas-restricoes-ao-licenciamento-de-novos-furos-de-agua\/#breadcrumb\",\"itemListElement\":[{\"@type\":\"ListItem\",\"position\":1,\"name\":\"In\u00edcio\",\"item\":\"https:\/\/portaltela.pt\/\"},{\"@type\":\"ListItem\",\"position\":2,\"name\":\"Levantadas restri\u00e7\u00f5es ao licenciamento de novos furos de \u00e1gua\"}]},{\"@type\":\"WebSite\",\"@id\":\"https:\/\/portaltela.pt\/#website\",\"url\":\"https:\/\/portaltela.pt\/\",\"name\":\"Portal Tela Portugal\",\"description\":\"\",\"potentialAction\":[{\"@type\":\"SearchAction\",\"target\":{\"@type\":\"EntryPoint\",\"urlTemplate\":\"https:\/\/portaltela.pt\/?s={search_term_string}\"},\"query-input\":{\"@type\":\"PropertyValueSpecification\",\"valueRequired\":true,\"valueName\":\"search_term_string\"}}],\"inLanguage\":\"pt-PT\"},{\"@type\":\"Person\",\"@id\":\"https:\/\/portaltela.pt\/#\/schema\/person\/c4278d4a6028830caff9ee44b42d32ed\",\"name\":\"Telinha\",\"image\":{\"@type\":\"ImageObject\",\"inLanguage\":\"pt-PT\",\"@id\":\"https:\/\/portaltela.pt\/s.01k8rhncp4jt1\/2025\/11\/talking-bot-125x125.png\",\"url\":\"https:\/\/portaltela.pt\/s.01k8rhncp4jt1\/2025\/11\/talking-bot-125x125.png\",\"contentUrl\":\"https:\/\/portaltela.pt\/s.01k8rhncp4jt1\/2025\/11\/talking-bot-125x125.png\",\"caption\":\"Telinha\"},\"sameAs\":[\"https:\/\/portaltela.pt\/\"],\"url\":\"https:\/\/portaltela.pt\/por\/367410592786\/\"}]}<\/script>\n<!-- \/ Yoast SEO plugin. -->","yoast_head_json":{"title":"Levantadas restri\u00e7\u00f5es ao licenciamento de novos furos de \u00e1gua - Portal Tela Portugal","robots":{"index":"index","follow":"follow","max-snippet":"max-snippet:-1","max-image-preview":"max-image-preview:large","max-video-preview":"max-video-preview:-1"},"og_locale":"pt_PT","og_type":"article","og_title":"Levantadas restri\u00e7\u00f5es ao licenciamento de novos furos de \u00e1gua - Portal Tela Portugal","og_description":"O primeiro-ministro anunciou o levantamento das restri\u00e7\u00f5es ao licenciamento de furos de capta\u00e7\u00e3o de \u00e1gua subterr\u00e2neos. A medida, devido \u00e0 situa\u00e7\u00e3o h\u00eddrica favor\u00e1vel, abrange sobretudo o Algarve e o Alentejo. As restri\u00e7\u00f5es vigoraram nos \u00faltimos anos por causa da seca; passam a deixar de ser aplic\u00e1veis. A decis\u00e3o foi comunicada no final da reuni\u00e3o do Conselho de Ministros realizada na Ovibeja, em Beja, com base na recupera\u00e7\u00e3o da precipita\u00e7\u00e3o.","og_url":"https:\/\/portaltela.pt\/noticias\/2026\/04\/30\/levantadas-restricoes-ao-licenciamento-de-novos-furos-de-agua\/","og_site_name":"Portal Tela Portugal","article_published_time":"2026-04-30T18:48:02+00:00","author":"Telinha","twitter_card":"summary_large_image","twitter_misc":{"Escrito por":"Telinha","Tempo estimado de leitura":"1 minuto"},"schema":{"@context":"https:\/\/schema.org","@graph":[{"@type":"Article","@id":"https:\/\/portaltela.pt\/noticias\/2026\/04\/30\/levantadas-restricoes-ao-licenciamento-de-novos-furos-de-agua\/#article","isPartOf":{"@id":"https:\/\/portaltela.pt\/noticias\/2026\/04\/30\/levantadas-restricoes-ao-licenciamento-de-novos-furos-de-agua\/"},"author":{"name":"Telinha","@id":"https:\/\/portaltela.pt\/#\/schema\/person\/c4278d4a6028830caff9ee44b42d32ed"},"headline":"Levantadas restri\u00e7\u00f5es ao licenciamento de novos furos de \u00e1gua","datePublished":"2026-04-30T18:48:02+00:00","mainEntityOfPage":{"@id":"https:\/\/portaltela.pt\/noticias\/2026\/04\/30\/levantadas-restricoes-ao-licenciamento-de-novos-furos-de-agua\/"},"wordCount":221,"image":{"@id":"https:\/\/portaltela.pt\/noticias\/2026\/04\/30\/levantadas-restricoes-ao-licenciamento-de-novos-furos-de-agua\/#primaryimage"},"thumbnailUrl":"https:\/\/portaltela.pt\/s.01k8rhncp4jt1\/2026\/04\/img_1500x1000uu2020-01-05-21-37-34-914573.jpg","keywords":["_abastecimento de \u00e1gua","_\u00e1gua","_Alentejo","_Algarve","_gest\u00e3o de recursos h\u00eddricos","_recursos h\u00eddricos"],"articleSection":["Meio Ambiente","Not\u00edcias"],"inLanguage":"pt-PT"},{"@type":"WebPage","@id":"https:\/\/portaltela.pt\/noticias\/2026\/04\/30\/levantadas-restricoes-ao-licenciamento-de-novos-furos-de-agua\/","url":"https:\/\/portaltela.pt\/noticias\/2026\/04\/30\/levantadas-restricoes-ao-licenciamento-de-novos-furos-de-agua\/","name":"Levantadas restri\u00e7\u00f5es ao licenciamento de novos furos de \u00e1gua - Portal Tela Portugal","isPartOf":{"@id":"https:\/\/portaltela.pt\/#website"},"primaryImageOfPage":{"@id":"https:\/\/portaltela.pt\/noticias\/2026\/04\/30\/levantadas-restricoes-ao-licenciamento-de-novos-furos-de-agua\/#primaryimage"},"image":{"@id":"https:\/\/portaltela.pt\/noticias\/2026\/04\/30\/levantadas-restricoes-ao-licenciamento-de-novos-furos-de-agua\/#primaryimage"},"thumbnailUrl":"https:\/\/portaltela.pt\/s.01k8rhncp4jt1\/2026\/04\/img_1500x1000uu2020-01-05-21-37-34-914573.jpg","datePublished":"2026-04-30T18:48:02+00:00","author":{"@id":"https:\/\/portaltela.pt\/#\/schema\/person\/c4278d4a6028830caff9ee44b42d32ed"},"breadcrumb":{"@id":"https:\/\/portaltela.pt\/noticias\/2026\/04\/30\/levantadas-restricoes-ao-licenciamento-de-novos-furos-de-agua\/#breadcrumb"},"inLanguage":"pt-PT","potentialAction":[{"@type":"ReadAction","target":["https:\/\/portaltela.pt\/noticias\/2026\/04\/30\/levantadas-restricoes-ao-licenciamento-de-novos-furos-de-agua\/"]}]},{"@type":"ImageObject","inLanguage":"pt-PT","@id":"https:\/\/portaltela.pt\/noticias\/2026\/04\/30\/levantadas-restricoes-ao-licenciamento-de-novos-furos-de-agua\/#primaryimage","url":"https:\/\/portaltela.pt\/s.01k8rhncp4jt1\/2026\/04\/img_1500x1000uu2020-01-05-21-37-34-914573.jpg","contentUrl":"https:\/\/portaltela.pt\/s.01k8rhncp4jt1\/2026\/04\/img_1500x1000uu2020-01-05-21-37-34-914573.jpg","width":796,"height":448,"caption":"Levantadas as restri\u00e7\u00f5es ao licenciamento de novos furos de \u00e1gua"},{"@type":"BreadcrumbList","@id":"https:\/\/portaltela.pt\/noticias\/2026\/04\/30\/levantadas-restricoes-ao-licenciamento-de-novos-furos-de-agua\/#breadcrumb","itemListElement":[{"@type":"ListItem","position":1,"name":"In\u00edcio","item":"https:\/\/portaltela.pt\/"},{"@type":"ListItem","position":2,"name":"Levantadas restri\u00e7\u00f5es ao licenciamento de novos furos de \u00e1gua"}]},{"@type":"WebSite","@id":"https:\/\/portaltela.pt\/#website","url":"https:\/\/portaltela.pt\/","name":"Portal Tela Portugal","description":"","potentialAction":[{"@type":"SearchAction","target":{"@type":"EntryPoint","urlTemplate":"https:\/\/portaltela.pt\/?s={search_term_string}"},"query-input":{"@type":"PropertyValueSpecification","valueRequired":true,"valueName":"search_term_string"}}],"inLanguage":"pt-PT"},{"@type":"Person","@id":"https:\/\/portaltela.pt\/#\/schema\/person\/c4278d4a6028830caff9ee44b42d32ed","name":"Telinha","image":{"@type":"ImageObject","inLanguage":"pt-PT","@id":"https:\/\/portaltela.pt\/s.01k8rhncp4jt1\/2025\/11\/talking-bot-125x125.png","url":"https:\/\/portaltela.pt\/s.01k8rhncp4jt1\/2025\/11\/talking-bot-125x125.png","contentUrl":"https:\/\/portaltela.pt\/s.01k8rhncp4jt1\/2025\/11\/talking-bot-125x125.png","caption":"Telinha"},"sameAs":["https:\/\/portaltela.pt\/"],"url":"https:\/\/portaltela.pt\/por\/367410592786\/"}]}},"_links":{"self":[{"href":"https:\/\/portaltela.pt\/api\/wp\/v2\/posts\/463010","targetHints":{"allow":["GET"]}}],"collection":[{"href":"https:\/\/portaltela.pt\/api\/wp\/v2\/posts"}],"about":[{"href":"https:\/\/portaltela.pt\/api\/wp\/v2\/types\/post"}],"author":[{"embeddable":true,"href":"https:\/\/portaltela.pt\/api\/wp\/v2\/users\/2"}],"replies":[{"embeddable":true,"href":"https:\/\/portaltela.pt\/api\/wp\/v2\/comments?post=463010"}],"version-history":[{"count":0,"href":"https:\/\/portaltela.pt\/api\/wp\/v2\/posts\/463010\/revisions"}],"wp:featuredmedia":[{"embeddable":true,"href":"https:\/\/portaltela.pt\/api\/wp\/v2\/media\/463026"}],"wp:attachment":[{"href":"https:\/\/portaltela.pt\/api\/wp\/v2\/media?parent=463010"}],"wp:term":[{"taxonomy":"category","embeddable":true,"href":"https:\/\/portaltela.pt\/api\/wp\/v2\/categories?post=463010"},{"taxonomy":"post_tag","embeddable":true,"href":"https:\/\/portaltela.pt\/api\/wp\/v2\/tags?post=463010"}],"curies":[{"name":"wp","href":"https:\/\/api.w.org\/{rel}","templated":true}]}}