{"id":463008,"date":"2026-04-30T15:48:00","date_gmt":"2026-04-30T18:48:00","guid":{"rendered":"https:\/\/portaltela.pt\/noticias\/2026\/04\/30\/nuno-correia-da-silva-anuncia-candidatura-a-lideranca-do-cds-pp\/"},"modified":"2026-04-30T15:48:00","modified_gmt":"2026-04-30T18:48:00","slug":"nuno-correia-da-silva-anuncia-candidatura-a-lideranca-do-cds-pp","status":"publish","type":"post","link":"https:\/\/portaltela.pt\/noticias\/politica\/2026\/04\/30\/nuno-correia-da-silva-anuncia-candidatura-a-lideranca-do-cds-pp\/","title":{"rendered":"Nuno Correia da Silva anuncia candidatura \u00e0 lideran\u00e7a do CDS-PP"},"content":{"rendered":"<p>O ex-deputado centrista Nuno Correia da Silva vai apresentar-se novamente como candidato \u00e0 lideran\u00e7a do CDS-PP no pr\u00f3ximo congresso, marcado para os dias 16 e 17 de maio em Alcoba\u00e7a, Leiria. A sua mo\u00e7\u00e3o global, intitulada Liberdade em movimento, ser\u00e1 apresentada na sess\u00e3o de abertura do evento.<\/p>\n<p>Correia da Silva defende que o partido deve voltar a ter fronteiras claras no espa\u00e7o pol\u00edtico, recuperar as suas bandeiras e elev\u00e1-las. O objetivo \u00e9 permitir ao CDS-PP afirmar-se e evitar uma dilui\u00e7\u00e3o da identidade dentro da coliga\u00e7\u00e3o com o PSD, que, na perspetiva do candidato, tem reduzido a influ\u00eancia do partido no Governo.<\/p>\n<p>O conselheiro nacional do CDS-PP tem ainda destacado que as bandeiras centristas devem manter-se na coliga\u00e7\u00e3o da AD sem abdicar das ideias fundamentais. Entre os temas citados, aponta a valoriza\u00e7\u00e3o do trabalho e a justa remunera\u00e7\u00e3o, \u00e1reas que considera centrais para a matriz do partido, descrita como a defesa da fam\u00edlia, da solidariedade e da democracia crist\u00e3.<\/p>\n<h3>Contexto da candidatura e hist\u00f3rico<\/h3>\n<p>Correia da Silva j\u00e1 tinha apresentado uma mo\u00e7\u00e3o de estrat\u00e9gia global no congresso de 2022 e chegou a candidatar-se \u00e0 lideran\u00e7a, mas acabou por retirar a mo\u00e7\u00e3o antes de ser submetida a votos. Os regulamentos do CDS-PP determinam que, para ser candidato a presidente, \u00e9 necess\u00e1rio subscrever uma Mo\u00e7\u00e3o de Estrat\u00e9gia Global.<\/p>\n<p>O atual l\u00edder do CDS-PP, Nuno Melo, tamb\u00e9m confirmou a inten\u00e7\u00e3o de recandidatar-se, estando previsto para o 32.\u00ba Congresso a sua apresenta\u00e7\u00e3o de candidatura. O evento decorrer\u00e1 em Alcoba\u00e7a, com a participa\u00e7\u00e3o de militantes de v\u00e1rias regi\u00f5es.<\/p>\n","protected":false},"excerpt":{"rendered":"<ul>\n<li>Nuno Correia da Silva vai candidatar-se \u00e0 lideran\u00e7a do CDS-PP no 32.\u00ba Congresso, a realizar nos dias 16 e 17 de maio em Alcoba\u00e7a, apresentando uma mo\u00e7\u00e3o global intitulada &#8220;Liberdade em movimento&#8221;.<\/li>\n<li>Defende que o CDS-PP deve ter fronteiras pol\u00edticas definidas e as suas bandeiras bem claras, para se fazer ouvir e afirmar no espa\u00e7o pol\u00edtico.<\/li>\n<li>Critica a dilui\u00e7\u00e3o do partido na coliga\u00e7\u00e3o com o PSD, sustentando que n\u00e3o se nota influ\u00eancia do CDS no Governo.<\/li>\n<li>Defende que as bandeiras centristas devem manter-se na coliga\u00e7\u00e3o da AD, sem sacrificar ideias, e sublinha a valoriza\u00e7\u00e3o do trabalho e a justa remunera\u00e7\u00e3o.<\/li>\n<li>O atual presidente do CDS-PP, Nuno Melo, tamb\u00e9m dever\u00e1 concorrer novamente \u00e0 lideran\u00e7a.<\/li>\n<\/ul>\n","protected":false},"author":2,"featured_media":463021,"comment_status":"closed","ping_status":"closed","sticky":false,"template":"","format":"standard","meta":{"footnotes":""},"categories":[1,5],"tags":[2478,42,6340,6802,1732,2832],"class_list":["post-463008","post","type-post","status-publish","format-standard","has-post-thumbnail","hentry","category-noticias","category-politica","tag-cds","tag-congresso","tag-conselho-nacional","tag-lideranca","tag-partidos","tag-politica"],"yoast_head":"<!-- This site is optimized with the Yoast SEO plugin v27.2 - https:\/\/yoast.com\/product\/yoast-seo-wordpress\/ -->\n<title>Nuno Correia da Silva anuncia candidatura \u00e0 lideran\u00e7a do CDS-PP - Portal Tela Portugal<\/title>\n<meta name=\"robots\" content=\"index, follow, max-snippet:-1, max-image-preview:large, max-video-preview:-1\" \/>\n<meta property=\"og:locale\" content=\"pt_PT\" \/>\n<meta property=\"og:type\" content=\"article\" \/>\n<meta property=\"og:title\" content=\"Nuno Correia da Silva anuncia candidatura \u00e0 lideran\u00e7a do CDS-PP - Portal Tela Portugal\" \/>\n<meta property=\"og:description\" content=\"Nuno Correia da Silva vai candidatar-se \u00e0 lideran\u00e7a do CDS-PP no 32.\u00ba Congresso, a realizar nos dias 16 e 17 de maio em Alcoba\u00e7a, apresentando uma mo\u00e7\u00e3o global intitulada &quot;Liberdade em movimento&quot;. Defende que o CDS-PP deve ter fronteiras pol\u00edticas definidas e as suas bandeiras bem claras, para se fazer ouvir e afirmar no espa\u00e7o pol\u00edtico. Critica a dilui\u00e7\u00e3o do partido na coliga\u00e7\u00e3o com o PSD, sustentando que n\u00e3o se nota influ\u00eancia do CDS no Governo. Defende que as bandeiras centristas devem manter-se na coliga\u00e7\u00e3o da AD, sem sacrificar ideias, e sublinha a valoriza\u00e7\u00e3o do trabalho e a justa remunera\u00e7\u00e3o. O atual presidente do CDS-PP, Nuno Melo, tamb\u00e9m dever\u00e1 concorrer novamente \u00e0 lideran\u00e7a.\" \/>\n<meta property=\"og:url\" content=\"https:\/\/portaltela.pt\/noticias\/2026\/04\/30\/nuno-correia-da-silva-anuncia-candidatura-a-lideranca-do-cds-pp\/\" \/>\n<meta property=\"og:site_name\" content=\"Portal Tela Portugal\" \/>\n<meta property=\"article:published_time\" content=\"2026-04-30T18:48:00+00:00\" \/>\n<meta name=\"author\" content=\"Telinha\" \/>\n<meta name=\"twitter:card\" content=\"summary_large_image\" \/>\n<meta name=\"twitter:label1\" content=\"Escrito por\" \/>\n\t<meta name=\"twitter:data1\" content=\"Telinha\" \/>\n\t<meta name=\"twitter:label2\" content=\"Tempo estimado de leitura\" \/>\n\t<meta name=\"twitter:data2\" content=\"1 minuto\" \/>\n<script type=\"application\/ld+json\" class=\"yoast-schema-graph\">{\"@context\":\"https:\/\/schema.org\",\"@graph\":[{\"@type\":\"Article\",\"@id\":\"https:\/\/portaltela.pt\/noticias\/2026\/04\/30\/nuno-correia-da-silva-anuncia-candidatura-a-lideranca-do-cds-pp\/#article\",\"isPartOf\":{\"@id\":\"https:\/\/portaltela.pt\/noticias\/2026\/04\/30\/nuno-correia-da-silva-anuncia-candidatura-a-lideranca-do-cds-pp\/\"},\"author\":{\"name\":\"Telinha\",\"@id\":\"https:\/\/portaltela.pt\/#\/schema\/person\/c4278d4a6028830caff9ee44b42d32ed\"},\"headline\":\"Nuno Correia da Silva anuncia candidatura \u00e0 lideran\u00e7a do CDS-PP\",\"datePublished\":\"2026-04-30T18:48:00+00:00\",\"mainEntityOfPage\":{\"@id\":\"https:\/\/portaltela.pt\/noticias\/2026\/04\/30\/nuno-correia-da-silva-anuncia-candidatura-a-lideranca-do-cds-pp\/\"},\"wordCount\":285,\"image\":{\"@id\":\"https:\/\/portaltela.pt\/noticias\/2026\/04\/30\/nuno-correia-da-silva-anuncia-candidatura-a-lideranca-do-cds-pp\/#primaryimage\"},\"thumbnailUrl\":\"https:\/\/portaltela.pt\/s.01k8rhncp4jt1\/2026\/04\/image-1738.jpg\",\"keywords\":[\"CDS\",\"congresso\",\"Conselho Nacional\",\"lideran\u00e7a\",\"partidos\",\"pol\u00edtica\"],\"articleSection\":[\"Not\u00edcias\",\"Pol\u00edtica\"],\"inLanguage\":\"pt-PT\"},{\"@type\":\"WebPage\",\"@id\":\"https:\/\/portaltela.pt\/noticias\/2026\/04\/30\/nuno-correia-da-silva-anuncia-candidatura-a-lideranca-do-cds-pp\/\",\"url\":\"https:\/\/portaltela.pt\/noticias\/2026\/04\/30\/nuno-correia-da-silva-anuncia-candidatura-a-lideranca-do-cds-pp\/\",\"name\":\"Nuno Correia da Silva anuncia candidatura \u00e0 lideran\u00e7a do CDS-PP - Portal Tela Portugal\",\"isPartOf\":{\"@id\":\"https:\/\/portaltela.pt\/#website\"},\"primaryImageOfPage\":{\"@id\":\"https:\/\/portaltela.pt\/noticias\/2026\/04\/30\/nuno-correia-da-silva-anuncia-candidatura-a-lideranca-do-cds-pp\/#primaryimage\"},\"image\":{\"@id\":\"https:\/\/portaltela.pt\/noticias\/2026\/04\/30\/nuno-correia-da-silva-anuncia-candidatura-a-lideranca-do-cds-pp\/#primaryimage\"},\"thumbnailUrl\":\"https:\/\/portaltela.pt\/s.01k8rhncp4jt1\/2026\/04\/image-1738.jpg\",\"datePublished\":\"2026-04-30T18:48:00+00:00\",\"author\":{\"@id\":\"https:\/\/portaltela.pt\/#\/schema\/person\/c4278d4a6028830caff9ee44b42d32ed\"},\"breadcrumb\":{\"@id\":\"https:\/\/portaltela.pt\/noticias\/2026\/04\/30\/nuno-correia-da-silva-anuncia-candidatura-a-lideranca-do-cds-pp\/#breadcrumb\"},\"inLanguage\":\"pt-PT\",\"potentialAction\":[{\"@type\":\"ReadAction\",\"target\":[\"https:\/\/portaltela.pt\/noticias\/2026\/04\/30\/nuno-correia-da-silva-anuncia-candidatura-a-lideranca-do-cds-pp\/\"]}]},{\"@type\":\"ImageObject\",\"inLanguage\":\"pt-PT\",\"@id\":\"https:\/\/portaltela.pt\/noticias\/2026\/04\/30\/nuno-correia-da-silva-anuncia-candidatura-a-lideranca-do-cds-pp\/#primaryimage\",\"url\":\"https:\/\/portaltela.pt\/s.01k8rhncp4jt1\/2026\/04\/image-1738.jpg\",\"contentUrl\":\"https:\/\/portaltela.pt\/s.01k8rhncp4jt1\/2026\/04\/image-1738.jpg\",\"width\":796,\"height\":448,\"caption\":\"Antigo deputado centrista Nuno Correia da Silva vai voltar a candidatar-se \u00e0 lideran\u00e7a do CDS-PP\"},{\"@type\":\"BreadcrumbList\",\"@id\":\"https:\/\/portaltela.pt\/noticias\/2026\/04\/30\/nuno-correia-da-silva-anuncia-candidatura-a-lideranca-do-cds-pp\/#breadcrumb\",\"itemListElement\":[{\"@type\":\"ListItem\",\"position\":1,\"name\":\"In\u00edcio\",\"item\":\"https:\/\/portaltela.pt\/\"},{\"@type\":\"ListItem\",\"position\":2,\"name\":\"Nuno Correia da Silva anuncia candidatura \u00e0 lideran\u00e7a do CDS-PP\"}]},{\"@type\":\"WebSite\",\"@id\":\"https:\/\/portaltela.pt\/#website\",\"url\":\"https:\/\/portaltela.pt\/\",\"name\":\"Portal Tela Portugal\",\"description\":\"\",\"potentialAction\":[{\"@type\":\"SearchAction\",\"target\":{\"@type\":\"EntryPoint\",\"urlTemplate\":\"https:\/\/portaltela.pt\/?s={search_term_string}\"},\"query-input\":{\"@type\":\"PropertyValueSpecification\",\"valueRequired\":true,\"valueName\":\"search_term_string\"}}],\"inLanguage\":\"pt-PT\"},{\"@type\":\"Person\",\"@id\":\"https:\/\/portaltela.pt\/#\/schema\/person\/c4278d4a6028830caff9ee44b42d32ed\",\"name\":\"Telinha\",\"image\":{\"@type\":\"ImageObject\",\"inLanguage\":\"pt-PT\",\"@id\":\"https:\/\/portaltela.pt\/s.01k8rhncp4jt1\/2025\/11\/talking-bot-125x125.png\",\"url\":\"https:\/\/portaltela.pt\/s.01k8rhncp4jt1\/2025\/11\/talking-bot-125x125.png\",\"contentUrl\":\"https:\/\/portaltela.pt\/s.01k8rhncp4jt1\/2025\/11\/talking-bot-125x125.png\",\"caption\":\"Telinha\"},\"sameAs\":[\"https:\/\/portaltela.pt\/\"],\"url\":\"https:\/\/portaltela.pt\/por\/367410592786\/\"}]}<\/script>\n<!-- \/ Yoast SEO plugin. -->","yoast_head_json":{"title":"Nuno Correia da Silva anuncia candidatura \u00e0 lideran\u00e7a do CDS-PP - Portal Tela Portugal","robots":{"index":"index","follow":"follow","max-snippet":"max-snippet:-1","max-image-preview":"max-image-preview:large","max-video-preview":"max-video-preview:-1"},"og_locale":"pt_PT","og_type":"article","og_title":"Nuno Correia da Silva anuncia candidatura \u00e0 lideran\u00e7a do CDS-PP - Portal Tela Portugal","og_description":"Nuno Correia da Silva vai candidatar-se \u00e0 lideran\u00e7a do CDS-PP no 32.\u00ba Congresso, a realizar nos dias 16 e 17 de maio em Alcoba\u00e7a, apresentando uma mo\u00e7\u00e3o global intitulada \"Liberdade em movimento\". Defende que o CDS-PP deve ter fronteiras pol\u00edticas definidas e as suas bandeiras bem claras, para se fazer ouvir e afirmar no espa\u00e7o pol\u00edtico. Critica a dilui\u00e7\u00e3o do partido na coliga\u00e7\u00e3o com o PSD, sustentando que n\u00e3o se nota influ\u00eancia do CDS no Governo. Defende que as bandeiras centristas devem manter-se na coliga\u00e7\u00e3o da AD, sem sacrificar ideias, e sublinha a valoriza\u00e7\u00e3o do trabalho e a justa remunera\u00e7\u00e3o. O atual presidente do CDS-PP, Nuno Melo, tamb\u00e9m dever\u00e1 concorrer novamente \u00e0 lideran\u00e7a.","og_url":"https:\/\/portaltela.pt\/noticias\/2026\/04\/30\/nuno-correia-da-silva-anuncia-candidatura-a-lideranca-do-cds-pp\/","og_site_name":"Portal Tela Portugal","article_published_time":"2026-04-30T18:48:00+00:00","author":"Telinha","twitter_card":"summary_large_image","twitter_misc":{"Escrito por":"Telinha","Tempo estimado de leitura":"1 minuto"},"schema":{"@context":"https:\/\/schema.org","@graph":[{"@type":"Article","@id":"https:\/\/portaltela.pt\/noticias\/2026\/04\/30\/nuno-correia-da-silva-anuncia-candidatura-a-lideranca-do-cds-pp\/#article","isPartOf":{"@id":"https:\/\/portaltela.pt\/noticias\/2026\/04\/30\/nuno-correia-da-silva-anuncia-candidatura-a-lideranca-do-cds-pp\/"},"author":{"name":"Telinha","@id":"https:\/\/portaltela.pt\/#\/schema\/person\/c4278d4a6028830caff9ee44b42d32ed"},"headline":"Nuno Correia da Silva anuncia candidatura \u00e0 lideran\u00e7a do CDS-PP","datePublished":"2026-04-30T18:48:00+00:00","mainEntityOfPage":{"@id":"https:\/\/portaltela.pt\/noticias\/2026\/04\/30\/nuno-correia-da-silva-anuncia-candidatura-a-lideranca-do-cds-pp\/"},"wordCount":285,"image":{"@id":"https:\/\/portaltela.pt\/noticias\/2026\/04\/30\/nuno-correia-da-silva-anuncia-candidatura-a-lideranca-do-cds-pp\/#primaryimage"},"thumbnailUrl":"https:\/\/portaltela.pt\/s.01k8rhncp4jt1\/2026\/04\/image-1738.jpg","keywords":["CDS","congresso","Conselho Nacional","lideran\u00e7a","partidos","pol\u00edtica"],"articleSection":["Not\u00edcias","Pol\u00edtica"],"inLanguage":"pt-PT"},{"@type":"WebPage","@id":"https:\/\/portaltela.pt\/noticias\/2026\/04\/30\/nuno-correia-da-silva-anuncia-candidatura-a-lideranca-do-cds-pp\/","url":"https:\/\/portaltela.pt\/noticias\/2026\/04\/30\/nuno-correia-da-silva-anuncia-candidatura-a-lideranca-do-cds-pp\/","name":"Nuno Correia da Silva anuncia candidatura \u00e0 lideran\u00e7a do CDS-PP - Portal Tela Portugal","isPartOf":{"@id":"https:\/\/portaltela.pt\/#website"},"primaryImageOfPage":{"@id":"https:\/\/portaltela.pt\/noticias\/2026\/04\/30\/nuno-correia-da-silva-anuncia-candidatura-a-lideranca-do-cds-pp\/#primaryimage"},"image":{"@id":"https:\/\/portaltela.pt\/noticias\/2026\/04\/30\/nuno-correia-da-silva-anuncia-candidatura-a-lideranca-do-cds-pp\/#primaryimage"},"thumbnailUrl":"https:\/\/portaltela.pt\/s.01k8rhncp4jt1\/2026\/04\/image-1738.jpg","datePublished":"2026-04-30T18:48:00+00:00","author":{"@id":"https:\/\/portaltela.pt\/#\/schema\/person\/c4278d4a6028830caff9ee44b42d32ed"},"breadcrumb":{"@id":"https:\/\/portaltela.pt\/noticias\/2026\/04\/30\/nuno-correia-da-silva-anuncia-candidatura-a-lideranca-do-cds-pp\/#breadcrumb"},"inLanguage":"pt-PT","potentialAction":[{"@type":"ReadAction","target":["https:\/\/portaltela.pt\/noticias\/2026\/04\/30\/nuno-correia-da-silva-anuncia-candidatura-a-lideranca-do-cds-pp\/"]}]},{"@type":"ImageObject","inLanguage":"pt-PT","@id":"https:\/\/portaltela.pt\/noticias\/2026\/04\/30\/nuno-correia-da-silva-anuncia-candidatura-a-lideranca-do-cds-pp\/#primaryimage","url":"https:\/\/portaltela.pt\/s.01k8rhncp4jt1\/2026\/04\/image-1738.jpg","contentUrl":"https:\/\/portaltela.pt\/s.01k8rhncp4jt1\/2026\/04\/image-1738.jpg","width":796,"height":448,"caption":"Antigo deputado centrista Nuno Correia da Silva vai voltar a candidatar-se \u00e0 lideran\u00e7a do CDS-PP"},{"@type":"BreadcrumbList","@id":"https:\/\/portaltela.pt\/noticias\/2026\/04\/30\/nuno-correia-da-silva-anuncia-candidatura-a-lideranca-do-cds-pp\/#breadcrumb","itemListElement":[{"@type":"ListItem","position":1,"name":"In\u00edcio","item":"https:\/\/portaltela.pt\/"},{"@type":"ListItem","position":2,"name":"Nuno Correia da Silva anuncia candidatura \u00e0 lideran\u00e7a do CDS-PP"}]},{"@type":"WebSite","@id":"https:\/\/portaltela.pt\/#website","url":"https:\/\/portaltela.pt\/","name":"Portal Tela Portugal","description":"","potentialAction":[{"@type":"SearchAction","target":{"@type":"EntryPoint","urlTemplate":"https:\/\/portaltela.pt\/?s={search_term_string}"},"query-input":{"@type":"PropertyValueSpecification","valueRequired":true,"valueName":"search_term_string"}}],"inLanguage":"pt-PT"},{"@type":"Person","@id":"https:\/\/portaltela.pt\/#\/schema\/person\/c4278d4a6028830caff9ee44b42d32ed","name":"Telinha","image":{"@type":"ImageObject","inLanguage":"pt-PT","@id":"https:\/\/portaltela.pt\/s.01k8rhncp4jt1\/2025\/11\/talking-bot-125x125.png","url":"https:\/\/portaltela.pt\/s.01k8rhncp4jt1\/2025\/11\/talking-bot-125x125.png","contentUrl":"https:\/\/portaltela.pt\/s.01k8rhncp4jt1\/2025\/11\/talking-bot-125x125.png","caption":"Telinha"},"sameAs":["https:\/\/portaltela.pt\/"],"url":"https:\/\/portaltela.pt\/por\/367410592786\/"}]}},"_links":{"self":[{"href":"https:\/\/portaltela.pt\/api\/wp\/v2\/posts\/463008","targetHints":{"allow":["GET"]}}],"collection":[{"href":"https:\/\/portaltela.pt\/api\/wp\/v2\/posts"}],"about":[{"href":"https:\/\/portaltela.pt\/api\/wp\/v2\/types\/post"}],"author":[{"embeddable":true,"href":"https:\/\/portaltela.pt\/api\/wp\/v2\/users\/2"}],"replies":[{"embeddable":true,"href":"https:\/\/portaltela.pt\/api\/wp\/v2\/comments?post=463008"}],"version-history":[{"count":0,"href":"https:\/\/portaltela.pt\/api\/wp\/v2\/posts\/463008\/revisions"}],"wp:featuredmedia":[{"embeddable":true,"href":"https:\/\/portaltela.pt\/api\/wp\/v2\/media\/463021"}],"wp:attachment":[{"href":"https:\/\/portaltela.pt\/api\/wp\/v2\/media?parent=463008"}],"wp:term":[{"taxonomy":"category","embeddable":true,"href":"https:\/\/portaltela.pt\/api\/wp\/v2\/categories?post=463008"},{"taxonomy":"post_tag","embeddable":true,"href":"https:\/\/portaltela.pt\/api\/wp\/v2\/tags?post=463008"}],"curies":[{"name":"wp","href":"https:\/\/api.w.org\/{rel}","templated":true}]}}