{"id":462992,"date":"2026-04-30T15:34:16","date_gmt":"2026-04-30T18:34:16","guid":{"rendered":"https:\/\/portaltela.pt\/noticias\/2026\/04\/30\/imagens-da-nasa-mostram-que-a-cidade-do-mexico-esta-a-afundar-se-2-cm-por-mes\/"},"modified":"2026-04-30T15:34:16","modified_gmt":"2026-04-30T18:34:16","slug":"imagens-da-nasa-mostram-que-a-cidade-do-mexico-esta-a-afundar-se-2-cm-por-mes","status":"publish","type":"post","link":"https:\/\/portaltela.pt\/meio-ambiente\/2026\/04\/30\/imagens-da-nasa-mostram-que-a-cidade-do-mexico-esta-a-afundar-se-2-cm-por-mes\/","title":{"rendered":"Imagens da NASA mostram que a Cidade do M\u00e9xico est\u00e1 a afundar-se 2 cm por m\u00eas"},"content":{"rendered":"<p>A NASA partilhou um mapa que mostra a Cidade do M\u00e9xico a afundar a um ritmo de cerca de dois cent\u00edmetros por m\u00eas. A imagem resulta de dados recolhidos pela miss\u00e3o NISAR, em colabora\u00e7\u00e3o com a Organiza\u00e7\u00e3o Indiana de Investiga\u00e7\u00e3o Espacial (ISRO).<\/p>\n<p>As medi\u00e7\u00f5es indicam que o desnivelamento ocorre de forma cont\u00ednua, com o radar capaz de operar dia e noite e em qualquer condi\u00e7\u00e3o atmosf\u00e9rica. As imagens comparam per\u00edodos entre 25 de outubro do ano passado e 17 de janeiro de 2026.<\/p>\n<p>A cor azul escura na imagem assinala \u00e1reas com subsid\u00eancia superior a 2 cm\/m\u00eas, principalmente devido \u00e0 extra\u00e7\u00e3o de \u00e1gua subterr\u00e2nea. A cidade foi constru\u00edda sobre o leito de um antigo lago seco.<\/p>\n<p>A \u00e1rea da capital, que alberga aproximadamente 20 milh\u00f5es de pessoas, j\u00e1 viu subsid\u00eancia acentuada ao longo de d\u00e9cadas. Registos anteriores indicaram quedas de at\u00e9 35 cm por ano entre os anos 90 e 2000.<\/p>\n<p>A NASA explica que o avan\u00e7o do afundamento tem impactos na infraestrutura, obrigando a monitoriza\u00e7\u00e3o de infraestruturas cr\u00edticas, como o Aeroporto Benito Ju\u00e1rez. A imagem destaca \u00e1reas pr\u00f3ximas ao aeroporto, bem como o Lago Nabor Carrillo e o Lago Chalco.<\/p>\n<p>Na imagem, observa-se ainda o Anjo da Independ\u00eancia, no centro de Cidade do M\u00e9xico, com altera\u00e7\u00f5es no terreno \u00e0 volta que refletem a subsid\u00eancia ao longo do tempo. A ag\u00eancia refor\u00e7a que as medi\u00e7\u00f5es ajudam a verificar previs\u00f5es do projeto NISAR.<\/p>\n<p>Craig Ferguson, gestor-adjunto do projeto, afirmou que as imagens ajudam a perceber se as medi\u00e7\u00f5es correspondem \u00e0s previs\u00f5es. O radar NISAR permite monitorizar mudan\u00e7as na superf\u00edcie com maior resolu\u00e7\u00e3o e cobertura temporal.<\/p>\n","protected":false},"excerpt":{"rendered":"<ul>\n<li>A NASA, em parceria com a Organiza\u00e7\u00e3o Indiana de Investiga\u00e7\u00e3o Espacial (ISRO), mostra que a Cidade do M\u00e9xico est\u00e1 a afundar-se cerca de dois cent\u00edmetros por m\u00eas, com base em dados da miss\u00e3o NISAR.<\/li>\n<li>O mapa usa radar de \u00faltima gera\u00e7\u00e3o para monitorizar a subsid\u00eancia em tempo real, mesmo sob nuvens ou vegeta\u00e7\u00e3o, com imagens entre 25 de outubro do ano passado e 17 de janeiro de 2026.<\/li>\n<li>\u00c1reas em azul escuro indicam subsid\u00eancia superior a dois cent\u00edmetros por m\u00eas, principalmente devido \u00e0 extra\u00e7\u00e3o de \u00e1gua subterr\u00e2nea e \u00e0 compacta\u00e7\u00e3o do leito de um antigo lago.<\/li>\n<li>A cidade, que abriga cerca de 20 milh\u00f5es de pessoas, j\u00e1 teve epis\u00f3dios de afundamento significativos no passado, e o registo do radar da miss\u00e3o NISAR permite acompanhar a evolu\u00e7\u00e3o com maior precis\u00e3o.<\/li>\n<li>Entre infraestruturas monitorizadas, destacam-se o Aeroporto Benito Ju\u00e1rez, al\u00e9m de locais como o Lago Nabor Carrillo e o Lago Chalco; a imagem tamb\u00e9m mostra o monumento \u00c1ngel de la Independencia, cuja base foi progressivamente rebaixada.<\/li>\n<\/ul>\n","protected":false},"author":2,"featured_media":462999,"comment_status":"closed","ping_status":"closed","sticky":false,"template":"","format":"standard","meta":{"footnotes":""},"categories":[7380,6725],"tags":[7923,8291,8238,8029,8994,8767],"class_list":["post-462992","post","type-post","status-publish","format-standard","has-post-thumbnail","hentry","category-clima","category-meio-ambiente","tag-_agua","tag-_alteracoes-climaticas","tag-_ambiente","tag-_ciencia","tag-_gestao-de-recursos-hidricos","tag-_investigacao"],"yoast_head":"<!-- This site is optimized with the Yoast SEO plugin v27.2 - https:\/\/yoast.com\/product\/yoast-seo-wordpress\/ -->\n<title>Imagens da NASA mostram que a Cidade do M\u00e9xico est\u00e1 a afundar-se 2 cm por m\u00eas - Portal Tela Portugal<\/title>\n<meta name=\"robots\" content=\"index, follow, max-snippet:-1, max-image-preview:large, max-video-preview:-1\" \/>\n<meta property=\"og:locale\" content=\"pt_PT\" \/>\n<meta property=\"og:type\" content=\"article\" \/>\n<meta property=\"og:title\" content=\"Imagens da NASA mostram que a Cidade do M\u00e9xico est\u00e1 a afundar-se 2 cm por m\u00eas - Portal Tela Portugal\" \/>\n<meta property=\"og:description\" content=\"A NASA, em parceria com a Organiza\u00e7\u00e3o Indiana de Investiga\u00e7\u00e3o Espacial (ISRO), mostra que a Cidade do M\u00e9xico est\u00e1 a afundar-se cerca de dois cent\u00edmetros por m\u00eas, com base em dados da miss\u00e3o NISAR. O mapa usa radar de \u00faltima gera\u00e7\u00e3o para monitorizar a subsid\u00eancia em tempo real, mesmo sob nuvens ou vegeta\u00e7\u00e3o, com imagens entre 25 de outubro do ano passado e 17 de janeiro de 2026. \u00c1reas em azul escuro indicam subsid\u00eancia superior a dois cent\u00edmetros por m\u00eas, principalmente devido \u00e0 extra\u00e7\u00e3o de \u00e1gua subterr\u00e2nea e \u00e0 compacta\u00e7\u00e3o do leito de um antigo lago. A cidade, que abriga cerca de 20 milh\u00f5es de pessoas, j\u00e1 teve epis\u00f3dios de afundamento significativos no passado, e o registo do radar da miss\u00e3o NISAR permite acompanhar a evolu\u00e7\u00e3o com maior precis\u00e3o. Entre infraestruturas monitorizadas, destacam-se o Aeroporto Benito Ju\u00e1rez, al\u00e9m de locais como o Lago Nabor Carrillo e o Lago Chalco; a imagem tamb\u00e9m mostra o monumento \u00c1ngel de la Independencia, cuja base foi progressivamente rebaixada.\" \/>\n<meta property=\"og:url\" content=\"https:\/\/portaltela.pt\/noticias\/2026\/04\/30\/imagens-da-nasa-mostram-que-a-cidade-do-mexico-esta-a-afundar-se-2-cm-por-mes\/\" \/>\n<meta property=\"og:site_name\" content=\"Portal Tela Portugal\" \/>\n<meta property=\"article:published_time\" content=\"2026-04-30T18:34:16+00:00\" \/>\n<meta name=\"author\" content=\"Telinha\" \/>\n<meta name=\"twitter:card\" content=\"summary_large_image\" \/>\n<meta name=\"twitter:label1\" content=\"Escrito por\" \/>\n\t<meta name=\"twitter:data1\" content=\"Telinha\" \/>\n\t<meta name=\"twitter:label2\" content=\"Tempo estimado de leitura\" \/>\n\t<meta name=\"twitter:data2\" content=\"1 minuto\" \/>\n<script type=\"application\/ld+json\" class=\"yoast-schema-graph\">{\"@context\":\"https:\/\/schema.org\",\"@graph\":[{\"@type\":\"Article\",\"@id\":\"https:\/\/portaltela.pt\/noticias\/2026\/04\/30\/imagens-da-nasa-mostram-que-a-cidade-do-mexico-esta-a-afundar-se-2-cm-por-mes\/#article\",\"isPartOf\":{\"@id\":\"https:\/\/portaltela.pt\/noticias\/2026\/04\/30\/imagens-da-nasa-mostram-que-a-cidade-do-mexico-esta-a-afundar-se-2-cm-por-mes\/\"},\"author\":{\"name\":\"Telinha\",\"@id\":\"https:\/\/portaltela.pt\/#\/schema\/person\/c4278d4a6028830caff9ee44b42d32ed\"},\"headline\":\"Imagens da NASA mostram que a Cidade do M\u00e9xico est\u00e1 a afundar-se 2 cm por m\u00eas\",\"datePublished\":\"2026-04-30T18:34:16+00:00\",\"mainEntityOfPage\":{\"@id\":\"https:\/\/portaltela.pt\/noticias\/2026\/04\/30\/imagens-da-nasa-mostram-que-a-cidade-do-mexico-esta-a-afundar-se-2-cm-por-mes\/\"},\"wordCount\":310,\"image\":{\"@id\":\"https:\/\/portaltela.pt\/noticias\/2026\/04\/30\/imagens-da-nasa-mostram-que-a-cidade-do-mexico-esta-a-afundar-se-2-cm-por-mes\/#primaryimage\"},\"thumbnailUrl\":\"https:\/\/portaltela.pt\/s.01k8rhncp4jt1\/2026\/04\/image-1737.jpg\",\"keywords\":[\"_\u00e1gua\",\"_Altera\u00e7\u00f5es Clim\u00e1ticas\",\"_ambiente\",\"_ci\u00eancia\",\"_gest\u00e3o de recursos h\u00eddricos\",\"_investiga\u00e7\u00e3o\"],\"articleSection\":[\"Clima\",\"Meio Ambiente\"],\"inLanguage\":\"pt-PT\"},{\"@type\":\"WebPage\",\"@id\":\"https:\/\/portaltela.pt\/noticias\/2026\/04\/30\/imagens-da-nasa-mostram-que-a-cidade-do-mexico-esta-a-afundar-se-2-cm-por-mes\/\",\"url\":\"https:\/\/portaltela.pt\/noticias\/2026\/04\/30\/imagens-da-nasa-mostram-que-a-cidade-do-mexico-esta-a-afundar-se-2-cm-por-mes\/\",\"name\":\"Imagens da NASA mostram que a Cidade do M\u00e9xico est\u00e1 a afundar-se 2 cm por m\u00eas - Portal Tela Portugal\",\"isPartOf\":{\"@id\":\"https:\/\/portaltela.pt\/#website\"},\"primaryImageOfPage\":{\"@id\":\"https:\/\/portaltela.pt\/noticias\/2026\/04\/30\/imagens-da-nasa-mostram-que-a-cidade-do-mexico-esta-a-afundar-se-2-cm-por-mes\/#primaryimage\"},\"image\":{\"@id\":\"https:\/\/portaltela.pt\/noticias\/2026\/04\/30\/imagens-da-nasa-mostram-que-a-cidade-do-mexico-esta-a-afundar-se-2-cm-por-mes\/#primaryimage\"},\"thumbnailUrl\":\"https:\/\/portaltela.pt\/s.01k8rhncp4jt1\/2026\/04\/image-1737.jpg\",\"datePublished\":\"2026-04-30T18:34:16+00:00\",\"author\":{\"@id\":\"https:\/\/portaltela.pt\/#\/schema\/person\/c4278d4a6028830caff9ee44b42d32ed\"},\"breadcrumb\":{\"@id\":\"https:\/\/portaltela.pt\/noticias\/2026\/04\/30\/imagens-da-nasa-mostram-que-a-cidade-do-mexico-esta-a-afundar-se-2-cm-por-mes\/#breadcrumb\"},\"inLanguage\":\"pt-PT\",\"potentialAction\":[{\"@type\":\"ReadAction\",\"target\":[\"https:\/\/portaltela.pt\/noticias\/2026\/04\/30\/imagens-da-nasa-mostram-que-a-cidade-do-mexico-esta-a-afundar-se-2-cm-por-mes\/\"]}]},{\"@type\":\"ImageObject\",\"inLanguage\":\"pt-PT\",\"@id\":\"https:\/\/portaltela.pt\/noticias\/2026\/04\/30\/imagens-da-nasa-mostram-que-a-cidade-do-mexico-esta-a-afundar-se-2-cm-por-mes\/#primaryimage\",\"url\":\"https:\/\/portaltela.pt\/s.01k8rhncp4jt1\/2026\/04\/image-1737.jpg\",\"contentUrl\":\"https:\/\/portaltela.pt\/s.01k8rhncp4jt1\/2026\/04\/image-1737.jpg\",\"width\":796,\"height\":448,\"caption\":\"Imagem de contexto do artigo Imagens da NASA provam que a Cidade do M\u00e9xico est\u00e1 a afundar-se dois cent\u00edmetros por m\u00eas\"},{\"@type\":\"BreadcrumbList\",\"@id\":\"https:\/\/portaltela.pt\/noticias\/2026\/04\/30\/imagens-da-nasa-mostram-que-a-cidade-do-mexico-esta-a-afundar-se-2-cm-por-mes\/#breadcrumb\",\"itemListElement\":[{\"@type\":\"ListItem\",\"position\":1,\"name\":\"In\u00edcio\",\"item\":\"https:\/\/portaltela.pt\/\"},{\"@type\":\"ListItem\",\"position\":2,\"name\":\"Imagens da NASA mostram que a Cidade do M\u00e9xico est\u00e1 a afundar-se 2 cm por m\u00eas\"}]},{\"@type\":\"WebSite\",\"@id\":\"https:\/\/portaltela.pt\/#website\",\"url\":\"https:\/\/portaltela.pt\/\",\"name\":\"Portal Tela Portugal\",\"description\":\"\",\"potentialAction\":[{\"@type\":\"SearchAction\",\"target\":{\"@type\":\"EntryPoint\",\"urlTemplate\":\"https:\/\/portaltela.pt\/?s={search_term_string}\"},\"query-input\":{\"@type\":\"PropertyValueSpecification\",\"valueRequired\":true,\"valueName\":\"search_term_string\"}}],\"inLanguage\":\"pt-PT\"},{\"@type\":\"Person\",\"@id\":\"https:\/\/portaltela.pt\/#\/schema\/person\/c4278d4a6028830caff9ee44b42d32ed\",\"name\":\"Telinha\",\"image\":{\"@type\":\"ImageObject\",\"inLanguage\":\"pt-PT\",\"@id\":\"https:\/\/portaltela.pt\/s.01k8rhncp4jt1\/2025\/11\/talking-bot-125x125.png\",\"url\":\"https:\/\/portaltela.pt\/s.01k8rhncp4jt1\/2025\/11\/talking-bot-125x125.png\",\"contentUrl\":\"https:\/\/portaltela.pt\/s.01k8rhncp4jt1\/2025\/11\/talking-bot-125x125.png\",\"caption\":\"Telinha\"},\"sameAs\":[\"https:\/\/portaltela.pt\/\"],\"url\":\"https:\/\/portaltela.pt\/por\/367410592786\/\"}]}<\/script>\n<!-- \/ Yoast SEO plugin. -->","yoast_head_json":{"title":"Imagens da NASA mostram que a Cidade do M\u00e9xico est\u00e1 a afundar-se 2 cm por m\u00eas - Portal Tela Portugal","robots":{"index":"index","follow":"follow","max-snippet":"max-snippet:-1","max-image-preview":"max-image-preview:large","max-video-preview":"max-video-preview:-1"},"og_locale":"pt_PT","og_type":"article","og_title":"Imagens da NASA mostram que a Cidade do M\u00e9xico est\u00e1 a afundar-se 2 cm por m\u00eas - Portal Tela Portugal","og_description":"A NASA, em parceria com a Organiza\u00e7\u00e3o Indiana de Investiga\u00e7\u00e3o Espacial (ISRO), mostra que a Cidade do M\u00e9xico est\u00e1 a afundar-se cerca de dois cent\u00edmetros por m\u00eas, com base em dados da miss\u00e3o NISAR. O mapa usa radar de \u00faltima gera\u00e7\u00e3o para monitorizar a subsid\u00eancia em tempo real, mesmo sob nuvens ou vegeta\u00e7\u00e3o, com imagens entre 25 de outubro do ano passado e 17 de janeiro de 2026. \u00c1reas em azul escuro indicam subsid\u00eancia superior a dois cent\u00edmetros por m\u00eas, principalmente devido \u00e0 extra\u00e7\u00e3o de \u00e1gua subterr\u00e2nea e \u00e0 compacta\u00e7\u00e3o do leito de um antigo lago. A cidade, que abriga cerca de 20 milh\u00f5es de pessoas, j\u00e1 teve epis\u00f3dios de afundamento significativos no passado, e o registo do radar da miss\u00e3o NISAR permite acompanhar a evolu\u00e7\u00e3o com maior precis\u00e3o. Entre infraestruturas monitorizadas, destacam-se o Aeroporto Benito Ju\u00e1rez, al\u00e9m de locais como o Lago Nabor Carrillo e o Lago Chalco; a imagem tamb\u00e9m mostra o monumento \u00c1ngel de la Independencia, cuja base foi progressivamente rebaixada.","og_url":"https:\/\/portaltela.pt\/noticias\/2026\/04\/30\/imagens-da-nasa-mostram-que-a-cidade-do-mexico-esta-a-afundar-se-2-cm-por-mes\/","og_site_name":"Portal Tela Portugal","article_published_time":"2026-04-30T18:34:16+00:00","author":"Telinha","twitter_card":"summary_large_image","twitter_misc":{"Escrito por":"Telinha","Tempo estimado de leitura":"1 minuto"},"schema":{"@context":"https:\/\/schema.org","@graph":[{"@type":"Article","@id":"https:\/\/portaltela.pt\/noticias\/2026\/04\/30\/imagens-da-nasa-mostram-que-a-cidade-do-mexico-esta-a-afundar-se-2-cm-por-mes\/#article","isPartOf":{"@id":"https:\/\/portaltela.pt\/noticias\/2026\/04\/30\/imagens-da-nasa-mostram-que-a-cidade-do-mexico-esta-a-afundar-se-2-cm-por-mes\/"},"author":{"name":"Telinha","@id":"https:\/\/portaltela.pt\/#\/schema\/person\/c4278d4a6028830caff9ee44b42d32ed"},"headline":"Imagens da NASA mostram que a Cidade do M\u00e9xico est\u00e1 a afundar-se 2 cm por m\u00eas","datePublished":"2026-04-30T18:34:16+00:00","mainEntityOfPage":{"@id":"https:\/\/portaltela.pt\/noticias\/2026\/04\/30\/imagens-da-nasa-mostram-que-a-cidade-do-mexico-esta-a-afundar-se-2-cm-por-mes\/"},"wordCount":310,"image":{"@id":"https:\/\/portaltela.pt\/noticias\/2026\/04\/30\/imagens-da-nasa-mostram-que-a-cidade-do-mexico-esta-a-afundar-se-2-cm-por-mes\/#primaryimage"},"thumbnailUrl":"https:\/\/portaltela.pt\/s.01k8rhncp4jt1\/2026\/04\/image-1737.jpg","keywords":["_\u00e1gua","_Altera\u00e7\u00f5es Clim\u00e1ticas","_ambiente","_ci\u00eancia","_gest\u00e3o de recursos h\u00eddricos","_investiga\u00e7\u00e3o"],"articleSection":["Clima","Meio Ambiente"],"inLanguage":"pt-PT"},{"@type":"WebPage","@id":"https:\/\/portaltela.pt\/noticias\/2026\/04\/30\/imagens-da-nasa-mostram-que-a-cidade-do-mexico-esta-a-afundar-se-2-cm-por-mes\/","url":"https:\/\/portaltela.pt\/noticias\/2026\/04\/30\/imagens-da-nasa-mostram-que-a-cidade-do-mexico-esta-a-afundar-se-2-cm-por-mes\/","name":"Imagens da NASA mostram que a Cidade do M\u00e9xico est\u00e1 a afundar-se 2 cm por m\u00eas - Portal Tela Portugal","isPartOf":{"@id":"https:\/\/portaltela.pt\/#website"},"primaryImageOfPage":{"@id":"https:\/\/portaltela.pt\/noticias\/2026\/04\/30\/imagens-da-nasa-mostram-que-a-cidade-do-mexico-esta-a-afundar-se-2-cm-por-mes\/#primaryimage"},"image":{"@id":"https:\/\/portaltela.pt\/noticias\/2026\/04\/30\/imagens-da-nasa-mostram-que-a-cidade-do-mexico-esta-a-afundar-se-2-cm-por-mes\/#primaryimage"},"thumbnailUrl":"https:\/\/portaltela.pt\/s.01k8rhncp4jt1\/2026\/04\/image-1737.jpg","datePublished":"2026-04-30T18:34:16+00:00","author":{"@id":"https:\/\/portaltela.pt\/#\/schema\/person\/c4278d4a6028830caff9ee44b42d32ed"},"breadcrumb":{"@id":"https:\/\/portaltela.pt\/noticias\/2026\/04\/30\/imagens-da-nasa-mostram-que-a-cidade-do-mexico-esta-a-afundar-se-2-cm-por-mes\/#breadcrumb"},"inLanguage":"pt-PT","potentialAction":[{"@type":"ReadAction","target":["https:\/\/portaltela.pt\/noticias\/2026\/04\/30\/imagens-da-nasa-mostram-que-a-cidade-do-mexico-esta-a-afundar-se-2-cm-por-mes\/"]}]},{"@type":"ImageObject","inLanguage":"pt-PT","@id":"https:\/\/portaltela.pt\/noticias\/2026\/04\/30\/imagens-da-nasa-mostram-que-a-cidade-do-mexico-esta-a-afundar-se-2-cm-por-mes\/#primaryimage","url":"https:\/\/portaltela.pt\/s.01k8rhncp4jt1\/2026\/04\/image-1737.jpg","contentUrl":"https:\/\/portaltela.pt\/s.01k8rhncp4jt1\/2026\/04\/image-1737.jpg","width":796,"height":448,"caption":"Imagem de contexto do artigo Imagens da NASA provam que a Cidade do M\u00e9xico est\u00e1 a afundar-se dois cent\u00edmetros por m\u00eas"},{"@type":"BreadcrumbList","@id":"https:\/\/portaltela.pt\/noticias\/2026\/04\/30\/imagens-da-nasa-mostram-que-a-cidade-do-mexico-esta-a-afundar-se-2-cm-por-mes\/#breadcrumb","itemListElement":[{"@type":"ListItem","position":1,"name":"In\u00edcio","item":"https:\/\/portaltela.pt\/"},{"@type":"ListItem","position":2,"name":"Imagens da NASA mostram que a Cidade do M\u00e9xico est\u00e1 a afundar-se 2 cm por m\u00eas"}]},{"@type":"WebSite","@id":"https:\/\/portaltela.pt\/#website","url":"https:\/\/portaltela.pt\/","name":"Portal Tela Portugal","description":"","potentialAction":[{"@type":"SearchAction","target":{"@type":"EntryPoint","urlTemplate":"https:\/\/portaltela.pt\/?s={search_term_string}"},"query-input":{"@type":"PropertyValueSpecification","valueRequired":true,"valueName":"search_term_string"}}],"inLanguage":"pt-PT"},{"@type":"Person","@id":"https:\/\/portaltela.pt\/#\/schema\/person\/c4278d4a6028830caff9ee44b42d32ed","name":"Telinha","image":{"@type":"ImageObject","inLanguage":"pt-PT","@id":"https:\/\/portaltela.pt\/s.01k8rhncp4jt1\/2025\/11\/talking-bot-125x125.png","url":"https:\/\/portaltela.pt\/s.01k8rhncp4jt1\/2025\/11\/talking-bot-125x125.png","contentUrl":"https:\/\/portaltela.pt\/s.01k8rhncp4jt1\/2025\/11\/talking-bot-125x125.png","caption":"Telinha"},"sameAs":["https:\/\/portaltela.pt\/"],"url":"https:\/\/portaltela.pt\/por\/367410592786\/"}]}},"_links":{"self":[{"href":"https:\/\/portaltela.pt\/api\/wp\/v2\/posts\/462992","targetHints":{"allow":["GET"]}}],"collection":[{"href":"https:\/\/portaltela.pt\/api\/wp\/v2\/posts"}],"about":[{"href":"https:\/\/portaltela.pt\/api\/wp\/v2\/types\/post"}],"author":[{"embeddable":true,"href":"https:\/\/portaltela.pt\/api\/wp\/v2\/users\/2"}],"replies":[{"embeddable":true,"href":"https:\/\/portaltela.pt\/api\/wp\/v2\/comments?post=462992"}],"version-history":[{"count":0,"href":"https:\/\/portaltela.pt\/api\/wp\/v2\/posts\/462992\/revisions"}],"wp:featuredmedia":[{"embeddable":true,"href":"https:\/\/portaltela.pt\/api\/wp\/v2\/media\/462999"}],"wp:attachment":[{"href":"https:\/\/portaltela.pt\/api\/wp\/v2\/media?parent=462992"}],"wp:term":[{"taxonomy":"category","embeddable":true,"href":"https:\/\/portaltela.pt\/api\/wp\/v2\/categories?post=462992"},{"taxonomy":"post_tag","embeddable":true,"href":"https:\/\/portaltela.pt\/api\/wp\/v2\/tags?post=462992"}],"curies":[{"name":"wp","href":"https:\/\/api.w.org\/{rel}","templated":true}]}}