{"id":462984,"date":"2026-04-30T15:34:05","date_gmt":"2026-04-30T18:34:05","guid":{"rendered":"https:\/\/portaltela.pt\/noticias\/2026\/04\/30\/trump-faz-novo-discurso-contra-merz-apos-ameaca-de-retirada-de-tropas\/"},"modified":"2026-04-30T15:34:05","modified_gmt":"2026-04-30T18:34:05","slug":"trump-faz-novo-discurso-contra-merz-apos-ameaca-de-retirada-de-tropas","status":"publish","type":"post","link":"https:\/\/portaltela.pt\/noticias\/internacional\/2026\/04\/30\/trump-faz-novo-discurso-contra-merz-apos-ameaca-de-retirada-de-tropas\/","title":{"rendered":"Trump faz novo discurso contra Merz ap\u00f3s amea\u00e7a de retirada de tropas"},"content":{"rendered":"<p>Donald Trump intensificou as cr\u00edticas ao chanceler alem\u00e3o Friedrich Merz, ap\u00f3s Merz afirmar que os EUA estavam a ser humilhados pela lideran\u00e7a iraniana. Trump pediu a Merz que dedicasse mais tempo a encerrar a guerra na R\u00fassia\/Ucr\u00e2nia, em vez de comentar o Ir\u00e3o.<\/p>\n<p>Trump comunicou na Truth Social que o chanceler alem\u00e3o deveria concentrar-se na resolu\u00e7\u00e3o do conflito russo-ucraniano e na recupera\u00e7\u00e3o do pa\u00eds, incluindo \u00e1reas de imigra\u00e7\u00e3o e energia. Acrescentou que a Alemanha \u00e9 um aliado com responsabilidades para com o equil\u00edbrio global.<\/p>\n<p>A not\u00edcia da poss\u00edvel redu\u00e7\u00e3o de tropas norte-americanas na Alemanha surgiu pouco depois. O Presidente indicou que os EUA estudavam essa redu\u00e7\u00e3o com uma decis\u00e3o a ser tomada no pr\u00f3ximo per\u00edodo, numa postura que tem causado debate entre analistas militares.<\/p>\n<p>Merz reagiu aos coment\u00e1rios de Trump durante uma visita a uma base militar em M\u00fcnster, onde n\u00e3o abordou diretamente o tema das tropas. O l\u00edder alem\u00e3o refor\u00e7ou a import\u00e2ncia de manter a coopera\u00e7\u00e3o transatl\u00e2ntica e o equil\u00edbrio de encargos entre as na\u00e7\u00f5es.<\/p>\n<p>Analistas destacam que as declara\u00e7\u00f5es de Trump, repetidas no tempo, podem estar a erodir a confian\u00e7a na alian\u00e7a transatl\u00e2ntica. Observadores salientam que a comunica\u00e7\u00e3o p\u00fablica de Washington nem sempre contorna consultas pr\u00e9vias com aliados.<\/p>\n<p>Especialistas recordam que a NATO continua dependente da coopera\u00e7\u00e3o europeia, especialmente em termos de defesa coletiva. Indicam que mensagens p\u00fablicas desse tipo servem para pressionar aliados, mas n\u00e3o substituem negocia\u00e7\u00f5es formais.<\/p>\n<p>O debate inclui ainda coment\u00e1rios de analistas sobre o impacto pol\u00edtico na Europa, com alertas de que a uni\u00e3o entre pa\u00edses da OTAN pode ser afetada por press\u00f5es p\u00fablicas sobre o papel dos EUA na prote\u00e7\u00e3o europeia. Nenhuma conclus\u00e3o \u00e9 apresentada neste report.<\/p>\n<p>As declara\u00e7\u00f5es de Merz aos estudantes em Marsberg enfatizaram a coopera\u00e7\u00e3o com Washington, destacando respeito m\u00fatuo e partilha de encargos no contexto da alian\u00e7a transatl\u00e2ntica.<\/p>\n","protected":false},"excerpt":{"rendered":"<ul>\n<li>O presidente dos EUA, Donald Trump, criticou o chanceler alem\u00e3o Friedrich Merz, dizendo que ele deveria dedicar mais tempo a encerrar a guerra entre a R\u00fassia e a Ucr\u00e2nia.<\/li>\n<li>Trump tamb\u00e9m amea\u00e7ou reduzir o n\u00famero de tropas norte-americanas estacionadas na Alemanha, com uma decis\u00e3o a ser tomada no pr\u00f3ximo per\u00edodo.<\/li>\n<li>Merz afirmou que Teer\u00e3o superou a equipa de negocia\u00e7\u00f5es da Casa Branca e que os EUA est\u00e3o a ser humilhados pela lideran\u00e7a iraniana.<\/li>\n<li>Durante uma visita a M\u00fcnster, Merz garantiu que a parceria transatl\u00e2ntica continua, com contacto pr\u00f3ximo e baseia-se no interesse comum.<\/li>\n<li>Analistas da NATO alertam que os discursos frequentes de Trump podem fragilizar a alian\u00e7a, enquanto se discute a defesa europeia e a depend\u00eancia dos EUA.<\/li>\n<\/ul>\n","protected":false},"author":2,"featured_media":462990,"comment_status":"closed","ping_status":"closed","sticky":false,"template":"","format":"standard","meta":{"footnotes":""},"categories":[6814,4],"tags":[7987,10059,7991,7986,9072,7899],"class_list":["post-462984","post","type-post","status-publish","format-standard","has-post-thumbnail","hentry","category-geopolitica","category-internacional","tag-_alemanha","tag-_alianca-atlantica","tag-_cooperacao-internacional","tag-_estados-unidos","tag-_otan","tag-_seguranca-internacional"],"yoast_head":"<!-- This site is optimized with the Yoast SEO plugin v27.2 - https:\/\/yoast.com\/product\/yoast-seo-wordpress\/ -->\n<title>Trump faz novo discurso contra Merz ap\u00f3s amea\u00e7a de retirada de tropas - Portal Tela Portugal<\/title>\n<meta name=\"robots\" content=\"index, follow, max-snippet:-1, max-image-preview:large, max-video-preview:-1\" \/>\n<meta property=\"og:locale\" content=\"pt_PT\" \/>\n<meta property=\"og:type\" content=\"article\" \/>\n<meta property=\"og:title\" content=\"Trump faz novo discurso contra Merz ap\u00f3s amea\u00e7a de retirada de tropas - Portal Tela Portugal\" \/>\n<meta property=\"og:description\" content=\"O presidente dos EUA, Donald Trump, criticou o chanceler alem\u00e3o Friedrich Merz, dizendo que ele deveria dedicar mais tempo a encerrar a guerra entre a R\u00fassia e a Ucr\u00e2nia. Trump tamb\u00e9m amea\u00e7ou reduzir o n\u00famero de tropas norte-americanas estacionadas na Alemanha, com uma decis\u00e3o a ser tomada no pr\u00f3ximo per\u00edodo. Merz afirmou que Teer\u00e3o superou a equipa de negocia\u00e7\u00f5es da Casa Branca e que os EUA est\u00e3o a ser humilhados pela lideran\u00e7a iraniana. Durante uma visita a M\u00fcnster, Merz garantiu que a parceria transatl\u00e2ntica continua, com contacto pr\u00f3ximo e baseia-se no interesse comum. Analistas da NATO alertam que os discursos frequentes de Trump podem fragilizar a alian\u00e7a, enquanto se discute a defesa europeia e a depend\u00eancia dos EUA.\" \/>\n<meta property=\"og:url\" content=\"https:\/\/portaltela.pt\/noticias\/2026\/04\/30\/trump-faz-novo-discurso-contra-merz-apos-ameaca-de-retirada-de-tropas\/\" \/>\n<meta property=\"og:site_name\" content=\"Portal Tela Portugal\" \/>\n<meta property=\"article:published_time\" content=\"2026-04-30T18:34:05+00:00\" \/>\n<meta name=\"author\" content=\"Telinha\" \/>\n<meta name=\"twitter:card\" content=\"summary_large_image\" \/>\n<meta name=\"twitter:label1\" content=\"Escrito por\" \/>\n\t<meta name=\"twitter:data1\" content=\"Telinha\" \/>\n\t<meta name=\"twitter:label2\" content=\"Tempo estimado de leitura\" \/>\n\t<meta name=\"twitter:data2\" content=\"2 minutos\" \/>\n<script type=\"application\/ld+json\" class=\"yoast-schema-graph\">{\"@context\":\"https:\/\/schema.org\",\"@graph\":[{\"@type\":\"Article\",\"@id\":\"https:\/\/portaltela.pt\/noticias\/2026\/04\/30\/trump-faz-novo-discurso-contra-merz-apos-ameaca-de-retirada-de-tropas\/#article\",\"isPartOf\":{\"@id\":\"https:\/\/portaltela.pt\/noticias\/2026\/04\/30\/trump-faz-novo-discurso-contra-merz-apos-ameaca-de-retirada-de-tropas\/\"},\"author\":{\"name\":\"Telinha\",\"@id\":\"https:\/\/portaltela.pt\/#\/schema\/person\/c4278d4a6028830caff9ee44b42d32ed\"},\"headline\":\"Trump faz novo discurso contra Merz ap\u00f3s amea\u00e7a de retirada de tropas\",\"datePublished\":\"2026-04-30T18:34:05+00:00\",\"mainEntityOfPage\":{\"@id\":\"https:\/\/portaltela.pt\/noticias\/2026\/04\/30\/trump-faz-novo-discurso-contra-merz-apos-ameaca-de-retirada-de-tropas\/\"},\"wordCount\":367,\"image\":{\"@id\":\"https:\/\/portaltela.pt\/noticias\/2026\/04\/30\/trump-faz-novo-discurso-contra-merz-apos-ameaca-de-retirada-de-tropas\/#primaryimage\"},\"thumbnailUrl\":\"https:\/\/portaltela.pt\/s.01k8rhncp4jt1\/2026\/04\/1536x864_cmsv2_8da56161-31da-5d25-9ef4-4ad4d9561fa6-9742355.jpg\",\"keywords\":[\"_Alemanha\",\"_Alian\u00e7a Atl\u00e2ntica\",\"_coopera\u00e7\u00e3o internacional\",\"_Estados Unidos\",\"_OTAN\",\"_seguran\u00e7a internacional\"],\"articleSection\":[\"Geopol\u00edtica\",\"Internacional\"],\"inLanguage\":\"pt-PT\"},{\"@type\":\"WebPage\",\"@id\":\"https:\/\/portaltela.pt\/noticias\/2026\/04\/30\/trump-faz-novo-discurso-contra-merz-apos-ameaca-de-retirada-de-tropas\/\",\"url\":\"https:\/\/portaltela.pt\/noticias\/2026\/04\/30\/trump-faz-novo-discurso-contra-merz-apos-ameaca-de-retirada-de-tropas\/\",\"name\":\"Trump faz novo discurso contra Merz ap\u00f3s amea\u00e7a de retirada de tropas - Portal Tela Portugal\",\"isPartOf\":{\"@id\":\"https:\/\/portaltela.pt\/#website\"},\"primaryImageOfPage\":{\"@id\":\"https:\/\/portaltela.pt\/noticias\/2026\/04\/30\/trump-faz-novo-discurso-contra-merz-apos-ameaca-de-retirada-de-tropas\/#primaryimage\"},\"image\":{\"@id\":\"https:\/\/portaltela.pt\/noticias\/2026\/04\/30\/trump-faz-novo-discurso-contra-merz-apos-ameaca-de-retirada-de-tropas\/#primaryimage\"},\"thumbnailUrl\":\"https:\/\/portaltela.pt\/s.01k8rhncp4jt1\/2026\/04\/1536x864_cmsv2_8da56161-31da-5d25-9ef4-4ad4d9561fa6-9742355.jpg\",\"datePublished\":\"2026-04-30T18:34:05+00:00\",\"author\":{\"@id\":\"https:\/\/portaltela.pt\/#\/schema\/person\/c4278d4a6028830caff9ee44b42d32ed\"},\"breadcrumb\":{\"@id\":\"https:\/\/portaltela.pt\/noticias\/2026\/04\/30\/trump-faz-novo-discurso-contra-merz-apos-ameaca-de-retirada-de-tropas\/#breadcrumb\"},\"inLanguage\":\"pt-PT\",\"potentialAction\":[{\"@type\":\"ReadAction\",\"target\":[\"https:\/\/portaltela.pt\/noticias\/2026\/04\/30\/trump-faz-novo-discurso-contra-merz-apos-ameaca-de-retirada-de-tropas\/\"]}]},{\"@type\":\"ImageObject\",\"inLanguage\":\"pt-PT\",\"@id\":\"https:\/\/portaltela.pt\/noticias\/2026\/04\/30\/trump-faz-novo-discurso-contra-merz-apos-ameaca-de-retirada-de-tropas\/#primaryimage\",\"url\":\"https:\/\/portaltela.pt\/s.01k8rhncp4jt1\/2026\/04\/1536x864_cmsv2_8da56161-31da-5d25-9ef4-4ad4d9561fa6-9742355.jpg\",\"contentUrl\":\"https:\/\/portaltela.pt\/s.01k8rhncp4jt1\/2026\/04\/1536x864_cmsv2_8da56161-31da-5d25-9ef4-4ad4d9561fa6-9742355.jpg\",\"width\":796,\"height\":448,\"caption\":\"O Presidente dos EUA, Donald Trump, conversa com o Chanceler alem\u00e3o Friedrich Merz na Sala Oval da Casa Branca, 3 de mar\u00e7o de 2026\"},{\"@type\":\"BreadcrumbList\",\"@id\":\"https:\/\/portaltela.pt\/noticias\/2026\/04\/30\/trump-faz-novo-discurso-contra-merz-apos-ameaca-de-retirada-de-tropas\/#breadcrumb\",\"itemListElement\":[{\"@type\":\"ListItem\",\"position\":1,\"name\":\"In\u00edcio\",\"item\":\"https:\/\/portaltela.pt\/\"},{\"@type\":\"ListItem\",\"position\":2,\"name\":\"Trump faz novo discurso contra Merz ap\u00f3s amea\u00e7a de retirada de tropas\"}]},{\"@type\":\"WebSite\",\"@id\":\"https:\/\/portaltela.pt\/#website\",\"url\":\"https:\/\/portaltela.pt\/\",\"name\":\"Portal Tela Portugal\",\"description\":\"\",\"potentialAction\":[{\"@type\":\"SearchAction\",\"target\":{\"@type\":\"EntryPoint\",\"urlTemplate\":\"https:\/\/portaltela.pt\/?s={search_term_string}\"},\"query-input\":{\"@type\":\"PropertyValueSpecification\",\"valueRequired\":true,\"valueName\":\"search_term_string\"}}],\"inLanguage\":\"pt-PT\"},{\"@type\":\"Person\",\"@id\":\"https:\/\/portaltela.pt\/#\/schema\/person\/c4278d4a6028830caff9ee44b42d32ed\",\"name\":\"Telinha\",\"image\":{\"@type\":\"ImageObject\",\"inLanguage\":\"pt-PT\",\"@id\":\"https:\/\/portaltela.pt\/s.01k8rhncp4jt1\/2025\/11\/talking-bot-125x125.png\",\"url\":\"https:\/\/portaltela.pt\/s.01k8rhncp4jt1\/2025\/11\/talking-bot-125x125.png\",\"contentUrl\":\"https:\/\/portaltela.pt\/s.01k8rhncp4jt1\/2025\/11\/talking-bot-125x125.png\",\"caption\":\"Telinha\"},\"sameAs\":[\"https:\/\/portaltela.pt\/\"],\"url\":\"https:\/\/portaltela.pt\/por\/367410592786\/\"}]}<\/script>\n<!-- \/ Yoast SEO plugin. -->","yoast_head_json":{"title":"Trump faz novo discurso contra Merz ap\u00f3s amea\u00e7a de retirada de tropas - Portal Tela Portugal","robots":{"index":"index","follow":"follow","max-snippet":"max-snippet:-1","max-image-preview":"max-image-preview:large","max-video-preview":"max-video-preview:-1"},"og_locale":"pt_PT","og_type":"article","og_title":"Trump faz novo discurso contra Merz ap\u00f3s amea\u00e7a de retirada de tropas - Portal Tela Portugal","og_description":"O presidente dos EUA, Donald Trump, criticou o chanceler alem\u00e3o Friedrich Merz, dizendo que ele deveria dedicar mais tempo a encerrar a guerra entre a R\u00fassia e a Ucr\u00e2nia. Trump tamb\u00e9m amea\u00e7ou reduzir o n\u00famero de tropas norte-americanas estacionadas na Alemanha, com uma decis\u00e3o a ser tomada no pr\u00f3ximo per\u00edodo. Merz afirmou que Teer\u00e3o superou a equipa de negocia\u00e7\u00f5es da Casa Branca e que os EUA est\u00e3o a ser humilhados pela lideran\u00e7a iraniana. Durante uma visita a M\u00fcnster, Merz garantiu que a parceria transatl\u00e2ntica continua, com contacto pr\u00f3ximo e baseia-se no interesse comum. Analistas da NATO alertam que os discursos frequentes de Trump podem fragilizar a alian\u00e7a, enquanto se discute a defesa europeia e a depend\u00eancia dos EUA.","og_url":"https:\/\/portaltela.pt\/noticias\/2026\/04\/30\/trump-faz-novo-discurso-contra-merz-apos-ameaca-de-retirada-de-tropas\/","og_site_name":"Portal Tela Portugal","article_published_time":"2026-04-30T18:34:05+00:00","author":"Telinha","twitter_card":"summary_large_image","twitter_misc":{"Escrito por":"Telinha","Tempo estimado de leitura":"2 minutos"},"schema":{"@context":"https:\/\/schema.org","@graph":[{"@type":"Article","@id":"https:\/\/portaltela.pt\/noticias\/2026\/04\/30\/trump-faz-novo-discurso-contra-merz-apos-ameaca-de-retirada-de-tropas\/#article","isPartOf":{"@id":"https:\/\/portaltela.pt\/noticias\/2026\/04\/30\/trump-faz-novo-discurso-contra-merz-apos-ameaca-de-retirada-de-tropas\/"},"author":{"name":"Telinha","@id":"https:\/\/portaltela.pt\/#\/schema\/person\/c4278d4a6028830caff9ee44b42d32ed"},"headline":"Trump faz novo discurso contra Merz ap\u00f3s amea\u00e7a de retirada de tropas","datePublished":"2026-04-30T18:34:05+00:00","mainEntityOfPage":{"@id":"https:\/\/portaltela.pt\/noticias\/2026\/04\/30\/trump-faz-novo-discurso-contra-merz-apos-ameaca-de-retirada-de-tropas\/"},"wordCount":367,"image":{"@id":"https:\/\/portaltela.pt\/noticias\/2026\/04\/30\/trump-faz-novo-discurso-contra-merz-apos-ameaca-de-retirada-de-tropas\/#primaryimage"},"thumbnailUrl":"https:\/\/portaltela.pt\/s.01k8rhncp4jt1\/2026\/04\/1536x864_cmsv2_8da56161-31da-5d25-9ef4-4ad4d9561fa6-9742355.jpg","keywords":["_Alemanha","_Alian\u00e7a Atl\u00e2ntica","_coopera\u00e7\u00e3o internacional","_Estados Unidos","_OTAN","_seguran\u00e7a internacional"],"articleSection":["Geopol\u00edtica","Internacional"],"inLanguage":"pt-PT"},{"@type":"WebPage","@id":"https:\/\/portaltela.pt\/noticias\/2026\/04\/30\/trump-faz-novo-discurso-contra-merz-apos-ameaca-de-retirada-de-tropas\/","url":"https:\/\/portaltela.pt\/noticias\/2026\/04\/30\/trump-faz-novo-discurso-contra-merz-apos-ameaca-de-retirada-de-tropas\/","name":"Trump faz novo discurso contra Merz ap\u00f3s amea\u00e7a de retirada de tropas - Portal Tela Portugal","isPartOf":{"@id":"https:\/\/portaltela.pt\/#website"},"primaryImageOfPage":{"@id":"https:\/\/portaltela.pt\/noticias\/2026\/04\/30\/trump-faz-novo-discurso-contra-merz-apos-ameaca-de-retirada-de-tropas\/#primaryimage"},"image":{"@id":"https:\/\/portaltela.pt\/noticias\/2026\/04\/30\/trump-faz-novo-discurso-contra-merz-apos-ameaca-de-retirada-de-tropas\/#primaryimage"},"thumbnailUrl":"https:\/\/portaltela.pt\/s.01k8rhncp4jt1\/2026\/04\/1536x864_cmsv2_8da56161-31da-5d25-9ef4-4ad4d9561fa6-9742355.jpg","datePublished":"2026-04-30T18:34:05+00:00","author":{"@id":"https:\/\/portaltela.pt\/#\/schema\/person\/c4278d4a6028830caff9ee44b42d32ed"},"breadcrumb":{"@id":"https:\/\/portaltela.pt\/noticias\/2026\/04\/30\/trump-faz-novo-discurso-contra-merz-apos-ameaca-de-retirada-de-tropas\/#breadcrumb"},"inLanguage":"pt-PT","potentialAction":[{"@type":"ReadAction","target":["https:\/\/portaltela.pt\/noticias\/2026\/04\/30\/trump-faz-novo-discurso-contra-merz-apos-ameaca-de-retirada-de-tropas\/"]}]},{"@type":"ImageObject","inLanguage":"pt-PT","@id":"https:\/\/portaltela.pt\/noticias\/2026\/04\/30\/trump-faz-novo-discurso-contra-merz-apos-ameaca-de-retirada-de-tropas\/#primaryimage","url":"https:\/\/portaltela.pt\/s.01k8rhncp4jt1\/2026\/04\/1536x864_cmsv2_8da56161-31da-5d25-9ef4-4ad4d9561fa6-9742355.jpg","contentUrl":"https:\/\/portaltela.pt\/s.01k8rhncp4jt1\/2026\/04\/1536x864_cmsv2_8da56161-31da-5d25-9ef4-4ad4d9561fa6-9742355.jpg","width":796,"height":448,"caption":"O Presidente dos EUA, Donald Trump, conversa com o Chanceler alem\u00e3o Friedrich Merz na Sala Oval da Casa Branca, 3 de mar\u00e7o de 2026"},{"@type":"BreadcrumbList","@id":"https:\/\/portaltela.pt\/noticias\/2026\/04\/30\/trump-faz-novo-discurso-contra-merz-apos-ameaca-de-retirada-de-tropas\/#breadcrumb","itemListElement":[{"@type":"ListItem","position":1,"name":"In\u00edcio","item":"https:\/\/portaltela.pt\/"},{"@type":"ListItem","position":2,"name":"Trump faz novo discurso contra Merz ap\u00f3s amea\u00e7a de retirada de tropas"}]},{"@type":"WebSite","@id":"https:\/\/portaltela.pt\/#website","url":"https:\/\/portaltela.pt\/","name":"Portal Tela Portugal","description":"","potentialAction":[{"@type":"SearchAction","target":{"@type":"EntryPoint","urlTemplate":"https:\/\/portaltela.pt\/?s={search_term_string}"},"query-input":{"@type":"PropertyValueSpecification","valueRequired":true,"valueName":"search_term_string"}}],"inLanguage":"pt-PT"},{"@type":"Person","@id":"https:\/\/portaltela.pt\/#\/schema\/person\/c4278d4a6028830caff9ee44b42d32ed","name":"Telinha","image":{"@type":"ImageObject","inLanguage":"pt-PT","@id":"https:\/\/portaltela.pt\/s.01k8rhncp4jt1\/2025\/11\/talking-bot-125x125.png","url":"https:\/\/portaltela.pt\/s.01k8rhncp4jt1\/2025\/11\/talking-bot-125x125.png","contentUrl":"https:\/\/portaltela.pt\/s.01k8rhncp4jt1\/2025\/11\/talking-bot-125x125.png","caption":"Telinha"},"sameAs":["https:\/\/portaltela.pt\/"],"url":"https:\/\/portaltela.pt\/por\/367410592786\/"}]}},"_links":{"self":[{"href":"https:\/\/portaltela.pt\/api\/wp\/v2\/posts\/462984","targetHints":{"allow":["GET"]}}],"collection":[{"href":"https:\/\/portaltela.pt\/api\/wp\/v2\/posts"}],"about":[{"href":"https:\/\/portaltela.pt\/api\/wp\/v2\/types\/post"}],"author":[{"embeddable":true,"href":"https:\/\/portaltela.pt\/api\/wp\/v2\/users\/2"}],"replies":[{"embeddable":true,"href":"https:\/\/portaltela.pt\/api\/wp\/v2\/comments?post=462984"}],"version-history":[{"count":0,"href":"https:\/\/portaltela.pt\/api\/wp\/v2\/posts\/462984\/revisions"}],"wp:featuredmedia":[{"embeddable":true,"href":"https:\/\/portaltela.pt\/api\/wp\/v2\/media\/462990"}],"wp:attachment":[{"href":"https:\/\/portaltela.pt\/api\/wp\/v2\/media?parent=462984"}],"wp:term":[{"taxonomy":"category","embeddable":true,"href":"https:\/\/portaltela.pt\/api\/wp\/v2\/categories?post=462984"},{"taxonomy":"post_tag","embeddable":true,"href":"https:\/\/portaltela.pt\/api\/wp\/v2\/tags?post=462984"}],"curies":[{"name":"wp","href":"https:\/\/api.w.org\/{rel}","templated":true}]}}