{"id":462982,"date":"2026-04-30T15:34:03","date_gmt":"2026-04-30T18:34:03","guid":{"rendered":"https:\/\/portaltela.pt\/noticias\/2026\/04\/30\/motorista-da-carris-expulsa-mulher-com-hijab-e-mascara\/"},"modified":"2026-04-30T15:34:03","modified_gmt":"2026-04-30T18:34:03","slug":"motorista-da-carris-expulsa-mulher-com-hijab-e-mascara","status":"publish","type":"post","link":"https:\/\/portaltela.pt\/sociedade\/2026\/04\/30\/motorista-da-carris-expulsa-mulher-com-hijab-e-mascara\/","title":{"rendered":"Motorista da Carris expulsa mulher com hijab e m\u00e1scara"},"content":{"rendered":"<p>O motorista da Carris expulso uma mulher mu\u00e7ulmana com hijab e m\u00e1scara de prote\u00e7\u00e3o de um autocarro em Lisboa. O epis\u00f3dio ocorreu na passada sexta-feira de manh\u00e3, na carreira 737, quando a utente tentava entrar no ve\u00edculo. O motorista alegou que n\u00e3o era permitido entrar com o rosto tapado.<\/p>\n<p>A mulher, de 26 anos e natural de Bangladesh, afirma ter sido impedida de embarcar ap\u00f3s deixar os filhos numa escola. Ao ser solicitado a retirar a m\u00e1scara, a passageira baixou-a para mostrar o rosto, mas o motorista insistiu na retirada sob pena de o autocarro n\u00e3o arrancar. A mulher acabou por deixar o autocarro, pressionada por outra passageira.<\/p>\n<p>A Carris abriu um inqu\u00e9rito interno para apurar os factos, afirmando que ir\u00e1 tomar medidas adequadas em conformidade com as conclus\u00f5es do processo. A empresa sublinha princ\u00edpios de inclus\u00e3o, respeito pela diversidade e cumprimento das normas legais.<\/p>\n<h3>Rea\u00e7\u00f5es pol\u00edticas e avalia\u00e7\u00f5es estruturais<\/h3>\n<p>O Bloco de Esquerda questionou a C\u00e2mara Municipal de Lisboa sobre o caso, defendendo que n\u00e3o se trate apenas de um comportamento isolado. A vereadora Carolina Serr\u00e3o pediu informa\u00e7\u00f5es sobre o estado do inqu\u00e9rito interno da Carris, forma\u00e7\u00e3o em interculturalidade e medidas para prevenir discrimina\u00e7\u00e3o no transporte p\u00fablico.<\/p>\n<p>A vereadora ressalvou que a Carris \u00e9 uma empresa municipal detida pela C\u00e2mara e deve pautar-se por legalidade, igualdade e direitos fundamentais. O objetivo \u00e9 entender as dilig\u00eancias, prazos e a\u00e7\u00f5es de forma\u00e7\u00e3o aplicadas pela empresa para evitar epis\u00f3dios semelhantes no futuro.<\/p>\n<p>Mim Akter recorreu a apoio de uma associa\u00e7\u00e3o local e apresentou queixa \u00e0s autoridades e ao livro de reclama\u00e7\u00f5es da Carris. T\u00e9cnicos sociais apontam que o incidente evidencia um ambiente de marginaliza\u00e7\u00e3o que afeta migrantes e comunidades religiosas.<\/p>\n","protected":false},"excerpt":{"rendered":"<ul>\n<li>Mulher bengalesa de 26 anos, que usava hijab e m\u00e1scara, foi expulsa do autocarro da Carris, na linha 737, em Lisboa, na passada sexta-feira de manh\u00e3.<\/li>\n<li>O motorista disse que n\u00e3o podia entrar com a cara tapada; Mim Akter baixou a m\u00e1scara para mostrar o rosto, mas foi avisada a deixar o ve\u00edculo caso n\u00e3o a removesse.<\/li>\n<li>A mulher acabou por sair, depois de press\u00e3o de outra passageira para n\u00e3o arranjar problemas; apresentou queixa e a Carris abriu um inqu\u00e9rito para apurar os factos.<\/li>\n<li>O Bloco de Esquerda questionou a C\u00e2mara Municipal de Lisboa sobre o caso, pedindo informa\u00e7\u00f5es sobre a forma\u00e7\u00e3o da Carris, o processo de averigua\u00e7\u00e3o e medidas para evitar discrimina\u00e7\u00e3o no acesso aos transportes p\u00fablicos.<\/li>\n<\/ul>\n","protected":false},"author":2,"featured_media":462996,"comment_status":"closed","ping_status":"closed","sticky":false,"template":"","format":"standard","meta":{"footnotes":""},"categories":[1,6871],"tags":[8129,8262,8753,7974,7951,9064],"class_list":["post-462982","post","type-post","status-publish","format-standard","has-post-thumbnail","hentry","category-noticias","category-sociedade","tag-_discriminacao","tag-_imigrantes","tag-_inclusao-social","tag-_lisboa","tag-_religiao","tag-_transporte-publico"],"yoast_head":"<!-- This site is optimized with the Yoast SEO plugin v27.2 - https:\/\/yoast.com\/product\/yoast-seo-wordpress\/ -->\n<title>Motorista da Carris expulsa mulher com hijab e m\u00e1scara - Portal Tela Portugal<\/title>\n<meta name=\"robots\" content=\"index, follow, max-snippet:-1, max-image-preview:large, max-video-preview:-1\" \/>\n<meta property=\"og:locale\" content=\"pt_PT\" \/>\n<meta property=\"og:type\" content=\"article\" \/>\n<meta property=\"og:title\" content=\"Motorista da Carris expulsa mulher com hijab e m\u00e1scara - Portal Tela Portugal\" \/>\n<meta property=\"og:description\" content=\"Mulher bengalesa de 26 anos, que usava hijab e m\u00e1scara, foi expulsa do autocarro da Carris, na linha 737, em Lisboa, na passada sexta-feira de manh\u00e3. O motorista disse que n\u00e3o podia entrar com a cara tapada; Mim Akter baixou a m\u00e1scara para mostrar o rosto, mas foi avisada a deixar o ve\u00edculo caso n\u00e3o a removesse. A mulher acabou por sair, depois de press\u00e3o de outra passageira para n\u00e3o arranjar problemas; apresentou queixa e a Carris abriu um inqu\u00e9rito para apurar os factos. O Bloco de Esquerda questionou a C\u00e2mara Municipal de Lisboa sobre o caso, pedindo informa\u00e7\u00f5es sobre a forma\u00e7\u00e3o da Carris, o processo de averigua\u00e7\u00e3o e medidas para evitar discrimina\u00e7\u00e3o no acesso aos transportes p\u00fablicos.\" \/>\n<meta property=\"og:url\" content=\"https:\/\/portaltela.pt\/noticias\/2026\/04\/30\/motorista-da-carris-expulsa-mulher-com-hijab-e-mascara\/\" \/>\n<meta property=\"og:site_name\" content=\"Portal Tela Portugal\" \/>\n<meta property=\"article:published_time\" content=\"2026-04-30T18:34:03+00:00\" \/>\n<meta name=\"author\" content=\"Telinha\" \/>\n<meta name=\"twitter:card\" content=\"summary_large_image\" \/>\n<meta name=\"twitter:label1\" content=\"Escrito por\" \/>\n\t<meta name=\"twitter:data1\" content=\"Telinha\" \/>\n\t<meta name=\"twitter:label2\" content=\"Tempo estimado de leitura\" \/>\n\t<meta name=\"twitter:data2\" content=\"2 minutos\" \/>\n<script type=\"application\/ld+json\" class=\"yoast-schema-graph\">{\"@context\":\"https:\/\/schema.org\",\"@graph\":[{\"@type\":\"Article\",\"@id\":\"https:\/\/portaltela.pt\/noticias\/2026\/04\/30\/motorista-da-carris-expulsa-mulher-com-hijab-e-mascara\/#article\",\"isPartOf\":{\"@id\":\"https:\/\/portaltela.pt\/noticias\/2026\/04\/30\/motorista-da-carris-expulsa-mulher-com-hijab-e-mascara\/\"},\"author\":{\"name\":\"Telinha\",\"@id\":\"https:\/\/portaltela.pt\/#\/schema\/person\/c4278d4a6028830caff9ee44b42d32ed\"},\"headline\":\"Motorista da Carris expulsa mulher com hijab e m\u00e1scara\",\"datePublished\":\"2026-04-30T18:34:03+00:00\",\"mainEntityOfPage\":{\"@id\":\"https:\/\/portaltela.pt\/noticias\/2026\/04\/30\/motorista-da-carris-expulsa-mulher-com-hijab-e-mascara\/\"},\"wordCount\":317,\"image\":{\"@id\":\"https:\/\/portaltela.pt\/noticias\/2026\/04\/30\/motorista-da-carris-expulsa-mulher-com-hijab-e-mascara\/#primaryimage\"},\"thumbnailUrl\":\"https:\/\/portaltela.pt\/s.01k8rhncp4jt1\/2026\/04\/image-1736.jpg\",\"keywords\":[\"_discrimina\u00e7\u00e3o\",\"_imigrantes\",\"_inclus\u00e3o social\",\"_Lisboa\",\"_religi\u00e3o\",\"_transporte p\u00fablico\"],\"articleSection\":[\"Not\u00edcias\",\"Sociedade\"],\"inLanguage\":\"pt-PT\"},{\"@type\":\"WebPage\",\"@id\":\"https:\/\/portaltela.pt\/noticias\/2026\/04\/30\/motorista-da-carris-expulsa-mulher-com-hijab-e-mascara\/\",\"url\":\"https:\/\/portaltela.pt\/noticias\/2026\/04\/30\/motorista-da-carris-expulsa-mulher-com-hijab-e-mascara\/\",\"name\":\"Motorista da Carris expulsa mulher com hijab e m\u00e1scara - Portal Tela Portugal\",\"isPartOf\":{\"@id\":\"https:\/\/portaltela.pt\/#website\"},\"primaryImageOfPage\":{\"@id\":\"https:\/\/portaltela.pt\/noticias\/2026\/04\/30\/motorista-da-carris-expulsa-mulher-com-hijab-e-mascara\/#primaryimage\"},\"image\":{\"@id\":\"https:\/\/portaltela.pt\/noticias\/2026\/04\/30\/motorista-da-carris-expulsa-mulher-com-hijab-e-mascara\/#primaryimage\"},\"thumbnailUrl\":\"https:\/\/portaltela.pt\/s.01k8rhncp4jt1\/2026\/04\/image-1736.jpg\",\"datePublished\":\"2026-04-30T18:34:03+00:00\",\"author\":{\"@id\":\"https:\/\/portaltela.pt\/#\/schema\/person\/c4278d4a6028830caff9ee44b42d32ed\"},\"breadcrumb\":{\"@id\":\"https:\/\/portaltela.pt\/noticias\/2026\/04\/30\/motorista-da-carris-expulsa-mulher-com-hijab-e-mascara\/#breadcrumb\"},\"inLanguage\":\"pt-PT\",\"potentialAction\":[{\"@type\":\"ReadAction\",\"target\":[\"https:\/\/portaltela.pt\/noticias\/2026\/04\/30\/motorista-da-carris-expulsa-mulher-com-hijab-e-mascara\/\"]}]},{\"@type\":\"ImageObject\",\"inLanguage\":\"pt-PT\",\"@id\":\"https:\/\/portaltela.pt\/noticias\/2026\/04\/30\/motorista-da-carris-expulsa-mulher-com-hijab-e-mascara\/#primaryimage\",\"url\":\"https:\/\/portaltela.pt\/s.01k8rhncp4jt1\/2026\/04\/image-1736.jpg\",\"contentUrl\":\"https:\/\/portaltela.pt\/s.01k8rhncp4jt1\/2026\/04\/image-1736.jpg\",\"width\":796,\"height\":448,\"caption\":\"Motorista da Carris ter\u00e1 insistido que a passageira sa\u00edsse do autocarro\"},{\"@type\":\"BreadcrumbList\",\"@id\":\"https:\/\/portaltela.pt\/noticias\/2026\/04\/30\/motorista-da-carris-expulsa-mulher-com-hijab-e-mascara\/#breadcrumb\",\"itemListElement\":[{\"@type\":\"ListItem\",\"position\":1,\"name\":\"In\u00edcio\",\"item\":\"https:\/\/portaltela.pt\/\"},{\"@type\":\"ListItem\",\"position\":2,\"name\":\"Motorista da Carris expulsa mulher com hijab e m\u00e1scara\"}]},{\"@type\":\"WebSite\",\"@id\":\"https:\/\/portaltela.pt\/#website\",\"url\":\"https:\/\/portaltela.pt\/\",\"name\":\"Portal Tela Portugal\",\"description\":\"\",\"potentialAction\":[{\"@type\":\"SearchAction\",\"target\":{\"@type\":\"EntryPoint\",\"urlTemplate\":\"https:\/\/portaltela.pt\/?s={search_term_string}\"},\"query-input\":{\"@type\":\"PropertyValueSpecification\",\"valueRequired\":true,\"valueName\":\"search_term_string\"}}],\"inLanguage\":\"pt-PT\"},{\"@type\":\"Person\",\"@id\":\"https:\/\/portaltela.pt\/#\/schema\/person\/c4278d4a6028830caff9ee44b42d32ed\",\"name\":\"Telinha\",\"image\":{\"@type\":\"ImageObject\",\"inLanguage\":\"pt-PT\",\"@id\":\"https:\/\/portaltela.pt\/s.01k8rhncp4jt1\/2025\/11\/talking-bot-125x125.png\",\"url\":\"https:\/\/portaltela.pt\/s.01k8rhncp4jt1\/2025\/11\/talking-bot-125x125.png\",\"contentUrl\":\"https:\/\/portaltela.pt\/s.01k8rhncp4jt1\/2025\/11\/talking-bot-125x125.png\",\"caption\":\"Telinha\"},\"sameAs\":[\"https:\/\/portaltela.pt\/\"],\"url\":\"https:\/\/portaltela.pt\/por\/367410592786\/\"}]}<\/script>\n<!-- \/ Yoast SEO plugin. -->","yoast_head_json":{"title":"Motorista da Carris expulsa mulher com hijab e m\u00e1scara - Portal Tela Portugal","robots":{"index":"index","follow":"follow","max-snippet":"max-snippet:-1","max-image-preview":"max-image-preview:large","max-video-preview":"max-video-preview:-1"},"og_locale":"pt_PT","og_type":"article","og_title":"Motorista da Carris expulsa mulher com hijab e m\u00e1scara - Portal Tela Portugal","og_description":"Mulher bengalesa de 26 anos, que usava hijab e m\u00e1scara, foi expulsa do autocarro da Carris, na linha 737, em Lisboa, na passada sexta-feira de manh\u00e3. O motorista disse que n\u00e3o podia entrar com a cara tapada; Mim Akter baixou a m\u00e1scara para mostrar o rosto, mas foi avisada a deixar o ve\u00edculo caso n\u00e3o a removesse. A mulher acabou por sair, depois de press\u00e3o de outra passageira para n\u00e3o arranjar problemas; apresentou queixa e a Carris abriu um inqu\u00e9rito para apurar os factos. O Bloco de Esquerda questionou a C\u00e2mara Municipal de Lisboa sobre o caso, pedindo informa\u00e7\u00f5es sobre a forma\u00e7\u00e3o da Carris, o processo de averigua\u00e7\u00e3o e medidas para evitar discrimina\u00e7\u00e3o no acesso aos transportes p\u00fablicos.","og_url":"https:\/\/portaltela.pt\/noticias\/2026\/04\/30\/motorista-da-carris-expulsa-mulher-com-hijab-e-mascara\/","og_site_name":"Portal Tela Portugal","article_published_time":"2026-04-30T18:34:03+00:00","author":"Telinha","twitter_card":"summary_large_image","twitter_misc":{"Escrito por":"Telinha","Tempo estimado de leitura":"2 minutos"},"schema":{"@context":"https:\/\/schema.org","@graph":[{"@type":"Article","@id":"https:\/\/portaltela.pt\/noticias\/2026\/04\/30\/motorista-da-carris-expulsa-mulher-com-hijab-e-mascara\/#article","isPartOf":{"@id":"https:\/\/portaltela.pt\/noticias\/2026\/04\/30\/motorista-da-carris-expulsa-mulher-com-hijab-e-mascara\/"},"author":{"name":"Telinha","@id":"https:\/\/portaltela.pt\/#\/schema\/person\/c4278d4a6028830caff9ee44b42d32ed"},"headline":"Motorista da Carris expulsa mulher com hijab e m\u00e1scara","datePublished":"2026-04-30T18:34:03+00:00","mainEntityOfPage":{"@id":"https:\/\/portaltela.pt\/noticias\/2026\/04\/30\/motorista-da-carris-expulsa-mulher-com-hijab-e-mascara\/"},"wordCount":317,"image":{"@id":"https:\/\/portaltela.pt\/noticias\/2026\/04\/30\/motorista-da-carris-expulsa-mulher-com-hijab-e-mascara\/#primaryimage"},"thumbnailUrl":"https:\/\/portaltela.pt\/s.01k8rhncp4jt1\/2026\/04\/image-1736.jpg","keywords":["_discrimina\u00e7\u00e3o","_imigrantes","_inclus\u00e3o social","_Lisboa","_religi\u00e3o","_transporte p\u00fablico"],"articleSection":["Not\u00edcias","Sociedade"],"inLanguage":"pt-PT"},{"@type":"WebPage","@id":"https:\/\/portaltela.pt\/noticias\/2026\/04\/30\/motorista-da-carris-expulsa-mulher-com-hijab-e-mascara\/","url":"https:\/\/portaltela.pt\/noticias\/2026\/04\/30\/motorista-da-carris-expulsa-mulher-com-hijab-e-mascara\/","name":"Motorista da Carris expulsa mulher com hijab e m\u00e1scara - Portal Tela Portugal","isPartOf":{"@id":"https:\/\/portaltela.pt\/#website"},"primaryImageOfPage":{"@id":"https:\/\/portaltela.pt\/noticias\/2026\/04\/30\/motorista-da-carris-expulsa-mulher-com-hijab-e-mascara\/#primaryimage"},"image":{"@id":"https:\/\/portaltela.pt\/noticias\/2026\/04\/30\/motorista-da-carris-expulsa-mulher-com-hijab-e-mascara\/#primaryimage"},"thumbnailUrl":"https:\/\/portaltela.pt\/s.01k8rhncp4jt1\/2026\/04\/image-1736.jpg","datePublished":"2026-04-30T18:34:03+00:00","author":{"@id":"https:\/\/portaltela.pt\/#\/schema\/person\/c4278d4a6028830caff9ee44b42d32ed"},"breadcrumb":{"@id":"https:\/\/portaltela.pt\/noticias\/2026\/04\/30\/motorista-da-carris-expulsa-mulher-com-hijab-e-mascara\/#breadcrumb"},"inLanguage":"pt-PT","potentialAction":[{"@type":"ReadAction","target":["https:\/\/portaltela.pt\/noticias\/2026\/04\/30\/motorista-da-carris-expulsa-mulher-com-hijab-e-mascara\/"]}]},{"@type":"ImageObject","inLanguage":"pt-PT","@id":"https:\/\/portaltela.pt\/noticias\/2026\/04\/30\/motorista-da-carris-expulsa-mulher-com-hijab-e-mascara\/#primaryimage","url":"https:\/\/portaltela.pt\/s.01k8rhncp4jt1\/2026\/04\/image-1736.jpg","contentUrl":"https:\/\/portaltela.pt\/s.01k8rhncp4jt1\/2026\/04\/image-1736.jpg","width":796,"height":448,"caption":"Motorista da Carris ter\u00e1 insistido que a passageira sa\u00edsse do autocarro"},{"@type":"BreadcrumbList","@id":"https:\/\/portaltela.pt\/noticias\/2026\/04\/30\/motorista-da-carris-expulsa-mulher-com-hijab-e-mascara\/#breadcrumb","itemListElement":[{"@type":"ListItem","position":1,"name":"In\u00edcio","item":"https:\/\/portaltela.pt\/"},{"@type":"ListItem","position":2,"name":"Motorista da Carris expulsa mulher com hijab e m\u00e1scara"}]},{"@type":"WebSite","@id":"https:\/\/portaltela.pt\/#website","url":"https:\/\/portaltela.pt\/","name":"Portal Tela Portugal","description":"","potentialAction":[{"@type":"SearchAction","target":{"@type":"EntryPoint","urlTemplate":"https:\/\/portaltela.pt\/?s={search_term_string}"},"query-input":{"@type":"PropertyValueSpecification","valueRequired":true,"valueName":"search_term_string"}}],"inLanguage":"pt-PT"},{"@type":"Person","@id":"https:\/\/portaltela.pt\/#\/schema\/person\/c4278d4a6028830caff9ee44b42d32ed","name":"Telinha","image":{"@type":"ImageObject","inLanguage":"pt-PT","@id":"https:\/\/portaltela.pt\/s.01k8rhncp4jt1\/2025\/11\/talking-bot-125x125.png","url":"https:\/\/portaltela.pt\/s.01k8rhncp4jt1\/2025\/11\/talking-bot-125x125.png","contentUrl":"https:\/\/portaltela.pt\/s.01k8rhncp4jt1\/2025\/11\/talking-bot-125x125.png","caption":"Telinha"},"sameAs":["https:\/\/portaltela.pt\/"],"url":"https:\/\/portaltela.pt\/por\/367410592786\/"}]}},"_links":{"self":[{"href":"https:\/\/portaltela.pt\/api\/wp\/v2\/posts\/462982","targetHints":{"allow":["GET"]}}],"collection":[{"href":"https:\/\/portaltela.pt\/api\/wp\/v2\/posts"}],"about":[{"href":"https:\/\/portaltela.pt\/api\/wp\/v2\/types\/post"}],"author":[{"embeddable":true,"href":"https:\/\/portaltela.pt\/api\/wp\/v2\/users\/2"}],"replies":[{"embeddable":true,"href":"https:\/\/portaltela.pt\/api\/wp\/v2\/comments?post=462982"}],"version-history":[{"count":0,"href":"https:\/\/portaltela.pt\/api\/wp\/v2\/posts\/462982\/revisions"}],"wp:featuredmedia":[{"embeddable":true,"href":"https:\/\/portaltela.pt\/api\/wp\/v2\/media\/462996"}],"wp:attachment":[{"href":"https:\/\/portaltela.pt\/api\/wp\/v2\/media?parent=462982"}],"wp:term":[{"taxonomy":"category","embeddable":true,"href":"https:\/\/portaltela.pt\/api\/wp\/v2\/categories?post=462982"},{"taxonomy":"post_tag","embeddable":true,"href":"https:\/\/portaltela.pt\/api\/wp\/v2\/tags?post=462982"}],"curies":[{"name":"wp","href":"https:\/\/api.w.org\/{rel}","templated":true}]}}