{"id":462963,"date":"2026-04-30T15:22:21","date_gmt":"2026-04-30T18:22:21","guid":{"rendered":"https:\/\/portaltela.pt\/noticias\/2026\/04\/30\/relacoes-ue-china-avancos-e-desafios-em-debate\/"},"modified":"2026-04-30T15:22:21","modified_gmt":"2026-04-30T18:22:21","slug":"relacoes-ue-china-avancos-e-desafios-em-debate","status":"publish","type":"post","link":"https:\/\/portaltela.pt\/geopolitica\/2026\/04\/30\/relacoes-ue-china-avancos-e-desafios-em-debate\/","title":{"rendered":"Rela\u00e7\u00f5es UE-China: avan\u00e7os e desafios em debate"},"content":{"rendered":"<p>A Uni\u00e3o Europeia comprometeu-se a defender a sua ind\u00fastria, mesmo diante de press\u00f5es chinesas. O Comiss\u00e1rio Europeu do Com\u00e9rcio, Maro\u0161 \u0160ef\u010dovi\u010d, afirmou que o esfor\u00e7o visa proteger empregos e o tecido produtivo europeu, sem recuar face a Pequim. A posi\u00e7\u00e3o foi comunicada numa altura de tens\u00f5es comerciais entre as duas partes.<\/p>\n<p>Os servi\u00e7os da Comiss\u00e3o Europeia estudam ferramentas para combater rivais chineses, incluindo o Instrumento Anti-Coa\u00e7\u00e3o, ainda em fase de avalia\u00e7\u00e3o. A proposta surge num contexto de diverg\u00eancias entre os Estados-membros sobre o caminho a seguir para conter o d\u00e9fice comercial com a China.<\/p>\n<h3>Medidas setoriais e reac\u00e7\u00f5es internacionais<\/h3>\n<p>Fontes indicam que produtores qu\u00edmicos da UE querem abrir umainvestiga\u00e7\u00e3o sobre o grupo chin\u00eas LB, ao interesse de adquirir uma f\u00e1brica no Reino Unido para exportar para a UE. A avalia\u00e7\u00e3o decorre por receios de contornar direitos antidumping.<\/p>\n<h3>Rela\u00e7\u00f5es UE-China e mat\u00e9rias-primas<\/h3>\n<p>A UE enfrenta dificuldades em assegurar fornecimentos de terras raras, com a China a dominar grande parte da cadeia de abastecimento. A Europa tem mantido uma postura de cautela e procura diversificar fornecedores e acelerar investimentos em produ\u00e7\u00e3o local.<\/p>\n<h3>Pol\u00edtica de ve\u00edculos el\u00e9tricos e subs\u00eddios<\/h3>\n<p>A UE publicou orienta\u00e7\u00f5es para permitir propostas de pre\u00e7os m\u00ednimos por parte de fabricantes chineses de ve\u00edculos el\u00e9tricos. A medida visa ajustar tarifas e enfrentar subs\u00eddios de Pequim, mantendo o equil\u00edbrio competitivo no mercado europeu.<\/p>\n<h3>Coopera\u00e7\u00e3o e ambi\u00e7\u00f5es estrat\u00e9gicas<\/h3>\n<p>O tema envolve ainda a rela\u00e7\u00e3o entre UE, China e pa\u00edses terceiros, com Portugal e Espanha a manterem contactos de alto n\u00edvel. O objetivo \u00e9 evitar extravios geopol\u00edticos e refor\u00e7ar a resili\u00eancia industrial europeia.<\/p>\n","protected":false},"excerpt":{"rendered":"<ul>\n<li>A Uni\u00e3o Europeia promete lutar \u201ccom unhas e dentes\u201d pela sua ind\u00fastria, apesar das amea\u00e7as vindas de Pequim, visando proteger o emprego e a ind\u00fastria europeia.<\/li>\n<li>Os servi\u00e7os da Comiss\u00e3o Europeia estudam ferramentas para combater rivais chineses, incluindo o Instrumento Anti-Coer\u00e7\u00e3o, mas os Estados-membros permanecem divididos sobre a aplica\u00e7\u00e3o.<\/li>\n<li>A China critica a iniciativa europeia para impulsionar a ind\u00fastria local e avisa que pode responder com contra-medidas.<\/li>\n<li>Produtores europeus de qu\u00edmicos pretendem abrir investiga\u00e7\u00e3o \u00e0 empresa chinesa LB, que pretende adquirir f\u00e1brica no Reino Unido para exportar para a UE.<\/li>\n<li>A China domina grande parte da cadeia de fornecimento mundial de terras raras, enquanto a Europa permanece estagnada, aumentando a preocupa\u00e7\u00e3o com a depend\u00eancia cr\u00edtica.<\/li>\n<\/ul>\n","protected":false},"author":2,"featured_media":462964,"comment_status":"closed","ping_status":"closed","sticky":false,"template":"","format":"standard","meta":{"footnotes":""},"categories":[6814],"tags":[7470,244,3861,255,27,2055],"class_list":["post-462963","post","type-post","status-publish","format-standard","has-post-thumbnail","hentry","category-geopolitica","tag-china","tag-comercio","tag-economia-internacional","tag-industria","tag-relacoes-internacionais","tag-uniao-europeia"],"yoast_head":"<!-- This site is optimized with the Yoast SEO plugin v27.2 - https:\/\/yoast.com\/product\/yoast-seo-wordpress\/ -->\n<title>Rela\u00e7\u00f5es UE-China: avan\u00e7os e desafios em debate - Portal Tela Portugal<\/title>\n<meta name=\"robots\" content=\"index, follow, max-snippet:-1, max-image-preview:large, max-video-preview:-1\" \/>\n<meta property=\"og:locale\" content=\"pt_PT\" \/>\n<meta property=\"og:type\" content=\"article\" \/>\n<meta property=\"og:title\" content=\"Rela\u00e7\u00f5es UE-China: avan\u00e7os e desafios em debate - Portal Tela Portugal\" \/>\n<meta property=\"og:description\" content=\"A Uni\u00e3o Europeia promete lutar \u201ccom unhas e dentes\u201d pela sua ind\u00fastria, apesar das amea\u00e7as vindas de Pequim, visando proteger o emprego e a ind\u00fastria europeia. Os servi\u00e7os da Comiss\u00e3o Europeia estudam ferramentas para combater rivais chineses, incluindo o Instrumento Anti-Coer\u00e7\u00e3o, mas os Estados-membros permanecem divididos sobre a aplica\u00e7\u00e3o. A China critica a iniciativa europeia para impulsionar a ind\u00fastria local e avisa que pode responder com contra-medidas. Produtores europeus de qu\u00edmicos pretendem abrir investiga\u00e7\u00e3o \u00e0 empresa chinesa LB, que pretende adquirir f\u00e1brica no Reino Unido para exportar para a UE. A China domina grande parte da cadeia de fornecimento mundial de terras raras, enquanto a Europa permanece estagnada, aumentando a preocupa\u00e7\u00e3o com a depend\u00eancia cr\u00edtica.\" \/>\n<meta property=\"og:url\" content=\"https:\/\/portaltela.pt\/noticias\/2026\/04\/30\/relacoes-ue-china-avancos-e-desafios-em-debate\/\" \/>\n<meta property=\"og:site_name\" content=\"Portal Tela Portugal\" \/>\n<meta property=\"article:published_time\" content=\"2026-04-30T18:22:21+00:00\" \/>\n<meta name=\"author\" content=\"Telinha\" \/>\n<meta name=\"twitter:card\" content=\"summary_large_image\" \/>\n<meta name=\"twitter:label1\" content=\"Escrito por\" \/>\n\t<meta name=\"twitter:data1\" content=\"Telinha\" \/>\n\t<meta name=\"twitter:label2\" content=\"Tempo estimado de leitura\" \/>\n\t<meta name=\"twitter:data2\" content=\"2 minutos\" \/>\n<script type=\"application\/ld+json\" class=\"yoast-schema-graph\">{\"@context\":\"https:\/\/schema.org\",\"@graph\":[{\"@type\":\"Article\",\"@id\":\"https:\/\/portaltela.pt\/noticias\/2026\/04\/30\/relacoes-ue-china-avancos-e-desafios-em-debate\/#article\",\"isPartOf\":{\"@id\":\"https:\/\/portaltela.pt\/noticias\/2026\/04\/30\/relacoes-ue-china-avancos-e-desafios-em-debate\/\"},\"author\":{\"name\":\"Telinha\",\"@id\":\"https:\/\/portaltela.pt\/#\/schema\/person\/c4278d4a6028830caff9ee44b42d32ed\"},\"headline\":\"Rela\u00e7\u00f5es UE-China: avan\u00e7os e desafios em debate\",\"datePublished\":\"2026-04-30T18:22:21+00:00\",\"mainEntityOfPage\":{\"@id\":\"https:\/\/portaltela.pt\/noticias\/2026\/04\/30\/relacoes-ue-china-avancos-e-desafios-em-debate\/\"},\"wordCount\":311,\"image\":{\"@id\":\"https:\/\/portaltela.pt\/noticias\/2026\/04\/30\/relacoes-ue-china-avancos-e-desafios-em-debate\/#primaryimage\"},\"thumbnailUrl\":\"https:\/\/portaltela.pt\/s.01k8rhncp4jt1\/2026\/04\/320x180_cmsv2_54f93b44-b997-5da0-90c5-490de96e9859-9548857.jpg\",\"keywords\":[\"China\",\"com\u00e9rcio\",\"economia internacional\",\"ind\u00fastria\",\"rela\u00e7\u00f5es internacionais\",\"Uni\u00e3o Europeia\"],\"articleSection\":[\"Geopol\u00edtica\"],\"inLanguage\":\"pt-PT\"},{\"@type\":\"WebPage\",\"@id\":\"https:\/\/portaltela.pt\/noticias\/2026\/04\/30\/relacoes-ue-china-avancos-e-desafios-em-debate\/\",\"url\":\"https:\/\/portaltela.pt\/noticias\/2026\/04\/30\/relacoes-ue-china-avancos-e-desafios-em-debate\/\",\"name\":\"Rela\u00e7\u00f5es UE-China: avan\u00e7os e desafios em debate - Portal Tela Portugal\",\"isPartOf\":{\"@id\":\"https:\/\/portaltela.pt\/#website\"},\"primaryImageOfPage\":{\"@id\":\"https:\/\/portaltela.pt\/noticias\/2026\/04\/30\/relacoes-ue-china-avancos-e-desafios-em-debate\/#primaryimage\"},\"image\":{\"@id\":\"https:\/\/portaltela.pt\/noticias\/2026\/04\/30\/relacoes-ue-china-avancos-e-desafios-em-debate\/#primaryimage\"},\"thumbnailUrl\":\"https:\/\/portaltela.pt\/s.01k8rhncp4jt1\/2026\/04\/320x180_cmsv2_54f93b44-b997-5da0-90c5-490de96e9859-9548857.jpg\",\"datePublished\":\"2026-04-30T18:22:21+00:00\",\"author\":{\"@id\":\"https:\/\/portaltela.pt\/#\/schema\/person\/c4278d4a6028830caff9ee44b42d32ed\"},\"breadcrumb\":{\"@id\":\"https:\/\/portaltela.pt\/noticias\/2026\/04\/30\/relacoes-ue-china-avancos-e-desafios-em-debate\/#breadcrumb\"},\"inLanguage\":\"pt-PT\",\"potentialAction\":[{\"@type\":\"ReadAction\",\"target\":[\"https:\/\/portaltela.pt\/noticias\/2026\/04\/30\/relacoes-ue-china-avancos-e-desafios-em-debate\/\"]}]},{\"@type\":\"ImageObject\",\"inLanguage\":\"pt-PT\",\"@id\":\"https:\/\/portaltela.pt\/noticias\/2026\/04\/30\/relacoes-ue-china-avancos-e-desafios-em-debate\/#primaryimage\",\"url\":\"https:\/\/portaltela.pt\/s.01k8rhncp4jt1\/2026\/04\/320x180_cmsv2_54f93b44-b997-5da0-90c5-490de96e9859-9548857.jpg\",\"contentUrl\":\"https:\/\/portaltela.pt\/s.01k8rhncp4jt1\/2026\/04\/320x180_cmsv2_54f93b44-b997-5da0-90c5-490de96e9859-9548857.jpg\",\"width\":796,\"height\":448,\"caption\":\"O Comiss\u00e1rio Europeu do Com\u00e9rcio, Maro\u0161 \u0160ef\u010dovi\u010d, promete lutar pelo emprego e pela ind\u00fastria da UE.\"},{\"@type\":\"BreadcrumbList\",\"@id\":\"https:\/\/portaltela.pt\/noticias\/2026\/04\/30\/relacoes-ue-china-avancos-e-desafios-em-debate\/#breadcrumb\",\"itemListElement\":[{\"@type\":\"ListItem\",\"position\":1,\"name\":\"In\u00edcio\",\"item\":\"https:\/\/portaltela.pt\/\"},{\"@type\":\"ListItem\",\"position\":2,\"name\":\"Rela\u00e7\u00f5es UE-China: avan\u00e7os e desafios em debate\"}]},{\"@type\":\"WebSite\",\"@id\":\"https:\/\/portaltela.pt\/#website\",\"url\":\"https:\/\/portaltela.pt\/\",\"name\":\"Portal Tela Portugal\",\"description\":\"\",\"potentialAction\":[{\"@type\":\"SearchAction\",\"target\":{\"@type\":\"EntryPoint\",\"urlTemplate\":\"https:\/\/portaltela.pt\/?s={search_term_string}\"},\"query-input\":{\"@type\":\"PropertyValueSpecification\",\"valueRequired\":true,\"valueName\":\"search_term_string\"}}],\"inLanguage\":\"pt-PT\"},{\"@type\":\"Person\",\"@id\":\"https:\/\/portaltela.pt\/#\/schema\/person\/c4278d4a6028830caff9ee44b42d32ed\",\"name\":\"Telinha\",\"image\":{\"@type\":\"ImageObject\",\"inLanguage\":\"pt-PT\",\"@id\":\"https:\/\/portaltela.pt\/s.01k8rhncp4jt1\/2025\/11\/talking-bot-125x125.png\",\"url\":\"https:\/\/portaltela.pt\/s.01k8rhncp4jt1\/2025\/11\/talking-bot-125x125.png\",\"contentUrl\":\"https:\/\/portaltela.pt\/s.01k8rhncp4jt1\/2025\/11\/talking-bot-125x125.png\",\"caption\":\"Telinha\"},\"sameAs\":[\"https:\/\/portaltela.pt\/\"],\"url\":\"https:\/\/portaltela.pt\/por\/367410592786\/\"}]}<\/script>\n<!-- \/ Yoast SEO plugin. -->","yoast_head_json":{"title":"Rela\u00e7\u00f5es UE-China: avan\u00e7os e desafios em debate - Portal Tela Portugal","robots":{"index":"index","follow":"follow","max-snippet":"max-snippet:-1","max-image-preview":"max-image-preview:large","max-video-preview":"max-video-preview:-1"},"og_locale":"pt_PT","og_type":"article","og_title":"Rela\u00e7\u00f5es UE-China: avan\u00e7os e desafios em debate - Portal Tela Portugal","og_description":"A Uni\u00e3o Europeia promete lutar \u201ccom unhas e dentes\u201d pela sua ind\u00fastria, apesar das amea\u00e7as vindas de Pequim, visando proteger o emprego e a ind\u00fastria europeia. Os servi\u00e7os da Comiss\u00e3o Europeia estudam ferramentas para combater rivais chineses, incluindo o Instrumento Anti-Coer\u00e7\u00e3o, mas os Estados-membros permanecem divididos sobre a aplica\u00e7\u00e3o. A China critica a iniciativa europeia para impulsionar a ind\u00fastria local e avisa que pode responder com contra-medidas. Produtores europeus de qu\u00edmicos pretendem abrir investiga\u00e7\u00e3o \u00e0 empresa chinesa LB, que pretende adquirir f\u00e1brica no Reino Unido para exportar para a UE. A China domina grande parte da cadeia de fornecimento mundial de terras raras, enquanto a Europa permanece estagnada, aumentando a preocupa\u00e7\u00e3o com a depend\u00eancia cr\u00edtica.","og_url":"https:\/\/portaltela.pt\/noticias\/2026\/04\/30\/relacoes-ue-china-avancos-e-desafios-em-debate\/","og_site_name":"Portal Tela Portugal","article_published_time":"2026-04-30T18:22:21+00:00","author":"Telinha","twitter_card":"summary_large_image","twitter_misc":{"Escrito por":"Telinha","Tempo estimado de leitura":"2 minutos"},"schema":{"@context":"https:\/\/schema.org","@graph":[{"@type":"Article","@id":"https:\/\/portaltela.pt\/noticias\/2026\/04\/30\/relacoes-ue-china-avancos-e-desafios-em-debate\/#article","isPartOf":{"@id":"https:\/\/portaltela.pt\/noticias\/2026\/04\/30\/relacoes-ue-china-avancos-e-desafios-em-debate\/"},"author":{"name":"Telinha","@id":"https:\/\/portaltela.pt\/#\/schema\/person\/c4278d4a6028830caff9ee44b42d32ed"},"headline":"Rela\u00e7\u00f5es UE-China: avan\u00e7os e desafios em debate","datePublished":"2026-04-30T18:22:21+00:00","mainEntityOfPage":{"@id":"https:\/\/portaltela.pt\/noticias\/2026\/04\/30\/relacoes-ue-china-avancos-e-desafios-em-debate\/"},"wordCount":311,"image":{"@id":"https:\/\/portaltela.pt\/noticias\/2026\/04\/30\/relacoes-ue-china-avancos-e-desafios-em-debate\/#primaryimage"},"thumbnailUrl":"https:\/\/portaltela.pt\/s.01k8rhncp4jt1\/2026\/04\/320x180_cmsv2_54f93b44-b997-5da0-90c5-490de96e9859-9548857.jpg","keywords":["China","com\u00e9rcio","economia internacional","ind\u00fastria","rela\u00e7\u00f5es internacionais","Uni\u00e3o Europeia"],"articleSection":["Geopol\u00edtica"],"inLanguage":"pt-PT"},{"@type":"WebPage","@id":"https:\/\/portaltela.pt\/noticias\/2026\/04\/30\/relacoes-ue-china-avancos-e-desafios-em-debate\/","url":"https:\/\/portaltela.pt\/noticias\/2026\/04\/30\/relacoes-ue-china-avancos-e-desafios-em-debate\/","name":"Rela\u00e7\u00f5es UE-China: avan\u00e7os e desafios em debate - Portal Tela Portugal","isPartOf":{"@id":"https:\/\/portaltela.pt\/#website"},"primaryImageOfPage":{"@id":"https:\/\/portaltela.pt\/noticias\/2026\/04\/30\/relacoes-ue-china-avancos-e-desafios-em-debate\/#primaryimage"},"image":{"@id":"https:\/\/portaltela.pt\/noticias\/2026\/04\/30\/relacoes-ue-china-avancos-e-desafios-em-debate\/#primaryimage"},"thumbnailUrl":"https:\/\/portaltela.pt\/s.01k8rhncp4jt1\/2026\/04\/320x180_cmsv2_54f93b44-b997-5da0-90c5-490de96e9859-9548857.jpg","datePublished":"2026-04-30T18:22:21+00:00","author":{"@id":"https:\/\/portaltela.pt\/#\/schema\/person\/c4278d4a6028830caff9ee44b42d32ed"},"breadcrumb":{"@id":"https:\/\/portaltela.pt\/noticias\/2026\/04\/30\/relacoes-ue-china-avancos-e-desafios-em-debate\/#breadcrumb"},"inLanguage":"pt-PT","potentialAction":[{"@type":"ReadAction","target":["https:\/\/portaltela.pt\/noticias\/2026\/04\/30\/relacoes-ue-china-avancos-e-desafios-em-debate\/"]}]},{"@type":"ImageObject","inLanguage":"pt-PT","@id":"https:\/\/portaltela.pt\/noticias\/2026\/04\/30\/relacoes-ue-china-avancos-e-desafios-em-debate\/#primaryimage","url":"https:\/\/portaltela.pt\/s.01k8rhncp4jt1\/2026\/04\/320x180_cmsv2_54f93b44-b997-5da0-90c5-490de96e9859-9548857.jpg","contentUrl":"https:\/\/portaltela.pt\/s.01k8rhncp4jt1\/2026\/04\/320x180_cmsv2_54f93b44-b997-5da0-90c5-490de96e9859-9548857.jpg","width":796,"height":448,"caption":"O Comiss\u00e1rio Europeu do Com\u00e9rcio, Maro\u0161 \u0160ef\u010dovi\u010d, promete lutar pelo emprego e pela ind\u00fastria da UE."},{"@type":"BreadcrumbList","@id":"https:\/\/portaltela.pt\/noticias\/2026\/04\/30\/relacoes-ue-china-avancos-e-desafios-em-debate\/#breadcrumb","itemListElement":[{"@type":"ListItem","position":1,"name":"In\u00edcio","item":"https:\/\/portaltela.pt\/"},{"@type":"ListItem","position":2,"name":"Rela\u00e7\u00f5es UE-China: avan\u00e7os e desafios em debate"}]},{"@type":"WebSite","@id":"https:\/\/portaltela.pt\/#website","url":"https:\/\/portaltela.pt\/","name":"Portal Tela Portugal","description":"","potentialAction":[{"@type":"SearchAction","target":{"@type":"EntryPoint","urlTemplate":"https:\/\/portaltela.pt\/?s={search_term_string}"},"query-input":{"@type":"PropertyValueSpecification","valueRequired":true,"valueName":"search_term_string"}}],"inLanguage":"pt-PT"},{"@type":"Person","@id":"https:\/\/portaltela.pt\/#\/schema\/person\/c4278d4a6028830caff9ee44b42d32ed","name":"Telinha","image":{"@type":"ImageObject","inLanguage":"pt-PT","@id":"https:\/\/portaltela.pt\/s.01k8rhncp4jt1\/2025\/11\/talking-bot-125x125.png","url":"https:\/\/portaltela.pt\/s.01k8rhncp4jt1\/2025\/11\/talking-bot-125x125.png","contentUrl":"https:\/\/portaltela.pt\/s.01k8rhncp4jt1\/2025\/11\/talking-bot-125x125.png","caption":"Telinha"},"sameAs":["https:\/\/portaltela.pt\/"],"url":"https:\/\/portaltela.pt\/por\/367410592786\/"}]}},"_links":{"self":[{"href":"https:\/\/portaltela.pt\/api\/wp\/v2\/posts\/462963","targetHints":{"allow":["GET"]}}],"collection":[{"href":"https:\/\/portaltela.pt\/api\/wp\/v2\/posts"}],"about":[{"href":"https:\/\/portaltela.pt\/api\/wp\/v2\/types\/post"}],"author":[{"embeddable":true,"href":"https:\/\/portaltela.pt\/api\/wp\/v2\/users\/2"}],"replies":[{"embeddable":true,"href":"https:\/\/portaltela.pt\/api\/wp\/v2\/comments?post=462963"}],"version-history":[{"count":0,"href":"https:\/\/portaltela.pt\/api\/wp\/v2\/posts\/462963\/revisions"}],"wp:featuredmedia":[{"embeddable":true,"href":"https:\/\/portaltela.pt\/api\/wp\/v2\/media\/462964"}],"wp:attachment":[{"href":"https:\/\/portaltela.pt\/api\/wp\/v2\/media?parent=462963"}],"wp:term":[{"taxonomy":"category","embeddable":true,"href":"https:\/\/portaltela.pt\/api\/wp\/v2\/categories?post=462963"},{"taxonomy":"post_tag","embeddable":true,"href":"https:\/\/portaltela.pt\/api\/wp\/v2\/tags?post=462963"}],"curies":[{"name":"wp","href":"https:\/\/api.w.org\/{rel}","templated":true}]}}