{"id":462948,"date":"2026-04-30T15:17:56","date_gmt":"2026-04-30T18:17:56","guid":{"rendered":"https:\/\/portaltela.pt\/noticias\/2026\/04\/30\/carlos-vicens-ajusta-xi-do-braga-para-o-duelo-europeu-com-friburgo\/"},"modified":"2026-04-30T15:17:56","modified_gmt":"2026-04-30T18:17:56","slug":"carlos-vicens-ajusta-xi-do-braga-para-o-duelo-europeu-com-friburgo","status":"publish","type":"post","link":"https:\/\/portaltela.pt\/desporto\/futebol\/2026\/04\/30\/carlos-vicens-ajusta-xi-do-braga-para-o-duelo-europeu-com-friburgo\/","title":{"rendered":"Carlos Vicens ajusta XI do Braga para o duelo europeu com Friburgo"},"content":{"rendered":"<p>O Sporting de Braga recebe o Friburgo, no jogo da primeira m\u00e3o das meias-finais da Liga Europa, hoje \u00e0s 20h. Carlos Vicens promoveu uma revolu\u00e7\u00e3o no onze inicial em rela\u00e7\u00e3o ao \u00faltimo duelo da Liga Portuguesa, frente ao Santa Clara.<\/p>\n<p>O t\u00e9cnico espanhol mudou oito posi\u00e7\u00f5es, mantendo apenas tr\u00eas elementos do duelo anterior. Na baliza, Horn\u00ed\u010dek substitui Tiago S\u00e1; na defesa, entram Lagerbielke e Paulo Oliveira ao lado de V\u00edtor Carvalho. No meio-campo, Moutinho e Grllitsch regressam, com Tiknaz a manter-se.<\/p>\n<p>No ataque, Vicens aposta em Ricardo Horta e Pau V\u00edctor, acompanhados por Zalazar, em detrimento de Fran Navarro e El Ouazzani, para a frente de ataque. A equipa de Braga apresenta-se com defesa refor\u00e7ada e meio-campo de equil\u00edbrio.<\/p>\n<h3>Onze do Braga<\/h3>\n<p>Horn\u00ed\u010dek; Lagerbielke, V\u00edtor Carvalho e Paulo Oliveira; V\u00edctor G\u00f3mez, Tiknaz, Jo\u00e3o Moutinho e Grllitsch; Zalazar, Pau V\u00edctor e Ricardo Horta.<\/p>\n<h3>Onze do Friburgo<\/h3>\n<p>Atubolu; Treu, Matthias Ginter, Lienhart, Makengo; Eggestein, Manzambi; Grifo, Suzuki, Jan-Niklas Beste e Matanovic.<\/p>\n","protected":false},"excerpt":{"rendered":"<ul>\n<li>Carlos Vicens promoveu oito altera\u00e7\u00f5es no onze de Braga para o jogo com Friburgo, na primeira m\u00e3o das meias-finais da Liga Europa.<\/li>\n<li>Apenas V\u00edtor Carvalho, Demir Tiknaz e Rodrigo Zalazar mant\u00eam a titularidade em rela\u00e7\u00e3o ao duelo anterior frente ao Santa Clara.<\/li>\n<li>Horn\u00edcek substitui Tiago S\u00e1 na baliza; na defesa entram Lagerbielke e Paulo Oliveira ao lado de V\u00edtor Carvalho.<\/li>\n<li>No meio-campo, Jo\u00e3o Moutinho e Grllitsch regressam, Tiknaz mant\u00e9m-se como equil\u00edbrio; no ataque entram Ricardo Horta e Pau V\u00edctor ao lado de Zalazar.<\/li>\n<li>Onze do Friburgo: Atubolu; Treu, Matthias Ginter, Lienhart, Makengo; Eggestein, Manzambi; Grifo, Suzuki, Jan-Niklas Beste e Matanovic.<\/li>\n<\/ul>\n","protected":false},"author":2,"featured_media":462959,"comment_status":"closed","ping_status":"closed","sticky":false,"template":"","format":"standard","meta":{"footnotes":""},"categories":[21,24],"tags":[1207,5544,32,10057,9890,2616],"class_list":["post-462948","post","type-post","status-publish","format-standard","has-post-thumbnail","hentry","category-desporto","category-futebol","tag-braga","tag-europa-league","tag-futebol","tag-grllitsch","tag-joao-moutinho","tag-ricardo-horta"],"yoast_head":"<!-- This site is optimized with the Yoast SEO plugin v27.2 - https:\/\/yoast.com\/product\/yoast-seo-wordpress\/ -->\n<title>Carlos Vicens ajusta XI do Braga para o duelo europeu com Friburgo - Portal Tela Portugal<\/title>\n<meta name=\"robots\" content=\"index, follow, max-snippet:-1, max-image-preview:large, max-video-preview:-1\" \/>\n<meta property=\"og:locale\" content=\"pt_PT\" \/>\n<meta property=\"og:type\" content=\"article\" \/>\n<meta property=\"og:title\" content=\"Carlos Vicens ajusta XI do Braga para o duelo europeu com Friburgo - Portal Tela Portugal\" \/>\n<meta property=\"og:description\" content=\"Carlos Vicens promoveu oito altera\u00e7\u00f5es no onze de Braga para o jogo com Friburgo, na primeira m\u00e3o das meias-finais da Liga Europa. Apenas V\u00edtor Carvalho, Demir Tiknaz e Rodrigo Zalazar mant\u00eam a titularidade em rela\u00e7\u00e3o ao duelo anterior frente ao Santa Clara. Horn\u00edcek substitui Tiago S\u00e1 na baliza; na defesa entram Lagerbielke e Paulo Oliveira ao lado de V\u00edtor Carvalho. No meio-campo, Jo\u00e3o Moutinho e Grllitsch regressam, Tiknaz mant\u00e9m-se como equil\u00edbrio; no ataque entram Ricardo Horta e Pau V\u00edctor ao lado de Zalazar. Onze do Friburgo: Atubolu; Treu, Matthias Ginter, Lienhart, Makengo; Eggestein, Manzambi; Grifo, Suzuki, Jan-Niklas Beste e Matanovic.\" \/>\n<meta property=\"og:url\" content=\"https:\/\/portaltela.pt\/noticias\/2026\/04\/30\/carlos-vicens-ajusta-xi-do-braga-para-o-duelo-europeu-com-friburgo\/\" \/>\n<meta property=\"og:site_name\" content=\"Portal Tela Portugal\" \/>\n<meta property=\"article:published_time\" content=\"2026-04-30T18:17:56+00:00\" \/>\n<meta name=\"author\" content=\"Telinha\" \/>\n<meta name=\"twitter:card\" content=\"summary_large_image\" \/>\n<meta name=\"twitter:label1\" content=\"Escrito por\" \/>\n\t<meta name=\"twitter:data1\" content=\"Telinha\" \/>\n\t<meta name=\"twitter:label2\" content=\"Tempo estimado de leitura\" \/>\n\t<meta name=\"twitter:data2\" content=\"1 minuto\" \/>\n<script type=\"application\/ld+json\" class=\"yoast-schema-graph\">{\"@context\":\"https:\/\/schema.org\",\"@graph\":[{\"@type\":\"Article\",\"@id\":\"https:\/\/portaltela.pt\/noticias\/2026\/04\/30\/carlos-vicens-ajusta-xi-do-braga-para-o-duelo-europeu-com-friburgo\/#article\",\"isPartOf\":{\"@id\":\"https:\/\/portaltela.pt\/noticias\/2026\/04\/30\/carlos-vicens-ajusta-xi-do-braga-para-o-duelo-europeu-com-friburgo\/\"},\"author\":{\"name\":\"Telinha\",\"@id\":\"https:\/\/portaltela.pt\/#\/schema\/person\/c4278d4a6028830caff9ee44b42d32ed\"},\"headline\":\"Carlos Vicens ajusta XI do Braga para o duelo europeu com Friburgo\",\"datePublished\":\"2026-04-30T18:17:56+00:00\",\"mainEntityOfPage\":{\"@id\":\"https:\/\/portaltela.pt\/noticias\/2026\/04\/30\/carlos-vicens-ajusta-xi-do-braga-para-o-duelo-europeu-com-friburgo\/\"},\"wordCount\":188,\"image\":{\"@id\":\"https:\/\/portaltela.pt\/noticias\/2026\/04\/30\/carlos-vicens-ajusta-xi-do-braga-para-o-duelo-europeu-com-friburgo\/#primaryimage\"},\"thumbnailUrl\":\"https:\/\/portaltela.pt\/s.01k8rhncp4jt1\/2026\/04\/e3260a6f-7cd1-456e-b4df-d4f399e71ec6_1200x675.jpg\",\"keywords\":[\"Braga\",\"Europa League\",\"futebol\",\"Grllitsch\",\"Jo\u00e3o Moutinho\",\"Ricardo Horta\"],\"articleSection\":[\"Desporto\",\"Futebol\"],\"inLanguage\":\"pt-PT\"},{\"@type\":\"WebPage\",\"@id\":\"https:\/\/portaltela.pt\/noticias\/2026\/04\/30\/carlos-vicens-ajusta-xi-do-braga-para-o-duelo-europeu-com-friburgo\/\",\"url\":\"https:\/\/portaltela.pt\/noticias\/2026\/04\/30\/carlos-vicens-ajusta-xi-do-braga-para-o-duelo-europeu-com-friburgo\/\",\"name\":\"Carlos Vicens ajusta XI do Braga para o duelo europeu com Friburgo - Portal Tela Portugal\",\"isPartOf\":{\"@id\":\"https:\/\/portaltela.pt\/#website\"},\"primaryImageOfPage\":{\"@id\":\"https:\/\/portaltela.pt\/noticias\/2026\/04\/30\/carlos-vicens-ajusta-xi-do-braga-para-o-duelo-europeu-com-friburgo\/#primaryimage\"},\"image\":{\"@id\":\"https:\/\/portaltela.pt\/noticias\/2026\/04\/30\/carlos-vicens-ajusta-xi-do-braga-para-o-duelo-europeu-com-friburgo\/#primaryimage\"},\"thumbnailUrl\":\"https:\/\/portaltela.pt\/s.01k8rhncp4jt1\/2026\/04\/e3260a6f-7cd1-456e-b4df-d4f399e71ec6_1200x675.jpg\",\"datePublished\":\"2026-04-30T18:17:56+00:00\",\"author\":{\"@id\":\"https:\/\/portaltela.pt\/#\/schema\/person\/c4278d4a6028830caff9ee44b42d32ed\"},\"breadcrumb\":{\"@id\":\"https:\/\/portaltela.pt\/noticias\/2026\/04\/30\/carlos-vicens-ajusta-xi-do-braga-para-o-duelo-europeu-com-friburgo\/#breadcrumb\"},\"inLanguage\":\"pt-PT\",\"potentialAction\":[{\"@type\":\"ReadAction\",\"target\":[\"https:\/\/portaltela.pt\/noticias\/2026\/04\/30\/carlos-vicens-ajusta-xi-do-braga-para-o-duelo-europeu-com-friburgo\/\"]}]},{\"@type\":\"ImageObject\",\"inLanguage\":\"pt-PT\",\"@id\":\"https:\/\/portaltela.pt\/noticias\/2026\/04\/30\/carlos-vicens-ajusta-xi-do-braga-para-o-duelo-europeu-com-friburgo\/#primaryimage\",\"url\":\"https:\/\/portaltela.pt\/s.01k8rhncp4jt1\/2026\/04\/e3260a6f-7cd1-456e-b4df-d4f399e71ec6_1200x675.jpg\",\"contentUrl\":\"https:\/\/portaltela.pt\/s.01k8rhncp4jt1\/2026\/04\/e3260a6f-7cd1-456e-b4df-d4f399e71ec6_1200x675.jpg\",\"width\":796,\"height\":448,\"caption\":\"Carlos Vicens muda oito jogadores em rela\u00e7\u00e3o ao \u00faltimo jogo, com o Santa Clara\"},{\"@type\":\"BreadcrumbList\",\"@id\":\"https:\/\/portaltela.pt\/noticias\/2026\/04\/30\/carlos-vicens-ajusta-xi-do-braga-para-o-duelo-europeu-com-friburgo\/#breadcrumb\",\"itemListElement\":[{\"@type\":\"ListItem\",\"position\":1,\"name\":\"In\u00edcio\",\"item\":\"https:\/\/portaltela.pt\/\"},{\"@type\":\"ListItem\",\"position\":2,\"name\":\"Carlos Vicens ajusta XI do Braga para o duelo europeu com Friburgo\"}]},{\"@type\":\"WebSite\",\"@id\":\"https:\/\/portaltela.pt\/#website\",\"url\":\"https:\/\/portaltela.pt\/\",\"name\":\"Portal Tela Portugal\",\"description\":\"\",\"potentialAction\":[{\"@type\":\"SearchAction\",\"target\":{\"@type\":\"EntryPoint\",\"urlTemplate\":\"https:\/\/portaltela.pt\/?s={search_term_string}\"},\"query-input\":{\"@type\":\"PropertyValueSpecification\",\"valueRequired\":true,\"valueName\":\"search_term_string\"}}],\"inLanguage\":\"pt-PT\"},{\"@type\":\"Person\",\"@id\":\"https:\/\/portaltela.pt\/#\/schema\/person\/c4278d4a6028830caff9ee44b42d32ed\",\"name\":\"Telinha\",\"image\":{\"@type\":\"ImageObject\",\"inLanguage\":\"pt-PT\",\"@id\":\"https:\/\/portaltela.pt\/s.01k8rhncp4jt1\/2025\/11\/talking-bot-125x125.png\",\"url\":\"https:\/\/portaltela.pt\/s.01k8rhncp4jt1\/2025\/11\/talking-bot-125x125.png\",\"contentUrl\":\"https:\/\/portaltela.pt\/s.01k8rhncp4jt1\/2025\/11\/talking-bot-125x125.png\",\"caption\":\"Telinha\"},\"sameAs\":[\"https:\/\/portaltela.pt\/\"],\"url\":\"https:\/\/portaltela.pt\/por\/367410592786\/\"}]}<\/script>\n<!-- \/ Yoast SEO plugin. -->","yoast_head_json":{"title":"Carlos Vicens ajusta XI do Braga para o duelo europeu com Friburgo - Portal Tela Portugal","robots":{"index":"index","follow":"follow","max-snippet":"max-snippet:-1","max-image-preview":"max-image-preview:large","max-video-preview":"max-video-preview:-1"},"og_locale":"pt_PT","og_type":"article","og_title":"Carlos Vicens ajusta XI do Braga para o duelo europeu com Friburgo - Portal Tela Portugal","og_description":"Carlos Vicens promoveu oito altera\u00e7\u00f5es no onze de Braga para o jogo com Friburgo, na primeira m\u00e3o das meias-finais da Liga Europa. Apenas V\u00edtor Carvalho, Demir Tiknaz e Rodrigo Zalazar mant\u00eam a titularidade em rela\u00e7\u00e3o ao duelo anterior frente ao Santa Clara. Horn\u00edcek substitui Tiago S\u00e1 na baliza; na defesa entram Lagerbielke e Paulo Oliveira ao lado de V\u00edtor Carvalho. No meio-campo, Jo\u00e3o Moutinho e Grllitsch regressam, Tiknaz mant\u00e9m-se como equil\u00edbrio; no ataque entram Ricardo Horta e Pau V\u00edctor ao lado de Zalazar. Onze do Friburgo: Atubolu; Treu, Matthias Ginter, Lienhart, Makengo; Eggestein, Manzambi; Grifo, Suzuki, Jan-Niklas Beste e Matanovic.","og_url":"https:\/\/portaltela.pt\/noticias\/2026\/04\/30\/carlos-vicens-ajusta-xi-do-braga-para-o-duelo-europeu-com-friburgo\/","og_site_name":"Portal Tela Portugal","article_published_time":"2026-04-30T18:17:56+00:00","author":"Telinha","twitter_card":"summary_large_image","twitter_misc":{"Escrito por":"Telinha","Tempo estimado de leitura":"1 minuto"},"schema":{"@context":"https:\/\/schema.org","@graph":[{"@type":"Article","@id":"https:\/\/portaltela.pt\/noticias\/2026\/04\/30\/carlos-vicens-ajusta-xi-do-braga-para-o-duelo-europeu-com-friburgo\/#article","isPartOf":{"@id":"https:\/\/portaltela.pt\/noticias\/2026\/04\/30\/carlos-vicens-ajusta-xi-do-braga-para-o-duelo-europeu-com-friburgo\/"},"author":{"name":"Telinha","@id":"https:\/\/portaltela.pt\/#\/schema\/person\/c4278d4a6028830caff9ee44b42d32ed"},"headline":"Carlos Vicens ajusta XI do Braga para o duelo europeu com Friburgo","datePublished":"2026-04-30T18:17:56+00:00","mainEntityOfPage":{"@id":"https:\/\/portaltela.pt\/noticias\/2026\/04\/30\/carlos-vicens-ajusta-xi-do-braga-para-o-duelo-europeu-com-friburgo\/"},"wordCount":188,"image":{"@id":"https:\/\/portaltela.pt\/noticias\/2026\/04\/30\/carlos-vicens-ajusta-xi-do-braga-para-o-duelo-europeu-com-friburgo\/#primaryimage"},"thumbnailUrl":"https:\/\/portaltela.pt\/s.01k8rhncp4jt1\/2026\/04\/e3260a6f-7cd1-456e-b4df-d4f399e71ec6_1200x675.jpg","keywords":["Braga","Europa League","futebol","Grllitsch","Jo\u00e3o Moutinho","Ricardo Horta"],"articleSection":["Desporto","Futebol"],"inLanguage":"pt-PT"},{"@type":"WebPage","@id":"https:\/\/portaltela.pt\/noticias\/2026\/04\/30\/carlos-vicens-ajusta-xi-do-braga-para-o-duelo-europeu-com-friburgo\/","url":"https:\/\/portaltela.pt\/noticias\/2026\/04\/30\/carlos-vicens-ajusta-xi-do-braga-para-o-duelo-europeu-com-friburgo\/","name":"Carlos Vicens ajusta XI do Braga para o duelo europeu com Friburgo - Portal Tela Portugal","isPartOf":{"@id":"https:\/\/portaltela.pt\/#website"},"primaryImageOfPage":{"@id":"https:\/\/portaltela.pt\/noticias\/2026\/04\/30\/carlos-vicens-ajusta-xi-do-braga-para-o-duelo-europeu-com-friburgo\/#primaryimage"},"image":{"@id":"https:\/\/portaltela.pt\/noticias\/2026\/04\/30\/carlos-vicens-ajusta-xi-do-braga-para-o-duelo-europeu-com-friburgo\/#primaryimage"},"thumbnailUrl":"https:\/\/portaltela.pt\/s.01k8rhncp4jt1\/2026\/04\/e3260a6f-7cd1-456e-b4df-d4f399e71ec6_1200x675.jpg","datePublished":"2026-04-30T18:17:56+00:00","author":{"@id":"https:\/\/portaltela.pt\/#\/schema\/person\/c4278d4a6028830caff9ee44b42d32ed"},"breadcrumb":{"@id":"https:\/\/portaltela.pt\/noticias\/2026\/04\/30\/carlos-vicens-ajusta-xi-do-braga-para-o-duelo-europeu-com-friburgo\/#breadcrumb"},"inLanguage":"pt-PT","potentialAction":[{"@type":"ReadAction","target":["https:\/\/portaltela.pt\/noticias\/2026\/04\/30\/carlos-vicens-ajusta-xi-do-braga-para-o-duelo-europeu-com-friburgo\/"]}]},{"@type":"ImageObject","inLanguage":"pt-PT","@id":"https:\/\/portaltela.pt\/noticias\/2026\/04\/30\/carlos-vicens-ajusta-xi-do-braga-para-o-duelo-europeu-com-friburgo\/#primaryimage","url":"https:\/\/portaltela.pt\/s.01k8rhncp4jt1\/2026\/04\/e3260a6f-7cd1-456e-b4df-d4f399e71ec6_1200x675.jpg","contentUrl":"https:\/\/portaltela.pt\/s.01k8rhncp4jt1\/2026\/04\/e3260a6f-7cd1-456e-b4df-d4f399e71ec6_1200x675.jpg","width":796,"height":448,"caption":"Carlos Vicens muda oito jogadores em rela\u00e7\u00e3o ao \u00faltimo jogo, com o Santa Clara"},{"@type":"BreadcrumbList","@id":"https:\/\/portaltela.pt\/noticias\/2026\/04\/30\/carlos-vicens-ajusta-xi-do-braga-para-o-duelo-europeu-com-friburgo\/#breadcrumb","itemListElement":[{"@type":"ListItem","position":1,"name":"In\u00edcio","item":"https:\/\/portaltela.pt\/"},{"@type":"ListItem","position":2,"name":"Carlos Vicens ajusta XI do Braga para o duelo europeu com Friburgo"}]},{"@type":"WebSite","@id":"https:\/\/portaltela.pt\/#website","url":"https:\/\/portaltela.pt\/","name":"Portal Tela Portugal","description":"","potentialAction":[{"@type":"SearchAction","target":{"@type":"EntryPoint","urlTemplate":"https:\/\/portaltela.pt\/?s={search_term_string}"},"query-input":{"@type":"PropertyValueSpecification","valueRequired":true,"valueName":"search_term_string"}}],"inLanguage":"pt-PT"},{"@type":"Person","@id":"https:\/\/portaltela.pt\/#\/schema\/person\/c4278d4a6028830caff9ee44b42d32ed","name":"Telinha","image":{"@type":"ImageObject","inLanguage":"pt-PT","@id":"https:\/\/portaltela.pt\/s.01k8rhncp4jt1\/2025\/11\/talking-bot-125x125.png","url":"https:\/\/portaltela.pt\/s.01k8rhncp4jt1\/2025\/11\/talking-bot-125x125.png","contentUrl":"https:\/\/portaltela.pt\/s.01k8rhncp4jt1\/2025\/11\/talking-bot-125x125.png","caption":"Telinha"},"sameAs":["https:\/\/portaltela.pt\/"],"url":"https:\/\/portaltela.pt\/por\/367410592786\/"}]}},"_links":{"self":[{"href":"https:\/\/portaltela.pt\/api\/wp\/v2\/posts\/462948","targetHints":{"allow":["GET"]}}],"collection":[{"href":"https:\/\/portaltela.pt\/api\/wp\/v2\/posts"}],"about":[{"href":"https:\/\/portaltela.pt\/api\/wp\/v2\/types\/post"}],"author":[{"embeddable":true,"href":"https:\/\/portaltela.pt\/api\/wp\/v2\/users\/2"}],"replies":[{"embeddable":true,"href":"https:\/\/portaltela.pt\/api\/wp\/v2\/comments?post=462948"}],"version-history":[{"count":0,"href":"https:\/\/portaltela.pt\/api\/wp\/v2\/posts\/462948\/revisions"}],"wp:featuredmedia":[{"embeddable":true,"href":"https:\/\/portaltela.pt\/api\/wp\/v2\/media\/462959"}],"wp:attachment":[{"href":"https:\/\/portaltela.pt\/api\/wp\/v2\/media?parent=462948"}],"wp:term":[{"taxonomy":"category","embeddable":true,"href":"https:\/\/portaltela.pt\/api\/wp\/v2\/categories?post=462948"},{"taxonomy":"post_tag","embeddable":true,"href":"https:\/\/portaltela.pt\/api\/wp\/v2\/tags?post=462948"}],"curies":[{"name":"wp","href":"https:\/\/api.w.org\/{rel}","templated":true}]}}