{"id":462947,"date":"2026-04-30T15:17:53","date_gmt":"2026-04-30T18:17:53","guid":{"rendered":"https:\/\/portaltela.pt\/noticias\/2026\/04\/30\/ministro-da-educacao-defende-escolas-anti-kristin\/"},"modified":"2026-04-30T15:17:53","modified_gmt":"2026-04-30T18:17:53","slug":"ministro-da-educacao-defende-escolas-anti-kristin","status":"publish","type":"post","link":"https:\/\/portaltela.pt\/noticias\/politica\/2026\/04\/30\/ministro-da-educacao-defende-escolas-anti-kristin\/","title":{"rendered":"Ministro da Educa\u00e7\u00e3o defende escolas \u00abAnti-Kristin\u00bb"},"content":{"rendered":"<p>As escolas danificadas pelas tempestades no in\u00edcio do ano, na regi\u00e3o centro, ser\u00e3o reconstru\u00eddas com crit\u00e9rios de seguran\u00e7a diferentes. A interven\u00e7\u00e3o parte da necessidade de resist\u00eancia a eventos clim\u00e1ticos de maior intensidade.<\/p>\n<p>O an\u00fancio foi feito por Fernando Alexandre, Ministro da Educa\u00e7\u00e3o, Ci\u00eancia e Inova\u00e7\u00e3o, durante a celebra\u00e7\u00e3o do 40\u00ba anivers\u00e1rio da Universidade da Beira Interior, na Covilh\u00e3.<\/p>\n<p>O objetivo \u00e9 que as estruturas resistam a tempestades semelhantes \u00e0 Depress\u00e3o Kristin, com inspira\u00e7\u00e3o nos modelos de estabelecimentos de ensino dos pa\u00edses escandinavos.<\/p>\n<p>Para al\u00e9m das obras, o Minist\u00e9rio anunciou uma dota\u00e7\u00e3o de 1,55 mil milh\u00f5es de euros para intervir em cerca de 300 estabelecimentos de ensino em todo o pa\u00eds at\u00e9 ao final da d\u00e9cada.<\/p>\n","protected":false},"excerpt":{"rendered":"<ul>\n<li>O ministro da Educa\u00e7\u00e3o, Fernando Alexandre, anunciou que as escolas danificadas pelas tempestades no in\u00edcio do ano v\u00e3o ser reconstru\u00eddas com crit\u00e9rios de seguran\u00e7a diferentes.<\/li>\n<li>A comunica\u00e7\u00e3o foi feita durante o 40\u00ba anivers\u00e1rio da Universidade da Beira Interior, na Covilh\u00e3.<\/li>\n<li>As novas estruturas devem resistir a tempestades da intensidade da Depress\u00e3o Kristin, buscando inspira\u00e7\u00e3o em modelos de pa\u00edses escandinavos.<\/li>\n<li>Foi anunciada uma verba de 1.550 milh\u00f5es de euros para intervencionar cerca de 300 estabelecimentos de ensino em todo o pa\u00eds at\u00e9 ao final da d\u00e9cada.<\/li>\n<li>A medida visa refor\u00e7ar a resili\u00eancia do sistema educativo nacional frente a eventos clim\u00e1ticos futuros.<\/li>\n<\/ul>\n","protected":false},"author":2,"featured_media":462952,"comment_status":"closed","ping_status":"closed","sticky":false,"template":"","format":"standard","meta":{"footnotes":""},"categories":[1,5],"tags":[9002,8773,9826,7795,8829,8400],"class_list":["post-462947","post","type-post","status-publish","format-standard","has-post-thumbnail","hentry","category-noticias","category-politica","tag-_beira-alta","tag-_centro","tag-_covilha","tag-_educacao","tag-_financiamento","tag-_tempestades"],"yoast_head":"<!-- This site is optimized with the Yoast SEO plugin v27.2 - https:\/\/yoast.com\/product\/yoast-seo-wordpress\/ -->\n<title>Ministro da Educa\u00e7\u00e3o defende escolas \u00abAnti-Kristin\u00bb - Portal Tela Portugal<\/title>\n<meta name=\"robots\" content=\"index, follow, max-snippet:-1, max-image-preview:large, max-video-preview:-1\" \/>\n<meta property=\"og:locale\" content=\"pt_PT\" \/>\n<meta property=\"og:type\" content=\"article\" \/>\n<meta property=\"og:title\" content=\"Ministro da Educa\u00e7\u00e3o defende escolas \u00abAnti-Kristin\u00bb - Portal Tela Portugal\" \/>\n<meta property=\"og:description\" content=\"O ministro da Educa\u00e7\u00e3o, Fernando Alexandre, anunciou que as escolas danificadas pelas tempestades no in\u00edcio do ano v\u00e3o ser reconstru\u00eddas com crit\u00e9rios de seguran\u00e7a diferentes. A comunica\u00e7\u00e3o foi feita durante o 40\u00ba anivers\u00e1rio da Universidade da Beira Interior, na Covilh\u00e3. As novas estruturas devem resistir a tempestades da intensidade da Depress\u00e3o Kristin, buscando inspira\u00e7\u00e3o em modelos de pa\u00edses escandinavos. Foi anunciada uma verba de 1.550 milh\u00f5es de euros para intervencionar cerca de 300 estabelecimentos de ensino em todo o pa\u00eds at\u00e9 ao final da d\u00e9cada. A medida visa refor\u00e7ar a resili\u00eancia do sistema educativo nacional frente a eventos clim\u00e1ticos futuros.\" \/>\n<meta property=\"og:url\" content=\"https:\/\/portaltela.pt\/noticias\/2026\/04\/30\/ministro-da-educacao-defende-escolas-anti-kristin\/\" \/>\n<meta property=\"og:site_name\" content=\"Portal Tela Portugal\" \/>\n<meta property=\"article:published_time\" content=\"2026-04-30T18:17:53+00:00\" \/>\n<meta name=\"author\" content=\"Telinha\" \/>\n<meta name=\"twitter:card\" content=\"summary_large_image\" \/>\n<meta name=\"twitter:label1\" content=\"Escrito por\" \/>\n\t<meta name=\"twitter:data1\" content=\"Telinha\" \/>\n\t<meta name=\"twitter:label2\" content=\"Tempo estimado de leitura\" \/>\n\t<meta name=\"twitter:data2\" content=\"1 minuto\" \/>\n<script type=\"application\/ld+json\" class=\"yoast-schema-graph\">{\"@context\":\"https:\/\/schema.org\",\"@graph\":[{\"@type\":\"Article\",\"@id\":\"https:\/\/portaltela.pt\/noticias\/2026\/04\/30\/ministro-da-educacao-defende-escolas-anti-kristin\/#article\",\"isPartOf\":{\"@id\":\"https:\/\/portaltela.pt\/noticias\/2026\/04\/30\/ministro-da-educacao-defende-escolas-anti-kristin\/\"},\"author\":{\"name\":\"Telinha\",\"@id\":\"https:\/\/portaltela.pt\/#\/schema\/person\/c4278d4a6028830caff9ee44b42d32ed\"},\"headline\":\"Ministro da Educa\u00e7\u00e3o defende escolas \u00abAnti-Kristin\u00bb\",\"datePublished\":\"2026-04-30T18:17:53+00:00\",\"mainEntityOfPage\":{\"@id\":\"https:\/\/portaltela.pt\/noticias\/2026\/04\/30\/ministro-da-educacao-defende-escolas-anti-kristin\/\"},\"wordCount\":141,\"image\":{\"@id\":\"https:\/\/portaltela.pt\/noticias\/2026\/04\/30\/ministro-da-educacao-defende-escolas-anti-kristin\/#primaryimage\"},\"thumbnailUrl\":\"https:\/\/portaltela.pt\/s.01k8rhncp4jt1\/2026\/04\/img_1500x1000uu2026-04-30-19-07-00-2282075.jpg\",\"keywords\":[\"_Beira Alta\",\"_Centro\",\"_Covilh\u00e3\",\"_educa\u00e7\u00e3o\",\"_financiamento\",\"_tempestades\"],\"articleSection\":[\"Not\u00edcias\",\"Pol\u00edtica\"],\"inLanguage\":\"pt-PT\"},{\"@type\":\"WebPage\",\"@id\":\"https:\/\/portaltela.pt\/noticias\/2026\/04\/30\/ministro-da-educacao-defende-escolas-anti-kristin\/\",\"url\":\"https:\/\/portaltela.pt\/noticias\/2026\/04\/30\/ministro-da-educacao-defende-escolas-anti-kristin\/\",\"name\":\"Ministro da Educa\u00e7\u00e3o defende escolas \u00abAnti-Kristin\u00bb - Portal Tela Portugal\",\"isPartOf\":{\"@id\":\"https:\/\/portaltela.pt\/#website\"},\"primaryImageOfPage\":{\"@id\":\"https:\/\/portaltela.pt\/noticias\/2026\/04\/30\/ministro-da-educacao-defende-escolas-anti-kristin\/#primaryimage\"},\"image\":{\"@id\":\"https:\/\/portaltela.pt\/noticias\/2026\/04\/30\/ministro-da-educacao-defende-escolas-anti-kristin\/#primaryimage\"},\"thumbnailUrl\":\"https:\/\/portaltela.pt\/s.01k8rhncp4jt1\/2026\/04\/img_1500x1000uu2026-04-30-19-07-00-2282075.jpg\",\"datePublished\":\"2026-04-30T18:17:53+00:00\",\"author\":{\"@id\":\"https:\/\/portaltela.pt\/#\/schema\/person\/c4278d4a6028830caff9ee44b42d32ed\"},\"breadcrumb\":{\"@id\":\"https:\/\/portaltela.pt\/noticias\/2026\/04\/30\/ministro-da-educacao-defende-escolas-anti-kristin\/#breadcrumb\"},\"inLanguage\":\"pt-PT\",\"potentialAction\":[{\"@type\":\"ReadAction\",\"target\":[\"https:\/\/portaltela.pt\/noticias\/2026\/04\/30\/ministro-da-educacao-defende-escolas-anti-kristin\/\"]}]},{\"@type\":\"ImageObject\",\"inLanguage\":\"pt-PT\",\"@id\":\"https:\/\/portaltela.pt\/noticias\/2026\/04\/30\/ministro-da-educacao-defende-escolas-anti-kristin\/#primaryimage\",\"url\":\"https:\/\/portaltela.pt\/s.01k8rhncp4jt1\/2026\/04\/img_1500x1000uu2026-04-30-19-07-00-2282075.jpg\",\"contentUrl\":\"https:\/\/portaltela.pt\/s.01k8rhncp4jt1\/2026\/04\/img_1500x1000uu2026-04-30-19-07-00-2282075.jpg\",\"width\":796,\"height\":448,\"caption\":\"Ministro da Educa\u00e7\u00e3o quer escolas \\\"Anti-Kristin\\\"\"},{\"@type\":\"BreadcrumbList\",\"@id\":\"https:\/\/portaltela.pt\/noticias\/2026\/04\/30\/ministro-da-educacao-defende-escolas-anti-kristin\/#breadcrumb\",\"itemListElement\":[{\"@type\":\"ListItem\",\"position\":1,\"name\":\"In\u00edcio\",\"item\":\"https:\/\/portaltela.pt\/\"},{\"@type\":\"ListItem\",\"position\":2,\"name\":\"Ministro da Educa\u00e7\u00e3o defende escolas \u00abAnti-Kristin\u00bb\"}]},{\"@type\":\"WebSite\",\"@id\":\"https:\/\/portaltela.pt\/#website\",\"url\":\"https:\/\/portaltela.pt\/\",\"name\":\"Portal Tela Portugal\",\"description\":\"\",\"potentialAction\":[{\"@type\":\"SearchAction\",\"target\":{\"@type\":\"EntryPoint\",\"urlTemplate\":\"https:\/\/portaltela.pt\/?s={search_term_string}\"},\"query-input\":{\"@type\":\"PropertyValueSpecification\",\"valueRequired\":true,\"valueName\":\"search_term_string\"}}],\"inLanguage\":\"pt-PT\"},{\"@type\":\"Person\",\"@id\":\"https:\/\/portaltela.pt\/#\/schema\/person\/c4278d4a6028830caff9ee44b42d32ed\",\"name\":\"Telinha\",\"image\":{\"@type\":\"ImageObject\",\"inLanguage\":\"pt-PT\",\"@id\":\"https:\/\/portaltela.pt\/s.01k8rhncp4jt1\/2025\/11\/talking-bot-125x125.png\",\"url\":\"https:\/\/portaltela.pt\/s.01k8rhncp4jt1\/2025\/11\/talking-bot-125x125.png\",\"contentUrl\":\"https:\/\/portaltela.pt\/s.01k8rhncp4jt1\/2025\/11\/talking-bot-125x125.png\",\"caption\":\"Telinha\"},\"sameAs\":[\"https:\/\/portaltela.pt\/\"],\"url\":\"https:\/\/portaltela.pt\/por\/367410592786\/\"}]}<\/script>\n<!-- \/ Yoast SEO plugin. -->","yoast_head_json":{"title":"Ministro da Educa\u00e7\u00e3o defende escolas \u00abAnti-Kristin\u00bb - Portal Tela Portugal","robots":{"index":"index","follow":"follow","max-snippet":"max-snippet:-1","max-image-preview":"max-image-preview:large","max-video-preview":"max-video-preview:-1"},"og_locale":"pt_PT","og_type":"article","og_title":"Ministro da Educa\u00e7\u00e3o defende escolas \u00abAnti-Kristin\u00bb - Portal Tela Portugal","og_description":"O ministro da Educa\u00e7\u00e3o, Fernando Alexandre, anunciou que as escolas danificadas pelas tempestades no in\u00edcio do ano v\u00e3o ser reconstru\u00eddas com crit\u00e9rios de seguran\u00e7a diferentes. A comunica\u00e7\u00e3o foi feita durante o 40\u00ba anivers\u00e1rio da Universidade da Beira Interior, na Covilh\u00e3. As novas estruturas devem resistir a tempestades da intensidade da Depress\u00e3o Kristin, buscando inspira\u00e7\u00e3o em modelos de pa\u00edses escandinavos. Foi anunciada uma verba de 1.550 milh\u00f5es de euros para intervencionar cerca de 300 estabelecimentos de ensino em todo o pa\u00eds at\u00e9 ao final da d\u00e9cada. A medida visa refor\u00e7ar a resili\u00eancia do sistema educativo nacional frente a eventos clim\u00e1ticos futuros.","og_url":"https:\/\/portaltela.pt\/noticias\/2026\/04\/30\/ministro-da-educacao-defende-escolas-anti-kristin\/","og_site_name":"Portal Tela Portugal","article_published_time":"2026-04-30T18:17:53+00:00","author":"Telinha","twitter_card":"summary_large_image","twitter_misc":{"Escrito por":"Telinha","Tempo estimado de leitura":"1 minuto"},"schema":{"@context":"https:\/\/schema.org","@graph":[{"@type":"Article","@id":"https:\/\/portaltela.pt\/noticias\/2026\/04\/30\/ministro-da-educacao-defende-escolas-anti-kristin\/#article","isPartOf":{"@id":"https:\/\/portaltela.pt\/noticias\/2026\/04\/30\/ministro-da-educacao-defende-escolas-anti-kristin\/"},"author":{"name":"Telinha","@id":"https:\/\/portaltela.pt\/#\/schema\/person\/c4278d4a6028830caff9ee44b42d32ed"},"headline":"Ministro da Educa\u00e7\u00e3o defende escolas \u00abAnti-Kristin\u00bb","datePublished":"2026-04-30T18:17:53+00:00","mainEntityOfPage":{"@id":"https:\/\/portaltela.pt\/noticias\/2026\/04\/30\/ministro-da-educacao-defende-escolas-anti-kristin\/"},"wordCount":141,"image":{"@id":"https:\/\/portaltela.pt\/noticias\/2026\/04\/30\/ministro-da-educacao-defende-escolas-anti-kristin\/#primaryimage"},"thumbnailUrl":"https:\/\/portaltela.pt\/s.01k8rhncp4jt1\/2026\/04\/img_1500x1000uu2026-04-30-19-07-00-2282075.jpg","keywords":["_Beira Alta","_Centro","_Covilh\u00e3","_educa\u00e7\u00e3o","_financiamento","_tempestades"],"articleSection":["Not\u00edcias","Pol\u00edtica"],"inLanguage":"pt-PT"},{"@type":"WebPage","@id":"https:\/\/portaltela.pt\/noticias\/2026\/04\/30\/ministro-da-educacao-defende-escolas-anti-kristin\/","url":"https:\/\/portaltela.pt\/noticias\/2026\/04\/30\/ministro-da-educacao-defende-escolas-anti-kristin\/","name":"Ministro da Educa\u00e7\u00e3o defende escolas \u00abAnti-Kristin\u00bb - Portal Tela Portugal","isPartOf":{"@id":"https:\/\/portaltela.pt\/#website"},"primaryImageOfPage":{"@id":"https:\/\/portaltela.pt\/noticias\/2026\/04\/30\/ministro-da-educacao-defende-escolas-anti-kristin\/#primaryimage"},"image":{"@id":"https:\/\/portaltela.pt\/noticias\/2026\/04\/30\/ministro-da-educacao-defende-escolas-anti-kristin\/#primaryimage"},"thumbnailUrl":"https:\/\/portaltela.pt\/s.01k8rhncp4jt1\/2026\/04\/img_1500x1000uu2026-04-30-19-07-00-2282075.jpg","datePublished":"2026-04-30T18:17:53+00:00","author":{"@id":"https:\/\/portaltela.pt\/#\/schema\/person\/c4278d4a6028830caff9ee44b42d32ed"},"breadcrumb":{"@id":"https:\/\/portaltela.pt\/noticias\/2026\/04\/30\/ministro-da-educacao-defende-escolas-anti-kristin\/#breadcrumb"},"inLanguage":"pt-PT","potentialAction":[{"@type":"ReadAction","target":["https:\/\/portaltela.pt\/noticias\/2026\/04\/30\/ministro-da-educacao-defende-escolas-anti-kristin\/"]}]},{"@type":"ImageObject","inLanguage":"pt-PT","@id":"https:\/\/portaltela.pt\/noticias\/2026\/04\/30\/ministro-da-educacao-defende-escolas-anti-kristin\/#primaryimage","url":"https:\/\/portaltela.pt\/s.01k8rhncp4jt1\/2026\/04\/img_1500x1000uu2026-04-30-19-07-00-2282075.jpg","contentUrl":"https:\/\/portaltela.pt\/s.01k8rhncp4jt1\/2026\/04\/img_1500x1000uu2026-04-30-19-07-00-2282075.jpg","width":796,"height":448,"caption":"Ministro da Educa\u00e7\u00e3o quer escolas \"Anti-Kristin\""},{"@type":"BreadcrumbList","@id":"https:\/\/portaltela.pt\/noticias\/2026\/04\/30\/ministro-da-educacao-defende-escolas-anti-kristin\/#breadcrumb","itemListElement":[{"@type":"ListItem","position":1,"name":"In\u00edcio","item":"https:\/\/portaltela.pt\/"},{"@type":"ListItem","position":2,"name":"Ministro da Educa\u00e7\u00e3o defende escolas \u00abAnti-Kristin\u00bb"}]},{"@type":"WebSite","@id":"https:\/\/portaltela.pt\/#website","url":"https:\/\/portaltela.pt\/","name":"Portal Tela Portugal","description":"","potentialAction":[{"@type":"SearchAction","target":{"@type":"EntryPoint","urlTemplate":"https:\/\/portaltela.pt\/?s={search_term_string}"},"query-input":{"@type":"PropertyValueSpecification","valueRequired":true,"valueName":"search_term_string"}}],"inLanguage":"pt-PT"},{"@type":"Person","@id":"https:\/\/portaltela.pt\/#\/schema\/person\/c4278d4a6028830caff9ee44b42d32ed","name":"Telinha","image":{"@type":"ImageObject","inLanguage":"pt-PT","@id":"https:\/\/portaltela.pt\/s.01k8rhncp4jt1\/2025\/11\/talking-bot-125x125.png","url":"https:\/\/portaltela.pt\/s.01k8rhncp4jt1\/2025\/11\/talking-bot-125x125.png","contentUrl":"https:\/\/portaltela.pt\/s.01k8rhncp4jt1\/2025\/11\/talking-bot-125x125.png","caption":"Telinha"},"sameAs":["https:\/\/portaltela.pt\/"],"url":"https:\/\/portaltela.pt\/por\/367410592786\/"}]}},"_links":{"self":[{"href":"https:\/\/portaltela.pt\/api\/wp\/v2\/posts\/462947","targetHints":{"allow":["GET"]}}],"collection":[{"href":"https:\/\/portaltela.pt\/api\/wp\/v2\/posts"}],"about":[{"href":"https:\/\/portaltela.pt\/api\/wp\/v2\/types\/post"}],"author":[{"embeddable":true,"href":"https:\/\/portaltela.pt\/api\/wp\/v2\/users\/2"}],"replies":[{"embeddable":true,"href":"https:\/\/portaltela.pt\/api\/wp\/v2\/comments?post=462947"}],"version-history":[{"count":0,"href":"https:\/\/portaltela.pt\/api\/wp\/v2\/posts\/462947\/revisions"}],"wp:featuredmedia":[{"embeddable":true,"href":"https:\/\/portaltela.pt\/api\/wp\/v2\/media\/462952"}],"wp:attachment":[{"href":"https:\/\/portaltela.pt\/api\/wp\/v2\/media?parent=462947"}],"wp:term":[{"taxonomy":"category","embeddable":true,"href":"https:\/\/portaltela.pt\/api\/wp\/v2\/categories?post=462947"},{"taxonomy":"post_tag","embeddable":true,"href":"https:\/\/portaltela.pt\/api\/wp\/v2\/tags?post=462947"}],"curies":[{"name":"wp","href":"https:\/\/api.w.org\/{rel}","templated":true}]}}