{"id":462940,"date":"2026-04-30T15:17:48","date_gmt":"2026-04-30T18:17:48","guid":{"rendered":"https:\/\/portaltela.pt\/noticias\/2026\/04\/30\/cuba-enfrenta-restricoes-historicas-em-pleno-seculo-xxi\/"},"modified":"2026-04-30T15:17:48","modified_gmt":"2026-04-30T18:17:48","slug":"cuba-enfrenta-restricoes-historicas-em-pleno-seculo-xxi","status":"publish","type":"post","link":"https:\/\/portaltela.pt\/geopolitica\/2026\/04\/30\/cuba-enfrenta-restricoes-historicas-em-pleno-seculo-xxi\/","title":{"rendered":"Cuba enfrenta restri\u00e7\u00f5es hist\u00f3ricas em pleno s\u00e9culo XXI"},"content":{"rendered":"<p>A poucos dias de turbul\u00eancia internacional, Cuba enfrenta um cerco energ\u00e9tico instru\u00eddo pelos Estados Unidos. A medida, associada a press\u00f5es sobre a Venezuela, impede o abastecimento de petr\u00f3leo proveniente desse pa\u00eds e, em menor escala, do M\u00e9xico, agravando a crise econ\u00f3mica existente. O resultado mais vis\u00edvel s\u00e3o cortes de energia que afetam servi\u00e7os cr\u00edticos.<\/p>\n<p>Hospitais cubanos, sem stocks adicionais de combust\u00edvel, registaram dificuldades para manter ventila\u00e7\u00e3o e di\u00e1lise durante o \u00faltimo fim de semana. Cirurgias t\u00eam sido adiadas e ambul\u00e2ncias a abastecer tornaram-se mais dif\u00edceis de aceder a combust\u00edvel, segundo v\u00e1rios \u00f3rg\u00e3os de comunica\u00e7\u00e3o.<\/p>\n<p>O embargo norte-americano foi institu\u00eddo na d\u00e9cada de 1960, em resposta \u00e0 nacionaliza\u00e7\u00e3o de empresas norte-americanas em Cuba e \u00e0 aproxima\u00e7\u00e3o da ilha \u00e0 Uni\u00e3o Sovi\u00e9tica. A pol\u00edtica mant\u00e9m-se, apesar de cr\u00edticas internacionais e de a\u00e7\u00f5es judiciais que contestaram a extraterritorialidade do embargo.<\/p>\n<p>Desde 1992, a Assembleia Geral da ONU tem censurado anualmente a pol\u00edtica de bloqueio. Nos anos 90, a Uni\u00e3o Europeia levou o caso \u00e0 OMC, questionando a capacidade de san\u00e7\u00f5es extraterritoriais dos EUA contra terceiros.<\/p>\n<p>A situa\u00e7\u00e3o cubana ocorre num contexto em que o foco medi\u00e1tico mundial acompanha, paralelamente, conflitos no M\u00e9dio Oriente. A cobertura de a\u00e7\u00f5es militares entre EUA, Israel e Ir\u00e3o tem desviado aten\u00e7\u00f5es, embora o embargo permane\u00e7a uma quest\u00e3o de direito internacional para muitos analistas.<\/p>\n<p>A altera\u00e7\u00e3o da pol\u00edtica externa dos EUA desperta cautela entre l\u00edderes europeus. O respeito pelo direito internacional \u00e9 visto por v\u00e1rios governos como prote\u00e7\u00e3o de Estados menores frente a press\u00f5es de grandes pot\u00eancias. Portugal tem sido lembrado, por especialistas, como participante ativo na defesa de normas internacionais.<\/p>\n<p>Para Portugal e a Uni\u00e3o Europeia, mant\u00e9m-se a import\u00e2ncia de preservar o multilateralismo. O direito internacional \u00e9 apresentado como instrumento de prote\u00e7\u00e3o frente a viola\u00e7\u00f5es que afetem comunidades vulner\u00e1veis. A den\u00fancia de condutas que violam normas internacionais \u00e9 considerada essencial para a ordem global.<\/p>\n","protected":false},"excerpt":{"rendered":"<ul>\n<li>O governo dos Estados Unidos manteve o embargo a Cuba e imp\u00f4s um bloqueio energ\u00e9tico que agrava a crise na ilha.<\/li>\n<li>A press\u00e3o sobre a Venezuela impede o abastecimento de petr\u00f3leo, dificultando o fornecimento de combust\u00edvel a Cuba.<\/li>\n<li>O embargo, criado nos anos sessenta e alvo de censura da Assembleia Geral das Na\u00e7\u00f5es Unidas desde 1992, \u00e9 apresentado no texto como ilegal e desumano.<\/li>\n<li>O resultado \u00e9 sofrimento humano, com mortes de pacientes dependentes de ventiladores ou di\u00e1lise, al\u00e9m de cirurgias adiadas e ambul\u00e2ncias sem combust\u00edvel.<\/li>\n<li>O texto alerta para implica\u00e7\u00f5es no direito internacional e defende uma posi\u00e7\u00e3o europeia e portuguesa que proteja as normas internacionais.<\/li>\n<\/ul>\n","protected":false},"author":2,"featured_media":462961,"comment_status":"closed","ping_status":"closed","sticky":false,"template":"","format":"standard","meta":{"footnotes":""},"categories":[6814],"tags":[8959,7937,9858,8800,8119,8397],"class_list":["post-462940","post","type-post","status-publish","format-standard","has-post-thumbnail","hentry","category-geopolitica","tag-_diplomacia-internacional","tag-_direito-internacional","tag-_embargo-economico","tag-_nacoes-unidas","tag-_onu","tag-_sancoes-internacionais"],"yoast_head":"<!-- This site is optimized with the Yoast SEO plugin v27.2 - https:\/\/yoast.com\/product\/yoast-seo-wordpress\/ -->\n<title>Cuba enfrenta restri\u00e7\u00f5es hist\u00f3ricas em pleno s\u00e9culo XXI - Portal Tela Portugal<\/title>\n<meta name=\"robots\" content=\"index, follow, max-snippet:-1, max-image-preview:large, max-video-preview:-1\" \/>\n<meta property=\"og:locale\" content=\"pt_PT\" \/>\n<meta property=\"og:type\" content=\"article\" \/>\n<meta property=\"og:title\" content=\"Cuba enfrenta restri\u00e7\u00f5es hist\u00f3ricas em pleno s\u00e9culo XXI - Portal Tela Portugal\" \/>\n<meta property=\"og:description\" content=\"O governo dos Estados Unidos manteve o embargo a Cuba e imp\u00f4s um bloqueio energ\u00e9tico que agrava a crise na ilha. A press\u00e3o sobre a Venezuela impede o abastecimento de petr\u00f3leo, dificultando o fornecimento de combust\u00edvel a Cuba. O embargo, criado nos anos sessenta e alvo de censura da Assembleia Geral das Na\u00e7\u00f5es Unidas desde 1992, \u00e9 apresentado no texto como ilegal e desumano. O resultado \u00e9 sofrimento humano, com mortes de pacientes dependentes de ventiladores ou di\u00e1lise, al\u00e9m de cirurgias adiadas e ambul\u00e2ncias sem combust\u00edvel. O texto alerta para implica\u00e7\u00f5es no direito internacional e defende uma posi\u00e7\u00e3o europeia e portuguesa que proteja as normas internacionais.\" \/>\n<meta property=\"og:url\" content=\"https:\/\/portaltela.pt\/noticias\/2026\/04\/30\/cuba-enfrenta-restricoes-historicas-em-pleno-seculo-xxi\/\" \/>\n<meta property=\"og:site_name\" content=\"Portal Tela Portugal\" \/>\n<meta property=\"article:published_time\" content=\"2026-04-30T18:17:48+00:00\" \/>\n<meta name=\"author\" content=\"Telinha\" \/>\n<meta name=\"twitter:card\" content=\"summary_large_image\" \/>\n<meta name=\"twitter:label1\" content=\"Escrito por\" \/>\n\t<meta name=\"twitter:data1\" content=\"Telinha\" \/>\n\t<meta name=\"twitter:label2\" content=\"Tempo estimado de leitura\" \/>\n\t<meta name=\"twitter:data2\" content=\"2 minutos\" \/>\n<script type=\"application\/ld+json\" class=\"yoast-schema-graph\">{\"@context\":\"https:\/\/schema.org\",\"@graph\":[{\"@type\":\"Article\",\"@id\":\"https:\/\/portaltela.pt\/noticias\/2026\/04\/30\/cuba-enfrenta-restricoes-historicas-em-pleno-seculo-xxi\/#article\",\"isPartOf\":{\"@id\":\"https:\/\/portaltela.pt\/noticias\/2026\/04\/30\/cuba-enfrenta-restricoes-historicas-em-pleno-seculo-xxi\/\"},\"author\":{\"name\":\"Telinha\",\"@id\":\"https:\/\/portaltela.pt\/#\/schema\/person\/c4278d4a6028830caff9ee44b42d32ed\"},\"headline\":\"Cuba enfrenta restri\u00e7\u00f5es hist\u00f3ricas em pleno s\u00e9culo XXI\",\"datePublished\":\"2026-04-30T18:17:48+00:00\",\"mainEntityOfPage\":{\"@id\":\"https:\/\/portaltela.pt\/noticias\/2026\/04\/30\/cuba-enfrenta-restricoes-historicas-em-pleno-seculo-xxi\/\"},\"wordCount\":364,\"image\":{\"@id\":\"https:\/\/portaltela.pt\/noticias\/2026\/04\/30\/cuba-enfrenta-restricoes-historicas-em-pleno-seculo-xxi\/#primaryimage\"},\"thumbnailUrl\":\"https:\/\/portaltela.pt\/s.01k8rhncp4jt1\/2026\/04\/c5522245-4d4b-4046-a127-abd8a0381151_1200x675.jpg\",\"keywords\":[\"_diplomacia internacional\",\"_direito internacional\",\"_embargo econ\u00f4mico\",\"_Na\u00e7\u00f5es Unidas\",\"_ONU\",\"_san\u00e7\u00f5es internacionais\"],\"articleSection\":[\"Geopol\u00edtica\"],\"inLanguage\":\"pt-PT\"},{\"@type\":\"WebPage\",\"@id\":\"https:\/\/portaltela.pt\/noticias\/2026\/04\/30\/cuba-enfrenta-restricoes-historicas-em-pleno-seculo-xxi\/\",\"url\":\"https:\/\/portaltela.pt\/noticias\/2026\/04\/30\/cuba-enfrenta-restricoes-historicas-em-pleno-seculo-xxi\/\",\"name\":\"Cuba enfrenta restri\u00e7\u00f5es hist\u00f3ricas em pleno s\u00e9culo XXI - Portal Tela Portugal\",\"isPartOf\":{\"@id\":\"https:\/\/portaltela.pt\/#website\"},\"primaryImageOfPage\":{\"@id\":\"https:\/\/portaltela.pt\/noticias\/2026\/04\/30\/cuba-enfrenta-restricoes-historicas-em-pleno-seculo-xxi\/#primaryimage\"},\"image\":{\"@id\":\"https:\/\/portaltela.pt\/noticias\/2026\/04\/30\/cuba-enfrenta-restricoes-historicas-em-pleno-seculo-xxi\/#primaryimage\"},\"thumbnailUrl\":\"https:\/\/portaltela.pt\/s.01k8rhncp4jt1\/2026\/04\/c5522245-4d4b-4046-a127-abd8a0381151_1200x675.jpg\",\"datePublished\":\"2026-04-30T18:17:48+00:00\",\"author\":{\"@id\":\"https:\/\/portaltela.pt\/#\/schema\/person\/c4278d4a6028830caff9ee44b42d32ed\"},\"breadcrumb\":{\"@id\":\"https:\/\/portaltela.pt\/noticias\/2026\/04\/30\/cuba-enfrenta-restricoes-historicas-em-pleno-seculo-xxi\/#breadcrumb\"},\"inLanguage\":\"pt-PT\",\"potentialAction\":[{\"@type\":\"ReadAction\",\"target\":[\"https:\/\/portaltela.pt\/noticias\/2026\/04\/30\/cuba-enfrenta-restricoes-historicas-em-pleno-seculo-xxi\/\"]}]},{\"@type\":\"ImageObject\",\"inLanguage\":\"pt-PT\",\"@id\":\"https:\/\/portaltela.pt\/noticias\/2026\/04\/30\/cuba-enfrenta-restricoes-historicas-em-pleno-seculo-xxi\/#primaryimage\",\"url\":\"https:\/\/portaltela.pt\/s.01k8rhncp4jt1\/2026\/04\/c5522245-4d4b-4046-a127-abd8a0381151_1200x675.jpg\",\"contentUrl\":\"https:\/\/portaltela.pt\/s.01k8rhncp4jt1\/2026\/04\/c5522245-4d4b-4046-a127-abd8a0381151_1200x675.jpg\",\"width\":796,\"height\":448,\"caption\":\"Photo\"},{\"@type\":\"BreadcrumbList\",\"@id\":\"https:\/\/portaltela.pt\/noticias\/2026\/04\/30\/cuba-enfrenta-restricoes-historicas-em-pleno-seculo-xxi\/#breadcrumb\",\"itemListElement\":[{\"@type\":\"ListItem\",\"position\":1,\"name\":\"In\u00edcio\",\"item\":\"https:\/\/portaltela.pt\/\"},{\"@type\":\"ListItem\",\"position\":2,\"name\":\"Cuba enfrenta restri\u00e7\u00f5es hist\u00f3ricas em pleno s\u00e9culo XXI\"}]},{\"@type\":\"WebSite\",\"@id\":\"https:\/\/portaltela.pt\/#website\",\"url\":\"https:\/\/portaltela.pt\/\",\"name\":\"Portal Tela Portugal\",\"description\":\"\",\"potentialAction\":[{\"@type\":\"SearchAction\",\"target\":{\"@type\":\"EntryPoint\",\"urlTemplate\":\"https:\/\/portaltela.pt\/?s={search_term_string}\"},\"query-input\":{\"@type\":\"PropertyValueSpecification\",\"valueRequired\":true,\"valueName\":\"search_term_string\"}}],\"inLanguage\":\"pt-PT\"},{\"@type\":\"Person\",\"@id\":\"https:\/\/portaltela.pt\/#\/schema\/person\/c4278d4a6028830caff9ee44b42d32ed\",\"name\":\"Telinha\",\"image\":{\"@type\":\"ImageObject\",\"inLanguage\":\"pt-PT\",\"@id\":\"https:\/\/portaltela.pt\/s.01k8rhncp4jt1\/2025\/11\/talking-bot-125x125.png\",\"url\":\"https:\/\/portaltela.pt\/s.01k8rhncp4jt1\/2025\/11\/talking-bot-125x125.png\",\"contentUrl\":\"https:\/\/portaltela.pt\/s.01k8rhncp4jt1\/2025\/11\/talking-bot-125x125.png\",\"caption\":\"Telinha\"},\"sameAs\":[\"https:\/\/portaltela.pt\/\"],\"url\":\"https:\/\/portaltela.pt\/por\/367410592786\/\"}]}<\/script>\n<!-- \/ Yoast SEO plugin. -->","yoast_head_json":{"title":"Cuba enfrenta restri\u00e7\u00f5es hist\u00f3ricas em pleno s\u00e9culo XXI - Portal Tela Portugal","robots":{"index":"index","follow":"follow","max-snippet":"max-snippet:-1","max-image-preview":"max-image-preview:large","max-video-preview":"max-video-preview:-1"},"og_locale":"pt_PT","og_type":"article","og_title":"Cuba enfrenta restri\u00e7\u00f5es hist\u00f3ricas em pleno s\u00e9culo XXI - Portal Tela Portugal","og_description":"O governo dos Estados Unidos manteve o embargo a Cuba e imp\u00f4s um bloqueio energ\u00e9tico que agrava a crise na ilha. A press\u00e3o sobre a Venezuela impede o abastecimento de petr\u00f3leo, dificultando o fornecimento de combust\u00edvel a Cuba. O embargo, criado nos anos sessenta e alvo de censura da Assembleia Geral das Na\u00e7\u00f5es Unidas desde 1992, \u00e9 apresentado no texto como ilegal e desumano. O resultado \u00e9 sofrimento humano, com mortes de pacientes dependentes de ventiladores ou di\u00e1lise, al\u00e9m de cirurgias adiadas e ambul\u00e2ncias sem combust\u00edvel. O texto alerta para implica\u00e7\u00f5es no direito internacional e defende uma posi\u00e7\u00e3o europeia e portuguesa que proteja as normas internacionais.","og_url":"https:\/\/portaltela.pt\/noticias\/2026\/04\/30\/cuba-enfrenta-restricoes-historicas-em-pleno-seculo-xxi\/","og_site_name":"Portal Tela Portugal","article_published_time":"2026-04-30T18:17:48+00:00","author":"Telinha","twitter_card":"summary_large_image","twitter_misc":{"Escrito por":"Telinha","Tempo estimado de leitura":"2 minutos"},"schema":{"@context":"https:\/\/schema.org","@graph":[{"@type":"Article","@id":"https:\/\/portaltela.pt\/noticias\/2026\/04\/30\/cuba-enfrenta-restricoes-historicas-em-pleno-seculo-xxi\/#article","isPartOf":{"@id":"https:\/\/portaltela.pt\/noticias\/2026\/04\/30\/cuba-enfrenta-restricoes-historicas-em-pleno-seculo-xxi\/"},"author":{"name":"Telinha","@id":"https:\/\/portaltela.pt\/#\/schema\/person\/c4278d4a6028830caff9ee44b42d32ed"},"headline":"Cuba enfrenta restri\u00e7\u00f5es hist\u00f3ricas em pleno s\u00e9culo XXI","datePublished":"2026-04-30T18:17:48+00:00","mainEntityOfPage":{"@id":"https:\/\/portaltela.pt\/noticias\/2026\/04\/30\/cuba-enfrenta-restricoes-historicas-em-pleno-seculo-xxi\/"},"wordCount":364,"image":{"@id":"https:\/\/portaltela.pt\/noticias\/2026\/04\/30\/cuba-enfrenta-restricoes-historicas-em-pleno-seculo-xxi\/#primaryimage"},"thumbnailUrl":"https:\/\/portaltela.pt\/s.01k8rhncp4jt1\/2026\/04\/c5522245-4d4b-4046-a127-abd8a0381151_1200x675.jpg","keywords":["_diplomacia internacional","_direito internacional","_embargo econ\u00f4mico","_Na\u00e7\u00f5es Unidas","_ONU","_san\u00e7\u00f5es internacionais"],"articleSection":["Geopol\u00edtica"],"inLanguage":"pt-PT"},{"@type":"WebPage","@id":"https:\/\/portaltela.pt\/noticias\/2026\/04\/30\/cuba-enfrenta-restricoes-historicas-em-pleno-seculo-xxi\/","url":"https:\/\/portaltela.pt\/noticias\/2026\/04\/30\/cuba-enfrenta-restricoes-historicas-em-pleno-seculo-xxi\/","name":"Cuba enfrenta restri\u00e7\u00f5es hist\u00f3ricas em pleno s\u00e9culo XXI - Portal Tela Portugal","isPartOf":{"@id":"https:\/\/portaltela.pt\/#website"},"primaryImageOfPage":{"@id":"https:\/\/portaltela.pt\/noticias\/2026\/04\/30\/cuba-enfrenta-restricoes-historicas-em-pleno-seculo-xxi\/#primaryimage"},"image":{"@id":"https:\/\/portaltela.pt\/noticias\/2026\/04\/30\/cuba-enfrenta-restricoes-historicas-em-pleno-seculo-xxi\/#primaryimage"},"thumbnailUrl":"https:\/\/portaltela.pt\/s.01k8rhncp4jt1\/2026\/04\/c5522245-4d4b-4046-a127-abd8a0381151_1200x675.jpg","datePublished":"2026-04-30T18:17:48+00:00","author":{"@id":"https:\/\/portaltela.pt\/#\/schema\/person\/c4278d4a6028830caff9ee44b42d32ed"},"breadcrumb":{"@id":"https:\/\/portaltela.pt\/noticias\/2026\/04\/30\/cuba-enfrenta-restricoes-historicas-em-pleno-seculo-xxi\/#breadcrumb"},"inLanguage":"pt-PT","potentialAction":[{"@type":"ReadAction","target":["https:\/\/portaltela.pt\/noticias\/2026\/04\/30\/cuba-enfrenta-restricoes-historicas-em-pleno-seculo-xxi\/"]}]},{"@type":"ImageObject","inLanguage":"pt-PT","@id":"https:\/\/portaltela.pt\/noticias\/2026\/04\/30\/cuba-enfrenta-restricoes-historicas-em-pleno-seculo-xxi\/#primaryimage","url":"https:\/\/portaltela.pt\/s.01k8rhncp4jt1\/2026\/04\/c5522245-4d4b-4046-a127-abd8a0381151_1200x675.jpg","contentUrl":"https:\/\/portaltela.pt\/s.01k8rhncp4jt1\/2026\/04\/c5522245-4d4b-4046-a127-abd8a0381151_1200x675.jpg","width":796,"height":448,"caption":"Photo"},{"@type":"BreadcrumbList","@id":"https:\/\/portaltela.pt\/noticias\/2026\/04\/30\/cuba-enfrenta-restricoes-historicas-em-pleno-seculo-xxi\/#breadcrumb","itemListElement":[{"@type":"ListItem","position":1,"name":"In\u00edcio","item":"https:\/\/portaltela.pt\/"},{"@type":"ListItem","position":2,"name":"Cuba enfrenta restri\u00e7\u00f5es hist\u00f3ricas em pleno s\u00e9culo XXI"}]},{"@type":"WebSite","@id":"https:\/\/portaltela.pt\/#website","url":"https:\/\/portaltela.pt\/","name":"Portal Tela Portugal","description":"","potentialAction":[{"@type":"SearchAction","target":{"@type":"EntryPoint","urlTemplate":"https:\/\/portaltela.pt\/?s={search_term_string}"},"query-input":{"@type":"PropertyValueSpecification","valueRequired":true,"valueName":"search_term_string"}}],"inLanguage":"pt-PT"},{"@type":"Person","@id":"https:\/\/portaltela.pt\/#\/schema\/person\/c4278d4a6028830caff9ee44b42d32ed","name":"Telinha","image":{"@type":"ImageObject","inLanguage":"pt-PT","@id":"https:\/\/portaltela.pt\/s.01k8rhncp4jt1\/2025\/11\/talking-bot-125x125.png","url":"https:\/\/portaltela.pt\/s.01k8rhncp4jt1\/2025\/11\/talking-bot-125x125.png","contentUrl":"https:\/\/portaltela.pt\/s.01k8rhncp4jt1\/2025\/11\/talking-bot-125x125.png","caption":"Telinha"},"sameAs":["https:\/\/portaltela.pt\/"],"url":"https:\/\/portaltela.pt\/por\/367410592786\/"}]}},"_links":{"self":[{"href":"https:\/\/portaltela.pt\/api\/wp\/v2\/posts\/462940","targetHints":{"allow":["GET"]}}],"collection":[{"href":"https:\/\/portaltela.pt\/api\/wp\/v2\/posts"}],"about":[{"href":"https:\/\/portaltela.pt\/api\/wp\/v2\/types\/post"}],"author":[{"embeddable":true,"href":"https:\/\/portaltela.pt\/api\/wp\/v2\/users\/2"}],"replies":[{"embeddable":true,"href":"https:\/\/portaltela.pt\/api\/wp\/v2\/comments?post=462940"}],"version-history":[{"count":0,"href":"https:\/\/portaltela.pt\/api\/wp\/v2\/posts\/462940\/revisions"}],"wp:featuredmedia":[{"embeddable":true,"href":"https:\/\/portaltela.pt\/api\/wp\/v2\/media\/462961"}],"wp:attachment":[{"href":"https:\/\/portaltela.pt\/api\/wp\/v2\/media?parent=462940"}],"wp:term":[{"taxonomy":"category","embeddable":true,"href":"https:\/\/portaltela.pt\/api\/wp\/v2\/categories?post=462940"},{"taxonomy":"post_tag","embeddable":true,"href":"https:\/\/portaltela.pt\/api\/wp\/v2\/tags?post=462940"}],"curies":[{"name":"wp","href":"https:\/\/api.w.org\/{rel}","templated":true}]}}