{"id":462939,"date":"2026-04-30T15:17:47","date_gmt":"2026-04-30T18:17:47","guid":{"rendered":"https:\/\/portaltela.pt\/noticias\/2026\/04\/30\/parlamento-rejeita-armas-nao-letais-para-segurancas-privados\/"},"modified":"2026-04-30T15:17:47","modified_gmt":"2026-04-30T18:17:47","slug":"parlamento-rejeita-armas-nao-letais-para-segurancas-privados","status":"publish","type":"post","link":"https:\/\/portaltela.pt\/noticias\/2026\/04\/30\/parlamento-rejeita-armas-nao-letais-para-segurancas-privados\/","title":{"rendered":"Parlamento rejeita armas n\u00e3o letais para seguran\u00e7as privados"},"content":{"rendered":"<p>O Parlamento rejeitou nesta quinta-feira a proposta que permitia o acesso regulamentado a meios de defesa n\u00e3o letais para profissionais de seguran\u00e7a privada. O projeto, apresentado pelo Chega, ficou chumbado com votos contra de v\u00e1rios partidos.<\/p>\n<p>De acordo com o Chega, a vigil\u00e2ncia privada funciona como complemento \u00e0s For\u00e7as de Seguran\u00e7a do Estado, atuando tanto no setor privado como em espa\u00e7os p\u00fablicos com acesso restrito. O partido defendia que estes profissionais n\u00e3o devem ficar sem instrumentos que salvaguardem a integridade f\u00edsica.<\/p>\n<p>A proposta previa ainda a atribui\u00e7\u00e3o de um subs\u00eddio de risco aos t\u00e9cnicos de seguran\u00e7a. No debate, o Chega sublinhou a necessidade de prote\u00e7\u00e3o para quem desempenha fun\u00e7\u00f5es de alto risco.<\/p>\n<h3>Votos e altera\u00e7\u00f5es em an\u00e1lise<\/h3>\n<p>Foi tamb\u00e9m votada uma proposta do Bloco de Esquerda para alterar a Lei que regula a atividade de seguran\u00e7a privada. A ideia era assegurar que os concursos p\u00fablicos no setor respeitam integralmente o quadro legal para evitar pr\u00e1ticas de dumping social e proteger os trabalhadores.<\/p>\n<p>Para o Bloco, as medidas regulat\u00f3rias s\u00e3o essenciais para definir condi\u00e7\u00f5es de concursos p\u00fablicos e salvaguardar direitos laborais dos vigilantes, incluindo a estabilidade financeira e a dignidade profissional.<\/p>\n<p>O projeto do Chega foi rejeitado pelo PSD, PS, Iniciativa Liberal e CDS-PP. Votaram a favor o Bloco de Esquerda, o Livre, o PCP, o PAN e o Juntos pelo Povo. O Chega abstiver-se durante a vota\u00e7\u00e3o.<\/p>\n","protected":false},"excerpt":{"rendered":"<ul>\n<li>O Parlamento chumbou um projeto que procurava regular o acesso a meios de defesa n\u00e3o letais para profissionais de seguran\u00e7a privada.<\/li>\n<li>O Chega apresentou a iniciativa; foi rejeitada com votos contra de PSD, PS, Livre, PCP, Bloco de Esquerda e PAN e absten\u00e7\u00f5es de Iniciativa Liberal e CDS-PP.<\/li>\n<li>Apenas o Chega e o deputado \u00fanico do Juntos Pelo Povo votaram a favor; o Chega ficou ainda com absten\u00e7\u00e3o.<\/li>\n<li>O projeto previa, al\u00e9m do acesso a meios n\u00e3o letais, a atribui\u00e7\u00e3o de subs\u00eddio de risco aos profissionais de seguran\u00e7a.<\/li>\n<li>O Bloco de Esquerda prop\u00f4s alterar a Lei n\u00ba 34\/2013 para assegurar concursos p\u00fablicos no setor respeitem plenamente o quadro legal e protejam direitos laborais dos vigilantes; a proposta foi rejeitada.<\/li>\n<\/ul>\n","protected":false},"author":2,"featured_media":462962,"comment_status":"closed","ping_status":"closed","sticky":false,"template":"","format":"standard","meta":{"footnotes":""},"categories":[6815,1],"tags":[10056,7913,8605,8625,7878,7930],"class_list":["post-462939","post","type-post","status-publish","format-standard","has-post-thumbnail","hentry","category-justica","category-noticias","tag-_direitos-laborais","tag-_politica","tag-_seguranca-civil","tag-_seguranca-interna","tag-_seguranca-publica","tag-_trabalho"],"yoast_head":"<!-- This site is optimized with the Yoast SEO plugin v27.2 - https:\/\/yoast.com\/product\/yoast-seo-wordpress\/ -->\n<title>Parlamento rejeita armas n\u00e3o letais para seguran\u00e7as privados - Portal Tela Portugal<\/title>\n<meta name=\"robots\" content=\"index, follow, max-snippet:-1, max-image-preview:large, max-video-preview:-1\" \/>\n<meta property=\"og:locale\" content=\"pt_PT\" \/>\n<meta property=\"og:type\" content=\"article\" \/>\n<meta property=\"og:title\" content=\"Parlamento rejeita armas n\u00e3o letais para seguran\u00e7as privados - Portal Tela Portugal\" \/>\n<meta property=\"og:description\" content=\"O Parlamento chumbou um projeto que procurava regular o acesso a meios de defesa n\u00e3o letais para profissionais de seguran\u00e7a privada. O Chega apresentou a iniciativa; foi rejeitada com votos contra de PSD, PS, Livre, PCP, Bloco de Esquerda e PAN e absten\u00e7\u00f5es de Iniciativa Liberal e CDS-PP. Apenas o Chega e o deputado \u00fanico do Juntos Pelo Povo votaram a favor; o Chega ficou ainda com absten\u00e7\u00e3o. O projeto previa, al\u00e9m do acesso a meios n\u00e3o letais, a atribui\u00e7\u00e3o de subs\u00eddio de risco aos profissionais de seguran\u00e7a. O Bloco de Esquerda prop\u00f4s alterar a Lei n\u00ba 34\/2013 para assegurar concursos p\u00fablicos no setor respeitem plenamente o quadro legal e protejam direitos laborais dos vigilantes; a proposta foi rejeitada.\" \/>\n<meta property=\"og:url\" content=\"https:\/\/portaltela.pt\/noticias\/2026\/04\/30\/parlamento-rejeita-armas-nao-letais-para-segurancas-privados\/\" \/>\n<meta property=\"og:site_name\" content=\"Portal Tela Portugal\" \/>\n<meta property=\"article:published_time\" content=\"2026-04-30T18:17:47+00:00\" \/>\n<meta name=\"author\" content=\"Telinha\" \/>\n<meta name=\"twitter:card\" content=\"summary_large_image\" \/>\n<meta name=\"twitter:label1\" content=\"Escrito por\" \/>\n\t<meta name=\"twitter:data1\" content=\"Telinha\" \/>\n\t<meta name=\"twitter:label2\" content=\"Tempo estimado de leitura\" \/>\n\t<meta name=\"twitter:data2\" content=\"1 minuto\" \/>\n<script type=\"application\/ld+json\" class=\"yoast-schema-graph\">{\"@context\":\"https:\/\/schema.org\",\"@graph\":[{\"@type\":\"Article\",\"@id\":\"https:\/\/portaltela.pt\/noticias\/2026\/04\/30\/parlamento-rejeita-armas-nao-letais-para-segurancas-privados\/#article\",\"isPartOf\":{\"@id\":\"https:\/\/portaltela.pt\/noticias\/2026\/04\/30\/parlamento-rejeita-armas-nao-letais-para-segurancas-privados\/\"},\"author\":{\"name\":\"Telinha\",\"@id\":\"https:\/\/portaltela.pt\/#\/schema\/person\/c4278d4a6028830caff9ee44b42d32ed\"},\"headline\":\"Parlamento rejeita armas n\u00e3o letais para seguran\u00e7as privados\",\"datePublished\":\"2026-04-30T18:17:47+00:00\",\"mainEntityOfPage\":{\"@id\":\"https:\/\/portaltela.pt\/noticias\/2026\/04\/30\/parlamento-rejeita-armas-nao-letais-para-segurancas-privados\/\"},\"wordCount\":264,\"image\":{\"@id\":\"https:\/\/portaltela.pt\/noticias\/2026\/04\/30\/parlamento-rejeita-armas-nao-letais-para-segurancas-privados\/#primaryimage\"},\"thumbnailUrl\":\"https:\/\/portaltela.pt\/s.01k8rhncp4jt1\/2026\/04\/image-1734.jpg\",\"keywords\":[\"_direitos laborais\",\"_pol\u00edtica\",\"_seguran\u00e7a civil\",\"_seguran\u00e7a interna\",\"_seguran\u00e7a p\u00fablica\",\"_trabalho\"],\"articleSection\":[\"Justi\u00e7a\",\"Not\u00edcias\"],\"inLanguage\":\"pt-PT\"},{\"@type\":\"WebPage\",\"@id\":\"https:\/\/portaltela.pt\/noticias\/2026\/04\/30\/parlamento-rejeita-armas-nao-letais-para-segurancas-privados\/\",\"url\":\"https:\/\/portaltela.pt\/noticias\/2026\/04\/30\/parlamento-rejeita-armas-nao-letais-para-segurancas-privados\/\",\"name\":\"Parlamento rejeita armas n\u00e3o letais para seguran\u00e7as privados - Portal Tela Portugal\",\"isPartOf\":{\"@id\":\"https:\/\/portaltela.pt\/#website\"},\"primaryImageOfPage\":{\"@id\":\"https:\/\/portaltela.pt\/noticias\/2026\/04\/30\/parlamento-rejeita-armas-nao-letais-para-segurancas-privados\/#primaryimage\"},\"image\":{\"@id\":\"https:\/\/portaltela.pt\/noticias\/2026\/04\/30\/parlamento-rejeita-armas-nao-letais-para-segurancas-privados\/#primaryimage\"},\"thumbnailUrl\":\"https:\/\/portaltela.pt\/s.01k8rhncp4jt1\/2026\/04\/image-1734.jpg\",\"datePublished\":\"2026-04-30T18:17:47+00:00\",\"author\":{\"@id\":\"https:\/\/portaltela.pt\/#\/schema\/person\/c4278d4a6028830caff9ee44b42d32ed\"},\"breadcrumb\":{\"@id\":\"https:\/\/portaltela.pt\/noticias\/2026\/04\/30\/parlamento-rejeita-armas-nao-letais-para-segurancas-privados\/#breadcrumb\"},\"inLanguage\":\"pt-PT\",\"potentialAction\":[{\"@type\":\"ReadAction\",\"target\":[\"https:\/\/portaltela.pt\/noticias\/2026\/04\/30\/parlamento-rejeita-armas-nao-letais-para-segurancas-privados\/\"]}]},{\"@type\":\"ImageObject\",\"inLanguage\":\"pt-PT\",\"@id\":\"https:\/\/portaltela.pt\/noticias\/2026\/04\/30\/parlamento-rejeita-armas-nao-letais-para-segurancas-privados\/#primaryimage\",\"url\":\"https:\/\/portaltela.pt\/s.01k8rhncp4jt1\/2026\/04\/image-1734.jpg\",\"contentUrl\":\"https:\/\/portaltela.pt\/s.01k8rhncp4jt1\/2026\/04\/image-1734.jpg\",\"width\":796,\"height\":448,\"caption\":\"Chega n\u00e3o conseguiu passar lei que permitia uso condicionado de armas pelo setor da seguran\u00e7as privada\"},{\"@type\":\"BreadcrumbList\",\"@id\":\"https:\/\/portaltela.pt\/noticias\/2026\/04\/30\/parlamento-rejeita-armas-nao-letais-para-segurancas-privados\/#breadcrumb\",\"itemListElement\":[{\"@type\":\"ListItem\",\"position\":1,\"name\":\"In\u00edcio\",\"item\":\"https:\/\/portaltela.pt\/\"},{\"@type\":\"ListItem\",\"position\":2,\"name\":\"Parlamento rejeita armas n\u00e3o letais para seguran\u00e7as privados\"}]},{\"@type\":\"WebSite\",\"@id\":\"https:\/\/portaltela.pt\/#website\",\"url\":\"https:\/\/portaltela.pt\/\",\"name\":\"Portal Tela Portugal\",\"description\":\"\",\"potentialAction\":[{\"@type\":\"SearchAction\",\"target\":{\"@type\":\"EntryPoint\",\"urlTemplate\":\"https:\/\/portaltela.pt\/?s={search_term_string}\"},\"query-input\":{\"@type\":\"PropertyValueSpecification\",\"valueRequired\":true,\"valueName\":\"search_term_string\"}}],\"inLanguage\":\"pt-PT\"},{\"@type\":\"Person\",\"@id\":\"https:\/\/portaltela.pt\/#\/schema\/person\/c4278d4a6028830caff9ee44b42d32ed\",\"name\":\"Telinha\",\"image\":{\"@type\":\"ImageObject\",\"inLanguage\":\"pt-PT\",\"@id\":\"https:\/\/portaltela.pt\/s.01k8rhncp4jt1\/2025\/11\/talking-bot-125x125.png\",\"url\":\"https:\/\/portaltela.pt\/s.01k8rhncp4jt1\/2025\/11\/talking-bot-125x125.png\",\"contentUrl\":\"https:\/\/portaltela.pt\/s.01k8rhncp4jt1\/2025\/11\/talking-bot-125x125.png\",\"caption\":\"Telinha\"},\"sameAs\":[\"https:\/\/portaltela.pt\/\"],\"url\":\"https:\/\/portaltela.pt\/por\/367410592786\/\"}]}<\/script>\n<!-- \/ Yoast SEO plugin. -->","yoast_head_json":{"title":"Parlamento rejeita armas n\u00e3o letais para seguran\u00e7as privados - Portal Tela Portugal","robots":{"index":"index","follow":"follow","max-snippet":"max-snippet:-1","max-image-preview":"max-image-preview:large","max-video-preview":"max-video-preview:-1"},"og_locale":"pt_PT","og_type":"article","og_title":"Parlamento rejeita armas n\u00e3o letais para seguran\u00e7as privados - Portal Tela Portugal","og_description":"O Parlamento chumbou um projeto que procurava regular o acesso a meios de defesa n\u00e3o letais para profissionais de seguran\u00e7a privada. O Chega apresentou a iniciativa; foi rejeitada com votos contra de PSD, PS, Livre, PCP, Bloco de Esquerda e PAN e absten\u00e7\u00f5es de Iniciativa Liberal e CDS-PP. Apenas o Chega e o deputado \u00fanico do Juntos Pelo Povo votaram a favor; o Chega ficou ainda com absten\u00e7\u00e3o. O projeto previa, al\u00e9m do acesso a meios n\u00e3o letais, a atribui\u00e7\u00e3o de subs\u00eddio de risco aos profissionais de seguran\u00e7a. O Bloco de Esquerda prop\u00f4s alterar a Lei n\u00ba 34\/2013 para assegurar concursos p\u00fablicos no setor respeitem plenamente o quadro legal e protejam direitos laborais dos vigilantes; a proposta foi rejeitada.","og_url":"https:\/\/portaltela.pt\/noticias\/2026\/04\/30\/parlamento-rejeita-armas-nao-letais-para-segurancas-privados\/","og_site_name":"Portal Tela Portugal","article_published_time":"2026-04-30T18:17:47+00:00","author":"Telinha","twitter_card":"summary_large_image","twitter_misc":{"Escrito por":"Telinha","Tempo estimado de leitura":"1 minuto"},"schema":{"@context":"https:\/\/schema.org","@graph":[{"@type":"Article","@id":"https:\/\/portaltela.pt\/noticias\/2026\/04\/30\/parlamento-rejeita-armas-nao-letais-para-segurancas-privados\/#article","isPartOf":{"@id":"https:\/\/portaltela.pt\/noticias\/2026\/04\/30\/parlamento-rejeita-armas-nao-letais-para-segurancas-privados\/"},"author":{"name":"Telinha","@id":"https:\/\/portaltela.pt\/#\/schema\/person\/c4278d4a6028830caff9ee44b42d32ed"},"headline":"Parlamento rejeita armas n\u00e3o letais para seguran\u00e7as privados","datePublished":"2026-04-30T18:17:47+00:00","mainEntityOfPage":{"@id":"https:\/\/portaltela.pt\/noticias\/2026\/04\/30\/parlamento-rejeita-armas-nao-letais-para-segurancas-privados\/"},"wordCount":264,"image":{"@id":"https:\/\/portaltela.pt\/noticias\/2026\/04\/30\/parlamento-rejeita-armas-nao-letais-para-segurancas-privados\/#primaryimage"},"thumbnailUrl":"https:\/\/portaltela.pt\/s.01k8rhncp4jt1\/2026\/04\/image-1734.jpg","keywords":["_direitos laborais","_pol\u00edtica","_seguran\u00e7a civil","_seguran\u00e7a interna","_seguran\u00e7a p\u00fablica","_trabalho"],"articleSection":["Justi\u00e7a","Not\u00edcias"],"inLanguage":"pt-PT"},{"@type":"WebPage","@id":"https:\/\/portaltela.pt\/noticias\/2026\/04\/30\/parlamento-rejeita-armas-nao-letais-para-segurancas-privados\/","url":"https:\/\/portaltela.pt\/noticias\/2026\/04\/30\/parlamento-rejeita-armas-nao-letais-para-segurancas-privados\/","name":"Parlamento rejeita armas n\u00e3o letais para seguran\u00e7as privados - Portal Tela Portugal","isPartOf":{"@id":"https:\/\/portaltela.pt\/#website"},"primaryImageOfPage":{"@id":"https:\/\/portaltela.pt\/noticias\/2026\/04\/30\/parlamento-rejeita-armas-nao-letais-para-segurancas-privados\/#primaryimage"},"image":{"@id":"https:\/\/portaltela.pt\/noticias\/2026\/04\/30\/parlamento-rejeita-armas-nao-letais-para-segurancas-privados\/#primaryimage"},"thumbnailUrl":"https:\/\/portaltela.pt\/s.01k8rhncp4jt1\/2026\/04\/image-1734.jpg","datePublished":"2026-04-30T18:17:47+00:00","author":{"@id":"https:\/\/portaltela.pt\/#\/schema\/person\/c4278d4a6028830caff9ee44b42d32ed"},"breadcrumb":{"@id":"https:\/\/portaltela.pt\/noticias\/2026\/04\/30\/parlamento-rejeita-armas-nao-letais-para-segurancas-privados\/#breadcrumb"},"inLanguage":"pt-PT","potentialAction":[{"@type":"ReadAction","target":["https:\/\/portaltela.pt\/noticias\/2026\/04\/30\/parlamento-rejeita-armas-nao-letais-para-segurancas-privados\/"]}]},{"@type":"ImageObject","inLanguage":"pt-PT","@id":"https:\/\/portaltela.pt\/noticias\/2026\/04\/30\/parlamento-rejeita-armas-nao-letais-para-segurancas-privados\/#primaryimage","url":"https:\/\/portaltela.pt\/s.01k8rhncp4jt1\/2026\/04\/image-1734.jpg","contentUrl":"https:\/\/portaltela.pt\/s.01k8rhncp4jt1\/2026\/04\/image-1734.jpg","width":796,"height":448,"caption":"Chega n\u00e3o conseguiu passar lei que permitia uso condicionado de armas pelo setor da seguran\u00e7as privada"},{"@type":"BreadcrumbList","@id":"https:\/\/portaltela.pt\/noticias\/2026\/04\/30\/parlamento-rejeita-armas-nao-letais-para-segurancas-privados\/#breadcrumb","itemListElement":[{"@type":"ListItem","position":1,"name":"In\u00edcio","item":"https:\/\/portaltela.pt\/"},{"@type":"ListItem","position":2,"name":"Parlamento rejeita armas n\u00e3o letais para seguran\u00e7as privados"}]},{"@type":"WebSite","@id":"https:\/\/portaltela.pt\/#website","url":"https:\/\/portaltela.pt\/","name":"Portal Tela Portugal","description":"","potentialAction":[{"@type":"SearchAction","target":{"@type":"EntryPoint","urlTemplate":"https:\/\/portaltela.pt\/?s={search_term_string}"},"query-input":{"@type":"PropertyValueSpecification","valueRequired":true,"valueName":"search_term_string"}}],"inLanguage":"pt-PT"},{"@type":"Person","@id":"https:\/\/portaltela.pt\/#\/schema\/person\/c4278d4a6028830caff9ee44b42d32ed","name":"Telinha","image":{"@type":"ImageObject","inLanguage":"pt-PT","@id":"https:\/\/portaltela.pt\/s.01k8rhncp4jt1\/2025\/11\/talking-bot-125x125.png","url":"https:\/\/portaltela.pt\/s.01k8rhncp4jt1\/2025\/11\/talking-bot-125x125.png","contentUrl":"https:\/\/portaltela.pt\/s.01k8rhncp4jt1\/2025\/11\/talking-bot-125x125.png","caption":"Telinha"},"sameAs":["https:\/\/portaltela.pt\/"],"url":"https:\/\/portaltela.pt\/por\/367410592786\/"}]}},"_links":{"self":[{"href":"https:\/\/portaltela.pt\/api\/wp\/v2\/posts\/462939","targetHints":{"allow":["GET"]}}],"collection":[{"href":"https:\/\/portaltela.pt\/api\/wp\/v2\/posts"}],"about":[{"href":"https:\/\/portaltela.pt\/api\/wp\/v2\/types\/post"}],"author":[{"embeddable":true,"href":"https:\/\/portaltela.pt\/api\/wp\/v2\/users\/2"}],"replies":[{"embeddable":true,"href":"https:\/\/portaltela.pt\/api\/wp\/v2\/comments?post=462939"}],"version-history":[{"count":0,"href":"https:\/\/portaltela.pt\/api\/wp\/v2\/posts\/462939\/revisions"}],"wp:featuredmedia":[{"embeddable":true,"href":"https:\/\/portaltela.pt\/api\/wp\/v2\/media\/462962"}],"wp:attachment":[{"href":"https:\/\/portaltela.pt\/api\/wp\/v2\/media?parent=462939"}],"wp:term":[{"taxonomy":"category","embeddable":true,"href":"https:\/\/portaltela.pt\/api\/wp\/v2\/categories?post=462939"},{"taxonomy":"post_tag","embeddable":true,"href":"https:\/\/portaltela.pt\/api\/wp\/v2\/tags?post=462939"}],"curies":[{"name":"wp","href":"https:\/\/api.w.org\/{rel}","templated":true}]}}