{"id":462936,"date":"2026-04-30T15:17:43","date_gmt":"2026-04-30T18:17:43","guid":{"rendered":"https:\/\/portaltela.pt\/noticias\/2026\/04\/30\/sara-matos-e-a-nova-apresentadora-da-rtp1-com-siga-a-danca\/"},"modified":"2026-04-30T15:17:43","modified_gmt":"2026-04-30T18:17:43","slug":"sara-matos-e-a-nova-apresentadora-da-rtp1-com-siga-a-danca","status":"publish","type":"post","link":"https:\/\/portaltela.pt\/lazer\/2026\/04\/30\/sara-matos-e-a-nova-apresentadora-da-rtp1-com-siga-a-danca\/","title":{"rendered":"Sara Matos \u00e9 a nova apresentadora da RTP1 com Siga a Dan\u00e7a"},"content":{"rendered":"<p>Sara Matos assume a condu\u00e7\u00e3o de Siga a Dan\u00e7a, o novo formato de entretenimento da RTP1 dedicado \u00e0 dan\u00e7a e \u00e0 descoberta de talentos. A emiss\u00e3o funciona em hor\u00e1rio nobre e aposta na diversidade de estilos. A estreia est\u00e1 prevista brevemente.<\/p>\n<p>O programa re\u00fane concorrentes de v\u00e1rias idades e forma\u00e7\u00f5es, buscando talentos nacionais em diferentes estilos de dan\u00e7a. O formato posiciona-se como palco de apresenta\u00e7\u00e3o e competi\u00e7\u00e3o, com foco na express\u00e3o art\u00edstica e no profissionalismo dos candidatos.<\/p>\n<p>Siga a Dan\u00e7a pretende revelar novas gera\u00e7\u00f5es de bailarinos, oferecendo visibilidade medi\u00e1tica a artistas emergentes. A iniciativa da RTP1 refor\u00e7a o investimento em conte\u00fados de talento e dinamismo televisivo, com uma aposta clara na cultura e na dan\u00e7a nacionais.<\/p>\n<h3>Detalhes do formato<\/h3>\n<p>Drill-down de participantes e judges deve acompanhar a competi\u00e7\u00e3o, com etapas de elimina\u00e7\u00e3o e apresenta\u00e7\u00f5es ao vivo. A produ\u00e7\u00e3o promete coreografias originais, j\u00fari t\u00e9cnico e feedback construtivo para o p\u00fablico acompanhar de perto.<\/p>\n","protected":false},"excerpt":{"rendered":"<ul>\n<li>Sara Matos vai apresentar o formato &#8220;Siga a Dan\u00e7a&#8221; na RTP1.<\/li>\n<li>O programa \u00e9 um espa\u00e7o de entretenimento dedicado \u00e0 dan\u00e7a e \u00e0 descoberta de talentos em todo o pa\u00eds.<\/li>\n<li>Concorrem participantes de v\u00e1rias idades e estilos numa competi\u00e7\u00e3o em hor\u00e1rio nobre.<\/li>\n<li>O objetivo \u00e9 real\u00e7ar talento nacional e diversidade art\u00edstica num palco televisivo din\u00e2mico.<\/li>\n<li>A estreia est\u00e1 prevista para breve.<\/li>\n<\/ul>\n","protected":false},"author":2,"featured_media":462953,"comment_status":"closed","ping_status":"closed","sticky":false,"template":"","format":"standard","meta":{"footnotes":""},"categories":[12,7381],"tags":[145,1683,6598,40,5661,8958],"class_list":["post-462936","post","type-post","status-publish","format-standard","has-post-thumbnail","hentry","category-entretenimento","category-lazer","tag-cultura","tag-danca","tag-entretenimento","tag-pessoas","tag-pessoas-publicas","tag-televisao"],"yoast_head":"<!-- This site is optimized with the Yoast SEO plugin v27.2 - https:\/\/yoast.com\/product\/yoast-seo-wordpress\/ -->\n<title>Sara Matos \u00e9 a nova apresentadora da RTP1 com Siga a Dan\u00e7a - Portal Tela Portugal<\/title>\n<meta name=\"robots\" content=\"index, follow, max-snippet:-1, max-image-preview:large, max-video-preview:-1\" \/>\n<meta property=\"og:locale\" content=\"pt_PT\" \/>\n<meta property=\"og:type\" content=\"article\" \/>\n<meta property=\"og:title\" content=\"Sara Matos \u00e9 a nova apresentadora da RTP1 com Siga a Dan\u00e7a - Portal Tela Portugal\" \/>\n<meta property=\"og:description\" content=\"Sara Matos vai apresentar o formato &quot;Siga a Dan\u00e7a&quot; na RTP1. O programa \u00e9 um espa\u00e7o de entretenimento dedicado \u00e0 dan\u00e7a e \u00e0 descoberta de talentos em todo o pa\u00eds. Concorrem participantes de v\u00e1rias idades e estilos numa competi\u00e7\u00e3o em hor\u00e1rio nobre. O objetivo \u00e9 real\u00e7ar talento nacional e diversidade art\u00edstica num palco televisivo din\u00e2mico. A estreia est\u00e1 prevista para breve.\" \/>\n<meta property=\"og:url\" content=\"https:\/\/portaltela.pt\/noticias\/2026\/04\/30\/sara-matos-e-a-nova-apresentadora-da-rtp1-com-siga-a-danca\/\" \/>\n<meta property=\"og:site_name\" content=\"Portal Tela Portugal\" \/>\n<meta property=\"article:published_time\" content=\"2026-04-30T18:17:43+00:00\" \/>\n<meta name=\"author\" content=\"Telinha\" \/>\n<meta name=\"twitter:card\" content=\"summary_large_image\" \/>\n<meta name=\"twitter:label1\" content=\"Escrito por\" \/>\n\t<meta name=\"twitter:data1\" content=\"Telinha\" \/>\n\t<meta name=\"twitter:label2\" content=\"Tempo estimado de leitura\" \/>\n\t<meta name=\"twitter:data2\" content=\"1 minuto\" \/>\n<script type=\"application\/ld+json\" class=\"yoast-schema-graph\">{\"@context\":\"https:\/\/schema.org\",\"@graph\":[{\"@type\":\"Article\",\"@id\":\"https:\/\/portaltela.pt\/noticias\/2026\/04\/30\/sara-matos-e-a-nova-apresentadora-da-rtp1-com-siga-a-danca\/#article\",\"isPartOf\":{\"@id\":\"https:\/\/portaltela.pt\/noticias\/2026\/04\/30\/sara-matos-e-a-nova-apresentadora-da-rtp1-com-siga-a-danca\/\"},\"author\":{\"name\":\"Telinha\",\"@id\":\"https:\/\/portaltela.pt\/#\/schema\/person\/c4278d4a6028830caff9ee44b42d32ed\"},\"headline\":\"Sara Matos \u00e9 a nova apresentadora da RTP1 com Siga a Dan\u00e7a\",\"datePublished\":\"2026-04-30T18:17:43+00:00\",\"mainEntityOfPage\":{\"@id\":\"https:\/\/portaltela.pt\/noticias\/2026\/04\/30\/sara-matos-e-a-nova-apresentadora-da-rtp1-com-siga-a-danca\/\"},\"wordCount\":188,\"image\":{\"@id\":\"https:\/\/portaltela.pt\/noticias\/2026\/04\/30\/sara-matos-e-a-nova-apresentadora-da-rtp1-com-siga-a-danca\/#primaryimage\"},\"thumbnailUrl\":\"https:\/\/portaltela.pt\/s.01k8rhncp4jt1\/2026\/04\/image-113.webp\",\"keywords\":[\"cultura\",\"dan\u00e7a\",\"entretenimento\",\"pessoas\",\"pessoas p\u00fablicas\",\"televis\u00e3o\"],\"articleSection\":[\"Entretenimento\",\"Lazer\"],\"inLanguage\":\"pt-PT\"},{\"@type\":\"WebPage\",\"@id\":\"https:\/\/portaltela.pt\/noticias\/2026\/04\/30\/sara-matos-e-a-nova-apresentadora-da-rtp1-com-siga-a-danca\/\",\"url\":\"https:\/\/portaltela.pt\/noticias\/2026\/04\/30\/sara-matos-e-a-nova-apresentadora-da-rtp1-com-siga-a-danca\/\",\"name\":\"Sara Matos \u00e9 a nova apresentadora da RTP1 com Siga a Dan\u00e7a - Portal Tela Portugal\",\"isPartOf\":{\"@id\":\"https:\/\/portaltela.pt\/#website\"},\"primaryImageOfPage\":{\"@id\":\"https:\/\/portaltela.pt\/noticias\/2026\/04\/30\/sara-matos-e-a-nova-apresentadora-da-rtp1-com-siga-a-danca\/#primaryimage\"},\"image\":{\"@id\":\"https:\/\/portaltela.pt\/noticias\/2026\/04\/30\/sara-matos-e-a-nova-apresentadora-da-rtp1-com-siga-a-danca\/#primaryimage\"},\"thumbnailUrl\":\"https:\/\/portaltela.pt\/s.01k8rhncp4jt1\/2026\/04\/image-113.webp\",\"datePublished\":\"2026-04-30T18:17:43+00:00\",\"author\":{\"@id\":\"https:\/\/portaltela.pt\/#\/schema\/person\/c4278d4a6028830caff9ee44b42d32ed\"},\"breadcrumb\":{\"@id\":\"https:\/\/portaltela.pt\/noticias\/2026\/04\/30\/sara-matos-e-a-nova-apresentadora-da-rtp1-com-siga-a-danca\/#breadcrumb\"},\"inLanguage\":\"pt-PT\",\"potentialAction\":[{\"@type\":\"ReadAction\",\"target\":[\"https:\/\/portaltela.pt\/noticias\/2026\/04\/30\/sara-matos-e-a-nova-apresentadora-da-rtp1-com-siga-a-danca\/\"]}]},{\"@type\":\"ImageObject\",\"inLanguage\":\"pt-PT\",\"@id\":\"https:\/\/portaltela.pt\/noticias\/2026\/04\/30\/sara-matos-e-a-nova-apresentadora-da-rtp1-com-siga-a-danca\/#primaryimage\",\"url\":\"https:\/\/portaltela.pt\/s.01k8rhncp4jt1\/2026\/04\/image-113.webp\",\"contentUrl\":\"https:\/\/portaltela.pt\/s.01k8rhncp4jt1\/2026\/04\/image-113.webp\",\"width\":1200,\"height\":712,\"caption\":\"Sara Matos assume a apresenta\u00e7\u00e3o de \\\"Siga a Dan\u00e7a\\\", o novo formato de entretenimento da RTP1 dedicado \u00e0 dan\u00e7a e \u00e0 descoberta de talentos em todo o pa\u00eds\"},{\"@type\":\"BreadcrumbList\",\"@id\":\"https:\/\/portaltela.pt\/noticias\/2026\/04\/30\/sara-matos-e-a-nova-apresentadora-da-rtp1-com-siga-a-danca\/#breadcrumb\",\"itemListElement\":[{\"@type\":\"ListItem\",\"position\":1,\"name\":\"In\u00edcio\",\"item\":\"https:\/\/portaltela.pt\/\"},{\"@type\":\"ListItem\",\"position\":2,\"name\":\"Sara Matos \u00e9 a nova apresentadora da RTP1 com Siga a Dan\u00e7a\"}]},{\"@type\":\"WebSite\",\"@id\":\"https:\/\/portaltela.pt\/#website\",\"url\":\"https:\/\/portaltela.pt\/\",\"name\":\"Portal Tela Portugal\",\"description\":\"\",\"potentialAction\":[{\"@type\":\"SearchAction\",\"target\":{\"@type\":\"EntryPoint\",\"urlTemplate\":\"https:\/\/portaltela.pt\/?s={search_term_string}\"},\"query-input\":{\"@type\":\"PropertyValueSpecification\",\"valueRequired\":true,\"valueName\":\"search_term_string\"}}],\"inLanguage\":\"pt-PT\"},{\"@type\":\"Person\",\"@id\":\"https:\/\/portaltela.pt\/#\/schema\/person\/c4278d4a6028830caff9ee44b42d32ed\",\"name\":\"Telinha\",\"image\":{\"@type\":\"ImageObject\",\"inLanguage\":\"pt-PT\",\"@id\":\"https:\/\/portaltela.pt\/s.01k8rhncp4jt1\/2025\/11\/talking-bot-125x125.png\",\"url\":\"https:\/\/portaltela.pt\/s.01k8rhncp4jt1\/2025\/11\/talking-bot-125x125.png\",\"contentUrl\":\"https:\/\/portaltela.pt\/s.01k8rhncp4jt1\/2025\/11\/talking-bot-125x125.png\",\"caption\":\"Telinha\"},\"sameAs\":[\"https:\/\/portaltela.pt\/\"],\"url\":\"https:\/\/portaltela.pt\/por\/367410592786\/\"}]}<\/script>\n<!-- \/ Yoast SEO plugin. -->","yoast_head_json":{"title":"Sara Matos \u00e9 a nova apresentadora da RTP1 com Siga a Dan\u00e7a - Portal Tela Portugal","robots":{"index":"index","follow":"follow","max-snippet":"max-snippet:-1","max-image-preview":"max-image-preview:large","max-video-preview":"max-video-preview:-1"},"og_locale":"pt_PT","og_type":"article","og_title":"Sara Matos \u00e9 a nova apresentadora da RTP1 com Siga a Dan\u00e7a - Portal Tela Portugal","og_description":"Sara Matos vai apresentar o formato \"Siga a Dan\u00e7a\" na RTP1. O programa \u00e9 um espa\u00e7o de entretenimento dedicado \u00e0 dan\u00e7a e \u00e0 descoberta de talentos em todo o pa\u00eds. Concorrem participantes de v\u00e1rias idades e estilos numa competi\u00e7\u00e3o em hor\u00e1rio nobre. O objetivo \u00e9 real\u00e7ar talento nacional e diversidade art\u00edstica num palco televisivo din\u00e2mico. A estreia est\u00e1 prevista para breve.","og_url":"https:\/\/portaltela.pt\/noticias\/2026\/04\/30\/sara-matos-e-a-nova-apresentadora-da-rtp1-com-siga-a-danca\/","og_site_name":"Portal Tela Portugal","article_published_time":"2026-04-30T18:17:43+00:00","author":"Telinha","twitter_card":"summary_large_image","twitter_misc":{"Escrito por":"Telinha","Tempo estimado de leitura":"1 minuto"},"schema":{"@context":"https:\/\/schema.org","@graph":[{"@type":"Article","@id":"https:\/\/portaltela.pt\/noticias\/2026\/04\/30\/sara-matos-e-a-nova-apresentadora-da-rtp1-com-siga-a-danca\/#article","isPartOf":{"@id":"https:\/\/portaltela.pt\/noticias\/2026\/04\/30\/sara-matos-e-a-nova-apresentadora-da-rtp1-com-siga-a-danca\/"},"author":{"name":"Telinha","@id":"https:\/\/portaltela.pt\/#\/schema\/person\/c4278d4a6028830caff9ee44b42d32ed"},"headline":"Sara Matos \u00e9 a nova apresentadora da RTP1 com Siga a Dan\u00e7a","datePublished":"2026-04-30T18:17:43+00:00","mainEntityOfPage":{"@id":"https:\/\/portaltela.pt\/noticias\/2026\/04\/30\/sara-matos-e-a-nova-apresentadora-da-rtp1-com-siga-a-danca\/"},"wordCount":188,"image":{"@id":"https:\/\/portaltela.pt\/noticias\/2026\/04\/30\/sara-matos-e-a-nova-apresentadora-da-rtp1-com-siga-a-danca\/#primaryimage"},"thumbnailUrl":"https:\/\/portaltela.pt\/s.01k8rhncp4jt1\/2026\/04\/image-113.webp","keywords":["cultura","dan\u00e7a","entretenimento","pessoas","pessoas p\u00fablicas","televis\u00e3o"],"articleSection":["Entretenimento","Lazer"],"inLanguage":"pt-PT"},{"@type":"WebPage","@id":"https:\/\/portaltela.pt\/noticias\/2026\/04\/30\/sara-matos-e-a-nova-apresentadora-da-rtp1-com-siga-a-danca\/","url":"https:\/\/portaltela.pt\/noticias\/2026\/04\/30\/sara-matos-e-a-nova-apresentadora-da-rtp1-com-siga-a-danca\/","name":"Sara Matos \u00e9 a nova apresentadora da RTP1 com Siga a Dan\u00e7a - Portal Tela Portugal","isPartOf":{"@id":"https:\/\/portaltela.pt\/#website"},"primaryImageOfPage":{"@id":"https:\/\/portaltela.pt\/noticias\/2026\/04\/30\/sara-matos-e-a-nova-apresentadora-da-rtp1-com-siga-a-danca\/#primaryimage"},"image":{"@id":"https:\/\/portaltela.pt\/noticias\/2026\/04\/30\/sara-matos-e-a-nova-apresentadora-da-rtp1-com-siga-a-danca\/#primaryimage"},"thumbnailUrl":"https:\/\/portaltela.pt\/s.01k8rhncp4jt1\/2026\/04\/image-113.webp","datePublished":"2026-04-30T18:17:43+00:00","author":{"@id":"https:\/\/portaltela.pt\/#\/schema\/person\/c4278d4a6028830caff9ee44b42d32ed"},"breadcrumb":{"@id":"https:\/\/portaltela.pt\/noticias\/2026\/04\/30\/sara-matos-e-a-nova-apresentadora-da-rtp1-com-siga-a-danca\/#breadcrumb"},"inLanguage":"pt-PT","potentialAction":[{"@type":"ReadAction","target":["https:\/\/portaltela.pt\/noticias\/2026\/04\/30\/sara-matos-e-a-nova-apresentadora-da-rtp1-com-siga-a-danca\/"]}]},{"@type":"ImageObject","inLanguage":"pt-PT","@id":"https:\/\/portaltela.pt\/noticias\/2026\/04\/30\/sara-matos-e-a-nova-apresentadora-da-rtp1-com-siga-a-danca\/#primaryimage","url":"https:\/\/portaltela.pt\/s.01k8rhncp4jt1\/2026\/04\/image-113.webp","contentUrl":"https:\/\/portaltela.pt\/s.01k8rhncp4jt1\/2026\/04\/image-113.webp","width":1200,"height":712,"caption":"Sara Matos assume a apresenta\u00e7\u00e3o de \"Siga a Dan\u00e7a\", o novo formato de entretenimento da RTP1 dedicado \u00e0 dan\u00e7a e \u00e0 descoberta de talentos em todo o pa\u00eds"},{"@type":"BreadcrumbList","@id":"https:\/\/portaltela.pt\/noticias\/2026\/04\/30\/sara-matos-e-a-nova-apresentadora-da-rtp1-com-siga-a-danca\/#breadcrumb","itemListElement":[{"@type":"ListItem","position":1,"name":"In\u00edcio","item":"https:\/\/portaltela.pt\/"},{"@type":"ListItem","position":2,"name":"Sara Matos \u00e9 a nova apresentadora da RTP1 com Siga a Dan\u00e7a"}]},{"@type":"WebSite","@id":"https:\/\/portaltela.pt\/#website","url":"https:\/\/portaltela.pt\/","name":"Portal Tela Portugal","description":"","potentialAction":[{"@type":"SearchAction","target":{"@type":"EntryPoint","urlTemplate":"https:\/\/portaltela.pt\/?s={search_term_string}"},"query-input":{"@type":"PropertyValueSpecification","valueRequired":true,"valueName":"search_term_string"}}],"inLanguage":"pt-PT"},{"@type":"Person","@id":"https:\/\/portaltela.pt\/#\/schema\/person\/c4278d4a6028830caff9ee44b42d32ed","name":"Telinha","image":{"@type":"ImageObject","inLanguage":"pt-PT","@id":"https:\/\/portaltela.pt\/s.01k8rhncp4jt1\/2025\/11\/talking-bot-125x125.png","url":"https:\/\/portaltela.pt\/s.01k8rhncp4jt1\/2025\/11\/talking-bot-125x125.png","contentUrl":"https:\/\/portaltela.pt\/s.01k8rhncp4jt1\/2025\/11\/talking-bot-125x125.png","caption":"Telinha"},"sameAs":["https:\/\/portaltela.pt\/"],"url":"https:\/\/portaltela.pt\/por\/367410592786\/"}]}},"_links":{"self":[{"href":"https:\/\/portaltela.pt\/api\/wp\/v2\/posts\/462936","targetHints":{"allow":["GET"]}}],"collection":[{"href":"https:\/\/portaltela.pt\/api\/wp\/v2\/posts"}],"about":[{"href":"https:\/\/portaltela.pt\/api\/wp\/v2\/types\/post"}],"author":[{"embeddable":true,"href":"https:\/\/portaltela.pt\/api\/wp\/v2\/users\/2"}],"replies":[{"embeddable":true,"href":"https:\/\/portaltela.pt\/api\/wp\/v2\/comments?post=462936"}],"version-history":[{"count":0,"href":"https:\/\/portaltela.pt\/api\/wp\/v2\/posts\/462936\/revisions"}],"wp:featuredmedia":[{"embeddable":true,"href":"https:\/\/portaltela.pt\/api\/wp\/v2\/media\/462953"}],"wp:attachment":[{"href":"https:\/\/portaltela.pt\/api\/wp\/v2\/media?parent=462936"}],"wp:term":[{"taxonomy":"category","embeddable":true,"href":"https:\/\/portaltela.pt\/api\/wp\/v2\/categories?post=462936"},{"taxonomy":"post_tag","embeddable":true,"href":"https:\/\/portaltela.pt\/api\/wp\/v2\/tags?post=462936"}],"curies":[{"name":"wp","href":"https:\/\/api.w.org\/{rel}","templated":true}]}}