{"id":462934,"date":"2026-04-30T15:17:41","date_gmt":"2026-04-30T18:17:41","guid":{"rendered":"https:\/\/portaltela.pt\/noticias\/2026\/04\/30\/miguel-albuquerque-nega-aumento-de-verbas-para-clubes-da-madeira\/"},"modified":"2026-04-30T15:17:41","modified_gmt":"2026-04-30T18:17:41","slug":"miguel-albuquerque-nega-aumento-de-verbas-para-clubes-da-madeira","status":"publish","type":"post","link":"https:\/\/portaltela.pt\/desporto\/futebol\/2026\/04\/30\/miguel-albuquerque-nega-aumento-de-verbas-para-clubes-da-madeira\/","title":{"rendered":"Miguel Albuquerque nega aumento de verbas para clubes da Madeira"},"content":{"rendered":"<p>Ainda durante a abertura da Festa da Flor, o presidente do Governo Regional, Miguel Albuquerque, afirmou que n\u00e3o est\u00e1 prevista qualquer subida de verbas para os clubes da Madeira, nomeadamente o Mar\u00edtimo e o Nacional. O objetivo \u00e9 manter o financiamento atual dentro do quadro legal existente.<\/p>\n<p>Albuquerque enfatizou que existem prioridades or\u00e7amentais no momento, entre as quais a habita\u00e7\u00e3o e a sa\u00fade, com subida de custos de medicamentos nos \u00faltimos anos. O governante frisou que \u00e9 necess\u00e1rio manter reservas para apoiar servi\u00e7os sociais na regi\u00e3o.<\/p>\n<p>No \u00e2mbito do futebol profissional, o l\u00edder regional defendeu a cria\u00e7\u00e3o de sociedades desportivas com capitais pr\u00f3prios como caminho a seguir, recomendando aos clubes que procurem investidores. A mensagem visa disciplinar o financiamento p\u00fablico ao desporto.<\/p>\n<h3>Apelo \u00e0 ado\u00e7\u00e3o de sociedades desportivas<\/h3>\n<p>O chefe do executivo lembrou que a legisla\u00e7\u00e3o atual de financiamento desportivo persiste como base para o apoio p\u00fablico aos clubes da Madeira. Mas refor\u00e7ou que a autonomia financeira dos clubes pode reduzir a press\u00e3o sobre o er\u00e1rio regional.<\/p>\n<p>Acompanhado pela comunidade presente na Festa da Flor, Albuquerque sublinhou que o interesse \u00e9 manter a sustentabilidade financeira da regi\u00e3o, sem comprometer investimentos em \u00e1reas sens\u00edveis. A ideia \u00e9 que os clubes prosperem com capital pr\u00f3prio e gest\u00e3o profissional.<\/p>\n<p>O dirigente concluiu que a implementa\u00e7\u00e3o de modelos com capital pr\u00f3prio pode preparar o caminho para estabilidade a longo prazo, sem comprometer os servi\u00e7os sociais. O objetivo \u00e9 equilibrar o apoio p\u00fablico com a autonomia das entidades desportivas.<\/p>\n","protected":false},"excerpt":{"rendered":"<ul>\n<li>Miguel Albuquerque, presidente do Governo Regional da Madeira, negou aumento de verbas para os clubes de futebol profissional da regi\u00e3o (Mar\u00edtimo e Nacional) durante a abertura da Festa da Flor.<\/li>\n<li>Afirmou que a lei atual de financiamento desportivo \u00e9 adequada e que h\u00e1 necessidade de recursos para habita\u00e7\u00e3o e servi\u00e7os de sa\u00fade.<\/li>\n<li>Destacou que os custos com sa\u00fade t\u00eam aumentado, com os medicamentos a subir 70 por cento nos \u00faltimos sete anos e os oncol\u00f3gicos 170 por cento nesse per\u00edodo.<\/li>\n<li>Referiu a necessidade de manter reservas financeiras para continuar a financiar os servi\u00e7os sociais na regi\u00e3o.<\/li>\n<li>Encarou o incentivo \u00e0s sociedades desportivas com capitais pr\u00f3prios, dizendo que os clubes devem seguir esse caminho e procurar investidores.<\/li>\n<\/ul>\n","protected":false},"author":2,"featured_media":462956,"comment_status":"closed","ping_status":"closed","sticky":false,"template":"","format":"standard","meta":{"footnotes":""},"categories":[21,24],"tags":[152,2417,859,3011,3097,1319],"class_list":["post-462934","post","type-post","status-publish","format-standard","has-post-thumbnail","hentry","category-desporto","category-futebol","tag-desporto","tag-financiamento","tag-madeira","tag-madeira-sad","tag-maritimo","tag-nacional"],"yoast_head":"<!-- This site is optimized with the Yoast SEO plugin v27.2 - https:\/\/yoast.com\/product\/yoast-seo-wordpress\/ -->\n<title>Miguel Albuquerque nega aumento de verbas para clubes da Madeira - Portal Tela Portugal<\/title>\n<meta name=\"robots\" content=\"index, follow, max-snippet:-1, max-image-preview:large, max-video-preview:-1\" \/>\n<meta property=\"og:locale\" content=\"pt_PT\" \/>\n<meta property=\"og:type\" content=\"article\" \/>\n<meta property=\"og:title\" content=\"Miguel Albuquerque nega aumento de verbas para clubes da Madeira - Portal Tela Portugal\" \/>\n<meta property=\"og:description\" content=\"Miguel Albuquerque, presidente do Governo Regional da Madeira, negou aumento de verbas para os clubes de futebol profissional da regi\u00e3o (Mar\u00edtimo e Nacional) durante a abertura da Festa da Flor. Afirmou que a lei atual de financiamento desportivo \u00e9 adequada e que h\u00e1 necessidade de recursos para habita\u00e7\u00e3o e servi\u00e7os de sa\u00fade. Destacou que os custos com sa\u00fade t\u00eam aumentado, com os medicamentos a subir 70 por cento nos \u00faltimos sete anos e os oncol\u00f3gicos 170 por cento nesse per\u00edodo. Referiu a necessidade de manter reservas financeiras para continuar a financiar os servi\u00e7os sociais na regi\u00e3o. Encarou o incentivo \u00e0s sociedades desportivas com capitais pr\u00f3prios, dizendo que os clubes devem seguir esse caminho e procurar investidores.\" \/>\n<meta property=\"og:url\" content=\"https:\/\/portaltela.pt\/noticias\/2026\/04\/30\/miguel-albuquerque-nega-aumento-de-verbas-para-clubes-da-madeira\/\" \/>\n<meta property=\"og:site_name\" content=\"Portal Tela Portugal\" \/>\n<meta property=\"article:published_time\" content=\"2026-04-30T18:17:41+00:00\" \/>\n<meta name=\"author\" content=\"Telinha\" \/>\n<meta name=\"twitter:card\" content=\"summary_large_image\" \/>\n<meta name=\"twitter:label1\" content=\"Escrito por\" \/>\n\t<meta name=\"twitter:data1\" content=\"Telinha\" \/>\n\t<meta name=\"twitter:label2\" content=\"Tempo estimado de leitura\" \/>\n\t<meta name=\"twitter:data2\" content=\"1 minuto\" \/>\n<script type=\"application\/ld+json\" class=\"yoast-schema-graph\">{\"@context\":\"https:\/\/schema.org\",\"@graph\":[{\"@type\":\"Article\",\"@id\":\"https:\/\/portaltela.pt\/noticias\/2026\/04\/30\/miguel-albuquerque-nega-aumento-de-verbas-para-clubes-da-madeira\/#article\",\"isPartOf\":{\"@id\":\"https:\/\/portaltela.pt\/noticias\/2026\/04\/30\/miguel-albuquerque-nega-aumento-de-verbas-para-clubes-da-madeira\/\"},\"author\":{\"name\":\"Telinha\",\"@id\":\"https:\/\/portaltela.pt\/#\/schema\/person\/c4278d4a6028830caff9ee44b42d32ed\"},\"headline\":\"Miguel Albuquerque nega aumento de verbas para clubes da Madeira\",\"datePublished\":\"2026-04-30T18:17:41+00:00\",\"mainEntityOfPage\":{\"@id\":\"https:\/\/portaltela.pt\/noticias\/2026\/04\/30\/miguel-albuquerque-nega-aumento-de-verbas-para-clubes-da-madeira\/\"},\"wordCount\":274,\"image\":{\"@id\":\"https:\/\/portaltela.pt\/noticias\/2026\/04\/30\/miguel-albuquerque-nega-aumento-de-verbas-para-clubes-da-madeira\/#primaryimage\"},\"thumbnailUrl\":\"https:\/\/portaltela.pt\/s.01k8rhncp4jt1\/2026\/04\/img_920x518uu2020-12-28-13-18-45-1796475.jpg\",\"keywords\":[\"desporto\",\"financiamento\",\"Madeira\",\"Madeira SAD\",\"Mar\u00edtimo\",\"Nacional\"],\"articleSection\":[\"Desporto\",\"Futebol\"],\"inLanguage\":\"pt-PT\"},{\"@type\":\"WebPage\",\"@id\":\"https:\/\/portaltela.pt\/noticias\/2026\/04\/30\/miguel-albuquerque-nega-aumento-de-verbas-para-clubes-da-madeira\/\",\"url\":\"https:\/\/portaltela.pt\/noticias\/2026\/04\/30\/miguel-albuquerque-nega-aumento-de-verbas-para-clubes-da-madeira\/\",\"name\":\"Miguel Albuquerque nega aumento de verbas para clubes da Madeira - Portal Tela Portugal\",\"isPartOf\":{\"@id\":\"https:\/\/portaltela.pt\/#website\"},\"primaryImageOfPage\":{\"@id\":\"https:\/\/portaltela.pt\/noticias\/2026\/04\/30\/miguel-albuquerque-nega-aumento-de-verbas-para-clubes-da-madeira\/#primaryimage\"},\"image\":{\"@id\":\"https:\/\/portaltela.pt\/noticias\/2026\/04\/30\/miguel-albuquerque-nega-aumento-de-verbas-para-clubes-da-madeira\/#primaryimage\"},\"thumbnailUrl\":\"https:\/\/portaltela.pt\/s.01k8rhncp4jt1\/2026\/04\/img_920x518uu2020-12-28-13-18-45-1796475.jpg\",\"datePublished\":\"2026-04-30T18:17:41+00:00\",\"author\":{\"@id\":\"https:\/\/portaltela.pt\/#\/schema\/person\/c4278d4a6028830caff9ee44b42d32ed\"},\"breadcrumb\":{\"@id\":\"https:\/\/portaltela.pt\/noticias\/2026\/04\/30\/miguel-albuquerque-nega-aumento-de-verbas-para-clubes-da-madeira\/#breadcrumb\"},\"inLanguage\":\"pt-PT\",\"potentialAction\":[{\"@type\":\"ReadAction\",\"target\":[\"https:\/\/portaltela.pt\/noticias\/2026\/04\/30\/miguel-albuquerque-nega-aumento-de-verbas-para-clubes-da-madeira\/\"]}]},{\"@type\":\"ImageObject\",\"inLanguage\":\"pt-PT\",\"@id\":\"https:\/\/portaltela.pt\/noticias\/2026\/04\/30\/miguel-albuquerque-nega-aumento-de-verbas-para-clubes-da-madeira\/#primaryimage\",\"url\":\"https:\/\/portaltela.pt\/s.01k8rhncp4jt1\/2026\/04\/img_920x518uu2020-12-28-13-18-45-1796475.jpg\",\"contentUrl\":\"https:\/\/portaltela.pt\/s.01k8rhncp4jt1\/2026\/04\/img_920x518uu2020-12-28-13-18-45-1796475.jpg\",\"width\":796,\"height\":448,\"caption\":\"Miguel Albuquerque, presidente do Governo Regional da Madeira\"},{\"@type\":\"BreadcrumbList\",\"@id\":\"https:\/\/portaltela.pt\/noticias\/2026\/04\/30\/miguel-albuquerque-nega-aumento-de-verbas-para-clubes-da-madeira\/#breadcrumb\",\"itemListElement\":[{\"@type\":\"ListItem\",\"position\":1,\"name\":\"In\u00edcio\",\"item\":\"https:\/\/portaltela.pt\/\"},{\"@type\":\"ListItem\",\"position\":2,\"name\":\"Miguel Albuquerque nega aumento de verbas para clubes da Madeira\"}]},{\"@type\":\"WebSite\",\"@id\":\"https:\/\/portaltela.pt\/#website\",\"url\":\"https:\/\/portaltela.pt\/\",\"name\":\"Portal Tela Portugal\",\"description\":\"\",\"potentialAction\":[{\"@type\":\"SearchAction\",\"target\":{\"@type\":\"EntryPoint\",\"urlTemplate\":\"https:\/\/portaltela.pt\/?s={search_term_string}\"},\"query-input\":{\"@type\":\"PropertyValueSpecification\",\"valueRequired\":true,\"valueName\":\"search_term_string\"}}],\"inLanguage\":\"pt-PT\"},{\"@type\":\"Person\",\"@id\":\"https:\/\/portaltela.pt\/#\/schema\/person\/c4278d4a6028830caff9ee44b42d32ed\",\"name\":\"Telinha\",\"image\":{\"@type\":\"ImageObject\",\"inLanguage\":\"pt-PT\",\"@id\":\"https:\/\/portaltela.pt\/s.01k8rhncp4jt1\/2025\/11\/talking-bot-125x125.png\",\"url\":\"https:\/\/portaltela.pt\/s.01k8rhncp4jt1\/2025\/11\/talking-bot-125x125.png\",\"contentUrl\":\"https:\/\/portaltela.pt\/s.01k8rhncp4jt1\/2025\/11\/talking-bot-125x125.png\",\"caption\":\"Telinha\"},\"sameAs\":[\"https:\/\/portaltela.pt\/\"],\"url\":\"https:\/\/portaltela.pt\/por\/367410592786\/\"}]}<\/script>\n<!-- \/ Yoast SEO plugin. -->","yoast_head_json":{"title":"Miguel Albuquerque nega aumento de verbas para clubes da Madeira - Portal Tela Portugal","robots":{"index":"index","follow":"follow","max-snippet":"max-snippet:-1","max-image-preview":"max-image-preview:large","max-video-preview":"max-video-preview:-1"},"og_locale":"pt_PT","og_type":"article","og_title":"Miguel Albuquerque nega aumento de verbas para clubes da Madeira - Portal Tela Portugal","og_description":"Miguel Albuquerque, presidente do Governo Regional da Madeira, negou aumento de verbas para os clubes de futebol profissional da regi\u00e3o (Mar\u00edtimo e Nacional) durante a abertura da Festa da Flor. Afirmou que a lei atual de financiamento desportivo \u00e9 adequada e que h\u00e1 necessidade de recursos para habita\u00e7\u00e3o e servi\u00e7os de sa\u00fade. Destacou que os custos com sa\u00fade t\u00eam aumentado, com os medicamentos a subir 70 por cento nos \u00faltimos sete anos e os oncol\u00f3gicos 170 por cento nesse per\u00edodo. Referiu a necessidade de manter reservas financeiras para continuar a financiar os servi\u00e7os sociais na regi\u00e3o. Encarou o incentivo \u00e0s sociedades desportivas com capitais pr\u00f3prios, dizendo que os clubes devem seguir esse caminho e procurar investidores.","og_url":"https:\/\/portaltela.pt\/noticias\/2026\/04\/30\/miguel-albuquerque-nega-aumento-de-verbas-para-clubes-da-madeira\/","og_site_name":"Portal Tela Portugal","article_published_time":"2026-04-30T18:17:41+00:00","author":"Telinha","twitter_card":"summary_large_image","twitter_misc":{"Escrito por":"Telinha","Tempo estimado de leitura":"1 minuto"},"schema":{"@context":"https:\/\/schema.org","@graph":[{"@type":"Article","@id":"https:\/\/portaltela.pt\/noticias\/2026\/04\/30\/miguel-albuquerque-nega-aumento-de-verbas-para-clubes-da-madeira\/#article","isPartOf":{"@id":"https:\/\/portaltela.pt\/noticias\/2026\/04\/30\/miguel-albuquerque-nega-aumento-de-verbas-para-clubes-da-madeira\/"},"author":{"name":"Telinha","@id":"https:\/\/portaltela.pt\/#\/schema\/person\/c4278d4a6028830caff9ee44b42d32ed"},"headline":"Miguel Albuquerque nega aumento de verbas para clubes da Madeira","datePublished":"2026-04-30T18:17:41+00:00","mainEntityOfPage":{"@id":"https:\/\/portaltela.pt\/noticias\/2026\/04\/30\/miguel-albuquerque-nega-aumento-de-verbas-para-clubes-da-madeira\/"},"wordCount":274,"image":{"@id":"https:\/\/portaltela.pt\/noticias\/2026\/04\/30\/miguel-albuquerque-nega-aumento-de-verbas-para-clubes-da-madeira\/#primaryimage"},"thumbnailUrl":"https:\/\/portaltela.pt\/s.01k8rhncp4jt1\/2026\/04\/img_920x518uu2020-12-28-13-18-45-1796475.jpg","keywords":["desporto","financiamento","Madeira","Madeira SAD","Mar\u00edtimo","Nacional"],"articleSection":["Desporto","Futebol"],"inLanguage":"pt-PT"},{"@type":"WebPage","@id":"https:\/\/portaltela.pt\/noticias\/2026\/04\/30\/miguel-albuquerque-nega-aumento-de-verbas-para-clubes-da-madeira\/","url":"https:\/\/portaltela.pt\/noticias\/2026\/04\/30\/miguel-albuquerque-nega-aumento-de-verbas-para-clubes-da-madeira\/","name":"Miguel Albuquerque nega aumento de verbas para clubes da Madeira - Portal Tela Portugal","isPartOf":{"@id":"https:\/\/portaltela.pt\/#website"},"primaryImageOfPage":{"@id":"https:\/\/portaltela.pt\/noticias\/2026\/04\/30\/miguel-albuquerque-nega-aumento-de-verbas-para-clubes-da-madeira\/#primaryimage"},"image":{"@id":"https:\/\/portaltela.pt\/noticias\/2026\/04\/30\/miguel-albuquerque-nega-aumento-de-verbas-para-clubes-da-madeira\/#primaryimage"},"thumbnailUrl":"https:\/\/portaltela.pt\/s.01k8rhncp4jt1\/2026\/04\/img_920x518uu2020-12-28-13-18-45-1796475.jpg","datePublished":"2026-04-30T18:17:41+00:00","author":{"@id":"https:\/\/portaltela.pt\/#\/schema\/person\/c4278d4a6028830caff9ee44b42d32ed"},"breadcrumb":{"@id":"https:\/\/portaltela.pt\/noticias\/2026\/04\/30\/miguel-albuquerque-nega-aumento-de-verbas-para-clubes-da-madeira\/#breadcrumb"},"inLanguage":"pt-PT","potentialAction":[{"@type":"ReadAction","target":["https:\/\/portaltela.pt\/noticias\/2026\/04\/30\/miguel-albuquerque-nega-aumento-de-verbas-para-clubes-da-madeira\/"]}]},{"@type":"ImageObject","inLanguage":"pt-PT","@id":"https:\/\/portaltela.pt\/noticias\/2026\/04\/30\/miguel-albuquerque-nega-aumento-de-verbas-para-clubes-da-madeira\/#primaryimage","url":"https:\/\/portaltela.pt\/s.01k8rhncp4jt1\/2026\/04\/img_920x518uu2020-12-28-13-18-45-1796475.jpg","contentUrl":"https:\/\/portaltela.pt\/s.01k8rhncp4jt1\/2026\/04\/img_920x518uu2020-12-28-13-18-45-1796475.jpg","width":796,"height":448,"caption":"Miguel Albuquerque, presidente do Governo Regional da Madeira"},{"@type":"BreadcrumbList","@id":"https:\/\/portaltela.pt\/noticias\/2026\/04\/30\/miguel-albuquerque-nega-aumento-de-verbas-para-clubes-da-madeira\/#breadcrumb","itemListElement":[{"@type":"ListItem","position":1,"name":"In\u00edcio","item":"https:\/\/portaltela.pt\/"},{"@type":"ListItem","position":2,"name":"Miguel Albuquerque nega aumento de verbas para clubes da Madeira"}]},{"@type":"WebSite","@id":"https:\/\/portaltela.pt\/#website","url":"https:\/\/portaltela.pt\/","name":"Portal Tela Portugal","description":"","potentialAction":[{"@type":"SearchAction","target":{"@type":"EntryPoint","urlTemplate":"https:\/\/portaltela.pt\/?s={search_term_string}"},"query-input":{"@type":"PropertyValueSpecification","valueRequired":true,"valueName":"search_term_string"}}],"inLanguage":"pt-PT"},{"@type":"Person","@id":"https:\/\/portaltela.pt\/#\/schema\/person\/c4278d4a6028830caff9ee44b42d32ed","name":"Telinha","image":{"@type":"ImageObject","inLanguage":"pt-PT","@id":"https:\/\/portaltela.pt\/s.01k8rhncp4jt1\/2025\/11\/talking-bot-125x125.png","url":"https:\/\/portaltela.pt\/s.01k8rhncp4jt1\/2025\/11\/talking-bot-125x125.png","contentUrl":"https:\/\/portaltela.pt\/s.01k8rhncp4jt1\/2025\/11\/talking-bot-125x125.png","caption":"Telinha"},"sameAs":["https:\/\/portaltela.pt\/"],"url":"https:\/\/portaltela.pt\/por\/367410592786\/"}]}},"_links":{"self":[{"href":"https:\/\/portaltela.pt\/api\/wp\/v2\/posts\/462934","targetHints":{"allow":["GET"]}}],"collection":[{"href":"https:\/\/portaltela.pt\/api\/wp\/v2\/posts"}],"about":[{"href":"https:\/\/portaltela.pt\/api\/wp\/v2\/types\/post"}],"author":[{"embeddable":true,"href":"https:\/\/portaltela.pt\/api\/wp\/v2\/users\/2"}],"replies":[{"embeddable":true,"href":"https:\/\/portaltela.pt\/api\/wp\/v2\/comments?post=462934"}],"version-history":[{"count":0,"href":"https:\/\/portaltela.pt\/api\/wp\/v2\/posts\/462934\/revisions"}],"wp:featuredmedia":[{"embeddable":true,"href":"https:\/\/portaltela.pt\/api\/wp\/v2\/media\/462956"}],"wp:attachment":[{"href":"https:\/\/portaltela.pt\/api\/wp\/v2\/media?parent=462934"}],"wp:term":[{"taxonomy":"category","embeddable":true,"href":"https:\/\/portaltela.pt\/api\/wp\/v2\/categories?post=462934"},{"taxonomy":"post_tag","embeddable":true,"href":"https:\/\/portaltela.pt\/api\/wp\/v2\/tags?post=462934"}],"curies":[{"name":"wp","href":"https:\/\/api.w.org\/{rel}","templated":true}]}}