{"id":462910,"date":"2026-04-30T15:03:13","date_gmt":"2026-04-30T18:03:13","guid":{"rendered":"https:\/\/portaltela.pt\/noticias\/2026\/04\/30\/conferencia-aponta-tres-caminhos-para-eliminar-combustiveis-fosseis-da-economia\/"},"modified":"2026-04-30T15:03:13","modified_gmt":"2026-04-30T18:03:13","slug":"conferencia-aponta-tres-caminhos-para-eliminar-combustiveis-fosseis-da-economia","status":"publish","type":"post","link":"https:\/\/portaltela.pt\/noticias\/2026\/04\/30\/conferencia-aponta-tres-caminhos-para-eliminar-combustiveis-fosseis-da-economia\/","title":{"rendered":"Confer\u00eancia aponta tr\u00eas caminhos para eliminar combust\u00edveis f\u00f3sseis da economia"},"content":{"rendered":"<p>A Confer\u00eancia sobre a Transi\u00e7\u00e3o para o Abandono dos Combust\u00edveis F\u00f3sseis, realizada em Santa Marta, Col\u00f4mbia, terminou com a defini\u00e7\u00e3o de tr\u00eas caminhos para abandonar petr\u00f3leo, g\u00e1s natural e carv\u00e3o. O encontro reuniu 57 pa\u00edses e acordou novo f\u00f3rum para 2027, organizado pela Irlanda e Tuvalu. O objetivo \u00e9 avan\u00e7ar rumo a uma economia menos dependente de combust\u00edveis f\u00f3sseis.<\/p>\n<p>A reuni\u00e3o ocorreu num momento em que o pre\u00e7o do petr\u00f3leo atingiu novos patamares desde o in\u00edcio da viol\u00eancia no M\u00e9dio Oriente e do bloqueio do estreito de Ormuz. Embora n\u00e3o tenha sido convocada para substituir as COP, a confer\u00eancia pretende influenciar debates da ONU sobre altera\u00e7\u00f5es clim\u00e1ticas e dar continuidade ao processo de transi\u00e7\u00e3o. Portugal enviou representantes.<\/p>\n<h3>O primeiro pilar: descarboniza\u00e7\u00e3o a n\u00edvel regional<\/h3>\n<p>O grupo de trabalho central foca-se em desenhar roteiros de descarboniza\u00e7\u00e3o al\u00e9m das metas nacionais, incluindo a\u00e7\u00f5es regionais. O objetivo \u00e9 mapear caminhos detalhados para abandonar os combust\u00edveis f\u00f3sseis, refor\u00e7ando que as pol\u00edticas atuais s\u00e3o insuficientes.<\/p>\n<p>Pa\u00edses v\u00e3o alinhar compromissos de redu\u00e7\u00e3o de emiss\u00f5es com o Acordo de Paris, tendo em conta as exporta\u00e7\u00f5es de combust\u00edveis f\u00f3sseis para outros mercados. A iniciativa prev\u00ea zonas livres de f\u00f3sseis em alguns territ\u00f3rios como possibilidade pr\u00e1tica.<\/p>\n<p>Esta linha de trabalho recebe apoio da NDC Partnership e de um painel cient\u00edfico sediado na USP, no Brasil, com especialistas como Johan Rockstr\u00f6m e Carlos Nobre. O objetivo \u00e9 criar uma refer\u00eancia para descarboniza\u00e7\u00e3o semelhante \u00e0 fun\u00e7\u00e3o do IPCC nas altera\u00e7\u00f5es clim\u00e1ticas.<\/p>\n<h3>O segundo pilar: armadilhas econ\u00f3micas e subs\u00eddios<\/h3>\n<p>O segundo eixo analisa os mecanismos que mant\u00eam a depend\u00eancia dos combust\u00edveis f\u00f3sseis, sobretudo para o Sul Global, que exporta mat\u00e9rias-primas e enfrenta restri\u00e7\u00f5es or\u00e7amentais. A transpar\u00eancia \u00e9 destacada como essencial para mapear subs\u00eddios \u00e0 produ\u00e7\u00e3o e consumo.<\/p>\n<p>Foi sublinhado que muitos subs\u00eddios permanecem pouco vis\u00edveis e que a remo\u00e7\u00e3o desses incentivos \u00e9 crucial para a transi\u00e7\u00e3o energ\u00e9tica. As propostas incluem partilhar dados entre pa\u00edses e, dentro da UE, promover a\u00e7\u00f5es coordenadas para reduzir a depend\u00eancia de f\u00f3sseis.<\/p>\n<p>Este pilar tamb\u00e9m aborda a necessidade de libertar economias de cartas de endividamento associadas \u00e0 transi\u00e7\u00e3o, para facilitar investimentos em energias limpas e infraestrutura.<\/p>\n<h3>O terceiro pilar: com\u00e9rcio internacional e transi\u00e7\u00e3o verde<\/h3>\n<p>O terceiro eixo foca-se em como o com\u00e9rcio internacional impulsiona a extra\u00e7\u00e3o de f\u00f3sseis e como pode evoluir para pr\u00e1ticas mais verdes. Pa\u00edses do Sul Global, dependentes de exporta\u00e7\u00f5es de recursos, devem desenvolver roteiros para trocas comerciais menos poluentes.<\/p>\n<p>A OCDE oferece apoio neste tema, que inclui a reformula\u00e7\u00e3o de balan\u00e7as comerciais para favorecimento de atividades com menos carbono. A ideia \u00e9 alinhar o com\u00e9rcio com metas clim\u00e1ticas sem comprometer o desenvolvimento econ\u00f3mico.<\/p>\n<h3>Rela\u00e7\u00e3o com a ONU e pr\u00f3ximos passos<\/h3>\n<p>Os ministros destacaram que o relat\u00f3rio detalhado das discuss\u00f5es de Santa Marta dever\u00e1 ser divulgado em junho, para preparar a pr\u00f3xima confer\u00eancia prevista para 2027, em Tuvalu e Irlanda. A iniciativa, associada a organiza\u00e7\u00f5es como a Iniciativa para um Tratado de N\u00e3o-Prolifera\u00e7\u00e3o de Combust\u00edveis F\u00f3sseis, n\u00e3o pretende substituir as COP, mas sim complementar o processo negocial da ONU.<\/p>\n<p>A confer\u00eancia atual n\u00e3o incluiu pa\u00edses como China, R\u00fassia e Estados Unidos, que n\u00e3o participaram nem foram convidados, por serem vistos como dependentes de extrativismo. O grupo refor\u00e7ou que o objetivo \u00e9 acelerar a a\u00e7\u00e3o por meio de mapas de transi\u00e7\u00e3o detalhados, alinhamento comercial e combate \u00e0s armadilhas financeiras, conectando processos da ONU a iniciativas nacionais.<\/p>\n","protected":false},"excerpt":{"rendered":"<ul>\n<li>A Confer\u00eancia sobre a Transi\u00e7\u00e3o para o Abandono dos Combust\u00edveis F\u00f3sseis, em Santa Marta, Col\u00f4mbia, encerrou com tr\u00eas caminhos para abandonar petr\u00f3leo, g\u00e1s e carv\u00e3o e anunciou um segundo encontro em in\u00edcio de 2027, organizado pela Irlanda e por Tuvalu.<\/li>\n<li>Os tr\u00eas caminhos s\u00e3o: desenvolver roteiros de descarboniza\u00e7\u00e3o a n\u00edvel nacional e regional; alinhar pol\u00edticas comerciais relacionadas com a exporta\u00e7\u00e3o de combust\u00edveis f\u00f3sseis e de materiais com alto carbono; e desmontar armadilhas or\u00e7amentais, subs\u00eddios e d\u00edvida que atrasam a transi\u00e7\u00e3o.<\/li>\n<li>Cerca de cinquenta e sete pa\u00edses estiveram presentes, representando cerca de trinta por cento da produ\u00e7\u00e3o e consumo globais de combust\u00edveis f\u00f3sseis; Portugal foi representado pela presidente da Ag\u00eancia do Clima. China, R\u00fassia e Estados Unidos n\u00e3o participaram.<\/li>\n<li>A ministra colombiana do Ambiente, Irene V\u00e9lez-Torres, defendeu que \u00e9 poss\u00edvel ter \u201coutra democracia ambiental\u201d e destacou a necessidade de que o que ocorreu em Santa Marta influencie a ONU e as COP, com a perspetiva de avan\u00e7ar a partir deste trabalho.<\/li>\n<li>A segunda confer\u00eancia, organizada pela Irlanda e por Tuvalu, ser\u00e1 promovida no in\u00edcio de 2027 para manter o processo ativo e ligar as a\u00e7\u00f5es aos f\u00f3runs j\u00e1 existentes da organiza\u00e7\u00e3o global.<\/li>\n<\/ul>\n","protected":false},"author":2,"featured_media":462919,"comment_status":"closed","ping_status":"closed","sticky":false,"template":"","format":"standard","meta":{"footnotes":""},"categories":[7380,1],"tags":[8781,7915,8179,7928,8051,10052],"class_list":["post-462910","post","type-post","status-publish","format-standard","has-post-thumbnail","hentry","category-clima","category-noticias","tag-_abandono","tag-_comercio-internacional","tag-_descarbonizacao","tag-_desenvolvimento-sustentavel","tag-_energias-renovaveis","tag-_ocde"],"yoast_head":"<!-- This site is optimized with the Yoast SEO plugin v27.2 - https:\/\/yoast.com\/product\/yoast-seo-wordpress\/ -->\n<title>Confer\u00eancia aponta tr\u00eas caminhos para eliminar combust\u00edveis f\u00f3sseis da economia - Portal Tela Portugal<\/title>\n<meta name=\"robots\" content=\"index, follow, max-snippet:-1, max-image-preview:large, max-video-preview:-1\" \/>\n<meta property=\"og:locale\" content=\"pt_PT\" \/>\n<meta property=\"og:type\" content=\"article\" \/>\n<meta property=\"og:title\" content=\"Confer\u00eancia aponta tr\u00eas caminhos para eliminar combust\u00edveis f\u00f3sseis da economia - Portal Tela Portugal\" \/>\n<meta property=\"og:description\" content=\"A Confer\u00eancia sobre a Transi\u00e7\u00e3o para o Abandono dos Combust\u00edveis F\u00f3sseis, em Santa Marta, Col\u00f4mbia, encerrou com tr\u00eas caminhos para abandonar petr\u00f3leo, g\u00e1s e carv\u00e3o e anunciou um segundo encontro em in\u00edcio de 2027, organizado pela Irlanda e por Tuvalu. Os tr\u00eas caminhos s\u00e3o: desenvolver roteiros de descarboniza\u00e7\u00e3o a n\u00edvel nacional e regional; alinhar pol\u00edticas comerciais relacionadas com a exporta\u00e7\u00e3o de combust\u00edveis f\u00f3sseis e de materiais com alto carbono; e desmontar armadilhas or\u00e7amentais, subs\u00eddios e d\u00edvida que atrasam a transi\u00e7\u00e3o. Cerca de cinquenta e sete pa\u00edses estiveram presentes, representando cerca de trinta por cento da produ\u00e7\u00e3o e consumo globais de combust\u00edveis f\u00f3sseis; Portugal foi representado pela presidente da Ag\u00eancia do Clima. China, R\u00fassia e Estados Unidos n\u00e3o participaram. A ministra colombiana do Ambiente, Irene V\u00e9lez-Torres, defendeu que \u00e9 poss\u00edvel ter \u201coutra democracia ambiental\u201d e destacou a necessidade de que o que ocorreu em Santa Marta influencie a ONU e as COP, com a perspetiva de avan\u00e7ar a partir deste trabalho. A segunda confer\u00eancia, organizada pela Irlanda e por Tuvalu, ser\u00e1 promovida no in\u00edcio de 2027 para manter o processo ativo e ligar as a\u00e7\u00f5es aos f\u00f3runs j\u00e1 existentes da organiza\u00e7\u00e3o global.\" \/>\n<meta property=\"og:url\" content=\"https:\/\/portaltela.pt\/noticias\/2026\/04\/30\/conferencia-aponta-tres-caminhos-para-eliminar-combustiveis-fosseis-da-economia\/\" \/>\n<meta property=\"og:site_name\" content=\"Portal Tela Portugal\" \/>\n<meta property=\"article:published_time\" content=\"2026-04-30T18:03:13+00:00\" \/>\n<meta name=\"author\" content=\"Telinha\" \/>\n<meta name=\"twitter:card\" content=\"summary_large_image\" \/>\n<meta name=\"twitter:label1\" content=\"Escrito por\" \/>\n\t<meta name=\"twitter:data1\" content=\"Telinha\" \/>\n\t<meta name=\"twitter:label2\" content=\"Tempo estimado de leitura\" \/>\n\t<meta name=\"twitter:data2\" content=\"3 minutos\" \/>\n<script type=\"application\/ld+json\" class=\"yoast-schema-graph\">{\"@context\":\"https:\/\/schema.org\",\"@graph\":[{\"@type\":\"Article\",\"@id\":\"https:\/\/portaltela.pt\/noticias\/2026\/04\/30\/conferencia-aponta-tres-caminhos-para-eliminar-combustiveis-fosseis-da-economia\/#article\",\"isPartOf\":{\"@id\":\"https:\/\/portaltela.pt\/noticias\/2026\/04\/30\/conferencia-aponta-tres-caminhos-para-eliminar-combustiveis-fosseis-da-economia\/\"},\"author\":{\"name\":\"Telinha\",\"@id\":\"https:\/\/portaltela.pt\/#\/schema\/person\/c4278d4a6028830caff9ee44b42d32ed\"},\"headline\":\"Confer\u00eancia aponta tr\u00eas caminhos para eliminar combust\u00edveis f\u00f3sseis da economia\",\"datePublished\":\"2026-04-30T18:03:13+00:00\",\"mainEntityOfPage\":{\"@id\":\"https:\/\/portaltela.pt\/noticias\/2026\/04\/30\/conferencia-aponta-tres-caminhos-para-eliminar-combustiveis-fosseis-da-economia\/\"},\"wordCount\":661,\"image\":{\"@id\":\"https:\/\/portaltela.pt\/noticias\/2026\/04\/30\/conferencia-aponta-tres-caminhos-para-eliminar-combustiveis-fosseis-da-economia\/#primaryimage\"},\"thumbnailUrl\":\"https:\/\/portaltela.pt\/s.01k8rhncp4jt1\/2026\/04\/2085320.jpg\",\"keywords\":[\"_abandono\",\"_com\u00e9rcio internacional\",\"_descarboniza\u00e7\u00e3o\",\"_desenvolvimento sustent\u00e1vel\",\"_energias renov\u00e1veis\",\"_OCDE\"],\"articleSection\":[\"Clima\",\"Not\u00edcias\"],\"inLanguage\":\"pt-PT\"},{\"@type\":\"WebPage\",\"@id\":\"https:\/\/portaltela.pt\/noticias\/2026\/04\/30\/conferencia-aponta-tres-caminhos-para-eliminar-combustiveis-fosseis-da-economia\/\",\"url\":\"https:\/\/portaltela.pt\/noticias\/2026\/04\/30\/conferencia-aponta-tres-caminhos-para-eliminar-combustiveis-fosseis-da-economia\/\",\"name\":\"Confer\u00eancia aponta tr\u00eas caminhos para eliminar combust\u00edveis f\u00f3sseis da economia - Portal Tela Portugal\",\"isPartOf\":{\"@id\":\"https:\/\/portaltela.pt\/#website\"},\"primaryImageOfPage\":{\"@id\":\"https:\/\/portaltela.pt\/noticias\/2026\/04\/30\/conferencia-aponta-tres-caminhos-para-eliminar-combustiveis-fosseis-da-economia\/#primaryimage\"},\"image\":{\"@id\":\"https:\/\/portaltela.pt\/noticias\/2026\/04\/30\/conferencia-aponta-tres-caminhos-para-eliminar-combustiveis-fosseis-da-economia\/#primaryimage\"},\"thumbnailUrl\":\"https:\/\/portaltela.pt\/s.01k8rhncp4jt1\/2026\/04\/2085320.jpg\",\"datePublished\":\"2026-04-30T18:03:13+00:00\",\"author\":{\"@id\":\"https:\/\/portaltela.pt\/#\/schema\/person\/c4278d4a6028830caff9ee44b42d32ed\"},\"breadcrumb\":{\"@id\":\"https:\/\/portaltela.pt\/noticias\/2026\/04\/30\/conferencia-aponta-tres-caminhos-para-eliminar-combustiveis-fosseis-da-economia\/#breadcrumb\"},\"inLanguage\":\"pt-PT\",\"potentialAction\":[{\"@type\":\"ReadAction\",\"target\":[\"https:\/\/portaltela.pt\/noticias\/2026\/04\/30\/conferencia-aponta-tres-caminhos-para-eliminar-combustiveis-fosseis-da-economia\/\"]}]},{\"@type\":\"ImageObject\",\"inLanguage\":\"pt-PT\",\"@id\":\"https:\/\/portaltela.pt\/noticias\/2026\/04\/30\/conferencia-aponta-tres-caminhos-para-eliminar-combustiveis-fosseis-da-economia\/#primaryimage\",\"url\":\"https:\/\/portaltela.pt\/s.01k8rhncp4jt1\/2026\/04\/2085320.jpg\",\"contentUrl\":\"https:\/\/portaltela.pt\/s.01k8rhncp4jt1\/2026\/04\/2085320.jpg\",\"width\":796,\"height\":448,\"caption\":\"Irene V\u00e9lez e Stientje van Veldhoven passam o testemunho ao representante da Irlanda, Philip Nugent (esquerda) e de Tuvalu, o ministro Maina Talia\"},{\"@type\":\"BreadcrumbList\",\"@id\":\"https:\/\/portaltela.pt\/noticias\/2026\/04\/30\/conferencia-aponta-tres-caminhos-para-eliminar-combustiveis-fosseis-da-economia\/#breadcrumb\",\"itemListElement\":[{\"@type\":\"ListItem\",\"position\":1,\"name\":\"In\u00edcio\",\"item\":\"https:\/\/portaltela.pt\/\"},{\"@type\":\"ListItem\",\"position\":2,\"name\":\"Confer\u00eancia aponta tr\u00eas caminhos para eliminar combust\u00edveis f\u00f3sseis da economia\"}]},{\"@type\":\"WebSite\",\"@id\":\"https:\/\/portaltela.pt\/#website\",\"url\":\"https:\/\/portaltela.pt\/\",\"name\":\"Portal Tela Portugal\",\"description\":\"\",\"potentialAction\":[{\"@type\":\"SearchAction\",\"target\":{\"@type\":\"EntryPoint\",\"urlTemplate\":\"https:\/\/portaltela.pt\/?s={search_term_string}\"},\"query-input\":{\"@type\":\"PropertyValueSpecification\",\"valueRequired\":true,\"valueName\":\"search_term_string\"}}],\"inLanguage\":\"pt-PT\"},{\"@type\":\"Person\",\"@id\":\"https:\/\/portaltela.pt\/#\/schema\/person\/c4278d4a6028830caff9ee44b42d32ed\",\"name\":\"Telinha\",\"image\":{\"@type\":\"ImageObject\",\"inLanguage\":\"pt-PT\",\"@id\":\"https:\/\/portaltela.pt\/s.01k8rhncp4jt1\/2025\/11\/talking-bot-125x125.png\",\"url\":\"https:\/\/portaltela.pt\/s.01k8rhncp4jt1\/2025\/11\/talking-bot-125x125.png\",\"contentUrl\":\"https:\/\/portaltela.pt\/s.01k8rhncp4jt1\/2025\/11\/talking-bot-125x125.png\",\"caption\":\"Telinha\"},\"sameAs\":[\"https:\/\/portaltela.pt\/\"],\"url\":\"https:\/\/portaltela.pt\/por\/367410592786\/\"}]}<\/script>\n<!-- \/ Yoast SEO plugin. -->","yoast_head_json":{"title":"Confer\u00eancia aponta tr\u00eas caminhos para eliminar combust\u00edveis f\u00f3sseis da economia - Portal Tela Portugal","robots":{"index":"index","follow":"follow","max-snippet":"max-snippet:-1","max-image-preview":"max-image-preview:large","max-video-preview":"max-video-preview:-1"},"og_locale":"pt_PT","og_type":"article","og_title":"Confer\u00eancia aponta tr\u00eas caminhos para eliminar combust\u00edveis f\u00f3sseis da economia - Portal Tela Portugal","og_description":"A Confer\u00eancia sobre a Transi\u00e7\u00e3o para o Abandono dos Combust\u00edveis F\u00f3sseis, em Santa Marta, Col\u00f4mbia, encerrou com tr\u00eas caminhos para abandonar petr\u00f3leo, g\u00e1s e carv\u00e3o e anunciou um segundo encontro em in\u00edcio de 2027, organizado pela Irlanda e por Tuvalu. Os tr\u00eas caminhos s\u00e3o: desenvolver roteiros de descarboniza\u00e7\u00e3o a n\u00edvel nacional e regional; alinhar pol\u00edticas comerciais relacionadas com a exporta\u00e7\u00e3o de combust\u00edveis f\u00f3sseis e de materiais com alto carbono; e desmontar armadilhas or\u00e7amentais, subs\u00eddios e d\u00edvida que atrasam a transi\u00e7\u00e3o. Cerca de cinquenta e sete pa\u00edses estiveram presentes, representando cerca de trinta por cento da produ\u00e7\u00e3o e consumo globais de combust\u00edveis f\u00f3sseis; Portugal foi representado pela presidente da Ag\u00eancia do Clima. China, R\u00fassia e Estados Unidos n\u00e3o participaram. A ministra colombiana do Ambiente, Irene V\u00e9lez-Torres, defendeu que \u00e9 poss\u00edvel ter \u201coutra democracia ambiental\u201d e destacou a necessidade de que o que ocorreu em Santa Marta influencie a ONU e as COP, com a perspetiva de avan\u00e7ar a partir deste trabalho. A segunda confer\u00eancia, organizada pela Irlanda e por Tuvalu, ser\u00e1 promovida no in\u00edcio de 2027 para manter o processo ativo e ligar as a\u00e7\u00f5es aos f\u00f3runs j\u00e1 existentes da organiza\u00e7\u00e3o global.","og_url":"https:\/\/portaltela.pt\/noticias\/2026\/04\/30\/conferencia-aponta-tres-caminhos-para-eliminar-combustiveis-fosseis-da-economia\/","og_site_name":"Portal Tela Portugal","article_published_time":"2026-04-30T18:03:13+00:00","author":"Telinha","twitter_card":"summary_large_image","twitter_misc":{"Escrito por":"Telinha","Tempo estimado de leitura":"3 minutos"},"schema":{"@context":"https:\/\/schema.org","@graph":[{"@type":"Article","@id":"https:\/\/portaltela.pt\/noticias\/2026\/04\/30\/conferencia-aponta-tres-caminhos-para-eliminar-combustiveis-fosseis-da-economia\/#article","isPartOf":{"@id":"https:\/\/portaltela.pt\/noticias\/2026\/04\/30\/conferencia-aponta-tres-caminhos-para-eliminar-combustiveis-fosseis-da-economia\/"},"author":{"name":"Telinha","@id":"https:\/\/portaltela.pt\/#\/schema\/person\/c4278d4a6028830caff9ee44b42d32ed"},"headline":"Confer\u00eancia aponta tr\u00eas caminhos para eliminar combust\u00edveis f\u00f3sseis da economia","datePublished":"2026-04-30T18:03:13+00:00","mainEntityOfPage":{"@id":"https:\/\/portaltela.pt\/noticias\/2026\/04\/30\/conferencia-aponta-tres-caminhos-para-eliminar-combustiveis-fosseis-da-economia\/"},"wordCount":661,"image":{"@id":"https:\/\/portaltela.pt\/noticias\/2026\/04\/30\/conferencia-aponta-tres-caminhos-para-eliminar-combustiveis-fosseis-da-economia\/#primaryimage"},"thumbnailUrl":"https:\/\/portaltela.pt\/s.01k8rhncp4jt1\/2026\/04\/2085320.jpg","keywords":["_abandono","_com\u00e9rcio internacional","_descarboniza\u00e7\u00e3o","_desenvolvimento sustent\u00e1vel","_energias renov\u00e1veis","_OCDE"],"articleSection":["Clima","Not\u00edcias"],"inLanguage":"pt-PT"},{"@type":"WebPage","@id":"https:\/\/portaltela.pt\/noticias\/2026\/04\/30\/conferencia-aponta-tres-caminhos-para-eliminar-combustiveis-fosseis-da-economia\/","url":"https:\/\/portaltela.pt\/noticias\/2026\/04\/30\/conferencia-aponta-tres-caminhos-para-eliminar-combustiveis-fosseis-da-economia\/","name":"Confer\u00eancia aponta tr\u00eas caminhos para eliminar combust\u00edveis f\u00f3sseis da economia - Portal Tela Portugal","isPartOf":{"@id":"https:\/\/portaltela.pt\/#website"},"primaryImageOfPage":{"@id":"https:\/\/portaltela.pt\/noticias\/2026\/04\/30\/conferencia-aponta-tres-caminhos-para-eliminar-combustiveis-fosseis-da-economia\/#primaryimage"},"image":{"@id":"https:\/\/portaltela.pt\/noticias\/2026\/04\/30\/conferencia-aponta-tres-caminhos-para-eliminar-combustiveis-fosseis-da-economia\/#primaryimage"},"thumbnailUrl":"https:\/\/portaltela.pt\/s.01k8rhncp4jt1\/2026\/04\/2085320.jpg","datePublished":"2026-04-30T18:03:13+00:00","author":{"@id":"https:\/\/portaltela.pt\/#\/schema\/person\/c4278d4a6028830caff9ee44b42d32ed"},"breadcrumb":{"@id":"https:\/\/portaltela.pt\/noticias\/2026\/04\/30\/conferencia-aponta-tres-caminhos-para-eliminar-combustiveis-fosseis-da-economia\/#breadcrumb"},"inLanguage":"pt-PT","potentialAction":[{"@type":"ReadAction","target":["https:\/\/portaltela.pt\/noticias\/2026\/04\/30\/conferencia-aponta-tres-caminhos-para-eliminar-combustiveis-fosseis-da-economia\/"]}]},{"@type":"ImageObject","inLanguage":"pt-PT","@id":"https:\/\/portaltela.pt\/noticias\/2026\/04\/30\/conferencia-aponta-tres-caminhos-para-eliminar-combustiveis-fosseis-da-economia\/#primaryimage","url":"https:\/\/portaltela.pt\/s.01k8rhncp4jt1\/2026\/04\/2085320.jpg","contentUrl":"https:\/\/portaltela.pt\/s.01k8rhncp4jt1\/2026\/04\/2085320.jpg","width":796,"height":448,"caption":"Irene V\u00e9lez e Stientje van Veldhoven passam o testemunho ao representante da Irlanda, Philip Nugent (esquerda) e de Tuvalu, o ministro Maina Talia"},{"@type":"BreadcrumbList","@id":"https:\/\/portaltela.pt\/noticias\/2026\/04\/30\/conferencia-aponta-tres-caminhos-para-eliminar-combustiveis-fosseis-da-economia\/#breadcrumb","itemListElement":[{"@type":"ListItem","position":1,"name":"In\u00edcio","item":"https:\/\/portaltela.pt\/"},{"@type":"ListItem","position":2,"name":"Confer\u00eancia aponta tr\u00eas caminhos para eliminar combust\u00edveis f\u00f3sseis da economia"}]},{"@type":"WebSite","@id":"https:\/\/portaltela.pt\/#website","url":"https:\/\/portaltela.pt\/","name":"Portal Tela Portugal","description":"","potentialAction":[{"@type":"SearchAction","target":{"@type":"EntryPoint","urlTemplate":"https:\/\/portaltela.pt\/?s={search_term_string}"},"query-input":{"@type":"PropertyValueSpecification","valueRequired":true,"valueName":"search_term_string"}}],"inLanguage":"pt-PT"},{"@type":"Person","@id":"https:\/\/portaltela.pt\/#\/schema\/person\/c4278d4a6028830caff9ee44b42d32ed","name":"Telinha","image":{"@type":"ImageObject","inLanguage":"pt-PT","@id":"https:\/\/portaltela.pt\/s.01k8rhncp4jt1\/2025\/11\/talking-bot-125x125.png","url":"https:\/\/portaltela.pt\/s.01k8rhncp4jt1\/2025\/11\/talking-bot-125x125.png","contentUrl":"https:\/\/portaltela.pt\/s.01k8rhncp4jt1\/2025\/11\/talking-bot-125x125.png","caption":"Telinha"},"sameAs":["https:\/\/portaltela.pt\/"],"url":"https:\/\/portaltela.pt\/por\/367410592786\/"}]}},"_links":{"self":[{"href":"https:\/\/portaltela.pt\/api\/wp\/v2\/posts\/462910","targetHints":{"allow":["GET"]}}],"collection":[{"href":"https:\/\/portaltela.pt\/api\/wp\/v2\/posts"}],"about":[{"href":"https:\/\/portaltela.pt\/api\/wp\/v2\/types\/post"}],"author":[{"embeddable":true,"href":"https:\/\/portaltela.pt\/api\/wp\/v2\/users\/2"}],"replies":[{"embeddable":true,"href":"https:\/\/portaltela.pt\/api\/wp\/v2\/comments?post=462910"}],"version-history":[{"count":0,"href":"https:\/\/portaltela.pt\/api\/wp\/v2\/posts\/462910\/revisions"}],"wp:featuredmedia":[{"embeddable":true,"href":"https:\/\/portaltela.pt\/api\/wp\/v2\/media\/462919"}],"wp:attachment":[{"href":"https:\/\/portaltela.pt\/api\/wp\/v2\/media?parent=462910"}],"wp:term":[{"taxonomy":"category","embeddable":true,"href":"https:\/\/portaltela.pt\/api\/wp\/v2\/categories?post=462910"},{"taxonomy":"post_tag","embeddable":true,"href":"https:\/\/portaltela.pt\/api\/wp\/v2\/tags?post=462910"}],"curies":[{"name":"wp","href":"https:\/\/api.w.org\/{rel}","templated":true}]}}