{"id":462908,"date":"2026-04-30T15:03:11","date_gmt":"2026-04-30T18:03:11","guid":{"rendered":"https:\/\/portaltela.pt\/noticias\/2026\/04\/30\/mp-acusa-homem-e-sociedade-de-branqueamento-e-falsificacao-com-ceo-fraud\/"},"modified":"2026-04-30T15:03:11","modified_gmt":"2026-04-30T18:03:11","slug":"mp-acusa-homem-e-sociedade-de-branqueamento-e-falsificacao-com-ceo-fraud","status":"publish","type":"post","link":"https:\/\/portaltela.pt\/justica\/2026\/04\/30\/mp-acusa-homem-e-sociedade-de-branqueamento-e-falsificacao-com-ceo-fraud\/","title":{"rendered":"MP acusa homem e sociedade de branqueamento e falsifica\u00e7\u00e3o com CEO Fraud"},"content":{"rendered":"<p>O Minist\u00e9rio P\u00fablico (MP) acusa um arguido e a sociedade que criou para o efeito de branqueamento de capitais e de falsifica\u00e7\u00e3o de documentos. Segundo a acusa\u00e7\u00e3o, o grupo utilizou o sistema financeiro para dissipar fundos obtidos em burlas no estrangeiro. O alegado esquema ocorreu entre setembro de 2021 e julho de 2022, em Gondomar, no Porto.<\/p>\n<p>A acusa\u00e7\u00e3o aponta que o arguido abriu contas em tr\u00eas institui\u00e7\u00f5es banc\u00e1rias atrav\u00e9s da sociedade que ter\u00e1 constitu\u00eddo para esse fim. Atrav\u00e9s dessas contas teriam sido movidas elevadas quantias provenientes de esquemas de CEO Fraud e de outras burlas internacionais.<\/p>\n<p>O MP indica que o sistema conhecido como CEO Fraud envolve pedidos de transfer\u00eancias banc\u00e1rias, feitos por agentes que se passam por executivos ou fornecedores de uma empresa. Esses pedidos despojaram colaboradores das organiza\u00e7\u00f5es envolvidas.<\/p>\n<p>De acordo com a acusa\u00e7\u00e3o, o arguido facilitou a circula\u00e7\u00e3o de mais de 1,551 milh\u00f5es de euros em transfer\u00eancias de cr\u00e9dito e cerca de 1,25 milh\u00f5es de euros em transfer\u00eancias a d\u00e9bito. Para justificar os movimentos, teriam sido forjadas faturas em nome da sociedade, que na pr\u00e1tica n\u00e3o desenvolveu atividade econ\u00f3mica.<\/p>\n<p>O MP tamb\u00e9m pediu a perda de quase 110 mil euros em saldos que se encontram apreendidos nas contas em nome da sociedade. As acusa\u00e7\u00f5es inclu\u00eddas referem-se a branqueamento de capitais e a tr\u00eas crimes de falsifica\u00e7\u00e3o de documentos.<\/p>\n<p>A investiga\u00e7\u00e3o foi conduzida pelo Minist\u00e9rio P\u00fablico na Comarca do Porto, na 1\u00aa sec\u00e7\u00e3o de Gondomar, e est\u00e1 em curso o processo contra o arguido e a sociedade.<\/p>\n","protected":false},"excerpt":{"rendered":"<ul>\n<li>O Minist\u00e9rio P\u00fablico acusa um arguido e uma sociedade, em Gondomar, de branqueamento e de falsifica\u00e7\u00e3o de documentos, por utilizarem o sistema financeiro para dissipar fundos de burlas no estrangeiro.<\/li>\n<li>Entre setembro de 2021 e julho de 2022, o arguido, atrav\u00e9s da sociedade que criou para o efeito, abriu contas em tr\u00eas institui\u00e7\u00f5es banc\u00e1rias.<\/li>\n<li>Segundo a acusa\u00e7\u00e3o, foram dissipadas mais de uma milh\u00e3o e quinhentos e cinquenta e uma mil euros em transfer\u00eancias de cr\u00e9dito e mais de um milh\u00e3o e duzentos e cinquenta mil euros em transfer\u00eancias a d\u00e9bito, associadas a esquemas de CEO Fraud e outras burlas no estrangeiro.<\/li>\n<li>Para justificar os movimentos junto das institui\u00e7\u00f5es, o arguido ter\u00e1 forjado faturas em nome da sociedade, que na pr\u00e1tica nunca teve atividade econ\u00f3mica.<\/li>\n<li>A acusa\u00e7\u00e3o envolve branqueamento e tr\u00eas crimes de falsifica\u00e7\u00e3o de documentos, com investiga\u00e7\u00e3o da Pol\u00edcia Judici\u00e1ria na comarca do Porto (1.\u00aa sec\u00e7\u00e3o de Gondomar) e pedido de perda de vantagens de saldos apreendidos de quase 110 mil euros.<\/li>\n<\/ul>\n","protected":false},"author":2,"featured_media":462925,"comment_status":"closed","ping_status":"closed","sticky":false,"template":"","format":"standard","meta":{"footnotes":""},"categories":[6907,6815],"tags":[8501,7921,8659,8803,7970,8088],"class_list":["post-462908","post","type-post","status-publish","format-standard","has-post-thumbnail","hentry","category-crime","category-justica","tag-_branqueamento-de-capitais","tag-_crime","tag-_falsidade-documental","tag-_falsificacao-de-documentos","tag-_fraude","tag-_porto"],"yoast_head":"<!-- This site is optimized with the Yoast SEO plugin v27.2 - https:\/\/yoast.com\/product\/yoast-seo-wordpress\/ -->\n<title>MP acusa homem e sociedade de branqueamento e falsifica\u00e7\u00e3o com CEO Fraud - Portal Tela Portugal<\/title>\n<meta name=\"robots\" content=\"index, follow, max-snippet:-1, max-image-preview:large, max-video-preview:-1\" \/>\n<meta property=\"og:locale\" content=\"pt_PT\" \/>\n<meta property=\"og:type\" content=\"article\" \/>\n<meta property=\"og:title\" content=\"MP acusa homem e sociedade de branqueamento e falsifica\u00e7\u00e3o com CEO Fraud - Portal Tela Portugal\" \/>\n<meta property=\"og:description\" content=\"O Minist\u00e9rio P\u00fablico acusa um arguido e uma sociedade, em Gondomar, de branqueamento e de falsifica\u00e7\u00e3o de documentos, por utilizarem o sistema financeiro para dissipar fundos de burlas no estrangeiro. Entre setembro de 2021 e julho de 2022, o arguido, atrav\u00e9s da sociedade que criou para o efeito, abriu contas em tr\u00eas institui\u00e7\u00f5es banc\u00e1rias. Segundo a acusa\u00e7\u00e3o, foram dissipadas mais de uma milh\u00e3o e quinhentos e cinquenta e uma mil euros em transfer\u00eancias de cr\u00e9dito e mais de um milh\u00e3o e duzentos e cinquenta mil euros em transfer\u00eancias a d\u00e9bito, associadas a esquemas de CEO Fraud e outras burlas no estrangeiro. Para justificar os movimentos junto das institui\u00e7\u00f5es, o arguido ter\u00e1 forjado faturas em nome da sociedade, que na pr\u00e1tica nunca teve atividade econ\u00f3mica. A acusa\u00e7\u00e3o envolve branqueamento e tr\u00eas crimes de falsifica\u00e7\u00e3o de documentos, com investiga\u00e7\u00e3o da Pol\u00edcia Judici\u00e1ria na comarca do Porto (1.\u00aa sec\u00e7\u00e3o de Gondomar) e pedido de perda de vantagens de saldos apreendidos de quase 110 mil euros.\" \/>\n<meta property=\"og:url\" content=\"https:\/\/portaltela.pt\/noticias\/2026\/04\/30\/mp-acusa-homem-e-sociedade-de-branqueamento-e-falsificacao-com-ceo-fraud\/\" \/>\n<meta property=\"og:site_name\" content=\"Portal Tela Portugal\" \/>\n<meta property=\"article:published_time\" content=\"2026-04-30T18:03:11+00:00\" \/>\n<meta name=\"author\" content=\"Telinha\" \/>\n<meta name=\"twitter:card\" content=\"summary_large_image\" \/>\n<meta name=\"twitter:label1\" content=\"Escrito por\" \/>\n\t<meta name=\"twitter:data1\" content=\"Telinha\" \/>\n\t<meta name=\"twitter:label2\" content=\"Tempo estimado de leitura\" \/>\n\t<meta name=\"twitter:data2\" content=\"1 minuto\" \/>\n<script type=\"application\/ld+json\" class=\"yoast-schema-graph\">{\"@context\":\"https:\/\/schema.org\",\"@graph\":[{\"@type\":\"Article\",\"@id\":\"https:\/\/portaltela.pt\/noticias\/2026\/04\/30\/mp-acusa-homem-e-sociedade-de-branqueamento-e-falsificacao-com-ceo-fraud\/#article\",\"isPartOf\":{\"@id\":\"https:\/\/portaltela.pt\/noticias\/2026\/04\/30\/mp-acusa-homem-e-sociedade-de-branqueamento-e-falsificacao-com-ceo-fraud\/\"},\"author\":{\"name\":\"Telinha\",\"@id\":\"https:\/\/portaltela.pt\/#\/schema\/person\/c4278d4a6028830caff9ee44b42d32ed\"},\"headline\":\"MP acusa homem e sociedade de branqueamento e falsifica\u00e7\u00e3o com CEO Fraud\",\"datePublished\":\"2026-04-30T18:03:11+00:00\",\"mainEntityOfPage\":{\"@id\":\"https:\/\/portaltela.pt\/noticias\/2026\/04\/30\/mp-acusa-homem-e-sociedade-de-branqueamento-e-falsificacao-com-ceo-fraud\/\"},\"wordCount\":291,\"image\":{\"@id\":\"https:\/\/portaltela.pt\/noticias\/2026\/04\/30\/mp-acusa-homem-e-sociedade-de-branqueamento-e-falsificacao-com-ceo-fraud\/#primaryimage\"},\"thumbnailUrl\":\"https:\/\/portaltela.pt\/s.01k8rhncp4jt1\/2026\/04\/img_1500x1000uu2025-01-08-23-58-34-2186974.jpg\",\"keywords\":[\"_branqueamento de capitais\",\"_crime\",\"_falsidade documental\",\"_falsifica\u00e7\u00e3o de documentos\",\"_fraude\",\"_Porto\"],\"articleSection\":[\"Crime\",\"Justi\u00e7a\"],\"inLanguage\":\"pt-PT\"},{\"@type\":\"WebPage\",\"@id\":\"https:\/\/portaltela.pt\/noticias\/2026\/04\/30\/mp-acusa-homem-e-sociedade-de-branqueamento-e-falsificacao-com-ceo-fraud\/\",\"url\":\"https:\/\/portaltela.pt\/noticias\/2026\/04\/30\/mp-acusa-homem-e-sociedade-de-branqueamento-e-falsificacao-com-ceo-fraud\/\",\"name\":\"MP acusa homem e sociedade de branqueamento e falsifica\u00e7\u00e3o com CEO Fraud - Portal Tela Portugal\",\"isPartOf\":{\"@id\":\"https:\/\/portaltela.pt\/#website\"},\"primaryImageOfPage\":{\"@id\":\"https:\/\/portaltela.pt\/noticias\/2026\/04\/30\/mp-acusa-homem-e-sociedade-de-branqueamento-e-falsificacao-com-ceo-fraud\/#primaryimage\"},\"image\":{\"@id\":\"https:\/\/portaltela.pt\/noticias\/2026\/04\/30\/mp-acusa-homem-e-sociedade-de-branqueamento-e-falsificacao-com-ceo-fraud\/#primaryimage\"},\"thumbnailUrl\":\"https:\/\/portaltela.pt\/s.01k8rhncp4jt1\/2026\/04\/img_1500x1000uu2025-01-08-23-58-34-2186974.jpg\",\"datePublished\":\"2026-04-30T18:03:11+00:00\",\"author\":{\"@id\":\"https:\/\/portaltela.pt\/#\/schema\/person\/c4278d4a6028830caff9ee44b42d32ed\"},\"breadcrumb\":{\"@id\":\"https:\/\/portaltela.pt\/noticias\/2026\/04\/30\/mp-acusa-homem-e-sociedade-de-branqueamento-e-falsificacao-com-ceo-fraud\/#breadcrumb\"},\"inLanguage\":\"pt-PT\",\"potentialAction\":[{\"@type\":\"ReadAction\",\"target\":[\"https:\/\/portaltela.pt\/noticias\/2026\/04\/30\/mp-acusa-homem-e-sociedade-de-branqueamento-e-falsificacao-com-ceo-fraud\/\"]}]},{\"@type\":\"ImageObject\",\"inLanguage\":\"pt-PT\",\"@id\":\"https:\/\/portaltela.pt\/noticias\/2026\/04\/30\/mp-acusa-homem-e-sociedade-de-branqueamento-e-falsificacao-com-ceo-fraud\/#primaryimage\",\"url\":\"https:\/\/portaltela.pt\/s.01k8rhncp4jt1\/2026\/04\/img_1500x1000uu2025-01-08-23-58-34-2186974.jpg\",\"contentUrl\":\"https:\/\/portaltela.pt\/s.01k8rhncp4jt1\/2026\/04\/img_1500x1000uu2025-01-08-23-58-34-2186974.jpg\",\"width\":796,\"height\":448,\"caption\":\"MP acusa homem e sociedade de branqueamento e falsifica\u00e7\u00e3o atrav\u00e9s do 'CEO Fraud'\"},{\"@type\":\"BreadcrumbList\",\"@id\":\"https:\/\/portaltela.pt\/noticias\/2026\/04\/30\/mp-acusa-homem-e-sociedade-de-branqueamento-e-falsificacao-com-ceo-fraud\/#breadcrumb\",\"itemListElement\":[{\"@type\":\"ListItem\",\"position\":1,\"name\":\"In\u00edcio\",\"item\":\"https:\/\/portaltela.pt\/\"},{\"@type\":\"ListItem\",\"position\":2,\"name\":\"MP acusa homem e sociedade de branqueamento e falsifica\u00e7\u00e3o com CEO Fraud\"}]},{\"@type\":\"WebSite\",\"@id\":\"https:\/\/portaltela.pt\/#website\",\"url\":\"https:\/\/portaltela.pt\/\",\"name\":\"Portal Tela Portugal\",\"description\":\"\",\"potentialAction\":[{\"@type\":\"SearchAction\",\"target\":{\"@type\":\"EntryPoint\",\"urlTemplate\":\"https:\/\/portaltela.pt\/?s={search_term_string}\"},\"query-input\":{\"@type\":\"PropertyValueSpecification\",\"valueRequired\":true,\"valueName\":\"search_term_string\"}}],\"inLanguage\":\"pt-PT\"},{\"@type\":\"Person\",\"@id\":\"https:\/\/portaltela.pt\/#\/schema\/person\/c4278d4a6028830caff9ee44b42d32ed\",\"name\":\"Telinha\",\"image\":{\"@type\":\"ImageObject\",\"inLanguage\":\"pt-PT\",\"@id\":\"https:\/\/portaltela.pt\/s.01k8rhncp4jt1\/2025\/11\/talking-bot-125x125.png\",\"url\":\"https:\/\/portaltela.pt\/s.01k8rhncp4jt1\/2025\/11\/talking-bot-125x125.png\",\"contentUrl\":\"https:\/\/portaltela.pt\/s.01k8rhncp4jt1\/2025\/11\/talking-bot-125x125.png\",\"caption\":\"Telinha\"},\"sameAs\":[\"https:\/\/portaltela.pt\/\"],\"url\":\"https:\/\/portaltela.pt\/por\/367410592786\/\"}]}<\/script>\n<!-- \/ Yoast SEO plugin. -->","yoast_head_json":{"title":"MP acusa homem e sociedade de branqueamento e falsifica\u00e7\u00e3o com CEO Fraud - Portal Tela Portugal","robots":{"index":"index","follow":"follow","max-snippet":"max-snippet:-1","max-image-preview":"max-image-preview:large","max-video-preview":"max-video-preview:-1"},"og_locale":"pt_PT","og_type":"article","og_title":"MP acusa homem e sociedade de branqueamento e falsifica\u00e7\u00e3o com CEO Fraud - Portal Tela Portugal","og_description":"O Minist\u00e9rio P\u00fablico acusa um arguido e uma sociedade, em Gondomar, de branqueamento e de falsifica\u00e7\u00e3o de documentos, por utilizarem o sistema financeiro para dissipar fundos de burlas no estrangeiro. Entre setembro de 2021 e julho de 2022, o arguido, atrav\u00e9s da sociedade que criou para o efeito, abriu contas em tr\u00eas institui\u00e7\u00f5es banc\u00e1rias. Segundo a acusa\u00e7\u00e3o, foram dissipadas mais de uma milh\u00e3o e quinhentos e cinquenta e uma mil euros em transfer\u00eancias de cr\u00e9dito e mais de um milh\u00e3o e duzentos e cinquenta mil euros em transfer\u00eancias a d\u00e9bito, associadas a esquemas de CEO Fraud e outras burlas no estrangeiro. Para justificar os movimentos junto das institui\u00e7\u00f5es, o arguido ter\u00e1 forjado faturas em nome da sociedade, que na pr\u00e1tica nunca teve atividade econ\u00f3mica. A acusa\u00e7\u00e3o envolve branqueamento e tr\u00eas crimes de falsifica\u00e7\u00e3o de documentos, com investiga\u00e7\u00e3o da Pol\u00edcia Judici\u00e1ria na comarca do Porto (1.\u00aa sec\u00e7\u00e3o de Gondomar) e pedido de perda de vantagens de saldos apreendidos de quase 110 mil euros.","og_url":"https:\/\/portaltela.pt\/noticias\/2026\/04\/30\/mp-acusa-homem-e-sociedade-de-branqueamento-e-falsificacao-com-ceo-fraud\/","og_site_name":"Portal Tela Portugal","article_published_time":"2026-04-30T18:03:11+00:00","author":"Telinha","twitter_card":"summary_large_image","twitter_misc":{"Escrito por":"Telinha","Tempo estimado de leitura":"1 minuto"},"schema":{"@context":"https:\/\/schema.org","@graph":[{"@type":"Article","@id":"https:\/\/portaltela.pt\/noticias\/2026\/04\/30\/mp-acusa-homem-e-sociedade-de-branqueamento-e-falsificacao-com-ceo-fraud\/#article","isPartOf":{"@id":"https:\/\/portaltela.pt\/noticias\/2026\/04\/30\/mp-acusa-homem-e-sociedade-de-branqueamento-e-falsificacao-com-ceo-fraud\/"},"author":{"name":"Telinha","@id":"https:\/\/portaltela.pt\/#\/schema\/person\/c4278d4a6028830caff9ee44b42d32ed"},"headline":"MP acusa homem e sociedade de branqueamento e falsifica\u00e7\u00e3o com CEO Fraud","datePublished":"2026-04-30T18:03:11+00:00","mainEntityOfPage":{"@id":"https:\/\/portaltela.pt\/noticias\/2026\/04\/30\/mp-acusa-homem-e-sociedade-de-branqueamento-e-falsificacao-com-ceo-fraud\/"},"wordCount":291,"image":{"@id":"https:\/\/portaltela.pt\/noticias\/2026\/04\/30\/mp-acusa-homem-e-sociedade-de-branqueamento-e-falsificacao-com-ceo-fraud\/#primaryimage"},"thumbnailUrl":"https:\/\/portaltela.pt\/s.01k8rhncp4jt1\/2026\/04\/img_1500x1000uu2025-01-08-23-58-34-2186974.jpg","keywords":["_branqueamento de capitais","_crime","_falsidade documental","_falsifica\u00e7\u00e3o de documentos","_fraude","_Porto"],"articleSection":["Crime","Justi\u00e7a"],"inLanguage":"pt-PT"},{"@type":"WebPage","@id":"https:\/\/portaltela.pt\/noticias\/2026\/04\/30\/mp-acusa-homem-e-sociedade-de-branqueamento-e-falsificacao-com-ceo-fraud\/","url":"https:\/\/portaltela.pt\/noticias\/2026\/04\/30\/mp-acusa-homem-e-sociedade-de-branqueamento-e-falsificacao-com-ceo-fraud\/","name":"MP acusa homem e sociedade de branqueamento e falsifica\u00e7\u00e3o com CEO Fraud - Portal Tela Portugal","isPartOf":{"@id":"https:\/\/portaltela.pt\/#website"},"primaryImageOfPage":{"@id":"https:\/\/portaltela.pt\/noticias\/2026\/04\/30\/mp-acusa-homem-e-sociedade-de-branqueamento-e-falsificacao-com-ceo-fraud\/#primaryimage"},"image":{"@id":"https:\/\/portaltela.pt\/noticias\/2026\/04\/30\/mp-acusa-homem-e-sociedade-de-branqueamento-e-falsificacao-com-ceo-fraud\/#primaryimage"},"thumbnailUrl":"https:\/\/portaltela.pt\/s.01k8rhncp4jt1\/2026\/04\/img_1500x1000uu2025-01-08-23-58-34-2186974.jpg","datePublished":"2026-04-30T18:03:11+00:00","author":{"@id":"https:\/\/portaltela.pt\/#\/schema\/person\/c4278d4a6028830caff9ee44b42d32ed"},"breadcrumb":{"@id":"https:\/\/portaltela.pt\/noticias\/2026\/04\/30\/mp-acusa-homem-e-sociedade-de-branqueamento-e-falsificacao-com-ceo-fraud\/#breadcrumb"},"inLanguage":"pt-PT","potentialAction":[{"@type":"ReadAction","target":["https:\/\/portaltela.pt\/noticias\/2026\/04\/30\/mp-acusa-homem-e-sociedade-de-branqueamento-e-falsificacao-com-ceo-fraud\/"]}]},{"@type":"ImageObject","inLanguage":"pt-PT","@id":"https:\/\/portaltela.pt\/noticias\/2026\/04\/30\/mp-acusa-homem-e-sociedade-de-branqueamento-e-falsificacao-com-ceo-fraud\/#primaryimage","url":"https:\/\/portaltela.pt\/s.01k8rhncp4jt1\/2026\/04\/img_1500x1000uu2025-01-08-23-58-34-2186974.jpg","contentUrl":"https:\/\/portaltela.pt\/s.01k8rhncp4jt1\/2026\/04\/img_1500x1000uu2025-01-08-23-58-34-2186974.jpg","width":796,"height":448,"caption":"MP acusa homem e sociedade de branqueamento e falsifica\u00e7\u00e3o atrav\u00e9s do 'CEO Fraud'"},{"@type":"BreadcrumbList","@id":"https:\/\/portaltela.pt\/noticias\/2026\/04\/30\/mp-acusa-homem-e-sociedade-de-branqueamento-e-falsificacao-com-ceo-fraud\/#breadcrumb","itemListElement":[{"@type":"ListItem","position":1,"name":"In\u00edcio","item":"https:\/\/portaltela.pt\/"},{"@type":"ListItem","position":2,"name":"MP acusa homem e sociedade de branqueamento e falsifica\u00e7\u00e3o com CEO Fraud"}]},{"@type":"WebSite","@id":"https:\/\/portaltela.pt\/#website","url":"https:\/\/portaltela.pt\/","name":"Portal Tela Portugal","description":"","potentialAction":[{"@type":"SearchAction","target":{"@type":"EntryPoint","urlTemplate":"https:\/\/portaltela.pt\/?s={search_term_string}"},"query-input":{"@type":"PropertyValueSpecification","valueRequired":true,"valueName":"search_term_string"}}],"inLanguage":"pt-PT"},{"@type":"Person","@id":"https:\/\/portaltela.pt\/#\/schema\/person\/c4278d4a6028830caff9ee44b42d32ed","name":"Telinha","image":{"@type":"ImageObject","inLanguage":"pt-PT","@id":"https:\/\/portaltela.pt\/s.01k8rhncp4jt1\/2025\/11\/talking-bot-125x125.png","url":"https:\/\/portaltela.pt\/s.01k8rhncp4jt1\/2025\/11\/talking-bot-125x125.png","contentUrl":"https:\/\/portaltela.pt\/s.01k8rhncp4jt1\/2025\/11\/talking-bot-125x125.png","caption":"Telinha"},"sameAs":["https:\/\/portaltela.pt\/"],"url":"https:\/\/portaltela.pt\/por\/367410592786\/"}]}},"_links":{"self":[{"href":"https:\/\/portaltela.pt\/api\/wp\/v2\/posts\/462908","targetHints":{"allow":["GET"]}}],"collection":[{"href":"https:\/\/portaltela.pt\/api\/wp\/v2\/posts"}],"about":[{"href":"https:\/\/portaltela.pt\/api\/wp\/v2\/types\/post"}],"author":[{"embeddable":true,"href":"https:\/\/portaltela.pt\/api\/wp\/v2\/users\/2"}],"replies":[{"embeddable":true,"href":"https:\/\/portaltela.pt\/api\/wp\/v2\/comments?post=462908"}],"version-history":[{"count":0,"href":"https:\/\/portaltela.pt\/api\/wp\/v2\/posts\/462908\/revisions"}],"wp:featuredmedia":[{"embeddable":true,"href":"https:\/\/portaltela.pt\/api\/wp\/v2\/media\/462925"}],"wp:attachment":[{"href":"https:\/\/portaltela.pt\/api\/wp\/v2\/media?parent=462908"}],"wp:term":[{"taxonomy":"category","embeddable":true,"href":"https:\/\/portaltela.pt\/api\/wp\/v2\/categories?post=462908"},{"taxonomy":"post_tag","embeddable":true,"href":"https:\/\/portaltela.pt\/api\/wp\/v2\/tags?post=462908"}],"curies":[{"name":"wp","href":"https:\/\/api.w.org\/{rel}","templated":true}]}}