{"id":462907,"date":"2026-04-30T15:03:10","date_gmt":"2026-04-30T18:03:10","guid":{"rendered":"https:\/\/portaltela.pt\/noticias\/2026\/04\/30\/fim-proibe-pilotos-convidados-no-mundial-de-motogp-a-partir-de-2027\/"},"modified":"2026-04-30T15:03:10","modified_gmt":"2026-04-30T18:03:10","slug":"fim-proibe-pilotos-convidados-no-mundial-de-motogp-a-partir-de-2027","status":"publish","type":"post","link":"https:\/\/portaltela.pt\/desporto\/futebol\/2026\/04\/30\/fim-proibe-pilotos-convidados-no-mundial-de-motogp-a-partir-de-2027\/","title":{"rendered":"FIM pro\u00edbe pilotos convidados no Mundial de MotoGP a partir de 2027"},"content":{"rendered":"<p>Os pilotos convidados n\u00e3o poder\u00e3o participar em corridas do Mundial de MotoGP a partir de 2027. A decis\u00e3o foi anunciada pela Federa\u00e7\u00e3o Internacional de Motociclismo (FIM) e pelo organizador da competi\u00e7\u00e3o.<\/p>\n<p>A medida n\u00e3o se aplica \u00e0s classes inferiores, Moto2 e Moto3. Contudo, em 2026, os pilotos convidados j\u00e1 ter\u00e3o restri\u00e7\u00f5es: n\u00e3o poder\u00e3o usar motos de 850cc com especifica\u00e7\u00f5es de 2027.<\/p>\n<p>A FIM, presidida por Jorge Viegas (Portugal), afirma que a altera\u00e7\u00e3o visa evitar que pilotos de teste das equipes de MotoGP utilizem o Mundial de 2026 para desenvolver prot\u00f3tipos para a pr\u00f3xima temporada, em que se esperam mudan\u00e7as regulat\u00f3rias significativas.<\/p>\n<h3>Medidas espec\u00edficas para 2026 e 2027<\/h3>\n<p>A proibi\u00e7\u00e3o de pilotos convidados em MotoGP entra plenamente em vigor em 2027, com exce\u00e7\u00f5es limitadas \u00e0s categorias inferiores. Em 2026, os convidados podem competir, desde que n\u00e3o utilizem motos de 850cc com caracter\u00edsticas de 2027, conforme o regulamento vigente.<\/p>\n","protected":false},"excerpt":{"rendered":"<ul>\n<li>A Federa\u00e7\u00e3o Internacional de Motociclismo (FIM) proibiu pilotos convidados no Mundial de MotoGP a partir de 2027.<\/li>\n<li>A proibi\u00e7\u00e3o n\u00e3o se aplica \u00e0s classes inferiores Moto2 e Moto3.<\/li>\n<li>Em 2026, pilotos convidados ainda podem competir, mas n\u00e3o poder\u00e3o usar motos de 850cc com especifica\u00e7\u00f5es de 2027.<\/li>\n<li>O objetivo \u00e9 impedir que pilotos de teste das equipas de MotoGP usem as corridas para desenvolver prot\u00f3tipos para a pr\u00f3xima temporada.<\/li>\n<li>A mudan\u00e7a regulamentar inclui a redu\u00e7\u00e3o da cilindrada de 1.000cc para 850cc.<\/li>\n<\/ul>\n","protected":false},"author":2,"featured_media":462924,"comment_status":"closed","ping_status":"closed","sticky":false,"template":"","format":"standard","meta":{"footnotes":""},"categories":[21,24],"tags":[8619,7902,8127,8094,7988],"class_list":["post-462907","post","type-post","status-publish","format-standard","has-post-thumbnail","hentry","category-desporto","category-futebol","tag-_agentes-internacionais","tag-_desporto","tag-_desportos","tag-_internacionais","tag-_organizacao-internacional"],"yoast_head":"<!-- This site is optimized with the Yoast SEO plugin v27.2 - https:\/\/yoast.com\/product\/yoast-seo-wordpress\/ -->\n<title>FIM pro\u00edbe pilotos convidados no Mundial de MotoGP a partir de 2027 - Portal Tela Portugal<\/title>\n<meta name=\"robots\" content=\"index, follow, max-snippet:-1, max-image-preview:large, max-video-preview:-1\" \/>\n<meta property=\"og:locale\" content=\"pt_PT\" \/>\n<meta property=\"og:type\" content=\"article\" \/>\n<meta property=\"og:title\" content=\"FIM pro\u00edbe pilotos convidados no Mundial de MotoGP a partir de 2027 - Portal Tela Portugal\" \/>\n<meta property=\"og:description\" content=\"A Federa\u00e7\u00e3o Internacional de Motociclismo (FIM) proibiu pilotos convidados no Mundial de MotoGP a partir de 2027. A proibi\u00e7\u00e3o n\u00e3o se aplica \u00e0s classes inferiores Moto2 e Moto3. Em 2026, pilotos convidados ainda podem competir, mas n\u00e3o poder\u00e3o usar motos de 850cc com especifica\u00e7\u00f5es de 2027. O objetivo \u00e9 impedir que pilotos de teste das equipas de MotoGP usem as corridas para desenvolver prot\u00f3tipos para a pr\u00f3xima temporada. A mudan\u00e7a regulamentar inclui a redu\u00e7\u00e3o da cilindrada de 1.000cc para 850cc.\" \/>\n<meta property=\"og:url\" content=\"https:\/\/portaltela.pt\/noticias\/2026\/04\/30\/fim-proibe-pilotos-convidados-no-mundial-de-motogp-a-partir-de-2027\/\" \/>\n<meta property=\"og:site_name\" content=\"Portal Tela Portugal\" \/>\n<meta property=\"article:published_time\" content=\"2026-04-30T18:03:10+00:00\" \/>\n<meta name=\"author\" content=\"Telinha\" \/>\n<meta name=\"twitter:card\" content=\"summary_large_image\" \/>\n<meta name=\"twitter:label1\" content=\"Escrito por\" \/>\n\t<meta name=\"twitter:data1\" content=\"Telinha\" \/>\n\t<meta name=\"twitter:label2\" content=\"Tempo estimado de leitura\" \/>\n\t<meta name=\"twitter:data2\" content=\"1 minuto\" \/>\n<script type=\"application\/ld+json\" class=\"yoast-schema-graph\">{\"@context\":\"https:\/\/schema.org\",\"@graph\":[{\"@type\":\"Article\",\"@id\":\"https:\/\/portaltela.pt\/noticias\/2026\/04\/30\/fim-proibe-pilotos-convidados-no-mundial-de-motogp-a-partir-de-2027\/#article\",\"isPartOf\":{\"@id\":\"https:\/\/portaltela.pt\/noticias\/2026\/04\/30\/fim-proibe-pilotos-convidados-no-mundial-de-motogp-a-partir-de-2027\/\"},\"author\":{\"name\":\"Telinha\",\"@id\":\"https:\/\/portaltela.pt\/#\/schema\/person\/c4278d4a6028830caff9ee44b42d32ed\"},\"headline\":\"FIM pro\u00edbe pilotos convidados no Mundial de MotoGP a partir de 2027\",\"datePublished\":\"2026-04-30T18:03:10+00:00\",\"mainEntityOfPage\":{\"@id\":\"https:\/\/portaltela.pt\/noticias\/2026\/04\/30\/fim-proibe-pilotos-convidados-no-mundial-de-motogp-a-partir-de-2027\/\"},\"wordCount\":171,\"image\":{\"@id\":\"https:\/\/portaltela.pt\/noticias\/2026\/04\/30\/fim-proibe-pilotos-convidados-no-mundial-de-motogp-a-partir-de-2027\/#primaryimage\"},\"thumbnailUrl\":\"https:\/\/portaltela.pt\/s.01k8rhncp4jt1\/2026\/04\/img_1500x1000uu2025-11-10-12-41-34-2247226.jpg\",\"keywords\":[\"_agentes internacionais\",\"_desporto\",\"_desportos\",\"_internacionais\",\"_organiza\u00e7\u00e3o internacional\"],\"articleSection\":[\"Desporto\",\"Futebol\"],\"inLanguage\":\"pt-PT\"},{\"@type\":\"WebPage\",\"@id\":\"https:\/\/portaltela.pt\/noticias\/2026\/04\/30\/fim-proibe-pilotos-convidados-no-mundial-de-motogp-a-partir-de-2027\/\",\"url\":\"https:\/\/portaltela.pt\/noticias\/2026\/04\/30\/fim-proibe-pilotos-convidados-no-mundial-de-motogp-a-partir-de-2027\/\",\"name\":\"FIM pro\u00edbe pilotos convidados no Mundial de MotoGP a partir de 2027 - Portal Tela Portugal\",\"isPartOf\":{\"@id\":\"https:\/\/portaltela.pt\/#website\"},\"primaryImageOfPage\":{\"@id\":\"https:\/\/portaltela.pt\/noticias\/2026\/04\/30\/fim-proibe-pilotos-convidados-no-mundial-de-motogp-a-partir-de-2027\/#primaryimage\"},\"image\":{\"@id\":\"https:\/\/portaltela.pt\/noticias\/2026\/04\/30\/fim-proibe-pilotos-convidados-no-mundial-de-motogp-a-partir-de-2027\/#primaryimage\"},\"thumbnailUrl\":\"https:\/\/portaltela.pt\/s.01k8rhncp4jt1\/2026\/04\/img_1500x1000uu2025-11-10-12-41-34-2247226.jpg\",\"datePublished\":\"2026-04-30T18:03:10+00:00\",\"author\":{\"@id\":\"https:\/\/portaltela.pt\/#\/schema\/person\/c4278d4a6028830caff9ee44b42d32ed\"},\"breadcrumb\":{\"@id\":\"https:\/\/portaltela.pt\/noticias\/2026\/04\/30\/fim-proibe-pilotos-convidados-no-mundial-de-motogp-a-partir-de-2027\/#breadcrumb\"},\"inLanguage\":\"pt-PT\",\"potentialAction\":[{\"@type\":\"ReadAction\",\"target\":[\"https:\/\/portaltela.pt\/noticias\/2026\/04\/30\/fim-proibe-pilotos-convidados-no-mundial-de-motogp-a-partir-de-2027\/\"]}]},{\"@type\":\"ImageObject\",\"inLanguage\":\"pt-PT\",\"@id\":\"https:\/\/portaltela.pt\/noticias\/2026\/04\/30\/fim-proibe-pilotos-convidados-no-mundial-de-motogp-a-partir-de-2027\/#primaryimage\",\"url\":\"https:\/\/portaltela.pt\/s.01k8rhncp4jt1\/2026\/04\/img_1500x1000uu2025-11-10-12-41-34-2247226.jpg\",\"contentUrl\":\"https:\/\/portaltela.pt\/s.01k8rhncp4jt1\/2026\/04\/img_1500x1000uu2025-11-10-12-41-34-2247226.jpg\",\"width\":796,\"height\":448,\"caption\":\"Despedida de Miguel Oliveira do Grande Pr\u00e9mio de Portugal 2025 de MotoGP\"},{\"@type\":\"BreadcrumbList\",\"@id\":\"https:\/\/portaltela.pt\/noticias\/2026\/04\/30\/fim-proibe-pilotos-convidados-no-mundial-de-motogp-a-partir-de-2027\/#breadcrumb\",\"itemListElement\":[{\"@type\":\"ListItem\",\"position\":1,\"name\":\"In\u00edcio\",\"item\":\"https:\/\/portaltela.pt\/\"},{\"@type\":\"ListItem\",\"position\":2,\"name\":\"FIM pro\u00edbe pilotos convidados no Mundial de MotoGP a partir de 2027\"}]},{\"@type\":\"WebSite\",\"@id\":\"https:\/\/portaltela.pt\/#website\",\"url\":\"https:\/\/portaltela.pt\/\",\"name\":\"Portal Tela Portugal\",\"description\":\"\",\"potentialAction\":[{\"@type\":\"SearchAction\",\"target\":{\"@type\":\"EntryPoint\",\"urlTemplate\":\"https:\/\/portaltela.pt\/?s={search_term_string}\"},\"query-input\":{\"@type\":\"PropertyValueSpecification\",\"valueRequired\":true,\"valueName\":\"search_term_string\"}}],\"inLanguage\":\"pt-PT\"},{\"@type\":\"Person\",\"@id\":\"https:\/\/portaltela.pt\/#\/schema\/person\/c4278d4a6028830caff9ee44b42d32ed\",\"name\":\"Telinha\",\"image\":{\"@type\":\"ImageObject\",\"inLanguage\":\"pt-PT\",\"@id\":\"https:\/\/portaltela.pt\/s.01k8rhncp4jt1\/2025\/11\/talking-bot-125x125.png\",\"url\":\"https:\/\/portaltela.pt\/s.01k8rhncp4jt1\/2025\/11\/talking-bot-125x125.png\",\"contentUrl\":\"https:\/\/portaltela.pt\/s.01k8rhncp4jt1\/2025\/11\/talking-bot-125x125.png\",\"caption\":\"Telinha\"},\"sameAs\":[\"https:\/\/portaltela.pt\/\"],\"url\":\"https:\/\/portaltela.pt\/por\/367410592786\/\"}]}<\/script>\n<!-- \/ Yoast SEO plugin. -->","yoast_head_json":{"title":"FIM pro\u00edbe pilotos convidados no Mundial de MotoGP a partir de 2027 - Portal Tela Portugal","robots":{"index":"index","follow":"follow","max-snippet":"max-snippet:-1","max-image-preview":"max-image-preview:large","max-video-preview":"max-video-preview:-1"},"og_locale":"pt_PT","og_type":"article","og_title":"FIM pro\u00edbe pilotos convidados no Mundial de MotoGP a partir de 2027 - Portal Tela Portugal","og_description":"A Federa\u00e7\u00e3o Internacional de Motociclismo (FIM) proibiu pilotos convidados no Mundial de MotoGP a partir de 2027. A proibi\u00e7\u00e3o n\u00e3o se aplica \u00e0s classes inferiores Moto2 e Moto3. Em 2026, pilotos convidados ainda podem competir, mas n\u00e3o poder\u00e3o usar motos de 850cc com especifica\u00e7\u00f5es de 2027. O objetivo \u00e9 impedir que pilotos de teste das equipas de MotoGP usem as corridas para desenvolver prot\u00f3tipos para a pr\u00f3xima temporada. A mudan\u00e7a regulamentar inclui a redu\u00e7\u00e3o da cilindrada de 1.000cc para 850cc.","og_url":"https:\/\/portaltela.pt\/noticias\/2026\/04\/30\/fim-proibe-pilotos-convidados-no-mundial-de-motogp-a-partir-de-2027\/","og_site_name":"Portal Tela Portugal","article_published_time":"2026-04-30T18:03:10+00:00","author":"Telinha","twitter_card":"summary_large_image","twitter_misc":{"Escrito por":"Telinha","Tempo estimado de leitura":"1 minuto"},"schema":{"@context":"https:\/\/schema.org","@graph":[{"@type":"Article","@id":"https:\/\/portaltela.pt\/noticias\/2026\/04\/30\/fim-proibe-pilotos-convidados-no-mundial-de-motogp-a-partir-de-2027\/#article","isPartOf":{"@id":"https:\/\/portaltela.pt\/noticias\/2026\/04\/30\/fim-proibe-pilotos-convidados-no-mundial-de-motogp-a-partir-de-2027\/"},"author":{"name":"Telinha","@id":"https:\/\/portaltela.pt\/#\/schema\/person\/c4278d4a6028830caff9ee44b42d32ed"},"headline":"FIM pro\u00edbe pilotos convidados no Mundial de MotoGP a partir de 2027","datePublished":"2026-04-30T18:03:10+00:00","mainEntityOfPage":{"@id":"https:\/\/portaltela.pt\/noticias\/2026\/04\/30\/fim-proibe-pilotos-convidados-no-mundial-de-motogp-a-partir-de-2027\/"},"wordCount":171,"image":{"@id":"https:\/\/portaltela.pt\/noticias\/2026\/04\/30\/fim-proibe-pilotos-convidados-no-mundial-de-motogp-a-partir-de-2027\/#primaryimage"},"thumbnailUrl":"https:\/\/portaltela.pt\/s.01k8rhncp4jt1\/2026\/04\/img_1500x1000uu2025-11-10-12-41-34-2247226.jpg","keywords":["_agentes internacionais","_desporto","_desportos","_internacionais","_organiza\u00e7\u00e3o internacional"],"articleSection":["Desporto","Futebol"],"inLanguage":"pt-PT"},{"@type":"WebPage","@id":"https:\/\/portaltela.pt\/noticias\/2026\/04\/30\/fim-proibe-pilotos-convidados-no-mundial-de-motogp-a-partir-de-2027\/","url":"https:\/\/portaltela.pt\/noticias\/2026\/04\/30\/fim-proibe-pilotos-convidados-no-mundial-de-motogp-a-partir-de-2027\/","name":"FIM pro\u00edbe pilotos convidados no Mundial de MotoGP a partir de 2027 - Portal Tela Portugal","isPartOf":{"@id":"https:\/\/portaltela.pt\/#website"},"primaryImageOfPage":{"@id":"https:\/\/portaltela.pt\/noticias\/2026\/04\/30\/fim-proibe-pilotos-convidados-no-mundial-de-motogp-a-partir-de-2027\/#primaryimage"},"image":{"@id":"https:\/\/portaltela.pt\/noticias\/2026\/04\/30\/fim-proibe-pilotos-convidados-no-mundial-de-motogp-a-partir-de-2027\/#primaryimage"},"thumbnailUrl":"https:\/\/portaltela.pt\/s.01k8rhncp4jt1\/2026\/04\/img_1500x1000uu2025-11-10-12-41-34-2247226.jpg","datePublished":"2026-04-30T18:03:10+00:00","author":{"@id":"https:\/\/portaltela.pt\/#\/schema\/person\/c4278d4a6028830caff9ee44b42d32ed"},"breadcrumb":{"@id":"https:\/\/portaltela.pt\/noticias\/2026\/04\/30\/fim-proibe-pilotos-convidados-no-mundial-de-motogp-a-partir-de-2027\/#breadcrumb"},"inLanguage":"pt-PT","potentialAction":[{"@type":"ReadAction","target":["https:\/\/portaltela.pt\/noticias\/2026\/04\/30\/fim-proibe-pilotos-convidados-no-mundial-de-motogp-a-partir-de-2027\/"]}]},{"@type":"ImageObject","inLanguage":"pt-PT","@id":"https:\/\/portaltela.pt\/noticias\/2026\/04\/30\/fim-proibe-pilotos-convidados-no-mundial-de-motogp-a-partir-de-2027\/#primaryimage","url":"https:\/\/portaltela.pt\/s.01k8rhncp4jt1\/2026\/04\/img_1500x1000uu2025-11-10-12-41-34-2247226.jpg","contentUrl":"https:\/\/portaltela.pt\/s.01k8rhncp4jt1\/2026\/04\/img_1500x1000uu2025-11-10-12-41-34-2247226.jpg","width":796,"height":448,"caption":"Despedida de Miguel Oliveira do Grande Pr\u00e9mio de Portugal 2025 de MotoGP"},{"@type":"BreadcrumbList","@id":"https:\/\/portaltela.pt\/noticias\/2026\/04\/30\/fim-proibe-pilotos-convidados-no-mundial-de-motogp-a-partir-de-2027\/#breadcrumb","itemListElement":[{"@type":"ListItem","position":1,"name":"In\u00edcio","item":"https:\/\/portaltela.pt\/"},{"@type":"ListItem","position":2,"name":"FIM pro\u00edbe pilotos convidados no Mundial de MotoGP a partir de 2027"}]},{"@type":"WebSite","@id":"https:\/\/portaltela.pt\/#website","url":"https:\/\/portaltela.pt\/","name":"Portal Tela Portugal","description":"","potentialAction":[{"@type":"SearchAction","target":{"@type":"EntryPoint","urlTemplate":"https:\/\/portaltela.pt\/?s={search_term_string}"},"query-input":{"@type":"PropertyValueSpecification","valueRequired":true,"valueName":"search_term_string"}}],"inLanguage":"pt-PT"},{"@type":"Person","@id":"https:\/\/portaltela.pt\/#\/schema\/person\/c4278d4a6028830caff9ee44b42d32ed","name":"Telinha","image":{"@type":"ImageObject","inLanguage":"pt-PT","@id":"https:\/\/portaltela.pt\/s.01k8rhncp4jt1\/2025\/11\/talking-bot-125x125.png","url":"https:\/\/portaltela.pt\/s.01k8rhncp4jt1\/2025\/11\/talking-bot-125x125.png","contentUrl":"https:\/\/portaltela.pt\/s.01k8rhncp4jt1\/2025\/11\/talking-bot-125x125.png","caption":"Telinha"},"sameAs":["https:\/\/portaltela.pt\/"],"url":"https:\/\/portaltela.pt\/por\/367410592786\/"}]}},"_links":{"self":[{"href":"https:\/\/portaltela.pt\/api\/wp\/v2\/posts\/462907","targetHints":{"allow":["GET"]}}],"collection":[{"href":"https:\/\/portaltela.pt\/api\/wp\/v2\/posts"}],"about":[{"href":"https:\/\/portaltela.pt\/api\/wp\/v2\/types\/post"}],"author":[{"embeddable":true,"href":"https:\/\/portaltela.pt\/api\/wp\/v2\/users\/2"}],"replies":[{"embeddable":true,"href":"https:\/\/portaltela.pt\/api\/wp\/v2\/comments?post=462907"}],"version-history":[{"count":0,"href":"https:\/\/portaltela.pt\/api\/wp\/v2\/posts\/462907\/revisions"}],"wp:featuredmedia":[{"embeddable":true,"href":"https:\/\/portaltela.pt\/api\/wp\/v2\/media\/462924"}],"wp:attachment":[{"href":"https:\/\/portaltela.pt\/api\/wp\/v2\/media?parent=462907"}],"wp:term":[{"taxonomy":"category","embeddable":true,"href":"https:\/\/portaltela.pt\/api\/wp\/v2\/categories?post=462907"},{"taxonomy":"post_tag","embeddable":true,"href":"https:\/\/portaltela.pt\/api\/wp\/v2\/tags?post=462907"}],"curies":[{"name":"wp","href":"https:\/\/api.w.org\/{rel}","templated":true}]}}