{"id":462901,"date":"2026-04-30T15:03:01","date_gmt":"2026-04-30T18:03:01","guid":{"rendered":"https:\/\/portaltela.pt\/noticias\/2026\/04\/30\/sp-braga-revela-o-onze-inicial-para-o-jogo-com-o-friburgo\/"},"modified":"2026-04-30T15:03:01","modified_gmt":"2026-04-30T18:03:01","slug":"sp-braga-revela-o-onze-inicial-para-o-jogo-com-o-friburgo","status":"publish","type":"post","link":"https:\/\/portaltela.pt\/desporto\/futebol\/2026\/04\/30\/sp-braga-revela-o-onze-inicial-para-o-jogo-com-o-friburgo\/","title":{"rendered":"Sp. Braga revela o onze inicial para o jogo com o Friburgo"},"content":{"rendered":"<p>O Sp. Braga revelou o onze inicial para a meia-final da Liga Europa, 1.\u00aa m\u00e3o em casa, marcando o jogo para as 20h frente ao Friburgo. O objetivo \u00e9 partir para a vit\u00f3ria e ganhar vantagem na eliminat\u00f3ria.<\/p>\n<p>ONO DO SP. BRAGA: Hornicek; Victor G\u00f3mez, V\u00edtor Carvalho, Paulo Oliveira, Lagerbielke; Tiknaz, Jo\u00e3o Moutinho, Gorby; Zalazar, Pau Victor e Ricardo Horta. Entre os suplentes est\u00e3o Tiago S\u00e1, Bellaarouch, Leonardo Lelo, Yanis da Rocha e Afonso Sousa.<\/p>\n<p>ONZE DO FRIBURGO: Atubolu; Treu, Matthias Ginter, Lienhart, Makengo; Eggestein, Manzambi; Grifo, Suzuki, Jan-Niklas Beste e Matanovic. Bancada inclui M\u00fcller, Huth, Jung, Scherhant, H\u00f6ler, K\u00fcbler e Ogbus.<\/p>\n<p>O jogo decorre esta noite no Est\u00e1dio municipal de Braga. O encontro \u00e9 a 1.\u00aa m\u00e3o da eliminat\u00f3ria das meias-finais da Liga Europa. A equipa de Carlos Vicens busca manter a posse de bola e pressionar o advers\u00e1rio desde o in\u00edcio. Acompanhe o desenrolar da partida em direto no portal.<\/p>\n","protected":false},"excerpt":{"rendered":"<ul>\n<li>O Sp. Braga defronta o Friburgo na primeira m\u00e3o das meias-finais da Liga Europa, o jogo \u00e9 \u00e0s 20h, em casa.<\/li>\n<li>Onze do Sp. Braga: Hornicek; Victor G\u00f3mez, V\u00edtor Carvalho, Paulo Oliveira, Lagerbielke; Tiknaz, Jo\u00e3o Moutinho, Gorby; Zalazar, Pau Victor e Ricardo Horta.<\/li>\n<li>Suplentes do Sp. Braga: Tiago S\u00e1, Bellaarouch, Leonardo Lelo, Yanis da Rocha, Afonso Sousa, Mario Dorgeles, Luisinho, J\u00f3natas Noro, Rodrigo Silva, Jo\u00e3o Vasconcelos, El Ouazzani e Fran Navarro.<\/li>\n<li>Onze do Friburgo: Atubolu; Treu, Matthias Ginter, Lienhart, Makengo; Eggestein, Manzambi; Grifo, Suzuki, Jan-Niklas Beste e Matanovic.<\/li>\n<li>Suplentes do Friburgo: M\u00fcller, Huth, Jung, Scherhant, H\u00f6ler, K\u00fcbler, Iri\u00e9, Phillip, H\u00f6fler, G\u00fcnter, Ogbus e Tarnutzer.<\/li>\n<\/ul>\n","protected":false},"author":2,"featured_media":462915,"comment_status":"closed","ping_status":"closed","sticky":false,"template":"","format":"standard","meta":{"footnotes":""},"categories":[21,24],"tags":[1207,5544,32,3338,242,2070],"class_list":["post-462901","post","type-post","status-publish","format-standard","has-post-thumbnail","hentry","category-desporto","category-futebol","tag-braga","tag-europa-league","tag-futebol","tag-futebol-internacional","tag-jogadores","tag-sp-braga"],"yoast_head":"<!-- This site is optimized with the Yoast SEO plugin v27.2 - https:\/\/yoast.com\/product\/yoast-seo-wordpress\/ -->\n<title>Sp. Braga revela o onze inicial para o jogo com o Friburgo - Portal Tela Portugal<\/title>\n<meta name=\"robots\" content=\"index, follow, max-snippet:-1, max-image-preview:large, max-video-preview:-1\" \/>\n<meta property=\"og:locale\" content=\"pt_PT\" \/>\n<meta property=\"og:type\" content=\"article\" \/>\n<meta property=\"og:title\" content=\"Sp. Braga revela o onze inicial para o jogo com o Friburgo - Portal Tela Portugal\" \/>\n<meta property=\"og:description\" content=\"O Sp. Braga defronta o Friburgo na primeira m\u00e3o das meias-finais da Liga Europa, o jogo \u00e9 \u00e0s 20h, em casa. Onze do Sp. Braga: Hornicek; Victor G\u00f3mez, V\u00edtor Carvalho, Paulo Oliveira, Lagerbielke; Tiknaz, Jo\u00e3o Moutinho, Gorby; Zalazar, Pau Victor e Ricardo Horta. Suplentes do Sp. Braga: Tiago S\u00e1, Bellaarouch, Leonardo Lelo, Yanis da Rocha, Afonso Sousa, Mario Dorgeles, Luisinho, J\u00f3natas Noro, Rodrigo Silva, Jo\u00e3o Vasconcelos, El Ouazzani e Fran Navarro. Onze do Friburgo: Atubolu; Treu, Matthias Ginter, Lienhart, Makengo; Eggestein, Manzambi; Grifo, Suzuki, Jan-Niklas Beste e Matanovic. Suplentes do Friburgo: M\u00fcller, Huth, Jung, Scherhant, H\u00f6ler, K\u00fcbler, Iri\u00e9, Phillip, H\u00f6fler, G\u00fcnter, Ogbus e Tarnutzer.\" \/>\n<meta property=\"og:url\" content=\"https:\/\/portaltela.pt\/noticias\/2026\/04\/30\/sp-braga-revela-o-onze-inicial-para-o-jogo-com-o-friburgo\/\" \/>\n<meta property=\"og:site_name\" content=\"Portal Tela Portugal\" \/>\n<meta property=\"article:published_time\" content=\"2026-04-30T18:03:01+00:00\" \/>\n<meta name=\"author\" content=\"Telinha\" \/>\n<meta name=\"twitter:card\" content=\"summary_large_image\" \/>\n<meta name=\"twitter:label1\" content=\"Escrito por\" \/>\n\t<meta name=\"twitter:data1\" content=\"Telinha\" \/>\n\t<meta name=\"twitter:label2\" content=\"Tempo estimado de leitura\" \/>\n\t<meta name=\"twitter:data2\" content=\"1 minuto\" \/>\n<script type=\"application\/ld+json\" class=\"yoast-schema-graph\">{\"@context\":\"https:\/\/schema.org\",\"@graph\":[{\"@type\":\"Article\",\"@id\":\"https:\/\/portaltela.pt\/noticias\/2026\/04\/30\/sp-braga-revela-o-onze-inicial-para-o-jogo-com-o-friburgo\/#article\",\"isPartOf\":{\"@id\":\"https:\/\/portaltela.pt\/noticias\/2026\/04\/30\/sp-braga-revela-o-onze-inicial-para-o-jogo-com-o-friburgo\/\"},\"author\":{\"name\":\"Telinha\",\"@id\":\"https:\/\/portaltela.pt\/#\/schema\/person\/c4278d4a6028830caff9ee44b42d32ed\"},\"headline\":\"Sp. Braga revela o onze inicial para o jogo com o Friburgo\",\"datePublished\":\"2026-04-30T18:03:01+00:00\",\"mainEntityOfPage\":{\"@id\":\"https:\/\/portaltela.pt\/noticias\/2026\/04\/30\/sp-braga-revela-o-onze-inicial-para-o-jogo-com-o-friburgo\/\"},\"wordCount\":175,\"image\":{\"@id\":\"https:\/\/portaltela.pt\/noticias\/2026\/04\/30\/sp-braga-revela-o-onze-inicial-para-o-jogo-com-o-friburgo\/#primaryimage\"},\"thumbnailUrl\":\"https:\/\/portaltela.pt\/s.01k8rhncp4jt1\/2026\/04\/img_920x518uu2026-03-22-22-36-10-2428805-im-639098157828185570-1.jpg\",\"keywords\":[\"Braga\",\"Europa League\",\"futebol\",\"futebol internacional\",\"jogadores\",\"Sp. Braga\"],\"articleSection\":[\"Desporto\",\"Futebol\"],\"inLanguage\":\"pt-PT\"},{\"@type\":\"WebPage\",\"@id\":\"https:\/\/portaltela.pt\/noticias\/2026\/04\/30\/sp-braga-revela-o-onze-inicial-para-o-jogo-com-o-friburgo\/\",\"url\":\"https:\/\/portaltela.pt\/noticias\/2026\/04\/30\/sp-braga-revela-o-onze-inicial-para-o-jogo-com-o-friburgo\/\",\"name\":\"Sp. Braga revela o onze inicial para o jogo com o Friburgo - Portal Tela Portugal\",\"isPartOf\":{\"@id\":\"https:\/\/portaltela.pt\/#website\"},\"primaryImageOfPage\":{\"@id\":\"https:\/\/portaltela.pt\/noticias\/2026\/04\/30\/sp-braga-revela-o-onze-inicial-para-o-jogo-com-o-friburgo\/#primaryimage\"},\"image\":{\"@id\":\"https:\/\/portaltela.pt\/noticias\/2026\/04\/30\/sp-braga-revela-o-onze-inicial-para-o-jogo-com-o-friburgo\/#primaryimage\"},\"thumbnailUrl\":\"https:\/\/portaltela.pt\/s.01k8rhncp4jt1\/2026\/04\/img_920x518uu2026-03-22-22-36-10-2428805-im-639098157828185570-1.jpg\",\"datePublished\":\"2026-04-30T18:03:01+00:00\",\"author\":{\"@id\":\"https:\/\/portaltela.pt\/#\/schema\/person\/c4278d4a6028830caff9ee44b42d32ed\"},\"breadcrumb\":{\"@id\":\"https:\/\/portaltela.pt\/noticias\/2026\/04\/30\/sp-braga-revela-o-onze-inicial-para-o-jogo-com-o-friburgo\/#breadcrumb\"},\"inLanguage\":\"pt-PT\",\"potentialAction\":[{\"@type\":\"ReadAction\",\"target\":[\"https:\/\/portaltela.pt\/noticias\/2026\/04\/30\/sp-braga-revela-o-onze-inicial-para-o-jogo-com-o-friburgo\/\"]}]},{\"@type\":\"ImageObject\",\"inLanguage\":\"pt-PT\",\"@id\":\"https:\/\/portaltela.pt\/noticias\/2026\/04\/30\/sp-braga-revela-o-onze-inicial-para-o-jogo-com-o-friburgo\/#primaryimage\",\"url\":\"https:\/\/portaltela.pt\/s.01k8rhncp4jt1\/2026\/04\/img_920x518uu2026-03-22-22-36-10-2428805-im-639098157828185570-1.jpg\",\"contentUrl\":\"https:\/\/portaltela.pt\/s.01k8rhncp4jt1\/2026\/04\/img_920x518uu2026-03-22-22-36-10-2428805-im-639098157828185570-1.jpg\",\"width\":796,\"height\":448,\"caption\":\"Carlos Vicens, treinador do Sp. Braga\"},{\"@type\":\"BreadcrumbList\",\"@id\":\"https:\/\/portaltela.pt\/noticias\/2026\/04\/30\/sp-braga-revela-o-onze-inicial-para-o-jogo-com-o-friburgo\/#breadcrumb\",\"itemListElement\":[{\"@type\":\"ListItem\",\"position\":1,\"name\":\"In\u00edcio\",\"item\":\"https:\/\/portaltela.pt\/\"},{\"@type\":\"ListItem\",\"position\":2,\"name\":\"Sp. Braga revela o onze inicial para o jogo com o Friburgo\"}]},{\"@type\":\"WebSite\",\"@id\":\"https:\/\/portaltela.pt\/#website\",\"url\":\"https:\/\/portaltela.pt\/\",\"name\":\"Portal Tela Portugal\",\"description\":\"\",\"potentialAction\":[{\"@type\":\"SearchAction\",\"target\":{\"@type\":\"EntryPoint\",\"urlTemplate\":\"https:\/\/portaltela.pt\/?s={search_term_string}\"},\"query-input\":{\"@type\":\"PropertyValueSpecification\",\"valueRequired\":true,\"valueName\":\"search_term_string\"}}],\"inLanguage\":\"pt-PT\"},{\"@type\":\"Person\",\"@id\":\"https:\/\/portaltela.pt\/#\/schema\/person\/c4278d4a6028830caff9ee44b42d32ed\",\"name\":\"Telinha\",\"image\":{\"@type\":\"ImageObject\",\"inLanguage\":\"pt-PT\",\"@id\":\"https:\/\/portaltela.pt\/s.01k8rhncp4jt1\/2025\/11\/talking-bot-125x125.png\",\"url\":\"https:\/\/portaltela.pt\/s.01k8rhncp4jt1\/2025\/11\/talking-bot-125x125.png\",\"contentUrl\":\"https:\/\/portaltela.pt\/s.01k8rhncp4jt1\/2025\/11\/talking-bot-125x125.png\",\"caption\":\"Telinha\"},\"sameAs\":[\"https:\/\/portaltela.pt\/\"],\"url\":\"https:\/\/portaltela.pt\/por\/367410592786\/\"}]}<\/script>\n<!-- \/ Yoast SEO plugin. -->","yoast_head_json":{"title":"Sp. Braga revela o onze inicial para o jogo com o Friburgo - Portal Tela Portugal","robots":{"index":"index","follow":"follow","max-snippet":"max-snippet:-1","max-image-preview":"max-image-preview:large","max-video-preview":"max-video-preview:-1"},"og_locale":"pt_PT","og_type":"article","og_title":"Sp. Braga revela o onze inicial para o jogo com o Friburgo - Portal Tela Portugal","og_description":"O Sp. Braga defronta o Friburgo na primeira m\u00e3o das meias-finais da Liga Europa, o jogo \u00e9 \u00e0s 20h, em casa. Onze do Sp. Braga: Hornicek; Victor G\u00f3mez, V\u00edtor Carvalho, Paulo Oliveira, Lagerbielke; Tiknaz, Jo\u00e3o Moutinho, Gorby; Zalazar, Pau Victor e Ricardo Horta. Suplentes do Sp. Braga: Tiago S\u00e1, Bellaarouch, Leonardo Lelo, Yanis da Rocha, Afonso Sousa, Mario Dorgeles, Luisinho, J\u00f3natas Noro, Rodrigo Silva, Jo\u00e3o Vasconcelos, El Ouazzani e Fran Navarro. Onze do Friburgo: Atubolu; Treu, Matthias Ginter, Lienhart, Makengo; Eggestein, Manzambi; Grifo, Suzuki, Jan-Niklas Beste e Matanovic. Suplentes do Friburgo: M\u00fcller, Huth, Jung, Scherhant, H\u00f6ler, K\u00fcbler, Iri\u00e9, Phillip, H\u00f6fler, G\u00fcnter, Ogbus e Tarnutzer.","og_url":"https:\/\/portaltela.pt\/noticias\/2026\/04\/30\/sp-braga-revela-o-onze-inicial-para-o-jogo-com-o-friburgo\/","og_site_name":"Portal Tela Portugal","article_published_time":"2026-04-30T18:03:01+00:00","author":"Telinha","twitter_card":"summary_large_image","twitter_misc":{"Escrito por":"Telinha","Tempo estimado de leitura":"1 minuto"},"schema":{"@context":"https:\/\/schema.org","@graph":[{"@type":"Article","@id":"https:\/\/portaltela.pt\/noticias\/2026\/04\/30\/sp-braga-revela-o-onze-inicial-para-o-jogo-com-o-friburgo\/#article","isPartOf":{"@id":"https:\/\/portaltela.pt\/noticias\/2026\/04\/30\/sp-braga-revela-o-onze-inicial-para-o-jogo-com-o-friburgo\/"},"author":{"name":"Telinha","@id":"https:\/\/portaltela.pt\/#\/schema\/person\/c4278d4a6028830caff9ee44b42d32ed"},"headline":"Sp. Braga revela o onze inicial para o jogo com o Friburgo","datePublished":"2026-04-30T18:03:01+00:00","mainEntityOfPage":{"@id":"https:\/\/portaltela.pt\/noticias\/2026\/04\/30\/sp-braga-revela-o-onze-inicial-para-o-jogo-com-o-friburgo\/"},"wordCount":175,"image":{"@id":"https:\/\/portaltela.pt\/noticias\/2026\/04\/30\/sp-braga-revela-o-onze-inicial-para-o-jogo-com-o-friburgo\/#primaryimage"},"thumbnailUrl":"https:\/\/portaltela.pt\/s.01k8rhncp4jt1\/2026\/04\/img_920x518uu2026-03-22-22-36-10-2428805-im-639098157828185570-1.jpg","keywords":["Braga","Europa League","futebol","futebol internacional","jogadores","Sp. Braga"],"articleSection":["Desporto","Futebol"],"inLanguage":"pt-PT"},{"@type":"WebPage","@id":"https:\/\/portaltela.pt\/noticias\/2026\/04\/30\/sp-braga-revela-o-onze-inicial-para-o-jogo-com-o-friburgo\/","url":"https:\/\/portaltela.pt\/noticias\/2026\/04\/30\/sp-braga-revela-o-onze-inicial-para-o-jogo-com-o-friburgo\/","name":"Sp. Braga revela o onze inicial para o jogo com o Friburgo - Portal Tela Portugal","isPartOf":{"@id":"https:\/\/portaltela.pt\/#website"},"primaryImageOfPage":{"@id":"https:\/\/portaltela.pt\/noticias\/2026\/04\/30\/sp-braga-revela-o-onze-inicial-para-o-jogo-com-o-friburgo\/#primaryimage"},"image":{"@id":"https:\/\/portaltela.pt\/noticias\/2026\/04\/30\/sp-braga-revela-o-onze-inicial-para-o-jogo-com-o-friburgo\/#primaryimage"},"thumbnailUrl":"https:\/\/portaltela.pt\/s.01k8rhncp4jt1\/2026\/04\/img_920x518uu2026-03-22-22-36-10-2428805-im-639098157828185570-1.jpg","datePublished":"2026-04-30T18:03:01+00:00","author":{"@id":"https:\/\/portaltela.pt\/#\/schema\/person\/c4278d4a6028830caff9ee44b42d32ed"},"breadcrumb":{"@id":"https:\/\/portaltela.pt\/noticias\/2026\/04\/30\/sp-braga-revela-o-onze-inicial-para-o-jogo-com-o-friburgo\/#breadcrumb"},"inLanguage":"pt-PT","potentialAction":[{"@type":"ReadAction","target":["https:\/\/portaltela.pt\/noticias\/2026\/04\/30\/sp-braga-revela-o-onze-inicial-para-o-jogo-com-o-friburgo\/"]}]},{"@type":"ImageObject","inLanguage":"pt-PT","@id":"https:\/\/portaltela.pt\/noticias\/2026\/04\/30\/sp-braga-revela-o-onze-inicial-para-o-jogo-com-o-friburgo\/#primaryimage","url":"https:\/\/portaltela.pt\/s.01k8rhncp4jt1\/2026\/04\/img_920x518uu2026-03-22-22-36-10-2428805-im-639098157828185570-1.jpg","contentUrl":"https:\/\/portaltela.pt\/s.01k8rhncp4jt1\/2026\/04\/img_920x518uu2026-03-22-22-36-10-2428805-im-639098157828185570-1.jpg","width":796,"height":448,"caption":"Carlos Vicens, treinador do Sp. Braga"},{"@type":"BreadcrumbList","@id":"https:\/\/portaltela.pt\/noticias\/2026\/04\/30\/sp-braga-revela-o-onze-inicial-para-o-jogo-com-o-friburgo\/#breadcrumb","itemListElement":[{"@type":"ListItem","position":1,"name":"In\u00edcio","item":"https:\/\/portaltela.pt\/"},{"@type":"ListItem","position":2,"name":"Sp. Braga revela o onze inicial para o jogo com o Friburgo"}]},{"@type":"WebSite","@id":"https:\/\/portaltela.pt\/#website","url":"https:\/\/portaltela.pt\/","name":"Portal Tela Portugal","description":"","potentialAction":[{"@type":"SearchAction","target":{"@type":"EntryPoint","urlTemplate":"https:\/\/portaltela.pt\/?s={search_term_string}"},"query-input":{"@type":"PropertyValueSpecification","valueRequired":true,"valueName":"search_term_string"}}],"inLanguage":"pt-PT"},{"@type":"Person","@id":"https:\/\/portaltela.pt\/#\/schema\/person\/c4278d4a6028830caff9ee44b42d32ed","name":"Telinha","image":{"@type":"ImageObject","inLanguage":"pt-PT","@id":"https:\/\/portaltela.pt\/s.01k8rhncp4jt1\/2025\/11\/talking-bot-125x125.png","url":"https:\/\/portaltela.pt\/s.01k8rhncp4jt1\/2025\/11\/talking-bot-125x125.png","contentUrl":"https:\/\/portaltela.pt\/s.01k8rhncp4jt1\/2025\/11\/talking-bot-125x125.png","caption":"Telinha"},"sameAs":["https:\/\/portaltela.pt\/"],"url":"https:\/\/portaltela.pt\/por\/367410592786\/"}]}},"_links":{"self":[{"href":"https:\/\/portaltela.pt\/api\/wp\/v2\/posts\/462901","targetHints":{"allow":["GET"]}}],"collection":[{"href":"https:\/\/portaltela.pt\/api\/wp\/v2\/posts"}],"about":[{"href":"https:\/\/portaltela.pt\/api\/wp\/v2\/types\/post"}],"author":[{"embeddable":true,"href":"https:\/\/portaltela.pt\/api\/wp\/v2\/users\/2"}],"replies":[{"embeddable":true,"href":"https:\/\/portaltela.pt\/api\/wp\/v2\/comments?post=462901"}],"version-history":[{"count":0,"href":"https:\/\/portaltela.pt\/api\/wp\/v2\/posts\/462901\/revisions"}],"wp:featuredmedia":[{"embeddable":true,"href":"https:\/\/portaltela.pt\/api\/wp\/v2\/media\/462915"}],"wp:attachment":[{"href":"https:\/\/portaltela.pt\/api\/wp\/v2\/media?parent=462901"}],"wp:term":[{"taxonomy":"category","embeddable":true,"href":"https:\/\/portaltela.pt\/api\/wp\/v2\/categories?post=462901"},{"taxonomy":"post_tag","embeddable":true,"href":"https:\/\/portaltela.pt\/api\/wp\/v2\/tags?post=462901"}],"curies":[{"name":"wp","href":"https:\/\/api.w.org\/{rel}","templated":true}]}}