{"id":462899,"date":"2026-04-30T15:03:00","date_gmt":"2026-04-30T18:03:00","guid":{"rendered":"https:\/\/portaltela.pt\/noticias\/2026\/04\/30\/precos-dos-combustiveis-sobem-na-proxima-semana\/"},"modified":"2026-04-30T15:03:00","modified_gmt":"2026-04-30T18:03:00","slug":"precos-dos-combustiveis-sobem-na-proxima-semana","status":"publish","type":"post","link":"https:\/\/portaltela.pt\/noticias\/economia\/2026\/04\/30\/precos-dos-combustiveis-sobem-na-proxima-semana\/","title":{"rendered":"Pre\u00e7os dos combust\u00edveis sobem na pr\u00f3xima semana"},"content":{"rendered":"<p>O pre\u00e7o dos combust\u00edveis vai subir na pr\u00f3xima semana, com o gas\u00f3leo a avan\u00e7ar 2,5 c\u00eantimos por litro e a gasolina 1,5 c\u00eantimos por litro, segundo a Dire\u00e7\u00e3o-Geral de Energia e Geologia (DGEG). A subida resulta da evolu\u00e7\u00e3o do mercado internacional de petr\u00f3leo e derivados, que se reflete nos pre\u00e7os ao consumidor.<\/p>\n<p>A DGEG sublinha que a subida dever\u00e1 ter efeito direto no custo do abastecimento. O impacto varia conforme o tipo de combust\u00edvel e o ponto de venda, mas \u00e9 expect\u00e1vel que os consumidores sintam o aumento no carregamento de combust\u00edveis di\u00e1rios.<\/p>\n<p>Nesta edi\u00e7\u00e3o de 60 segundos, destaca-se ainda a atualiza\u00e7\u00e3o sobre o estado de sa\u00fade do ex-presidente Lula, que continua a recuperar ap\u00f3s cirurgia ao intestino. Outro tema em foco \u00e9 a crise no setor do turismo, dificultada pela atual conjuntura e pela pandemia.<\/p>\n<h3>Principais temas<\/h3>\n<ul>\n<li>Pre\u00e7os dos combust\u00edveis disparam na pr\u00f3xima semana<\/li>\n<li>Estado de sa\u00fade de Lula continua a melhorar<\/li>\n<li>Crise no setor do turismo devido \u00e0 pandemia<\/li>\n<li>Novas medidas de apoio \u00e0s pequenas empresas<\/li>\n<li>Aumento do desemprego em alguns setores<\/li>\n<li>Novas regras para o uso de m\u00e1scaras em espa\u00e7os p\u00fablicos<\/li>\n<li>In\u00edcio das obras de reabilita\u00e7\u00e3o do centro hist\u00f3rico<\/li>\n<li>Novas oportunidades de emprego na regi\u00e3o<\/li>\n<li>Eventos culturais e desportivos previstos para o pr\u00f3ximo m\u00eas<\/li>\n<li>Dicas de sa\u00fade e bem-estar para o ver\u00e3o<\/li>\n<\/ul>\n","protected":false},"excerpt":{"rendered":"<ul>\n<li>Pre\u00e7os dos combust\u00edveis sobem na pr\u00f3xima semana: gas\u00f3leo + 2,5 c\u00eantimos por litro e gasolina + 1,5 c\u00eantimos por litro, segundo a DGEG.<\/li>\n<li>A subida resulta da evolu\u00e7\u00e3o do mercado internacional de petr\u00f3leo e derivados.<\/li>\n<li>O estado de sa\u00fade do ex-presidente Lula continua a melhorar ap\u00f3s a cirurgia ao intestino.<\/li>\n<li>A crise no setor do turismo mant\u00e9m-se devido \u00e0 pandemia de COVID-19.<\/li>\n<li>S\u00e3o anunciadas novas medidas de apoio \u00e0s pequenas empresas.<\/li>\n<\/ul>\n","protected":false},"author":2,"featured_media":462911,"comment_status":"closed","ping_status":"closed","sticky":false,"template":"","format":"standard","meta":{"footnotes":""},"categories":[2,6850],"tags":[8520,9004,8544,8229,7912],"class_list":["post-462899","post","type-post","status-publish","format-standard","has-post-thumbnail","hentry","category-economia","category-financas","tag-_abastecimento-de-combustivel","tag-_gasoleo-rodoviario","tag-_precos","tag-_presidente","tag-_turismo"],"yoast_head":"<!-- This site is optimized with the Yoast SEO plugin v27.2 - https:\/\/yoast.com\/product\/yoast-seo-wordpress\/ -->\n<title>Pre\u00e7os dos combust\u00edveis sobem na pr\u00f3xima semana - Portal Tela Portugal<\/title>\n<meta name=\"robots\" content=\"index, follow, max-snippet:-1, max-image-preview:large, max-video-preview:-1\" \/>\n<meta property=\"og:locale\" content=\"pt_PT\" \/>\n<meta property=\"og:type\" content=\"article\" \/>\n<meta property=\"og:title\" content=\"Pre\u00e7os dos combust\u00edveis sobem na pr\u00f3xima semana - Portal Tela Portugal\" \/>\n<meta property=\"og:description\" content=\"Pre\u00e7os dos combust\u00edveis sobem na pr\u00f3xima semana: gas\u00f3leo + 2,5 c\u00eantimos por litro e gasolina + 1,5 c\u00eantimos por litro, segundo a DGEG. A subida resulta da evolu\u00e7\u00e3o do mercado internacional de petr\u00f3leo e derivados. O estado de sa\u00fade do ex-presidente Lula continua a melhorar ap\u00f3s a cirurgia ao intestino. A crise no setor do turismo mant\u00e9m-se devido \u00e0 pandemia de COVID-19. S\u00e3o anunciadas novas medidas de apoio \u00e0s pequenas empresas.\" \/>\n<meta property=\"og:url\" content=\"https:\/\/portaltela.pt\/noticias\/2026\/04\/30\/precos-dos-combustiveis-sobem-na-proxima-semana\/\" \/>\n<meta property=\"og:site_name\" content=\"Portal Tela Portugal\" \/>\n<meta property=\"article:published_time\" content=\"2026-04-30T18:03:00+00:00\" \/>\n<meta name=\"author\" content=\"Telinha\" \/>\n<meta name=\"twitter:card\" content=\"summary_large_image\" \/>\n<meta name=\"twitter:label1\" content=\"Escrito por\" \/>\n\t<meta name=\"twitter:data1\" content=\"Telinha\" \/>\n\t<meta name=\"twitter:label2\" content=\"Tempo estimado de leitura\" \/>\n\t<meta name=\"twitter:data2\" content=\"1 minuto\" \/>\n<script type=\"application\/ld+json\" class=\"yoast-schema-graph\">{\"@context\":\"https:\/\/schema.org\",\"@graph\":[{\"@type\":\"Article\",\"@id\":\"https:\/\/portaltela.pt\/noticias\/2026\/04\/30\/precos-dos-combustiveis-sobem-na-proxima-semana\/#article\",\"isPartOf\":{\"@id\":\"https:\/\/portaltela.pt\/noticias\/2026\/04\/30\/precos-dos-combustiveis-sobem-na-proxima-semana\/\"},\"author\":{\"name\":\"Telinha\",\"@id\":\"https:\/\/portaltela.pt\/#\/schema\/person\/c4278d4a6028830caff9ee44b42d32ed\"},\"headline\":\"Pre\u00e7os dos combust\u00edveis sobem na pr\u00f3xima semana\",\"datePublished\":\"2026-04-30T18:03:00+00:00\",\"mainEntityOfPage\":{\"@id\":\"https:\/\/portaltela.pt\/noticias\/2026\/04\/30\/precos-dos-combustiveis-sobem-na-proxima-semana\/\"},\"wordCount\":253,\"image\":{\"@id\":\"https:\/\/portaltela.pt\/noticias\/2026\/04\/30\/precos-dos-combustiveis-sobem-na-proxima-semana\/#primaryimage\"},\"thumbnailUrl\":\"https:\/\/portaltela.pt\/s.01k8rhncp4jt1\/2026\/04\/ce6a0df5-61ec-4460-85ad-579bfac7dfa1_1200x675.jpg\",\"keywords\":[\"_abastecimento de combust\u00edvel\",\"_gas\u00f3leo rodovi\u00e1rio\",\"_pre\u00e7os\",\"_presidente\",\"_turismo\"],\"articleSection\":[\"Economia\",\"Finan\u00e7as\"],\"inLanguage\":\"pt-PT\"},{\"@type\":\"WebPage\",\"@id\":\"https:\/\/portaltela.pt\/noticias\/2026\/04\/30\/precos-dos-combustiveis-sobem-na-proxima-semana\/\",\"url\":\"https:\/\/portaltela.pt\/noticias\/2026\/04\/30\/precos-dos-combustiveis-sobem-na-proxima-semana\/\",\"name\":\"Pre\u00e7os dos combust\u00edveis sobem na pr\u00f3xima semana - Portal Tela Portugal\",\"isPartOf\":{\"@id\":\"https:\/\/portaltela.pt\/#website\"},\"primaryImageOfPage\":{\"@id\":\"https:\/\/portaltela.pt\/noticias\/2026\/04\/30\/precos-dos-combustiveis-sobem-na-proxima-semana\/#primaryimage\"},\"image\":{\"@id\":\"https:\/\/portaltela.pt\/noticias\/2026\/04\/30\/precos-dos-combustiveis-sobem-na-proxima-semana\/#primaryimage\"},\"thumbnailUrl\":\"https:\/\/portaltela.pt\/s.01k8rhncp4jt1\/2026\/04\/ce6a0df5-61ec-4460-85ad-579bfac7dfa1_1200x675.jpg\",\"datePublished\":\"2026-04-30T18:03:00+00:00\",\"author\":{\"@id\":\"https:\/\/portaltela.pt\/#\/schema\/person\/c4278d4a6028830caff9ee44b42d32ed\"},\"breadcrumb\":{\"@id\":\"https:\/\/portaltela.pt\/noticias\/2026\/04\/30\/precos-dos-combustiveis-sobem-na-proxima-semana\/#breadcrumb\"},\"inLanguage\":\"pt-PT\",\"potentialAction\":[{\"@type\":\"ReadAction\",\"target\":[\"https:\/\/portaltela.pt\/noticias\/2026\/04\/30\/precos-dos-combustiveis-sobem-na-proxima-semana\/\"]}]},{\"@type\":\"ImageObject\",\"inLanguage\":\"pt-PT\",\"@id\":\"https:\/\/portaltela.pt\/noticias\/2026\/04\/30\/precos-dos-combustiveis-sobem-na-proxima-semana\/#primaryimage\",\"url\":\"https:\/\/portaltela.pt\/s.01k8rhncp4jt1\/2026\/04\/ce6a0df5-61ec-4460-85ad-579bfac7dfa1_1200x675.jpg\",\"contentUrl\":\"https:\/\/portaltela.pt\/s.01k8rhncp4jt1\/2026\/04\/ce6a0df5-61ec-4460-85ad-579bfac7dfa1_1200x675.jpg\",\"width\":796,\"height\":448,\"caption\":\"Photo\"},{\"@type\":\"BreadcrumbList\",\"@id\":\"https:\/\/portaltela.pt\/noticias\/2026\/04\/30\/precos-dos-combustiveis-sobem-na-proxima-semana\/#breadcrumb\",\"itemListElement\":[{\"@type\":\"ListItem\",\"position\":1,\"name\":\"In\u00edcio\",\"item\":\"https:\/\/portaltela.pt\/\"},{\"@type\":\"ListItem\",\"position\":2,\"name\":\"Pre\u00e7os dos combust\u00edveis sobem na pr\u00f3xima semana\"}]},{\"@type\":\"WebSite\",\"@id\":\"https:\/\/portaltela.pt\/#website\",\"url\":\"https:\/\/portaltela.pt\/\",\"name\":\"Portal Tela Portugal\",\"description\":\"\",\"potentialAction\":[{\"@type\":\"SearchAction\",\"target\":{\"@type\":\"EntryPoint\",\"urlTemplate\":\"https:\/\/portaltela.pt\/?s={search_term_string}\"},\"query-input\":{\"@type\":\"PropertyValueSpecification\",\"valueRequired\":true,\"valueName\":\"search_term_string\"}}],\"inLanguage\":\"pt-PT\"},{\"@type\":\"Person\",\"@id\":\"https:\/\/portaltela.pt\/#\/schema\/person\/c4278d4a6028830caff9ee44b42d32ed\",\"name\":\"Telinha\",\"image\":{\"@type\":\"ImageObject\",\"inLanguage\":\"pt-PT\",\"@id\":\"https:\/\/portaltela.pt\/s.01k8rhncp4jt1\/2025\/11\/talking-bot-125x125.png\",\"url\":\"https:\/\/portaltela.pt\/s.01k8rhncp4jt1\/2025\/11\/talking-bot-125x125.png\",\"contentUrl\":\"https:\/\/portaltela.pt\/s.01k8rhncp4jt1\/2025\/11\/talking-bot-125x125.png\",\"caption\":\"Telinha\"},\"sameAs\":[\"https:\/\/portaltela.pt\/\"],\"url\":\"https:\/\/portaltela.pt\/por\/367410592786\/\"}]}<\/script>\n<!-- \/ Yoast SEO plugin. -->","yoast_head_json":{"title":"Pre\u00e7os dos combust\u00edveis sobem na pr\u00f3xima semana - Portal Tela Portugal","robots":{"index":"index","follow":"follow","max-snippet":"max-snippet:-1","max-image-preview":"max-image-preview:large","max-video-preview":"max-video-preview:-1"},"og_locale":"pt_PT","og_type":"article","og_title":"Pre\u00e7os dos combust\u00edveis sobem na pr\u00f3xima semana - Portal Tela Portugal","og_description":"Pre\u00e7os dos combust\u00edveis sobem na pr\u00f3xima semana: gas\u00f3leo + 2,5 c\u00eantimos por litro e gasolina + 1,5 c\u00eantimos por litro, segundo a DGEG. A subida resulta da evolu\u00e7\u00e3o do mercado internacional de petr\u00f3leo e derivados. O estado de sa\u00fade do ex-presidente Lula continua a melhorar ap\u00f3s a cirurgia ao intestino. A crise no setor do turismo mant\u00e9m-se devido \u00e0 pandemia de COVID-19. S\u00e3o anunciadas novas medidas de apoio \u00e0s pequenas empresas.","og_url":"https:\/\/portaltela.pt\/noticias\/2026\/04\/30\/precos-dos-combustiveis-sobem-na-proxima-semana\/","og_site_name":"Portal Tela Portugal","article_published_time":"2026-04-30T18:03:00+00:00","author":"Telinha","twitter_card":"summary_large_image","twitter_misc":{"Escrito por":"Telinha","Tempo estimado de leitura":"1 minuto"},"schema":{"@context":"https:\/\/schema.org","@graph":[{"@type":"Article","@id":"https:\/\/portaltela.pt\/noticias\/2026\/04\/30\/precos-dos-combustiveis-sobem-na-proxima-semana\/#article","isPartOf":{"@id":"https:\/\/portaltela.pt\/noticias\/2026\/04\/30\/precos-dos-combustiveis-sobem-na-proxima-semana\/"},"author":{"name":"Telinha","@id":"https:\/\/portaltela.pt\/#\/schema\/person\/c4278d4a6028830caff9ee44b42d32ed"},"headline":"Pre\u00e7os dos combust\u00edveis sobem na pr\u00f3xima semana","datePublished":"2026-04-30T18:03:00+00:00","mainEntityOfPage":{"@id":"https:\/\/portaltela.pt\/noticias\/2026\/04\/30\/precos-dos-combustiveis-sobem-na-proxima-semana\/"},"wordCount":253,"image":{"@id":"https:\/\/portaltela.pt\/noticias\/2026\/04\/30\/precos-dos-combustiveis-sobem-na-proxima-semana\/#primaryimage"},"thumbnailUrl":"https:\/\/portaltela.pt\/s.01k8rhncp4jt1\/2026\/04\/ce6a0df5-61ec-4460-85ad-579bfac7dfa1_1200x675.jpg","keywords":["_abastecimento de combust\u00edvel","_gas\u00f3leo rodovi\u00e1rio","_pre\u00e7os","_presidente","_turismo"],"articleSection":["Economia","Finan\u00e7as"],"inLanguage":"pt-PT"},{"@type":"WebPage","@id":"https:\/\/portaltela.pt\/noticias\/2026\/04\/30\/precos-dos-combustiveis-sobem-na-proxima-semana\/","url":"https:\/\/portaltela.pt\/noticias\/2026\/04\/30\/precos-dos-combustiveis-sobem-na-proxima-semana\/","name":"Pre\u00e7os dos combust\u00edveis sobem na pr\u00f3xima semana - Portal Tela Portugal","isPartOf":{"@id":"https:\/\/portaltela.pt\/#website"},"primaryImageOfPage":{"@id":"https:\/\/portaltela.pt\/noticias\/2026\/04\/30\/precos-dos-combustiveis-sobem-na-proxima-semana\/#primaryimage"},"image":{"@id":"https:\/\/portaltela.pt\/noticias\/2026\/04\/30\/precos-dos-combustiveis-sobem-na-proxima-semana\/#primaryimage"},"thumbnailUrl":"https:\/\/portaltela.pt\/s.01k8rhncp4jt1\/2026\/04\/ce6a0df5-61ec-4460-85ad-579bfac7dfa1_1200x675.jpg","datePublished":"2026-04-30T18:03:00+00:00","author":{"@id":"https:\/\/portaltela.pt\/#\/schema\/person\/c4278d4a6028830caff9ee44b42d32ed"},"breadcrumb":{"@id":"https:\/\/portaltela.pt\/noticias\/2026\/04\/30\/precos-dos-combustiveis-sobem-na-proxima-semana\/#breadcrumb"},"inLanguage":"pt-PT","potentialAction":[{"@type":"ReadAction","target":["https:\/\/portaltela.pt\/noticias\/2026\/04\/30\/precos-dos-combustiveis-sobem-na-proxima-semana\/"]}]},{"@type":"ImageObject","inLanguage":"pt-PT","@id":"https:\/\/portaltela.pt\/noticias\/2026\/04\/30\/precos-dos-combustiveis-sobem-na-proxima-semana\/#primaryimage","url":"https:\/\/portaltela.pt\/s.01k8rhncp4jt1\/2026\/04\/ce6a0df5-61ec-4460-85ad-579bfac7dfa1_1200x675.jpg","contentUrl":"https:\/\/portaltela.pt\/s.01k8rhncp4jt1\/2026\/04\/ce6a0df5-61ec-4460-85ad-579bfac7dfa1_1200x675.jpg","width":796,"height":448,"caption":"Photo"},{"@type":"BreadcrumbList","@id":"https:\/\/portaltela.pt\/noticias\/2026\/04\/30\/precos-dos-combustiveis-sobem-na-proxima-semana\/#breadcrumb","itemListElement":[{"@type":"ListItem","position":1,"name":"In\u00edcio","item":"https:\/\/portaltela.pt\/"},{"@type":"ListItem","position":2,"name":"Pre\u00e7os dos combust\u00edveis sobem na pr\u00f3xima semana"}]},{"@type":"WebSite","@id":"https:\/\/portaltela.pt\/#website","url":"https:\/\/portaltela.pt\/","name":"Portal Tela Portugal","description":"","potentialAction":[{"@type":"SearchAction","target":{"@type":"EntryPoint","urlTemplate":"https:\/\/portaltela.pt\/?s={search_term_string}"},"query-input":{"@type":"PropertyValueSpecification","valueRequired":true,"valueName":"search_term_string"}}],"inLanguage":"pt-PT"},{"@type":"Person","@id":"https:\/\/portaltela.pt\/#\/schema\/person\/c4278d4a6028830caff9ee44b42d32ed","name":"Telinha","image":{"@type":"ImageObject","inLanguage":"pt-PT","@id":"https:\/\/portaltela.pt\/s.01k8rhncp4jt1\/2025\/11\/talking-bot-125x125.png","url":"https:\/\/portaltela.pt\/s.01k8rhncp4jt1\/2025\/11\/talking-bot-125x125.png","contentUrl":"https:\/\/portaltela.pt\/s.01k8rhncp4jt1\/2025\/11\/talking-bot-125x125.png","caption":"Telinha"},"sameAs":["https:\/\/portaltela.pt\/"],"url":"https:\/\/portaltela.pt\/por\/367410592786\/"}]}},"_links":{"self":[{"href":"https:\/\/portaltela.pt\/api\/wp\/v2\/posts\/462899","targetHints":{"allow":["GET"]}}],"collection":[{"href":"https:\/\/portaltela.pt\/api\/wp\/v2\/posts"}],"about":[{"href":"https:\/\/portaltela.pt\/api\/wp\/v2\/types\/post"}],"author":[{"embeddable":true,"href":"https:\/\/portaltela.pt\/api\/wp\/v2\/users\/2"}],"replies":[{"embeddable":true,"href":"https:\/\/portaltela.pt\/api\/wp\/v2\/comments?post=462899"}],"version-history":[{"count":0,"href":"https:\/\/portaltela.pt\/api\/wp\/v2\/posts\/462899\/revisions"}],"wp:featuredmedia":[{"embeddable":true,"href":"https:\/\/portaltela.pt\/api\/wp\/v2\/media\/462911"}],"wp:attachment":[{"href":"https:\/\/portaltela.pt\/api\/wp\/v2\/media?parent=462899"}],"wp:term":[{"taxonomy":"category","embeddable":true,"href":"https:\/\/portaltela.pt\/api\/wp\/v2\/categories?post=462899"},{"taxonomy":"post_tag","embeddable":true,"href":"https:\/\/portaltela.pt\/api\/wp\/v2\/tags?post=462899"}],"curies":[{"name":"wp","href":"https:\/\/api.w.org\/{rel}","templated":true}]}}