{"id":462897,"date":"2026-04-30T15:02:58","date_gmt":"2026-04-30T18:02:58","guid":{"rendered":"https:\/\/portaltela.pt\/noticias\/2026\/04\/30\/guy-pacheco-e-eleito-presidente-executivo-dos-ctt\/"},"modified":"2026-04-30T15:02:58","modified_gmt":"2026-04-30T18:02:58","slug":"guy-pacheco-e-eleito-presidente-executivo-dos-ctt","status":"publish","type":"post","link":"https:\/\/portaltela.pt\/noticias\/2026\/04\/30\/guy-pacheco-e-eleito-presidente-executivo-dos-ctt\/","title":{"rendered":"Guy Pacheco \u00e9 eleito presidente executivo dos CTT"},"content":{"rendered":"<p>Guy Pacheco foi eleito presidente executivo dos CTT para o mandato 2026-2028, substituindo Jo\u00e3o Bento. A nomea\u00e7\u00e3o foi anunciada pelos CTT ap\u00f3s a assembleia-geral. O administrador com o pelouro financeiro passa a liderar a Comiss\u00e3o Executiva.<\/p>\n<p>Pacheco fica ainda acompanhado pela equipa executiva: Joana Freitas assume a \u00e1rea financeira (CFO) e Jo\u00e3o Sousa mant\u00e9m as fun\u00e7\u00f5es de Chief Commercial Officer (CCO). A composi\u00e7\u00e3o mant\u00e9m o foco na estrat\u00e9gia de crescimento da empresa.<\/p>\n<p>O Conselho de Administra\u00e7\u00e3o continuar\u00e1 com Raul Galamba na posi\u00e7\u00e3o de chairman, segundo o an\u00fancio dos CTT. A lista de vogais inclui Maria del Carmen Gil Mar\u00edn, Duarte Palma Leal Champalimaud, J\u00fcrgen Schr\u00f6der, Margarida Barros Couto, Ana Dias Garcia da Fonseca, Christopher Torino e Lu\u00eds Lopes.<\/p>\n<p>Segundo a CMVM, a AG aprovou as contas de 2025 e a aplica\u00e7\u00e3o de resultados, incluindo um dividendo bruto por a\u00e7\u00e3o de 0,19 euros. Tamb\u00e9m foi aprovada a autoriza\u00e7\u00e3o para aumentar o capital social at\u00e9 1,5 milh\u00f5es de euros, para apoiar planos de a\u00e7\u00f5es.<\/p>\n","protected":false},"excerpt":{"rendered":"<ul>\n<li>Guy Pacheco foi eleito presidente executivo (CEO) dos CTT para o mandato 2026-2028, substituindo Jo\u00e3o Bento, ap\u00f3s a assembleia-geral.<\/li>\n<li>Assume a lideran\u00e7a da Comiss\u00e3o Executiva; Joana Freitas passa a chefe de \u00e1rea financeira (CFO) e Jo\u00e3o Sousa mant\u00e9m o papel de Chief Commercial Officer (CCO).<\/li>\n<li>Raul Galamba mant\u00e9m a fun\u00e7\u00e3o de chairmen do Conselho de Administra\u00e7\u00e3o.<\/li>\n<li>A assembleia-geral aprovou as contas de 2025, a aplica\u00e7\u00e3o dos resultados e o pagamento de um dividendo bruto por a\u00e7\u00e3o de 0,19 euros.<\/li>\n<li>Foi autorizado ao Conselho de Administra\u00e7\u00e3o aumentar o capital social em at\u00e9 1,5 milh\u00f5es de euros, atrav\u00e9s de novas a\u00e7\u00f5es emitidas em dinheiro, para cumprir planos de atribui\u00e7\u00e3o de a\u00e7\u00f5es.<\/li>\n<\/ul>\n","protected":false},"author":2,"featured_media":462916,"comment_status":"closed","ping_status":"closed","sticky":false,"template":"","format":"standard","meta":{"footnotes":""},"categories":[6735,1],"tags":[6179,5804,28,2697,2415,1014],"class_list":["post-462897","post","type-post","status-publish","format-standard","has-post-thumbnail","hentry","category-negocios","category-noticias","tag-cmvm","tag-comunicacao-institucional","tag-economia","tag-empresas","tag-gestao","tag-portugal"],"yoast_head":"<!-- This site is optimized with the Yoast SEO plugin v27.2 - https:\/\/yoast.com\/product\/yoast-seo-wordpress\/ -->\n<title>Guy Pacheco \u00e9 eleito presidente executivo dos CTT - Portal Tela Portugal<\/title>\n<meta name=\"robots\" content=\"index, follow, max-snippet:-1, max-image-preview:large, max-video-preview:-1\" \/>\n<meta property=\"og:locale\" content=\"pt_PT\" \/>\n<meta property=\"og:type\" content=\"article\" \/>\n<meta property=\"og:title\" content=\"Guy Pacheco \u00e9 eleito presidente executivo dos CTT - Portal Tela Portugal\" \/>\n<meta property=\"og:description\" content=\"Guy Pacheco foi eleito presidente executivo (CEO) dos CTT para o mandato 2026-2028, substituindo Jo\u00e3o Bento, ap\u00f3s a assembleia-geral. Assume a lideran\u00e7a da Comiss\u00e3o Executiva; Joana Freitas passa a chefe de \u00e1rea financeira (CFO) e Jo\u00e3o Sousa mant\u00e9m o papel de Chief Commercial Officer (CCO). Raul Galamba mant\u00e9m a fun\u00e7\u00e3o de chairmen do Conselho de Administra\u00e7\u00e3o. A assembleia-geral aprovou as contas de 2025, a aplica\u00e7\u00e3o dos resultados e o pagamento de um dividendo bruto por a\u00e7\u00e3o de 0,19 euros. Foi autorizado ao Conselho de Administra\u00e7\u00e3o aumentar o capital social em at\u00e9 1,5 milh\u00f5es de euros, atrav\u00e9s de novas a\u00e7\u00f5es emitidas em dinheiro, para cumprir planos de atribui\u00e7\u00e3o de a\u00e7\u00f5es.\" \/>\n<meta property=\"og:url\" content=\"https:\/\/portaltela.pt\/noticias\/2026\/04\/30\/guy-pacheco-e-eleito-presidente-executivo-dos-ctt\/\" \/>\n<meta property=\"og:site_name\" content=\"Portal Tela Portugal\" \/>\n<meta property=\"article:published_time\" content=\"2026-04-30T18:02:58+00:00\" \/>\n<meta name=\"author\" content=\"Telinha\" \/>\n<meta name=\"twitter:card\" content=\"summary_large_image\" \/>\n<meta name=\"twitter:label1\" content=\"Escrito por\" \/>\n\t<meta name=\"twitter:data1\" content=\"Telinha\" \/>\n\t<meta name=\"twitter:label2\" content=\"Tempo estimado de leitura\" \/>\n\t<meta name=\"twitter:data2\" content=\"1 minuto\" \/>\n<script type=\"application\/ld+json\" class=\"yoast-schema-graph\">{\"@context\":\"https:\/\/schema.org\",\"@graph\":[{\"@type\":\"Article\",\"@id\":\"https:\/\/portaltela.pt\/noticias\/2026\/04\/30\/guy-pacheco-e-eleito-presidente-executivo-dos-ctt\/#article\",\"isPartOf\":{\"@id\":\"https:\/\/portaltela.pt\/noticias\/2026\/04\/30\/guy-pacheco-e-eleito-presidente-executivo-dos-ctt\/\"},\"author\":{\"name\":\"Telinha\",\"@id\":\"https:\/\/portaltela.pt\/#\/schema\/person\/c4278d4a6028830caff9ee44b42d32ed\"},\"headline\":\"Guy Pacheco \u00e9 eleito presidente executivo dos CTT\",\"datePublished\":\"2026-04-30T18:02:58+00:00\",\"mainEntityOfPage\":{\"@id\":\"https:\/\/portaltela.pt\/noticias\/2026\/04\/30\/guy-pacheco-e-eleito-presidente-executivo-dos-ctt\/\"},\"wordCount\":189,\"image\":{\"@id\":\"https:\/\/portaltela.pt\/noticias\/2026\/04\/30\/guy-pacheco-e-eleito-presidente-executivo-dos-ctt\/#primaryimage\"},\"thumbnailUrl\":\"https:\/\/portaltela.pt\/s.01k8rhncp4jt1\/2026\/04\/image-1732.jpg\",\"keywords\":[\"CMVM\",\"comunica\u00e7\u00e3o institucional\",\"economia\",\"empresas\",\"gest\u00e3o\",\"Portugal\"],\"articleSection\":[\"Neg\u00f3cios\",\"Not\u00edcias\"],\"inLanguage\":\"pt-PT\"},{\"@type\":\"WebPage\",\"@id\":\"https:\/\/portaltela.pt\/noticias\/2026\/04\/30\/guy-pacheco-e-eleito-presidente-executivo-dos-ctt\/\",\"url\":\"https:\/\/portaltela.pt\/noticias\/2026\/04\/30\/guy-pacheco-e-eleito-presidente-executivo-dos-ctt\/\",\"name\":\"Guy Pacheco \u00e9 eleito presidente executivo dos CTT - Portal Tela Portugal\",\"isPartOf\":{\"@id\":\"https:\/\/portaltela.pt\/#website\"},\"primaryImageOfPage\":{\"@id\":\"https:\/\/portaltela.pt\/noticias\/2026\/04\/30\/guy-pacheco-e-eleito-presidente-executivo-dos-ctt\/#primaryimage\"},\"image\":{\"@id\":\"https:\/\/portaltela.pt\/noticias\/2026\/04\/30\/guy-pacheco-e-eleito-presidente-executivo-dos-ctt\/#primaryimage\"},\"thumbnailUrl\":\"https:\/\/portaltela.pt\/s.01k8rhncp4jt1\/2026\/04\/image-1732.jpg\",\"datePublished\":\"2026-04-30T18:02:58+00:00\",\"author\":{\"@id\":\"https:\/\/portaltela.pt\/#\/schema\/person\/c4278d4a6028830caff9ee44b42d32ed\"},\"breadcrumb\":{\"@id\":\"https:\/\/portaltela.pt\/noticias\/2026\/04\/30\/guy-pacheco-e-eleito-presidente-executivo-dos-ctt\/#breadcrumb\"},\"inLanguage\":\"pt-PT\",\"potentialAction\":[{\"@type\":\"ReadAction\",\"target\":[\"https:\/\/portaltela.pt\/noticias\/2026\/04\/30\/guy-pacheco-e-eleito-presidente-executivo-dos-ctt\/\"]}]},{\"@type\":\"ImageObject\",\"inLanguage\":\"pt-PT\",\"@id\":\"https:\/\/portaltela.pt\/noticias\/2026\/04\/30\/guy-pacheco-e-eleito-presidente-executivo-dos-ctt\/#primaryimage\",\"url\":\"https:\/\/portaltela.pt\/s.01k8rhncp4jt1\/2026\/04\/image-1732.jpg\",\"contentUrl\":\"https:\/\/portaltela.pt\/s.01k8rhncp4jt1\/2026\/04\/image-1732.jpg\",\"width\":796,\"height\":448,\"caption\":\"Imagem de contexto do artigo Guy Pacheco eleito presidente executivo dos CTT\"},{\"@type\":\"BreadcrumbList\",\"@id\":\"https:\/\/portaltela.pt\/noticias\/2026\/04\/30\/guy-pacheco-e-eleito-presidente-executivo-dos-ctt\/#breadcrumb\",\"itemListElement\":[{\"@type\":\"ListItem\",\"position\":1,\"name\":\"In\u00edcio\",\"item\":\"https:\/\/portaltela.pt\/\"},{\"@type\":\"ListItem\",\"position\":2,\"name\":\"Guy Pacheco \u00e9 eleito presidente executivo dos CTT\"}]},{\"@type\":\"WebSite\",\"@id\":\"https:\/\/portaltela.pt\/#website\",\"url\":\"https:\/\/portaltela.pt\/\",\"name\":\"Portal Tela Portugal\",\"description\":\"\",\"potentialAction\":[{\"@type\":\"SearchAction\",\"target\":{\"@type\":\"EntryPoint\",\"urlTemplate\":\"https:\/\/portaltela.pt\/?s={search_term_string}\"},\"query-input\":{\"@type\":\"PropertyValueSpecification\",\"valueRequired\":true,\"valueName\":\"search_term_string\"}}],\"inLanguage\":\"pt-PT\"},{\"@type\":\"Person\",\"@id\":\"https:\/\/portaltela.pt\/#\/schema\/person\/c4278d4a6028830caff9ee44b42d32ed\",\"name\":\"Telinha\",\"image\":{\"@type\":\"ImageObject\",\"inLanguage\":\"pt-PT\",\"@id\":\"https:\/\/portaltela.pt\/s.01k8rhncp4jt1\/2025\/11\/talking-bot-125x125.png\",\"url\":\"https:\/\/portaltela.pt\/s.01k8rhncp4jt1\/2025\/11\/talking-bot-125x125.png\",\"contentUrl\":\"https:\/\/portaltela.pt\/s.01k8rhncp4jt1\/2025\/11\/talking-bot-125x125.png\",\"caption\":\"Telinha\"},\"sameAs\":[\"https:\/\/portaltela.pt\/\"],\"url\":\"https:\/\/portaltela.pt\/por\/367410592786\/\"}]}<\/script>\n<!-- \/ Yoast SEO plugin. -->","yoast_head_json":{"title":"Guy Pacheco \u00e9 eleito presidente executivo dos CTT - Portal Tela Portugal","robots":{"index":"index","follow":"follow","max-snippet":"max-snippet:-1","max-image-preview":"max-image-preview:large","max-video-preview":"max-video-preview:-1"},"og_locale":"pt_PT","og_type":"article","og_title":"Guy Pacheco \u00e9 eleito presidente executivo dos CTT - Portal Tela Portugal","og_description":"Guy Pacheco foi eleito presidente executivo (CEO) dos CTT para o mandato 2026-2028, substituindo Jo\u00e3o Bento, ap\u00f3s a assembleia-geral. Assume a lideran\u00e7a da Comiss\u00e3o Executiva; Joana Freitas passa a chefe de \u00e1rea financeira (CFO) e Jo\u00e3o Sousa mant\u00e9m o papel de Chief Commercial Officer (CCO). Raul Galamba mant\u00e9m a fun\u00e7\u00e3o de chairmen do Conselho de Administra\u00e7\u00e3o. A assembleia-geral aprovou as contas de 2025, a aplica\u00e7\u00e3o dos resultados e o pagamento de um dividendo bruto por a\u00e7\u00e3o de 0,19 euros. Foi autorizado ao Conselho de Administra\u00e7\u00e3o aumentar o capital social em at\u00e9 1,5 milh\u00f5es de euros, atrav\u00e9s de novas a\u00e7\u00f5es emitidas em dinheiro, para cumprir planos de atribui\u00e7\u00e3o de a\u00e7\u00f5es.","og_url":"https:\/\/portaltela.pt\/noticias\/2026\/04\/30\/guy-pacheco-e-eleito-presidente-executivo-dos-ctt\/","og_site_name":"Portal Tela Portugal","article_published_time":"2026-04-30T18:02:58+00:00","author":"Telinha","twitter_card":"summary_large_image","twitter_misc":{"Escrito por":"Telinha","Tempo estimado de leitura":"1 minuto"},"schema":{"@context":"https:\/\/schema.org","@graph":[{"@type":"Article","@id":"https:\/\/portaltela.pt\/noticias\/2026\/04\/30\/guy-pacheco-e-eleito-presidente-executivo-dos-ctt\/#article","isPartOf":{"@id":"https:\/\/portaltela.pt\/noticias\/2026\/04\/30\/guy-pacheco-e-eleito-presidente-executivo-dos-ctt\/"},"author":{"name":"Telinha","@id":"https:\/\/portaltela.pt\/#\/schema\/person\/c4278d4a6028830caff9ee44b42d32ed"},"headline":"Guy Pacheco \u00e9 eleito presidente executivo dos CTT","datePublished":"2026-04-30T18:02:58+00:00","mainEntityOfPage":{"@id":"https:\/\/portaltela.pt\/noticias\/2026\/04\/30\/guy-pacheco-e-eleito-presidente-executivo-dos-ctt\/"},"wordCount":189,"image":{"@id":"https:\/\/portaltela.pt\/noticias\/2026\/04\/30\/guy-pacheco-e-eleito-presidente-executivo-dos-ctt\/#primaryimage"},"thumbnailUrl":"https:\/\/portaltela.pt\/s.01k8rhncp4jt1\/2026\/04\/image-1732.jpg","keywords":["CMVM","comunica\u00e7\u00e3o institucional","economia","empresas","gest\u00e3o","Portugal"],"articleSection":["Neg\u00f3cios","Not\u00edcias"],"inLanguage":"pt-PT"},{"@type":"WebPage","@id":"https:\/\/portaltela.pt\/noticias\/2026\/04\/30\/guy-pacheco-e-eleito-presidente-executivo-dos-ctt\/","url":"https:\/\/portaltela.pt\/noticias\/2026\/04\/30\/guy-pacheco-e-eleito-presidente-executivo-dos-ctt\/","name":"Guy Pacheco \u00e9 eleito presidente executivo dos CTT - Portal Tela Portugal","isPartOf":{"@id":"https:\/\/portaltela.pt\/#website"},"primaryImageOfPage":{"@id":"https:\/\/portaltela.pt\/noticias\/2026\/04\/30\/guy-pacheco-e-eleito-presidente-executivo-dos-ctt\/#primaryimage"},"image":{"@id":"https:\/\/portaltela.pt\/noticias\/2026\/04\/30\/guy-pacheco-e-eleito-presidente-executivo-dos-ctt\/#primaryimage"},"thumbnailUrl":"https:\/\/portaltela.pt\/s.01k8rhncp4jt1\/2026\/04\/image-1732.jpg","datePublished":"2026-04-30T18:02:58+00:00","author":{"@id":"https:\/\/portaltela.pt\/#\/schema\/person\/c4278d4a6028830caff9ee44b42d32ed"},"breadcrumb":{"@id":"https:\/\/portaltela.pt\/noticias\/2026\/04\/30\/guy-pacheco-e-eleito-presidente-executivo-dos-ctt\/#breadcrumb"},"inLanguage":"pt-PT","potentialAction":[{"@type":"ReadAction","target":["https:\/\/portaltela.pt\/noticias\/2026\/04\/30\/guy-pacheco-e-eleito-presidente-executivo-dos-ctt\/"]}]},{"@type":"ImageObject","inLanguage":"pt-PT","@id":"https:\/\/portaltela.pt\/noticias\/2026\/04\/30\/guy-pacheco-e-eleito-presidente-executivo-dos-ctt\/#primaryimage","url":"https:\/\/portaltela.pt\/s.01k8rhncp4jt1\/2026\/04\/image-1732.jpg","contentUrl":"https:\/\/portaltela.pt\/s.01k8rhncp4jt1\/2026\/04\/image-1732.jpg","width":796,"height":448,"caption":"Imagem de contexto do artigo Guy Pacheco eleito presidente executivo dos CTT"},{"@type":"BreadcrumbList","@id":"https:\/\/portaltela.pt\/noticias\/2026\/04\/30\/guy-pacheco-e-eleito-presidente-executivo-dos-ctt\/#breadcrumb","itemListElement":[{"@type":"ListItem","position":1,"name":"In\u00edcio","item":"https:\/\/portaltela.pt\/"},{"@type":"ListItem","position":2,"name":"Guy Pacheco \u00e9 eleito presidente executivo dos CTT"}]},{"@type":"WebSite","@id":"https:\/\/portaltela.pt\/#website","url":"https:\/\/portaltela.pt\/","name":"Portal Tela Portugal","description":"","potentialAction":[{"@type":"SearchAction","target":{"@type":"EntryPoint","urlTemplate":"https:\/\/portaltela.pt\/?s={search_term_string}"},"query-input":{"@type":"PropertyValueSpecification","valueRequired":true,"valueName":"search_term_string"}}],"inLanguage":"pt-PT"},{"@type":"Person","@id":"https:\/\/portaltela.pt\/#\/schema\/person\/c4278d4a6028830caff9ee44b42d32ed","name":"Telinha","image":{"@type":"ImageObject","inLanguage":"pt-PT","@id":"https:\/\/portaltela.pt\/s.01k8rhncp4jt1\/2025\/11\/talking-bot-125x125.png","url":"https:\/\/portaltela.pt\/s.01k8rhncp4jt1\/2025\/11\/talking-bot-125x125.png","contentUrl":"https:\/\/portaltela.pt\/s.01k8rhncp4jt1\/2025\/11\/talking-bot-125x125.png","caption":"Telinha"},"sameAs":["https:\/\/portaltela.pt\/"],"url":"https:\/\/portaltela.pt\/por\/367410592786\/"}]}},"_links":{"self":[{"href":"https:\/\/portaltela.pt\/api\/wp\/v2\/posts\/462897","targetHints":{"allow":["GET"]}}],"collection":[{"href":"https:\/\/portaltela.pt\/api\/wp\/v2\/posts"}],"about":[{"href":"https:\/\/portaltela.pt\/api\/wp\/v2\/types\/post"}],"author":[{"embeddable":true,"href":"https:\/\/portaltela.pt\/api\/wp\/v2\/users\/2"}],"replies":[{"embeddable":true,"href":"https:\/\/portaltela.pt\/api\/wp\/v2\/comments?post=462897"}],"version-history":[{"count":0,"href":"https:\/\/portaltela.pt\/api\/wp\/v2\/posts\/462897\/revisions"}],"wp:featuredmedia":[{"embeddable":true,"href":"https:\/\/portaltela.pt\/api\/wp\/v2\/media\/462916"}],"wp:attachment":[{"href":"https:\/\/portaltela.pt\/api\/wp\/v2\/media?parent=462897"}],"wp:term":[{"taxonomy":"category","embeddable":true,"href":"https:\/\/portaltela.pt\/api\/wp\/v2\/categories?post=462897"},{"taxonomy":"post_tag","embeddable":true,"href":"https:\/\/portaltela.pt\/api\/wp\/v2\/tags?post=462897"}],"curies":[{"name":"wp","href":"https:\/\/api.w.org\/{rel}","templated":true}]}}