{"id":462895,"date":"2026-04-30T15:02:56","date_gmt":"2026-04-30T18:02:56","guid":{"rendered":"https:\/\/portaltela.pt\/noticias\/2026\/04\/30\/eua-pressionam-paises-a-aderirem-a-coligacao-no-estreito-de-ormuz\/"},"modified":"2026-04-30T15:02:56","modified_gmt":"2026-04-30T18:02:56","slug":"eua-pressionam-paises-a-aderirem-a-coligacao-no-estreito-de-ormuz","status":"publish","type":"post","link":"https:\/\/portaltela.pt\/noticias\/2026\/04\/30\/eua-pressionam-paises-a-aderirem-a-coligacao-no-estreito-de-ormuz\/","title":{"rendered":"EUA pressionam pa\u00edses a aderirem \u00e0 coliga\u00e7\u00e3o no estreito de Ormuz"},"content":{"rendered":"<p>O Departamento de Estado dos EUA revelou planos para formar uma coliga\u00e7\u00e3o internacional que garanta a passagem segura de navios pelo estreito de Ormuz. O objetivo \u00e9 assegurar livre tr\u00e2nsito mar\u00edtimo na via entre o Golfo P\u00e9rsico e o Golfo de Om\u00e3, diante de tens\u00f5es na regi\u00e3o. O projeto \u00e9 apresentado como uma arquitetura de seguran\u00e7a mar\u00edtima p\u00f3s-conflito.<\/p>\n<p>Segundo a informa\u00e7\u00e3o divulgada, o secret\u00e1rio de Estado Marco Rubio aprovou o Mecanismo de Liberdade Mar\u00edtima, em colabora\u00e7\u00e3o com o Pent\u00e1gono e o Comando Central. O texto enviado \u00e0s embaixadas pede aos diplomatas que pressionem governos a participar, mantendo a excludes China, R\u00fassia, Bielorr\u00fassia, Cuba e outros advers\u00e1rios dos EUA.<\/p>\n<p>O chair do programa sublinha que o esfor\u00e7o \u00e9 diferente da campanha de press\u00e3o de anteriores administra\u00e7\u00f5es e que pretende envolver mais de 50 pa\u00edses, com poss\u00edveis a\u00e7\u00f5es como partilha de informa\u00e7\u00f5es e uso de san\u00e7\u00f5es. Fran\u00e7a e Reino Unido estariam a conduzir conversa\u00e7\u00f5es de alinhamento com parceiros regionais.<\/p>\n<h3>Rea\u00e7\u00e3o em Teer\u00e3o<\/h3>\n<p>O Ir\u00e3o afirmou que est\u00e1 a abrir um novo cap\u00edtulo no Golfo P\u00e9rsico e no estreito de Ormuz, com o controlo da rota mar\u00edtima a entrar numa nova fase. O l\u00edder supremo iraniano afirmou que as bases norte-americanas na regi\u00e3o n\u00e3o garantem a seguran\u00e7a, nem protegem aliados. O presidente do Parlamento refor\u00e7ou a ambi\u00e7\u00e3o de um futuro sem presen\u00e7a norte-americana.<\/p>\n<p>O cen\u00e1rio decorre num contexto de guerra na regi\u00e3o, com o Ir\u00e3 a manter Ormuz fechado ap\u00f3s o in\u00edcio do conflito, enquanto os EUA mant\u00eam a press\u00e3o sobre portos iranianos. Observadores apontam que a coopera\u00e7\u00e3o internacional pode influenciar o tr\u00e2nsito de mercadorias na via estrat\u00e9gica.<\/p>\n","protected":false},"excerpt":{"rendered":"<ul>\n<li>Os EUA est\u00e3o a preparar uma coliga\u00e7\u00e3o internacional para assegurar a passagem segura pelo estreito de Ormuz, com press\u00e3o diplom\u00e1tica para que mais pa\u00edses se juntem.<\/li>\n<li>A iniciativa, chamada Mecanismo de Liberdade Mar\u00edtima, \u00e9 um projeto conjunto com o Pent\u00e1gono e visa estabelecer uma arquitetura de seguran\u00e7a mar\u00edtima no M\u00e9dio Oriente.<\/li>\n<li>Entre os pa\u00edses a serem informados at\u00e9 1 de maio, o documento exclui China, R\u00fassia, Bielorr\u00fassia, Cuba e outros advers\u00e1rios dos EUA; prev\u00ea partilha de informa\u00e7\u00f5es, san\u00e7\u00f5es e apoio por etapas.<\/li>\n<li>A coliga\u00e7\u00e3o difere da campanha de press\u00e3o existente do presidente Donald Trump; Fran\u00e7a e Reino Unido lideravam conversa\u00e7\u00f5es com mais de 50 na\u00e7\u00f5es para apoiar o esfor\u00e7o mar\u00edtimo.<\/li>\n<li>Teer\u00e3o reagiu, com o l\u00edder supremo a afirmar que come\u00e7ou um &#8220;novo cap\u00edtulo&#8221; no Golfo P\u00e9rsico e no estreito de Ormuz, ante cr\u00edticas \u00e0 presen\u00e7a militar norte-americana na regi\u00e3o.<\/li>\n<\/ul>\n","protected":false},"author":2,"featured_media":462914,"comment_status":"closed","ping_status":"closed","sticky":false,"template":"","format":"standard","meta":{"footnotes":""},"categories":[6814,1],"tags":[8149,7991,8959,7986,8006,8431],"class_list":["post-462895","post","type-post","status-publish","format-standard","has-post-thumbnail","hentry","category-geopolitica","category-noticias","tag-_aliancas-internacionais","tag-_cooperacao-internacional","tag-_diplomacia-internacional","tag-_estados-unidos","tag-_marinha","tag-_organizacoes-internacionais"],"yoast_head":"<!-- This site is optimized with the Yoast SEO plugin v27.2 - https:\/\/yoast.com\/product\/yoast-seo-wordpress\/ -->\n<title>EUA pressionam pa\u00edses a aderirem \u00e0 coliga\u00e7\u00e3o no estreito de Ormuz - Portal Tela Portugal<\/title>\n<meta name=\"robots\" content=\"index, follow, max-snippet:-1, max-image-preview:large, max-video-preview:-1\" \/>\n<meta property=\"og:locale\" content=\"pt_PT\" \/>\n<meta property=\"og:type\" content=\"article\" \/>\n<meta property=\"og:title\" content=\"EUA pressionam pa\u00edses a aderirem \u00e0 coliga\u00e7\u00e3o no estreito de Ormuz - Portal Tela Portugal\" \/>\n<meta property=\"og:description\" content=\"Os EUA est\u00e3o a preparar uma coliga\u00e7\u00e3o internacional para assegurar a passagem segura pelo estreito de Ormuz, com press\u00e3o diplom\u00e1tica para que mais pa\u00edses se juntem. A iniciativa, chamada Mecanismo de Liberdade Mar\u00edtima, \u00e9 um projeto conjunto com o Pent\u00e1gono e visa estabelecer uma arquitetura de seguran\u00e7a mar\u00edtima no M\u00e9dio Oriente. Entre os pa\u00edses a serem informados at\u00e9 1 de maio, o documento exclui China, R\u00fassia, Bielorr\u00fassia, Cuba e outros advers\u00e1rios dos EUA; prev\u00ea partilha de informa\u00e7\u00f5es, san\u00e7\u00f5es e apoio por etapas. A coliga\u00e7\u00e3o difere da campanha de press\u00e3o existente do presidente Donald Trump; Fran\u00e7a e Reino Unido lideravam conversa\u00e7\u00f5es com mais de 50 na\u00e7\u00f5es para apoiar o esfor\u00e7o mar\u00edtimo. Teer\u00e3o reagiu, com o l\u00edder supremo a afirmar que come\u00e7ou um &quot;novo cap\u00edtulo&quot; no Golfo P\u00e9rsico e no estreito de Ormuz, ante cr\u00edticas \u00e0 presen\u00e7a militar norte-americana na regi\u00e3o.\" \/>\n<meta property=\"og:url\" content=\"https:\/\/portaltela.pt\/noticias\/2026\/04\/30\/eua-pressionam-paises-a-aderirem-a-coligacao-no-estreito-de-ormuz\/\" \/>\n<meta property=\"og:site_name\" content=\"Portal Tela Portugal\" \/>\n<meta property=\"article:published_time\" content=\"2026-04-30T18:02:56+00:00\" \/>\n<meta name=\"author\" content=\"Telinha\" \/>\n<meta name=\"twitter:card\" content=\"summary_large_image\" \/>\n<meta name=\"twitter:label1\" content=\"Escrito por\" \/>\n\t<meta name=\"twitter:data1\" content=\"Telinha\" \/>\n\t<meta name=\"twitter:label2\" content=\"Tempo estimado de leitura\" \/>\n\t<meta name=\"twitter:data2\" content=\"2 minutos\" \/>\n<script type=\"application\/ld+json\" class=\"yoast-schema-graph\">{\"@context\":\"https:\/\/schema.org\",\"@graph\":[{\"@type\":\"Article\",\"@id\":\"https:\/\/portaltela.pt\/noticias\/2026\/04\/30\/eua-pressionam-paises-a-aderirem-a-coligacao-no-estreito-de-ormuz\/#article\",\"isPartOf\":{\"@id\":\"https:\/\/portaltela.pt\/noticias\/2026\/04\/30\/eua-pressionam-paises-a-aderirem-a-coligacao-no-estreito-de-ormuz\/\"},\"author\":{\"name\":\"Telinha\",\"@id\":\"https:\/\/portaltela.pt\/#\/schema\/person\/c4278d4a6028830caff9ee44b42d32ed\"},\"headline\":\"EUA pressionam pa\u00edses a aderirem \u00e0 coliga\u00e7\u00e3o no estreito de Ormuz\",\"datePublished\":\"2026-04-30T18:02:56+00:00\",\"mainEntityOfPage\":{\"@id\":\"https:\/\/portaltela.pt\/noticias\/2026\/04\/30\/eua-pressionam-paises-a-aderirem-a-coligacao-no-estreito-de-ormuz\/\"},\"wordCount\":322,\"image\":{\"@id\":\"https:\/\/portaltela.pt\/noticias\/2026\/04\/30\/eua-pressionam-paises-a-aderirem-a-coligacao-no-estreito-de-ormuz\/#primaryimage\"},\"thumbnailUrl\":\"https:\/\/portaltela.pt\/s.01k8rhncp4jt1\/2026\/04\/image-1732.jpg\",\"keywords\":[\"_alian\u00e7as internacionais\",\"_coopera\u00e7\u00e3o internacional\",\"_diplomacia internacional\",\"_Estados Unidos\",\"_Marinha\",\"_organiza\u00e7\u00f5es internacionais\"],\"articleSection\":[\"Geopol\u00edtica\",\"Not\u00edcias\"],\"inLanguage\":\"pt-PT\"},{\"@type\":\"WebPage\",\"@id\":\"https:\/\/portaltela.pt\/noticias\/2026\/04\/30\/eua-pressionam-paises-a-aderirem-a-coligacao-no-estreito-de-ormuz\/\",\"url\":\"https:\/\/portaltela.pt\/noticias\/2026\/04\/30\/eua-pressionam-paises-a-aderirem-a-coligacao-no-estreito-de-ormuz\/\",\"name\":\"EUA pressionam pa\u00edses a aderirem \u00e0 coliga\u00e7\u00e3o no estreito de Ormuz - Portal Tela Portugal\",\"isPartOf\":{\"@id\":\"https:\/\/portaltela.pt\/#website\"},\"primaryImageOfPage\":{\"@id\":\"https:\/\/portaltela.pt\/noticias\/2026\/04\/30\/eua-pressionam-paises-a-aderirem-a-coligacao-no-estreito-de-ormuz\/#primaryimage\"},\"image\":{\"@id\":\"https:\/\/portaltela.pt\/noticias\/2026\/04\/30\/eua-pressionam-paises-a-aderirem-a-coligacao-no-estreito-de-ormuz\/#primaryimage\"},\"thumbnailUrl\":\"https:\/\/portaltela.pt\/s.01k8rhncp4jt1\/2026\/04\/image-1732.jpg\",\"datePublished\":\"2026-04-30T18:02:56+00:00\",\"author\":{\"@id\":\"https:\/\/portaltela.pt\/#\/schema\/person\/c4278d4a6028830caff9ee44b42d32ed\"},\"breadcrumb\":{\"@id\":\"https:\/\/portaltela.pt\/noticias\/2026\/04\/30\/eua-pressionam-paises-a-aderirem-a-coligacao-no-estreito-de-ormuz\/#breadcrumb\"},\"inLanguage\":\"pt-PT\",\"potentialAction\":[{\"@type\":\"ReadAction\",\"target\":[\"https:\/\/portaltela.pt\/noticias\/2026\/04\/30\/eua-pressionam-paises-a-aderirem-a-coligacao-no-estreito-de-ormuz\/\"]}]},{\"@type\":\"ImageObject\",\"inLanguage\":\"pt-PT\",\"@id\":\"https:\/\/portaltela.pt\/noticias\/2026\/04\/30\/eua-pressionam-paises-a-aderirem-a-coligacao-no-estreito-de-ormuz\/#primaryimage\",\"url\":\"https:\/\/portaltela.pt\/s.01k8rhncp4jt1\/2026\/04\/image-1732.jpg\",\"contentUrl\":\"https:\/\/portaltela.pt\/s.01k8rhncp4jt1\/2026\/04\/image-1732.jpg\",\"width\":796,\"height\":448,\"caption\":\"Estreito de Ormuz\"},{\"@type\":\"BreadcrumbList\",\"@id\":\"https:\/\/portaltela.pt\/noticias\/2026\/04\/30\/eua-pressionam-paises-a-aderirem-a-coligacao-no-estreito-de-ormuz\/#breadcrumb\",\"itemListElement\":[{\"@type\":\"ListItem\",\"position\":1,\"name\":\"In\u00edcio\",\"item\":\"https:\/\/portaltela.pt\/\"},{\"@type\":\"ListItem\",\"position\":2,\"name\":\"EUA pressionam pa\u00edses a aderirem \u00e0 coliga\u00e7\u00e3o no estreito de Ormuz\"}]},{\"@type\":\"WebSite\",\"@id\":\"https:\/\/portaltela.pt\/#website\",\"url\":\"https:\/\/portaltela.pt\/\",\"name\":\"Portal Tela Portugal\",\"description\":\"\",\"potentialAction\":[{\"@type\":\"SearchAction\",\"target\":{\"@type\":\"EntryPoint\",\"urlTemplate\":\"https:\/\/portaltela.pt\/?s={search_term_string}\"},\"query-input\":{\"@type\":\"PropertyValueSpecification\",\"valueRequired\":true,\"valueName\":\"search_term_string\"}}],\"inLanguage\":\"pt-PT\"},{\"@type\":\"Person\",\"@id\":\"https:\/\/portaltela.pt\/#\/schema\/person\/c4278d4a6028830caff9ee44b42d32ed\",\"name\":\"Telinha\",\"image\":{\"@type\":\"ImageObject\",\"inLanguage\":\"pt-PT\",\"@id\":\"https:\/\/portaltela.pt\/s.01k8rhncp4jt1\/2025\/11\/talking-bot-125x125.png\",\"url\":\"https:\/\/portaltela.pt\/s.01k8rhncp4jt1\/2025\/11\/talking-bot-125x125.png\",\"contentUrl\":\"https:\/\/portaltela.pt\/s.01k8rhncp4jt1\/2025\/11\/talking-bot-125x125.png\",\"caption\":\"Telinha\"},\"sameAs\":[\"https:\/\/portaltela.pt\/\"],\"url\":\"https:\/\/portaltela.pt\/por\/367410592786\/\"}]}<\/script>\n<!-- \/ Yoast SEO plugin. -->","yoast_head_json":{"title":"EUA pressionam pa\u00edses a aderirem \u00e0 coliga\u00e7\u00e3o no estreito de Ormuz - Portal Tela Portugal","robots":{"index":"index","follow":"follow","max-snippet":"max-snippet:-1","max-image-preview":"max-image-preview:large","max-video-preview":"max-video-preview:-1"},"og_locale":"pt_PT","og_type":"article","og_title":"EUA pressionam pa\u00edses a aderirem \u00e0 coliga\u00e7\u00e3o no estreito de Ormuz - Portal Tela Portugal","og_description":"Os EUA est\u00e3o a preparar uma coliga\u00e7\u00e3o internacional para assegurar a passagem segura pelo estreito de Ormuz, com press\u00e3o diplom\u00e1tica para que mais pa\u00edses se juntem. A iniciativa, chamada Mecanismo de Liberdade Mar\u00edtima, \u00e9 um projeto conjunto com o Pent\u00e1gono e visa estabelecer uma arquitetura de seguran\u00e7a mar\u00edtima no M\u00e9dio Oriente. Entre os pa\u00edses a serem informados at\u00e9 1 de maio, o documento exclui China, R\u00fassia, Bielorr\u00fassia, Cuba e outros advers\u00e1rios dos EUA; prev\u00ea partilha de informa\u00e7\u00f5es, san\u00e7\u00f5es e apoio por etapas. A coliga\u00e7\u00e3o difere da campanha de press\u00e3o existente do presidente Donald Trump; Fran\u00e7a e Reino Unido lideravam conversa\u00e7\u00f5es com mais de 50 na\u00e7\u00f5es para apoiar o esfor\u00e7o mar\u00edtimo. Teer\u00e3o reagiu, com o l\u00edder supremo a afirmar que come\u00e7ou um \"novo cap\u00edtulo\" no Golfo P\u00e9rsico e no estreito de Ormuz, ante cr\u00edticas \u00e0 presen\u00e7a militar norte-americana na regi\u00e3o.","og_url":"https:\/\/portaltela.pt\/noticias\/2026\/04\/30\/eua-pressionam-paises-a-aderirem-a-coligacao-no-estreito-de-ormuz\/","og_site_name":"Portal Tela Portugal","article_published_time":"2026-04-30T18:02:56+00:00","author":"Telinha","twitter_card":"summary_large_image","twitter_misc":{"Escrito por":"Telinha","Tempo estimado de leitura":"2 minutos"},"schema":{"@context":"https:\/\/schema.org","@graph":[{"@type":"Article","@id":"https:\/\/portaltela.pt\/noticias\/2026\/04\/30\/eua-pressionam-paises-a-aderirem-a-coligacao-no-estreito-de-ormuz\/#article","isPartOf":{"@id":"https:\/\/portaltela.pt\/noticias\/2026\/04\/30\/eua-pressionam-paises-a-aderirem-a-coligacao-no-estreito-de-ormuz\/"},"author":{"name":"Telinha","@id":"https:\/\/portaltela.pt\/#\/schema\/person\/c4278d4a6028830caff9ee44b42d32ed"},"headline":"EUA pressionam pa\u00edses a aderirem \u00e0 coliga\u00e7\u00e3o no estreito de Ormuz","datePublished":"2026-04-30T18:02:56+00:00","mainEntityOfPage":{"@id":"https:\/\/portaltela.pt\/noticias\/2026\/04\/30\/eua-pressionam-paises-a-aderirem-a-coligacao-no-estreito-de-ormuz\/"},"wordCount":322,"image":{"@id":"https:\/\/portaltela.pt\/noticias\/2026\/04\/30\/eua-pressionam-paises-a-aderirem-a-coligacao-no-estreito-de-ormuz\/#primaryimage"},"thumbnailUrl":"https:\/\/portaltela.pt\/s.01k8rhncp4jt1\/2026\/04\/image-1732.jpg","keywords":["_alian\u00e7as internacionais","_coopera\u00e7\u00e3o internacional","_diplomacia internacional","_Estados Unidos","_Marinha","_organiza\u00e7\u00f5es internacionais"],"articleSection":["Geopol\u00edtica","Not\u00edcias"],"inLanguage":"pt-PT"},{"@type":"WebPage","@id":"https:\/\/portaltela.pt\/noticias\/2026\/04\/30\/eua-pressionam-paises-a-aderirem-a-coligacao-no-estreito-de-ormuz\/","url":"https:\/\/portaltela.pt\/noticias\/2026\/04\/30\/eua-pressionam-paises-a-aderirem-a-coligacao-no-estreito-de-ormuz\/","name":"EUA pressionam pa\u00edses a aderirem \u00e0 coliga\u00e7\u00e3o no estreito de Ormuz - Portal Tela Portugal","isPartOf":{"@id":"https:\/\/portaltela.pt\/#website"},"primaryImageOfPage":{"@id":"https:\/\/portaltela.pt\/noticias\/2026\/04\/30\/eua-pressionam-paises-a-aderirem-a-coligacao-no-estreito-de-ormuz\/#primaryimage"},"image":{"@id":"https:\/\/portaltela.pt\/noticias\/2026\/04\/30\/eua-pressionam-paises-a-aderirem-a-coligacao-no-estreito-de-ormuz\/#primaryimage"},"thumbnailUrl":"https:\/\/portaltela.pt\/s.01k8rhncp4jt1\/2026\/04\/image-1732.jpg","datePublished":"2026-04-30T18:02:56+00:00","author":{"@id":"https:\/\/portaltela.pt\/#\/schema\/person\/c4278d4a6028830caff9ee44b42d32ed"},"breadcrumb":{"@id":"https:\/\/portaltela.pt\/noticias\/2026\/04\/30\/eua-pressionam-paises-a-aderirem-a-coligacao-no-estreito-de-ormuz\/#breadcrumb"},"inLanguage":"pt-PT","potentialAction":[{"@type":"ReadAction","target":["https:\/\/portaltela.pt\/noticias\/2026\/04\/30\/eua-pressionam-paises-a-aderirem-a-coligacao-no-estreito-de-ormuz\/"]}]},{"@type":"ImageObject","inLanguage":"pt-PT","@id":"https:\/\/portaltela.pt\/noticias\/2026\/04\/30\/eua-pressionam-paises-a-aderirem-a-coligacao-no-estreito-de-ormuz\/#primaryimage","url":"https:\/\/portaltela.pt\/s.01k8rhncp4jt1\/2026\/04\/image-1732.jpg","contentUrl":"https:\/\/portaltela.pt\/s.01k8rhncp4jt1\/2026\/04\/image-1732.jpg","width":796,"height":448,"caption":"Estreito de Ormuz"},{"@type":"BreadcrumbList","@id":"https:\/\/portaltela.pt\/noticias\/2026\/04\/30\/eua-pressionam-paises-a-aderirem-a-coligacao-no-estreito-de-ormuz\/#breadcrumb","itemListElement":[{"@type":"ListItem","position":1,"name":"In\u00edcio","item":"https:\/\/portaltela.pt\/"},{"@type":"ListItem","position":2,"name":"EUA pressionam pa\u00edses a aderirem \u00e0 coliga\u00e7\u00e3o no estreito de Ormuz"}]},{"@type":"WebSite","@id":"https:\/\/portaltela.pt\/#website","url":"https:\/\/portaltela.pt\/","name":"Portal Tela Portugal","description":"","potentialAction":[{"@type":"SearchAction","target":{"@type":"EntryPoint","urlTemplate":"https:\/\/portaltela.pt\/?s={search_term_string}"},"query-input":{"@type":"PropertyValueSpecification","valueRequired":true,"valueName":"search_term_string"}}],"inLanguage":"pt-PT"},{"@type":"Person","@id":"https:\/\/portaltela.pt\/#\/schema\/person\/c4278d4a6028830caff9ee44b42d32ed","name":"Telinha","image":{"@type":"ImageObject","inLanguage":"pt-PT","@id":"https:\/\/portaltela.pt\/s.01k8rhncp4jt1\/2025\/11\/talking-bot-125x125.png","url":"https:\/\/portaltela.pt\/s.01k8rhncp4jt1\/2025\/11\/talking-bot-125x125.png","contentUrl":"https:\/\/portaltela.pt\/s.01k8rhncp4jt1\/2025\/11\/talking-bot-125x125.png","caption":"Telinha"},"sameAs":["https:\/\/portaltela.pt\/"],"url":"https:\/\/portaltela.pt\/por\/367410592786\/"}]}},"_links":{"self":[{"href":"https:\/\/portaltela.pt\/api\/wp\/v2\/posts\/462895","targetHints":{"allow":["GET"]}}],"collection":[{"href":"https:\/\/portaltela.pt\/api\/wp\/v2\/posts"}],"about":[{"href":"https:\/\/portaltela.pt\/api\/wp\/v2\/types\/post"}],"author":[{"embeddable":true,"href":"https:\/\/portaltela.pt\/api\/wp\/v2\/users\/2"}],"replies":[{"embeddable":true,"href":"https:\/\/portaltela.pt\/api\/wp\/v2\/comments?post=462895"}],"version-history":[{"count":0,"href":"https:\/\/portaltela.pt\/api\/wp\/v2\/posts\/462895\/revisions"}],"wp:featuredmedia":[{"embeddable":true,"href":"https:\/\/portaltela.pt\/api\/wp\/v2\/media\/462914"}],"wp:attachment":[{"href":"https:\/\/portaltela.pt\/api\/wp\/v2\/media?parent=462895"}],"wp:term":[{"taxonomy":"category","embeddable":true,"href":"https:\/\/portaltela.pt\/api\/wp\/v2\/categories?post=462895"},{"taxonomy":"post_tag","embeddable":true,"href":"https:\/\/portaltela.pt\/api\/wp\/v2\/tags?post=462895"}],"curies":[{"name":"wp","href":"https:\/\/api.w.org\/{rel}","templated":true}]}}