{"id":462884,"date":"2026-04-30T14:47:42","date_gmt":"2026-04-30T17:47:42","guid":{"rendered":"https:\/\/portaltela.pt\/noticias\/2026\/04\/30\/aima-abre-inquerito-interno-apos-buscas-da-pj-em-ponta-delgada\/"},"modified":"2026-04-30T14:47:42","modified_gmt":"2026-04-30T17:47:42","slug":"aima-abre-inquerito-interno-apos-buscas-da-pj-em-ponta-delgada","status":"publish","type":"post","link":"https:\/\/portaltela.pt\/noticias\/2026\/04\/30\/aima-abre-inquerito-interno-apos-buscas-da-pj-em-ponta-delgada\/","title":{"rendered":"AIMA abre inqu\u00e9rito interno ap\u00f3s buscas da PJ em Ponta Delgada"},"content":{"rendered":"<p>AIMA abriu um inqu\u00e9rito interno ap\u00f3s a Pol\u00edcia Judici\u00e1ria realizar buscas na Loja AIMA de Ponta Delgada, nos A\u00e7ores. As dilig\u00eancias decorrem no \u00e2mbito de um processo em investiga\u00e7\u00e3o pelas autoridades judici\u00e1rias, com a ag\u00eancia a assegurar total colabora\u00e7\u00e3o.<\/p>\n<p>A PJ confirmou que as buscas ocorreram na quarta-feira, na loja de Ponta Delgada, e que a opera\u00e7\u00e3o faz parte da a\u00e7\u00e3o Linha Direta. O objetivo \u00e9 esclarecer alega\u00e7\u00f5es de irregularidades no funcionamento de servi\u00e7os p\u00fablicos.<\/p>\n<p>A investiga\u00e7\u00e3o envolve a atribui\u00e7\u00e3o indevida de prioridade em atendimentos e no tratamento de processos, mediante contrapartidas de natureza patrimonial, segundo a nota enviada pela PJ.<\/p>\n<p>Da opera\u00e7\u00e3o, a Pol\u00edcia Judici\u00e1ria indica ter cumprido nove mandados de busca, incluindo tr\u00eas em resid\u00eancias e tr\u00eas em instala\u00e7\u00f5es de um instituto p\u00fablico, com a apreens\u00e3o de documentos relevantes, dados inform\u00e1ticos e correspond\u00eancia eletr\u00f3nica.<\/p>\n<p>O Minist\u00e9rio P\u00fablico do Departamento de Investiga\u00e7\u00e3o e A\u00e7\u00e3o Penal dos A\u00e7ores dirige o inqu\u00e9rito, com a colabora\u00e7\u00e3o da justi\u00e7a, para apurar crimes de abuso de poder, recebimento indevido de vantagem e corrup\u00e7\u00e3o.<\/p>\n<p>A AIMA destaca que as buscas ocorreram exclusivamente na loja de Ponta Delgada, n\u00e3o abrangendo outras instala\u00e7\u00f5es ou servi\u00e7os da ag\u00eancia, e enfatiza o compromisso com o esclarecimento total dos factos e o cumprimento da lei.<\/p>\n","protected":false},"excerpt":{"rendered":"<ul>\n<li>A AIMA confirmou buscas da Pol\u00edcia Judici\u00e1ria na loja da AIMA em Ponta Delgada, A\u00e7ores, na quarta-feira.<\/li>\n<li>A ag\u00eancia instaurou um inqu\u00e9rito interno e afirmou prestar total colabora\u00e7\u00e3o \u00e0s autoridades, sem prejudicar os procedimentos judiciais em curso.<\/li>\n<li>As dilig\u00eancias ocorreram exclusivamente na loja de Ponta Delgada, n\u00e3o atingindo outras instala\u00e7\u00f5es ou servi\u00e7os.<\/li>\n<li>A Pol\u00edcia Judici\u00e1ria dos A\u00e7ores, na opera\u00e7\u00e3o Linha Direta, cumpriu nove mandados de busca, incluindo tr\u00eas em resid\u00eancias e tr\u00eas em instala\u00e7\u00f5es de um instituto p\u00fablico, com apreens\u00e3o de documenta\u00e7\u00e3o e dados inform\u00e1ticos.<\/li>\n<li>A investiga\u00e7\u00e3o envolve crimes de abuso de poder, recebimento indevido de vantagem e corrup\u00e7\u00e3o, em inqu\u00e9rito dirigido pelo Minist\u00e9rio P\u00fablico do Departamento de Investiga\u00e7\u00e3o e A\u00e7\u00e3o Penal da Comarca dos A\u00e7ores, relacionado com atribui\u00e7\u00e3o indevida de prioridade em atendimentos mediante contrapartidas patrimoniais.<\/li>\n<\/ul>\n","protected":false},"author":2,"featured_media":462887,"comment_status":"closed","ping_status":"closed","sticky":false,"template":"","format":"standard","meta":{"footnotes":""},"categories":[6815,1],"tags":[8835,8118,8052,9092,8767,8162],"class_list":["post-462884","post","type-post","status-publish","format-standard","has-post-thumbnail","hentry","category-justica","category-noticias","tag-_abuso-de-poder","tag-_acores","tag-_corrupcao","tag-_inquerito-criminal","tag-_investigacao","tag-_policia-judiciaria"],"yoast_head":"<!-- This site is optimized with the Yoast SEO plugin v27.2 - https:\/\/yoast.com\/product\/yoast-seo-wordpress\/ -->\n<title>AIMA abre inqu\u00e9rito interno ap\u00f3s buscas da PJ em Ponta Delgada - Portal Tela Portugal<\/title>\n<meta name=\"robots\" content=\"index, follow, max-snippet:-1, max-image-preview:large, max-video-preview:-1\" \/>\n<meta property=\"og:locale\" content=\"pt_PT\" \/>\n<meta property=\"og:type\" content=\"article\" \/>\n<meta property=\"og:title\" content=\"AIMA abre inqu\u00e9rito interno ap\u00f3s buscas da PJ em Ponta Delgada - Portal Tela Portugal\" \/>\n<meta property=\"og:description\" content=\"A AIMA confirmou buscas da Pol\u00edcia Judici\u00e1ria na loja da AIMA em Ponta Delgada, A\u00e7ores, na quarta-feira. A ag\u00eancia instaurou um inqu\u00e9rito interno e afirmou prestar total colabora\u00e7\u00e3o \u00e0s autoridades, sem prejudicar os procedimentos judiciais em curso. As dilig\u00eancias ocorreram exclusivamente na loja de Ponta Delgada, n\u00e3o atingindo outras instala\u00e7\u00f5es ou servi\u00e7os. A Pol\u00edcia Judici\u00e1ria dos A\u00e7ores, na opera\u00e7\u00e3o Linha Direta, cumpriu nove mandados de busca, incluindo tr\u00eas em resid\u00eancias e tr\u00eas em instala\u00e7\u00f5es de um instituto p\u00fablico, com apreens\u00e3o de documenta\u00e7\u00e3o e dados inform\u00e1ticos. A investiga\u00e7\u00e3o envolve crimes de abuso de poder, recebimento indevido de vantagem e corrup\u00e7\u00e3o, em inqu\u00e9rito dirigido pelo Minist\u00e9rio P\u00fablico do Departamento de Investiga\u00e7\u00e3o e A\u00e7\u00e3o Penal da Comarca dos A\u00e7ores, relacionado com atribui\u00e7\u00e3o indevida de prioridade em atendimentos mediante contrapartidas patrimoniais.\" \/>\n<meta property=\"og:url\" content=\"https:\/\/portaltela.pt\/noticias\/2026\/04\/30\/aima-abre-inquerito-interno-apos-buscas-da-pj-em-ponta-delgada\/\" \/>\n<meta property=\"og:site_name\" content=\"Portal Tela Portugal\" \/>\n<meta property=\"article:published_time\" content=\"2026-04-30T17:47:42+00:00\" \/>\n<meta name=\"author\" content=\"Telinha\" \/>\n<meta name=\"twitter:card\" content=\"summary_large_image\" \/>\n<meta name=\"twitter:label1\" content=\"Escrito por\" \/>\n\t<meta name=\"twitter:data1\" content=\"Telinha\" \/>\n\t<meta name=\"twitter:label2\" content=\"Tempo estimado de leitura\" \/>\n\t<meta name=\"twitter:data2\" content=\"1 minuto\" \/>\n<script type=\"application\/ld+json\" class=\"yoast-schema-graph\">{\"@context\":\"https:\/\/schema.org\",\"@graph\":[{\"@type\":\"Article\",\"@id\":\"https:\/\/portaltela.pt\/noticias\/2026\/04\/30\/aima-abre-inquerito-interno-apos-buscas-da-pj-em-ponta-delgada\/#article\",\"isPartOf\":{\"@id\":\"https:\/\/portaltela.pt\/noticias\/2026\/04\/30\/aima-abre-inquerito-interno-apos-buscas-da-pj-em-ponta-delgada\/\"},\"author\":{\"name\":\"Telinha\",\"@id\":\"https:\/\/portaltela.pt\/#\/schema\/person\/c4278d4a6028830caff9ee44b42d32ed\"},\"headline\":\"AIMA abre inqu\u00e9rito interno ap\u00f3s buscas da PJ em Ponta Delgada\",\"datePublished\":\"2026-04-30T17:47:42+00:00\",\"mainEntityOfPage\":{\"@id\":\"https:\/\/portaltela.pt\/noticias\/2026\/04\/30\/aima-abre-inquerito-interno-apos-buscas-da-pj-em-ponta-delgada\/\"},\"wordCount\":259,\"image\":{\"@id\":\"https:\/\/portaltela.pt\/noticias\/2026\/04\/30\/aima-abre-inquerito-interno-apos-buscas-da-pj-em-ponta-delgada\/#primaryimage\"},\"thumbnailUrl\":\"https:\/\/portaltela.pt\/s.01k8rhncp4jt1\/2026\/04\/img_1500x1000uu2024-09-17-12-28-21-1749896-1.jpg\",\"keywords\":[\"_abuso de poder\",\"_A\u00e7ores\",\"_corrup\u00e7\u00e3o\",\"_inqu\u00e9rito criminal\",\"_investiga\u00e7\u00e3o\",\"_Pol\u00edcia Judici\u00e1ria\"],\"articleSection\":[\"Justi\u00e7a\",\"Not\u00edcias\"],\"inLanguage\":\"pt-PT\"},{\"@type\":\"WebPage\",\"@id\":\"https:\/\/portaltela.pt\/noticias\/2026\/04\/30\/aima-abre-inquerito-interno-apos-buscas-da-pj-em-ponta-delgada\/\",\"url\":\"https:\/\/portaltela.pt\/noticias\/2026\/04\/30\/aima-abre-inquerito-interno-apos-buscas-da-pj-em-ponta-delgada\/\",\"name\":\"AIMA abre inqu\u00e9rito interno ap\u00f3s buscas da PJ em Ponta Delgada - Portal Tela Portugal\",\"isPartOf\":{\"@id\":\"https:\/\/portaltela.pt\/#website\"},\"primaryImageOfPage\":{\"@id\":\"https:\/\/portaltela.pt\/noticias\/2026\/04\/30\/aima-abre-inquerito-interno-apos-buscas-da-pj-em-ponta-delgada\/#primaryimage\"},\"image\":{\"@id\":\"https:\/\/portaltela.pt\/noticias\/2026\/04\/30\/aima-abre-inquerito-interno-apos-buscas-da-pj-em-ponta-delgada\/#primaryimage\"},\"thumbnailUrl\":\"https:\/\/portaltela.pt\/s.01k8rhncp4jt1\/2026\/04\/img_1500x1000uu2024-09-17-12-28-21-1749896-1.jpg\",\"datePublished\":\"2026-04-30T17:47:42+00:00\",\"author\":{\"@id\":\"https:\/\/portaltela.pt\/#\/schema\/person\/c4278d4a6028830caff9ee44b42d32ed\"},\"breadcrumb\":{\"@id\":\"https:\/\/portaltela.pt\/noticias\/2026\/04\/30\/aima-abre-inquerito-interno-apos-buscas-da-pj-em-ponta-delgada\/#breadcrumb\"},\"inLanguage\":\"pt-PT\",\"potentialAction\":[{\"@type\":\"ReadAction\",\"target\":[\"https:\/\/portaltela.pt\/noticias\/2026\/04\/30\/aima-abre-inquerito-interno-apos-buscas-da-pj-em-ponta-delgada\/\"]}]},{\"@type\":\"ImageObject\",\"inLanguage\":\"pt-PT\",\"@id\":\"https:\/\/portaltela.pt\/noticias\/2026\/04\/30\/aima-abre-inquerito-interno-apos-buscas-da-pj-em-ponta-delgada\/#primaryimage\",\"url\":\"https:\/\/portaltela.pt\/s.01k8rhncp4jt1\/2026\/04\/img_1500x1000uu2024-09-17-12-28-21-1749896-1.jpg\",\"contentUrl\":\"https:\/\/portaltela.pt\/s.01k8rhncp4jt1\/2026\/04\/img_1500x1000uu2024-09-17-12-28-21-1749896-1.jpg\",\"width\":796,\"height\":448,\"caption\":\"AIMA\"},{\"@type\":\"BreadcrumbList\",\"@id\":\"https:\/\/portaltela.pt\/noticias\/2026\/04\/30\/aima-abre-inquerito-interno-apos-buscas-da-pj-em-ponta-delgada\/#breadcrumb\",\"itemListElement\":[{\"@type\":\"ListItem\",\"position\":1,\"name\":\"In\u00edcio\",\"item\":\"https:\/\/portaltela.pt\/\"},{\"@type\":\"ListItem\",\"position\":2,\"name\":\"AIMA abre inqu\u00e9rito interno ap\u00f3s buscas da PJ em Ponta Delgada\"}]},{\"@type\":\"WebSite\",\"@id\":\"https:\/\/portaltela.pt\/#website\",\"url\":\"https:\/\/portaltela.pt\/\",\"name\":\"Portal Tela Portugal\",\"description\":\"\",\"potentialAction\":[{\"@type\":\"SearchAction\",\"target\":{\"@type\":\"EntryPoint\",\"urlTemplate\":\"https:\/\/portaltela.pt\/?s={search_term_string}\"},\"query-input\":{\"@type\":\"PropertyValueSpecification\",\"valueRequired\":true,\"valueName\":\"search_term_string\"}}],\"inLanguage\":\"pt-PT\"},{\"@type\":\"Person\",\"@id\":\"https:\/\/portaltela.pt\/#\/schema\/person\/c4278d4a6028830caff9ee44b42d32ed\",\"name\":\"Telinha\",\"image\":{\"@type\":\"ImageObject\",\"inLanguage\":\"pt-PT\",\"@id\":\"https:\/\/portaltela.pt\/s.01k8rhncp4jt1\/2025\/11\/talking-bot-125x125.png\",\"url\":\"https:\/\/portaltela.pt\/s.01k8rhncp4jt1\/2025\/11\/talking-bot-125x125.png\",\"contentUrl\":\"https:\/\/portaltela.pt\/s.01k8rhncp4jt1\/2025\/11\/talking-bot-125x125.png\",\"caption\":\"Telinha\"},\"sameAs\":[\"https:\/\/portaltela.pt\/\"],\"url\":\"https:\/\/portaltela.pt\/por\/367410592786\/\"}]}<\/script>\n<!-- \/ Yoast SEO plugin. -->","yoast_head_json":{"title":"AIMA abre inqu\u00e9rito interno ap\u00f3s buscas da PJ em Ponta Delgada - Portal Tela Portugal","robots":{"index":"index","follow":"follow","max-snippet":"max-snippet:-1","max-image-preview":"max-image-preview:large","max-video-preview":"max-video-preview:-1"},"og_locale":"pt_PT","og_type":"article","og_title":"AIMA abre inqu\u00e9rito interno ap\u00f3s buscas da PJ em Ponta Delgada - Portal Tela Portugal","og_description":"A AIMA confirmou buscas da Pol\u00edcia Judici\u00e1ria na loja da AIMA em Ponta Delgada, A\u00e7ores, na quarta-feira. A ag\u00eancia instaurou um inqu\u00e9rito interno e afirmou prestar total colabora\u00e7\u00e3o \u00e0s autoridades, sem prejudicar os procedimentos judiciais em curso. As dilig\u00eancias ocorreram exclusivamente na loja de Ponta Delgada, n\u00e3o atingindo outras instala\u00e7\u00f5es ou servi\u00e7os. A Pol\u00edcia Judici\u00e1ria dos A\u00e7ores, na opera\u00e7\u00e3o Linha Direta, cumpriu nove mandados de busca, incluindo tr\u00eas em resid\u00eancias e tr\u00eas em instala\u00e7\u00f5es de um instituto p\u00fablico, com apreens\u00e3o de documenta\u00e7\u00e3o e dados inform\u00e1ticos. A investiga\u00e7\u00e3o envolve crimes de abuso de poder, recebimento indevido de vantagem e corrup\u00e7\u00e3o, em inqu\u00e9rito dirigido pelo Minist\u00e9rio P\u00fablico do Departamento de Investiga\u00e7\u00e3o e A\u00e7\u00e3o Penal da Comarca dos A\u00e7ores, relacionado com atribui\u00e7\u00e3o indevida de prioridade em atendimentos mediante contrapartidas patrimoniais.","og_url":"https:\/\/portaltela.pt\/noticias\/2026\/04\/30\/aima-abre-inquerito-interno-apos-buscas-da-pj-em-ponta-delgada\/","og_site_name":"Portal Tela Portugal","article_published_time":"2026-04-30T17:47:42+00:00","author":"Telinha","twitter_card":"summary_large_image","twitter_misc":{"Escrito por":"Telinha","Tempo estimado de leitura":"1 minuto"},"schema":{"@context":"https:\/\/schema.org","@graph":[{"@type":"Article","@id":"https:\/\/portaltela.pt\/noticias\/2026\/04\/30\/aima-abre-inquerito-interno-apos-buscas-da-pj-em-ponta-delgada\/#article","isPartOf":{"@id":"https:\/\/portaltela.pt\/noticias\/2026\/04\/30\/aima-abre-inquerito-interno-apos-buscas-da-pj-em-ponta-delgada\/"},"author":{"name":"Telinha","@id":"https:\/\/portaltela.pt\/#\/schema\/person\/c4278d4a6028830caff9ee44b42d32ed"},"headline":"AIMA abre inqu\u00e9rito interno ap\u00f3s buscas da PJ em Ponta Delgada","datePublished":"2026-04-30T17:47:42+00:00","mainEntityOfPage":{"@id":"https:\/\/portaltela.pt\/noticias\/2026\/04\/30\/aima-abre-inquerito-interno-apos-buscas-da-pj-em-ponta-delgada\/"},"wordCount":259,"image":{"@id":"https:\/\/portaltela.pt\/noticias\/2026\/04\/30\/aima-abre-inquerito-interno-apos-buscas-da-pj-em-ponta-delgada\/#primaryimage"},"thumbnailUrl":"https:\/\/portaltela.pt\/s.01k8rhncp4jt1\/2026\/04\/img_1500x1000uu2024-09-17-12-28-21-1749896-1.jpg","keywords":["_abuso de poder","_A\u00e7ores","_corrup\u00e7\u00e3o","_inqu\u00e9rito criminal","_investiga\u00e7\u00e3o","_Pol\u00edcia Judici\u00e1ria"],"articleSection":["Justi\u00e7a","Not\u00edcias"],"inLanguage":"pt-PT"},{"@type":"WebPage","@id":"https:\/\/portaltela.pt\/noticias\/2026\/04\/30\/aima-abre-inquerito-interno-apos-buscas-da-pj-em-ponta-delgada\/","url":"https:\/\/portaltela.pt\/noticias\/2026\/04\/30\/aima-abre-inquerito-interno-apos-buscas-da-pj-em-ponta-delgada\/","name":"AIMA abre inqu\u00e9rito interno ap\u00f3s buscas da PJ em Ponta Delgada - Portal Tela Portugal","isPartOf":{"@id":"https:\/\/portaltela.pt\/#website"},"primaryImageOfPage":{"@id":"https:\/\/portaltela.pt\/noticias\/2026\/04\/30\/aima-abre-inquerito-interno-apos-buscas-da-pj-em-ponta-delgada\/#primaryimage"},"image":{"@id":"https:\/\/portaltela.pt\/noticias\/2026\/04\/30\/aima-abre-inquerito-interno-apos-buscas-da-pj-em-ponta-delgada\/#primaryimage"},"thumbnailUrl":"https:\/\/portaltela.pt\/s.01k8rhncp4jt1\/2026\/04\/img_1500x1000uu2024-09-17-12-28-21-1749896-1.jpg","datePublished":"2026-04-30T17:47:42+00:00","author":{"@id":"https:\/\/portaltela.pt\/#\/schema\/person\/c4278d4a6028830caff9ee44b42d32ed"},"breadcrumb":{"@id":"https:\/\/portaltela.pt\/noticias\/2026\/04\/30\/aima-abre-inquerito-interno-apos-buscas-da-pj-em-ponta-delgada\/#breadcrumb"},"inLanguage":"pt-PT","potentialAction":[{"@type":"ReadAction","target":["https:\/\/portaltela.pt\/noticias\/2026\/04\/30\/aima-abre-inquerito-interno-apos-buscas-da-pj-em-ponta-delgada\/"]}]},{"@type":"ImageObject","inLanguage":"pt-PT","@id":"https:\/\/portaltela.pt\/noticias\/2026\/04\/30\/aima-abre-inquerito-interno-apos-buscas-da-pj-em-ponta-delgada\/#primaryimage","url":"https:\/\/portaltela.pt\/s.01k8rhncp4jt1\/2026\/04\/img_1500x1000uu2024-09-17-12-28-21-1749896-1.jpg","contentUrl":"https:\/\/portaltela.pt\/s.01k8rhncp4jt1\/2026\/04\/img_1500x1000uu2024-09-17-12-28-21-1749896-1.jpg","width":796,"height":448,"caption":"AIMA"},{"@type":"BreadcrumbList","@id":"https:\/\/portaltela.pt\/noticias\/2026\/04\/30\/aima-abre-inquerito-interno-apos-buscas-da-pj-em-ponta-delgada\/#breadcrumb","itemListElement":[{"@type":"ListItem","position":1,"name":"In\u00edcio","item":"https:\/\/portaltela.pt\/"},{"@type":"ListItem","position":2,"name":"AIMA abre inqu\u00e9rito interno ap\u00f3s buscas da PJ em Ponta Delgada"}]},{"@type":"WebSite","@id":"https:\/\/portaltela.pt\/#website","url":"https:\/\/portaltela.pt\/","name":"Portal Tela Portugal","description":"","potentialAction":[{"@type":"SearchAction","target":{"@type":"EntryPoint","urlTemplate":"https:\/\/portaltela.pt\/?s={search_term_string}"},"query-input":{"@type":"PropertyValueSpecification","valueRequired":true,"valueName":"search_term_string"}}],"inLanguage":"pt-PT"},{"@type":"Person","@id":"https:\/\/portaltela.pt\/#\/schema\/person\/c4278d4a6028830caff9ee44b42d32ed","name":"Telinha","image":{"@type":"ImageObject","inLanguage":"pt-PT","@id":"https:\/\/portaltela.pt\/s.01k8rhncp4jt1\/2025\/11\/talking-bot-125x125.png","url":"https:\/\/portaltela.pt\/s.01k8rhncp4jt1\/2025\/11\/talking-bot-125x125.png","contentUrl":"https:\/\/portaltela.pt\/s.01k8rhncp4jt1\/2025\/11\/talking-bot-125x125.png","caption":"Telinha"},"sameAs":["https:\/\/portaltela.pt\/"],"url":"https:\/\/portaltela.pt\/por\/367410592786\/"}]}},"_links":{"self":[{"href":"https:\/\/portaltela.pt\/api\/wp\/v2\/posts\/462884","targetHints":{"allow":["GET"]}}],"collection":[{"href":"https:\/\/portaltela.pt\/api\/wp\/v2\/posts"}],"about":[{"href":"https:\/\/portaltela.pt\/api\/wp\/v2\/types\/post"}],"author":[{"embeddable":true,"href":"https:\/\/portaltela.pt\/api\/wp\/v2\/users\/2"}],"replies":[{"embeddable":true,"href":"https:\/\/portaltela.pt\/api\/wp\/v2\/comments?post=462884"}],"version-history":[{"count":0,"href":"https:\/\/portaltela.pt\/api\/wp\/v2\/posts\/462884\/revisions"}],"wp:featuredmedia":[{"embeddable":true,"href":"https:\/\/portaltela.pt\/api\/wp\/v2\/media\/462887"}],"wp:attachment":[{"href":"https:\/\/portaltela.pt\/api\/wp\/v2\/media?parent=462884"}],"wp:term":[{"taxonomy":"category","embeddable":true,"href":"https:\/\/portaltela.pt\/api\/wp\/v2\/categories?post=462884"},{"taxonomy":"post_tag","embeddable":true,"href":"https:\/\/portaltela.pt\/api\/wp\/v2\/tags?post=462884"}],"curies":[{"name":"wp","href":"https:\/\/api.w.org\/{rel}","templated":true}]}}