{"id":462883,"date":"2026-04-30T14:47:43","date_gmt":"2026-04-30T17:47:43","guid":{"rendered":"https:\/\/portaltela.pt\/noticias\/2026\/04\/30\/seguro-felicita-gomes-cravinho-pela-nomeacao-como-reitor-do-colegio-da-europa\/"},"modified":"2026-04-30T14:47:43","modified_gmt":"2026-04-30T17:47:43","slug":"seguro-felicita-gomes-cravinho-pela-nomeacao-como-reitor-do-colegio-da-europa","status":"publish","type":"post","link":"https:\/\/portaltela.pt\/geopolitica\/2026\/04\/30\/seguro-felicita-gomes-cravinho-pela-nomeacao-como-reitor-do-colegio-da-europa\/","title":{"rendered":"Seguro felicita Gomes Cravinho pela nomea\u00e7\u00e3o como reitor do Col\u00e9gio da Europa"},"content":{"rendered":"<p>O Presidente da Rep\u00fablica anunciou a nomea\u00e7\u00e3o de Jo\u00e3o Gomes Cravinho para reitor do Col\u00e9gio da Europa. A decis\u00e3o, comunicada no site da Presid\u00eancia, \u00e9 apresentada como uma excelente not\u00edcia para Portugal e um reconhecimento do seu valor.<\/p>\n<p>Gomes Cravinho tem um percurso que combina academia, fun\u00e7\u00f5es em institui\u00e7\u00f5es europeias, diplomacia e governa\u00e7\u00e3o em \u00e1reas chave da agenda europeia. O chefe de Estado destaca a experi\u00eancia como ministro dos Neg\u00f3cios Estrangeiros e da Defesa, al\u00e9m de ter sido embaixador da Uni\u00e3o Europeia na \u00cdndia e no Brasil.<\/p>\n<p>Na nota, o Presidente real\u00e7a que a nomea\u00e7\u00e3o ocorre num momento desafiante para a Uni\u00e3o Europeia, com quest\u00f5es como defesa, tecnologia e energia a exigir respostas consistentes. O Col\u00e9gio da Europa \u00e9 referido como institui\u00e7\u00e3o central na forma\u00e7\u00e3o de decisores europeus.<\/p>\n<p>Jo\u00e3o Gomes Cravinho assume o cargo com a express\u00e3o de profunda satisfa\u00e7\u00e3o e elevada responsabilidade, descrevendo o col\u00e9gio como \u00fanico na promo\u00e7\u00e3o da integra\u00e7\u00e3o europeia. O reitor nomeado pretende liderar o instituto nos pr\u00f3ximos cinco anos, visando aprofundar o legado e preparar novas gera\u00e7\u00f5es.<\/p>\n<p>Gomes Cravinho sucede a Ewa Osniecka-Tamecka, que ocupava o cargo em regime interino ap\u00f3s a sa\u00edda de Federica Mogherini. Em termos pol\u00edticos, foi ministro em governos liderados por Ant\u00f3nio Costa entre 2018 e 2024, com forma\u00e7\u00e3o acad\u00e9mica em Ci\u00eancia Pol\u00edtica e doutoramento em Oxford.<\/p>\n","protected":false},"excerpt":{"rendered":"<ul>\n<li>Jo\u00e3o Gomes Cravinho foi nomeado reitor do Col\u00e9gio da Europa, assumindo o cargo com profunda satisfa\u00e7\u00e3o e elevado sentido de responsabilidade.<\/li>\n<li>O reitor descreve a institui\u00e7\u00e3o como \u201c\u00fanica\u201d na promo\u00e7\u00e3o da integra\u00e7\u00e3o europeia e o desafio de aprofundar o seu legado nos pr\u00f3ximos cinco anos.<\/li>\n<li>O Presidente da Rep\u00fablica considerou a nomea\u00e7\u00e3o uma excelente not\u00edcia para Portugal e um justo reconhecimento do valor do nomeado.<\/li>\n<li>Ant\u00f3nio Jos\u00e9 Seguro destaca no seu testemunho um percurso que combina experi\u00eancia acad\u00e9mica, fun\u00e7\u00f5es nas institui\u00e7\u00f5es europeias, carreira diplom\u00e1tica e responsabilidades governativas.<\/li>\n<li>Gomes Cravinho sucede a Ewa Osniecka-Tamecka (interinamente) e j\u00e1 foi ministro entre 2018 e 2024, com carreira acad\u00e9mica em Ci\u00eancia Pol\u00edtica e doutoramento em Oxford.<\/li>\n<\/ul>\n","protected":false},"author":2,"featured_media":462889,"comment_status":"closed","ping_status":"closed","sticky":false,"template":"","format":"standard","meta":{"footnotes":""},"categories":[6814],"tags":[7944,8959,7795,8056,8884],"class_list":["post-462883","post","type-post","status-publish","format-standard","has-post-thumbnail","hentry","category-geopolitica","tag-_diplomacia","tag-_diplomacia-internacional","tag-_educacao","tag-_uniao-europeia","tag-_universidades"],"yoast_head":"<!-- This site is optimized with the Yoast SEO plugin v27.2 - https:\/\/yoast.com\/product\/yoast-seo-wordpress\/ -->\n<title>Seguro felicita Gomes Cravinho pela nomea\u00e7\u00e3o como reitor do Col\u00e9gio da Europa - Portal Tela Portugal<\/title>\n<meta name=\"robots\" content=\"index, follow, max-snippet:-1, max-image-preview:large, max-video-preview:-1\" \/>\n<meta property=\"og:locale\" content=\"pt_PT\" \/>\n<meta property=\"og:type\" content=\"article\" \/>\n<meta property=\"og:title\" content=\"Seguro felicita Gomes Cravinho pela nomea\u00e7\u00e3o como reitor do Col\u00e9gio da Europa - Portal Tela Portugal\" \/>\n<meta property=\"og:description\" content=\"Jo\u00e3o Gomes Cravinho foi nomeado reitor do Col\u00e9gio da Europa, assumindo o cargo com profunda satisfa\u00e7\u00e3o e elevado sentido de responsabilidade. O reitor descreve a institui\u00e7\u00e3o como \u201c\u00fanica\u201d na promo\u00e7\u00e3o da integra\u00e7\u00e3o europeia e o desafio de aprofundar o seu legado nos pr\u00f3ximos cinco anos. O Presidente da Rep\u00fablica considerou a nomea\u00e7\u00e3o uma excelente not\u00edcia para Portugal e um justo reconhecimento do valor do nomeado. Ant\u00f3nio Jos\u00e9 Seguro destaca no seu testemunho um percurso que combina experi\u00eancia acad\u00e9mica, fun\u00e7\u00f5es nas institui\u00e7\u00f5es europeias, carreira diplom\u00e1tica e responsabilidades governativas. Gomes Cravinho sucede a Ewa Osniecka-Tamecka (interinamente) e j\u00e1 foi ministro entre 2018 e 2024, com carreira acad\u00e9mica em Ci\u00eancia Pol\u00edtica e doutoramento em Oxford.\" \/>\n<meta property=\"og:url\" content=\"https:\/\/portaltela.pt\/noticias\/2026\/04\/30\/seguro-felicita-gomes-cravinho-pela-nomeacao-como-reitor-do-colegio-da-europa\/\" \/>\n<meta property=\"og:site_name\" content=\"Portal Tela Portugal\" \/>\n<meta property=\"article:published_time\" content=\"2026-04-30T17:47:43+00:00\" \/>\n<meta name=\"author\" content=\"Telinha\" \/>\n<meta name=\"twitter:card\" content=\"summary_large_image\" \/>\n<meta name=\"twitter:label1\" content=\"Escrito por\" \/>\n\t<meta name=\"twitter:data1\" content=\"Telinha\" \/>\n\t<meta name=\"twitter:label2\" content=\"Tempo estimado de leitura\" \/>\n\t<meta name=\"twitter:data2\" content=\"1 minuto\" \/>\n<script type=\"application\/ld+json\" class=\"yoast-schema-graph\">{\"@context\":\"https:\/\/schema.org\",\"@graph\":[{\"@type\":\"Article\",\"@id\":\"https:\/\/portaltela.pt\/noticias\/2026\/04\/30\/seguro-felicita-gomes-cravinho-pela-nomeacao-como-reitor-do-colegio-da-europa\/#article\",\"isPartOf\":{\"@id\":\"https:\/\/portaltela.pt\/noticias\/2026\/04\/30\/seguro-felicita-gomes-cravinho-pela-nomeacao-como-reitor-do-colegio-da-europa\/\"},\"author\":{\"name\":\"Telinha\",\"@id\":\"https:\/\/portaltela.pt\/#\/schema\/person\/c4278d4a6028830caff9ee44b42d32ed\"},\"headline\":\"Seguro felicita Gomes Cravinho pela nomea\u00e7\u00e3o como reitor do Col\u00e9gio da Europa\",\"datePublished\":\"2026-04-30T17:47:43+00:00\",\"mainEntityOfPage\":{\"@id\":\"https:\/\/portaltela.pt\/noticias\/2026\/04\/30\/seguro-felicita-gomes-cravinho-pela-nomeacao-como-reitor-do-colegio-da-europa\/\"},\"wordCount\":263,\"image\":{\"@id\":\"https:\/\/portaltela.pt\/noticias\/2026\/04\/30\/seguro-felicita-gomes-cravinho-pela-nomeacao-como-reitor-do-colegio-da-europa\/#primaryimage\"},\"thumbnailUrl\":\"https:\/\/portaltela.pt\/s.01k8rhncp4jt1\/2026\/04\/2085306.jpg\",\"keywords\":[\"_diplomacia\",\"_diplomacia internacional\",\"_educa\u00e7\u00e3o\",\"_Uni\u00e3o Europeia\",\"_universidades\"],\"articleSection\":[\"Geopol\u00edtica\"],\"inLanguage\":\"pt-PT\"},{\"@type\":\"WebPage\",\"@id\":\"https:\/\/portaltela.pt\/noticias\/2026\/04\/30\/seguro-felicita-gomes-cravinho-pela-nomeacao-como-reitor-do-colegio-da-europa\/\",\"url\":\"https:\/\/portaltela.pt\/noticias\/2026\/04\/30\/seguro-felicita-gomes-cravinho-pela-nomeacao-como-reitor-do-colegio-da-europa\/\",\"name\":\"Seguro felicita Gomes Cravinho pela nomea\u00e7\u00e3o como reitor do Col\u00e9gio da Europa - Portal Tela Portugal\",\"isPartOf\":{\"@id\":\"https:\/\/portaltela.pt\/#website\"},\"primaryImageOfPage\":{\"@id\":\"https:\/\/portaltela.pt\/noticias\/2026\/04\/30\/seguro-felicita-gomes-cravinho-pela-nomeacao-como-reitor-do-colegio-da-europa\/#primaryimage\"},\"image\":{\"@id\":\"https:\/\/portaltela.pt\/noticias\/2026\/04\/30\/seguro-felicita-gomes-cravinho-pela-nomeacao-como-reitor-do-colegio-da-europa\/#primaryimage\"},\"thumbnailUrl\":\"https:\/\/portaltela.pt\/s.01k8rhncp4jt1\/2026\/04\/2085306.jpg\",\"datePublished\":\"2026-04-30T17:47:43+00:00\",\"author\":{\"@id\":\"https:\/\/portaltela.pt\/#\/schema\/person\/c4278d4a6028830caff9ee44b42d32ed\"},\"breadcrumb\":{\"@id\":\"https:\/\/portaltela.pt\/noticias\/2026\/04\/30\/seguro-felicita-gomes-cravinho-pela-nomeacao-como-reitor-do-colegio-da-europa\/#breadcrumb\"},\"inLanguage\":\"pt-PT\",\"potentialAction\":[{\"@type\":\"ReadAction\",\"target\":[\"https:\/\/portaltela.pt\/noticias\/2026\/04\/30\/seguro-felicita-gomes-cravinho-pela-nomeacao-como-reitor-do-colegio-da-europa\/\"]}]},{\"@type\":\"ImageObject\",\"inLanguage\":\"pt-PT\",\"@id\":\"https:\/\/portaltela.pt\/noticias\/2026\/04\/30\/seguro-felicita-gomes-cravinho-pela-nomeacao-como-reitor-do-colegio-da-europa\/#primaryimage\",\"url\":\"https:\/\/portaltela.pt\/s.01k8rhncp4jt1\/2026\/04\/2085306.jpg\",\"contentUrl\":\"https:\/\/portaltela.pt\/s.01k8rhncp4jt1\/2026\/04\/2085306.jpg\",\"width\":796,\"height\":448,\"caption\":\"Jo\u00e3o Gomes Cravinho ser\u00e1 reitor do Col\u00e9gio da Europa\"},{\"@type\":\"BreadcrumbList\",\"@id\":\"https:\/\/portaltela.pt\/noticias\/2026\/04\/30\/seguro-felicita-gomes-cravinho-pela-nomeacao-como-reitor-do-colegio-da-europa\/#breadcrumb\",\"itemListElement\":[{\"@type\":\"ListItem\",\"position\":1,\"name\":\"In\u00edcio\",\"item\":\"https:\/\/portaltela.pt\/\"},{\"@type\":\"ListItem\",\"position\":2,\"name\":\"Seguro felicita Gomes Cravinho pela nomea\u00e7\u00e3o como reitor do Col\u00e9gio da Europa\"}]},{\"@type\":\"WebSite\",\"@id\":\"https:\/\/portaltela.pt\/#website\",\"url\":\"https:\/\/portaltela.pt\/\",\"name\":\"Portal Tela Portugal\",\"description\":\"\",\"potentialAction\":[{\"@type\":\"SearchAction\",\"target\":{\"@type\":\"EntryPoint\",\"urlTemplate\":\"https:\/\/portaltela.pt\/?s={search_term_string}\"},\"query-input\":{\"@type\":\"PropertyValueSpecification\",\"valueRequired\":true,\"valueName\":\"search_term_string\"}}],\"inLanguage\":\"pt-PT\"},{\"@type\":\"Person\",\"@id\":\"https:\/\/portaltela.pt\/#\/schema\/person\/c4278d4a6028830caff9ee44b42d32ed\",\"name\":\"Telinha\",\"image\":{\"@type\":\"ImageObject\",\"inLanguage\":\"pt-PT\",\"@id\":\"https:\/\/portaltela.pt\/s.01k8rhncp4jt1\/2025\/11\/talking-bot-125x125.png\",\"url\":\"https:\/\/portaltela.pt\/s.01k8rhncp4jt1\/2025\/11\/talking-bot-125x125.png\",\"contentUrl\":\"https:\/\/portaltela.pt\/s.01k8rhncp4jt1\/2025\/11\/talking-bot-125x125.png\",\"caption\":\"Telinha\"},\"sameAs\":[\"https:\/\/portaltela.pt\/\"],\"url\":\"https:\/\/portaltela.pt\/por\/367410592786\/\"}]}<\/script>\n<!-- \/ Yoast SEO plugin. -->","yoast_head_json":{"title":"Seguro felicita Gomes Cravinho pela nomea\u00e7\u00e3o como reitor do Col\u00e9gio da Europa - Portal Tela Portugal","robots":{"index":"index","follow":"follow","max-snippet":"max-snippet:-1","max-image-preview":"max-image-preview:large","max-video-preview":"max-video-preview:-1"},"og_locale":"pt_PT","og_type":"article","og_title":"Seguro felicita Gomes Cravinho pela nomea\u00e7\u00e3o como reitor do Col\u00e9gio da Europa - Portal Tela Portugal","og_description":"Jo\u00e3o Gomes Cravinho foi nomeado reitor do Col\u00e9gio da Europa, assumindo o cargo com profunda satisfa\u00e7\u00e3o e elevado sentido de responsabilidade. O reitor descreve a institui\u00e7\u00e3o como \u201c\u00fanica\u201d na promo\u00e7\u00e3o da integra\u00e7\u00e3o europeia e o desafio de aprofundar o seu legado nos pr\u00f3ximos cinco anos. O Presidente da Rep\u00fablica considerou a nomea\u00e7\u00e3o uma excelente not\u00edcia para Portugal e um justo reconhecimento do valor do nomeado. Ant\u00f3nio Jos\u00e9 Seguro destaca no seu testemunho um percurso que combina experi\u00eancia acad\u00e9mica, fun\u00e7\u00f5es nas institui\u00e7\u00f5es europeias, carreira diplom\u00e1tica e responsabilidades governativas. Gomes Cravinho sucede a Ewa Osniecka-Tamecka (interinamente) e j\u00e1 foi ministro entre 2018 e 2024, com carreira acad\u00e9mica em Ci\u00eancia Pol\u00edtica e doutoramento em Oxford.","og_url":"https:\/\/portaltela.pt\/noticias\/2026\/04\/30\/seguro-felicita-gomes-cravinho-pela-nomeacao-como-reitor-do-colegio-da-europa\/","og_site_name":"Portal Tela Portugal","article_published_time":"2026-04-30T17:47:43+00:00","author":"Telinha","twitter_card":"summary_large_image","twitter_misc":{"Escrito por":"Telinha","Tempo estimado de leitura":"1 minuto"},"schema":{"@context":"https:\/\/schema.org","@graph":[{"@type":"Article","@id":"https:\/\/portaltela.pt\/noticias\/2026\/04\/30\/seguro-felicita-gomes-cravinho-pela-nomeacao-como-reitor-do-colegio-da-europa\/#article","isPartOf":{"@id":"https:\/\/portaltela.pt\/noticias\/2026\/04\/30\/seguro-felicita-gomes-cravinho-pela-nomeacao-como-reitor-do-colegio-da-europa\/"},"author":{"name":"Telinha","@id":"https:\/\/portaltela.pt\/#\/schema\/person\/c4278d4a6028830caff9ee44b42d32ed"},"headline":"Seguro felicita Gomes Cravinho pela nomea\u00e7\u00e3o como reitor do Col\u00e9gio da Europa","datePublished":"2026-04-30T17:47:43+00:00","mainEntityOfPage":{"@id":"https:\/\/portaltela.pt\/noticias\/2026\/04\/30\/seguro-felicita-gomes-cravinho-pela-nomeacao-como-reitor-do-colegio-da-europa\/"},"wordCount":263,"image":{"@id":"https:\/\/portaltela.pt\/noticias\/2026\/04\/30\/seguro-felicita-gomes-cravinho-pela-nomeacao-como-reitor-do-colegio-da-europa\/#primaryimage"},"thumbnailUrl":"https:\/\/portaltela.pt\/s.01k8rhncp4jt1\/2026\/04\/2085306.jpg","keywords":["_diplomacia","_diplomacia internacional","_educa\u00e7\u00e3o","_Uni\u00e3o Europeia","_universidades"],"articleSection":["Geopol\u00edtica"],"inLanguage":"pt-PT"},{"@type":"WebPage","@id":"https:\/\/portaltela.pt\/noticias\/2026\/04\/30\/seguro-felicita-gomes-cravinho-pela-nomeacao-como-reitor-do-colegio-da-europa\/","url":"https:\/\/portaltela.pt\/noticias\/2026\/04\/30\/seguro-felicita-gomes-cravinho-pela-nomeacao-como-reitor-do-colegio-da-europa\/","name":"Seguro felicita Gomes Cravinho pela nomea\u00e7\u00e3o como reitor do Col\u00e9gio da Europa - Portal Tela Portugal","isPartOf":{"@id":"https:\/\/portaltela.pt\/#website"},"primaryImageOfPage":{"@id":"https:\/\/portaltela.pt\/noticias\/2026\/04\/30\/seguro-felicita-gomes-cravinho-pela-nomeacao-como-reitor-do-colegio-da-europa\/#primaryimage"},"image":{"@id":"https:\/\/portaltela.pt\/noticias\/2026\/04\/30\/seguro-felicita-gomes-cravinho-pela-nomeacao-como-reitor-do-colegio-da-europa\/#primaryimage"},"thumbnailUrl":"https:\/\/portaltela.pt\/s.01k8rhncp4jt1\/2026\/04\/2085306.jpg","datePublished":"2026-04-30T17:47:43+00:00","author":{"@id":"https:\/\/portaltela.pt\/#\/schema\/person\/c4278d4a6028830caff9ee44b42d32ed"},"breadcrumb":{"@id":"https:\/\/portaltela.pt\/noticias\/2026\/04\/30\/seguro-felicita-gomes-cravinho-pela-nomeacao-como-reitor-do-colegio-da-europa\/#breadcrumb"},"inLanguage":"pt-PT","potentialAction":[{"@type":"ReadAction","target":["https:\/\/portaltela.pt\/noticias\/2026\/04\/30\/seguro-felicita-gomes-cravinho-pela-nomeacao-como-reitor-do-colegio-da-europa\/"]}]},{"@type":"ImageObject","inLanguage":"pt-PT","@id":"https:\/\/portaltela.pt\/noticias\/2026\/04\/30\/seguro-felicita-gomes-cravinho-pela-nomeacao-como-reitor-do-colegio-da-europa\/#primaryimage","url":"https:\/\/portaltela.pt\/s.01k8rhncp4jt1\/2026\/04\/2085306.jpg","contentUrl":"https:\/\/portaltela.pt\/s.01k8rhncp4jt1\/2026\/04\/2085306.jpg","width":796,"height":448,"caption":"Jo\u00e3o Gomes Cravinho ser\u00e1 reitor do Col\u00e9gio da Europa"},{"@type":"BreadcrumbList","@id":"https:\/\/portaltela.pt\/noticias\/2026\/04\/30\/seguro-felicita-gomes-cravinho-pela-nomeacao-como-reitor-do-colegio-da-europa\/#breadcrumb","itemListElement":[{"@type":"ListItem","position":1,"name":"In\u00edcio","item":"https:\/\/portaltela.pt\/"},{"@type":"ListItem","position":2,"name":"Seguro felicita Gomes Cravinho pela nomea\u00e7\u00e3o como reitor do Col\u00e9gio da Europa"}]},{"@type":"WebSite","@id":"https:\/\/portaltela.pt\/#website","url":"https:\/\/portaltela.pt\/","name":"Portal Tela Portugal","description":"","potentialAction":[{"@type":"SearchAction","target":{"@type":"EntryPoint","urlTemplate":"https:\/\/portaltela.pt\/?s={search_term_string}"},"query-input":{"@type":"PropertyValueSpecification","valueRequired":true,"valueName":"search_term_string"}}],"inLanguage":"pt-PT"},{"@type":"Person","@id":"https:\/\/portaltela.pt\/#\/schema\/person\/c4278d4a6028830caff9ee44b42d32ed","name":"Telinha","image":{"@type":"ImageObject","inLanguage":"pt-PT","@id":"https:\/\/portaltela.pt\/s.01k8rhncp4jt1\/2025\/11\/talking-bot-125x125.png","url":"https:\/\/portaltela.pt\/s.01k8rhncp4jt1\/2025\/11\/talking-bot-125x125.png","contentUrl":"https:\/\/portaltela.pt\/s.01k8rhncp4jt1\/2025\/11\/talking-bot-125x125.png","caption":"Telinha"},"sameAs":["https:\/\/portaltela.pt\/"],"url":"https:\/\/portaltela.pt\/por\/367410592786\/"}]}},"_links":{"self":[{"href":"https:\/\/portaltela.pt\/api\/wp\/v2\/posts\/462883","targetHints":{"allow":["GET"]}}],"collection":[{"href":"https:\/\/portaltela.pt\/api\/wp\/v2\/posts"}],"about":[{"href":"https:\/\/portaltela.pt\/api\/wp\/v2\/types\/post"}],"author":[{"embeddable":true,"href":"https:\/\/portaltela.pt\/api\/wp\/v2\/users\/2"}],"replies":[{"embeddable":true,"href":"https:\/\/portaltela.pt\/api\/wp\/v2\/comments?post=462883"}],"version-history":[{"count":0,"href":"https:\/\/portaltela.pt\/api\/wp\/v2\/posts\/462883\/revisions"}],"wp:featuredmedia":[{"embeddable":true,"href":"https:\/\/portaltela.pt\/api\/wp\/v2\/media\/462889"}],"wp:attachment":[{"href":"https:\/\/portaltela.pt\/api\/wp\/v2\/media?parent=462883"}],"wp:term":[{"taxonomy":"category","embeddable":true,"href":"https:\/\/portaltela.pt\/api\/wp\/v2\/categories?post=462883"},{"taxonomy":"post_tag","embeddable":true,"href":"https:\/\/portaltela.pt\/api\/wp\/v2\/tags?post=462883"}],"curies":[{"name":"wp","href":"https:\/\/api.w.org\/{rel}","templated":true}]}}