{"id":462880,"date":"2026-04-30T14:47:42","date_gmt":"2026-04-30T17:47:42","guid":{"rendered":"https:\/\/portaltela.pt\/noticias\/2026\/04\/30\/ue-defende-industria-diante-de-ameacas-da-china\/"},"modified":"2026-04-30T14:47:42","modified_gmt":"2026-04-30T17:47:42","slug":"ue-defende-industria-diante-de-ameacas-da-china","status":"publish","type":"post","link":"https:\/\/portaltela.pt\/noticias\/economia\/2026\/04\/30\/ue-defende-industria-diante-de-ameacas-da-china\/","title":{"rendered":"UE defende ind\u00fastria diante de amea\u00e7as da China"},"content":{"rendered":"<p>O Comiss\u00e1rio Europeu do Com\u00e9rcio, Maro\u0161 \u0160ef\u010dovi\u010d, assegurou \u00e0 Euronews que a Uni\u00e3o Europeia n\u00e3o recuar\u00e1 na defesa das suas ind\u00fastrias, numa altura em que a China amea\u00e7a com contramedidas. As declara\u00e7\u00f5es surgem num contexto de esfor\u00e7o europeu para refor\u00e7ar a pol\u00edtica industrial do bloco e a soberania econ\u00f3mica.<\/p>\n<p>\u0160ef\u010dovi\u010d reiterou que a UE defender\u00e1 os empregos e as empresas europeias sempre que houver tratamento injusto, descrevendo a rea\u00e7\u00e3o como firme, mas sem recorrer a guerras comerciais. Garantiu que Bruxelas n\u00e3o cede \u00e0s press\u00f5es medi\u00e1ticas e pediu paci\u00eancia estrat\u00e9gica.<\/p>\n<p>A China aumentou a press\u00e3o ao sinalizar retalia\u00e7\u00e3o caso a UE afirme medidas centrais da proposta Made in Europe e da Lei de Ciberseguran\u00e7a, que poder\u00e1 limitar a entrada de empresas chinesas no mercado comum. Diplomatas dizem que Pequim n\u00e3o deseja escalada, mas manter\u00e1 a sua posi\u00e7\u00e3o.<\/p>\n<h3>Rela\u00e7\u00f5es comerciais e desequil\u00edbrios<\/h3>\n<p>O fiasco bilateral intensifica-se num ano em que o d\u00e9fice comercial com a China atingiu 359,3 mil milh\u00f5es de euros em 2025, segundo dados da UE. O valor foi visto como insustent\u00e1vel por \u0160ef\u010dovi\u010d, que pediu uma resposta coordenada da UE.<\/p>\n<p>A UE tem usado instrumentos de defesa comercial para combater alegados dumping e subsidia\u00e7\u00f5es chinesas, \u00e0 medida que monitoriza a transfer\u00eancia de produ\u00e7\u00e3o para fora da China e o redirecionamento de exporta\u00e7\u00f5es para a Europa, face aos direitos aplicados nos EUA.<\/p>\n<h3>Perspetivas e pr\u00f3ximos passos<\/h3>\n<p>\u0160ef\u010dovi\u010d mencionou a necessidade de negocia\u00e7\u00f5es s\u00e9rias com Pequim, afirmando ter convidado o ministro dos Neg\u00f3cios Estrangeiros chin\u00eas a visitar Bruxelas para avaliar a situa\u00e7\u00e3o com mais detalhe. O objetivo \u00e9 obter compromissos construtivos por parte de Pequim.<\/p>\n<p>A UE mant\u00e9m a expectativa de resultados concretos na readequa\u00e7\u00e3o das rela\u00e7\u00f5es comerciais. Enquanto isso, Bruxelas continua a defender o acesso equitativo ao mercado e a proteger cadeias de abastecimento cr\u00edticas para tecnologia, autom\u00f3vel e defesa.<\/p>\n","protected":false},"excerpt":{"rendered":"<ul>\n<li>O comiss\u00e1rio europeu do Com\u00e9rcio, Maro\u0161 \u0160ef\u010dovi\u010d, disse que a Uni\u00e3o Europeia vai defender os seus empregos e ind\u00fastrias, mesmo ap\u00f3s China amea\u00e7ar retalia\u00e7\u00e3o.<\/li>\n<li>Pequim indicou contramedidas se a UE n\u00e3o suavizar a pol\u00edtica industrial \u201cMade in Europe\u201d e a Lei de Ciberseguran\u00e7a, que podem restringir empresas chinesas no bloco.<\/li>\n<li>A UE apresentou propostas legislativas em ciberseguran\u00e7a e no mercado \u00fanico, provocando reac\u00e7\u00f5es da China, que acusa pr\u00e1ticas desleais.<\/li>\n<li>O d\u00e9fice comercial da UE com a China atingiu 359,3 mil milh\u00f5es de euros em 2025, considerado insustent\u00e1vel pelo comiss\u00e1rio.<\/li>\n<li>\u0160ef\u010dovi\u010d pediu negocia\u00e7\u00f5es s\u00e9rias e resultados concretos, convidando o ministro dos Neg\u00f3cios Estrangeiros chin\u00eas a visitar Bruxelas para avalia\u00e7\u00e3o da situa\u00e7\u00e3o.<\/li>\n<\/ul>\n","protected":false},"author":2,"featured_media":462886,"comment_status":"closed","ping_status":"closed","sticky":false,"template":"","format":"standard","meta":{"footnotes":""},"categories":[2,6735],"tags":[8896,7915,8959,8084,8098,8056],"class_list":["post-462880","post","type-post","status-publish","format-standard","has-post-thumbnail","hentry","category-economia","category-negocios","tag-_china","tag-_comercio-internacional","tag-_diplomacia-internacional","tag-_economia-internacional","tag-_industria","tag-_uniao-europeia"],"yoast_head":"<!-- This site is optimized with the Yoast SEO plugin v27.2 - https:\/\/yoast.com\/product\/yoast-seo-wordpress\/ -->\n<title>UE defende ind\u00fastria diante de amea\u00e7as da China - Portal Tela Portugal<\/title>\n<meta name=\"robots\" content=\"index, follow, max-snippet:-1, max-image-preview:large, max-video-preview:-1\" \/>\n<meta property=\"og:locale\" content=\"pt_PT\" \/>\n<meta property=\"og:type\" content=\"article\" \/>\n<meta property=\"og:title\" content=\"UE defende ind\u00fastria diante de amea\u00e7as da China - Portal Tela Portugal\" \/>\n<meta property=\"og:description\" content=\"O comiss\u00e1rio europeu do Com\u00e9rcio, Maro\u0161 \u0160ef\u010dovi\u010d, disse que a Uni\u00e3o Europeia vai defender os seus empregos e ind\u00fastrias, mesmo ap\u00f3s China amea\u00e7ar retalia\u00e7\u00e3o. Pequim indicou contramedidas se a UE n\u00e3o suavizar a pol\u00edtica industrial \u201cMade in Europe\u201d e a Lei de Ciberseguran\u00e7a, que podem restringir empresas chinesas no bloco. A UE apresentou propostas legislativas em ciberseguran\u00e7a e no mercado \u00fanico, provocando reac\u00e7\u00f5es da China, que acusa pr\u00e1ticas desleais. O d\u00e9fice comercial da UE com a China atingiu 359,3 mil milh\u00f5es de euros em 2025, considerado insustent\u00e1vel pelo comiss\u00e1rio. \u0160ef\u010dovi\u010d pediu negocia\u00e7\u00f5es s\u00e9rias e resultados concretos, convidando o ministro dos Neg\u00f3cios Estrangeiros chin\u00eas a visitar Bruxelas para avalia\u00e7\u00e3o da situa\u00e7\u00e3o.\" \/>\n<meta property=\"og:url\" content=\"https:\/\/portaltela.pt\/noticias\/2026\/04\/30\/ue-defende-industria-diante-de-ameacas-da-china\/\" \/>\n<meta property=\"og:site_name\" content=\"Portal Tela Portugal\" \/>\n<meta property=\"article:published_time\" content=\"2026-04-30T17:47:42+00:00\" \/>\n<meta name=\"author\" content=\"Telinha\" \/>\n<meta name=\"twitter:card\" content=\"summary_large_image\" \/>\n<meta name=\"twitter:label1\" content=\"Escrito por\" \/>\n\t<meta name=\"twitter:data1\" content=\"Telinha\" \/>\n\t<meta name=\"twitter:label2\" content=\"Tempo estimado de leitura\" \/>\n\t<meta name=\"twitter:data2\" content=\"2 minutos\" \/>\n<script type=\"application\/ld+json\" class=\"yoast-schema-graph\">{\"@context\":\"https:\/\/schema.org\",\"@graph\":[{\"@type\":\"Article\",\"@id\":\"https:\/\/portaltela.pt\/noticias\/2026\/04\/30\/ue-defende-industria-diante-de-ameacas-da-china\/#article\",\"isPartOf\":{\"@id\":\"https:\/\/portaltela.pt\/noticias\/2026\/04\/30\/ue-defende-industria-diante-de-ameacas-da-china\/\"},\"author\":{\"name\":\"Telinha\",\"@id\":\"https:\/\/portaltela.pt\/#\/schema\/person\/c4278d4a6028830caff9ee44b42d32ed\"},\"headline\":\"UE defende ind\u00fastria diante de amea\u00e7as da China\",\"datePublished\":\"2026-04-30T17:47:42+00:00\",\"mainEntityOfPage\":{\"@id\":\"https:\/\/portaltela.pt\/noticias\/2026\/04\/30\/ue-defende-industria-diante-de-ameacas-da-china\/\"},\"wordCount\":351,\"image\":{\"@id\":\"https:\/\/portaltela.pt\/noticias\/2026\/04\/30\/ue-defende-industria-diante-de-ameacas-da-china\/#primaryimage\"},\"thumbnailUrl\":\"https:\/\/portaltela.pt\/s.01k8rhncp4jt1\/2026\/04\/1536x864_cmsv2_54f93b44-b997-5da0-90c5-490de96e9859-9548857.jpg\",\"keywords\":[\"_China\",\"_com\u00e9rcio internacional\",\"_diplomacia internacional\",\"_economia internacional\",\"_ind\u00fastria\",\"_Uni\u00e3o Europeia\"],\"articleSection\":[\"Economia\",\"Neg\u00f3cios\"],\"inLanguage\":\"pt-PT\"},{\"@type\":\"WebPage\",\"@id\":\"https:\/\/portaltela.pt\/noticias\/2026\/04\/30\/ue-defende-industria-diante-de-ameacas-da-china\/\",\"url\":\"https:\/\/portaltela.pt\/noticias\/2026\/04\/30\/ue-defende-industria-diante-de-ameacas-da-china\/\",\"name\":\"UE defende ind\u00fastria diante de amea\u00e7as da China - Portal Tela Portugal\",\"isPartOf\":{\"@id\":\"https:\/\/portaltela.pt\/#website\"},\"primaryImageOfPage\":{\"@id\":\"https:\/\/portaltela.pt\/noticias\/2026\/04\/30\/ue-defende-industria-diante-de-ameacas-da-china\/#primaryimage\"},\"image\":{\"@id\":\"https:\/\/portaltela.pt\/noticias\/2026\/04\/30\/ue-defende-industria-diante-de-ameacas-da-china\/#primaryimage\"},\"thumbnailUrl\":\"https:\/\/portaltela.pt\/s.01k8rhncp4jt1\/2026\/04\/1536x864_cmsv2_54f93b44-b997-5da0-90c5-490de96e9859-9548857.jpg\",\"datePublished\":\"2026-04-30T17:47:42+00:00\",\"author\":{\"@id\":\"https:\/\/portaltela.pt\/#\/schema\/person\/c4278d4a6028830caff9ee44b42d32ed\"},\"breadcrumb\":{\"@id\":\"https:\/\/portaltela.pt\/noticias\/2026\/04\/30\/ue-defende-industria-diante-de-ameacas-da-china\/#breadcrumb\"},\"inLanguage\":\"pt-PT\",\"potentialAction\":[{\"@type\":\"ReadAction\",\"target\":[\"https:\/\/portaltela.pt\/noticias\/2026\/04\/30\/ue-defende-industria-diante-de-ameacas-da-china\/\"]}]},{\"@type\":\"ImageObject\",\"inLanguage\":\"pt-PT\",\"@id\":\"https:\/\/portaltela.pt\/noticias\/2026\/04\/30\/ue-defende-industria-diante-de-ameacas-da-china\/#primaryimage\",\"url\":\"https:\/\/portaltela.pt\/s.01k8rhncp4jt1\/2026\/04\/1536x864_cmsv2_54f93b44-b997-5da0-90c5-490de96e9859-9548857.jpg\",\"contentUrl\":\"https:\/\/portaltela.pt\/s.01k8rhncp4jt1\/2026\/04\/1536x864_cmsv2_54f93b44-b997-5da0-90c5-490de96e9859-9548857.jpg\",\"width\":796,\"height\":448,\"caption\":\"O Comiss\u00e1rio Europeu do Com\u00e9rcio, Maro\u0161 \u0160ef\u010dovi\u010d, promete lutar pelo emprego e pela ind\u00fastria da UE.\"},{\"@type\":\"BreadcrumbList\",\"@id\":\"https:\/\/portaltela.pt\/noticias\/2026\/04\/30\/ue-defende-industria-diante-de-ameacas-da-china\/#breadcrumb\",\"itemListElement\":[{\"@type\":\"ListItem\",\"position\":1,\"name\":\"In\u00edcio\",\"item\":\"https:\/\/portaltela.pt\/\"},{\"@type\":\"ListItem\",\"position\":2,\"name\":\"UE defende ind\u00fastria diante de amea\u00e7as da China\"}]},{\"@type\":\"WebSite\",\"@id\":\"https:\/\/portaltela.pt\/#website\",\"url\":\"https:\/\/portaltela.pt\/\",\"name\":\"Portal Tela Portugal\",\"description\":\"\",\"potentialAction\":[{\"@type\":\"SearchAction\",\"target\":{\"@type\":\"EntryPoint\",\"urlTemplate\":\"https:\/\/portaltela.pt\/?s={search_term_string}\"},\"query-input\":{\"@type\":\"PropertyValueSpecification\",\"valueRequired\":true,\"valueName\":\"search_term_string\"}}],\"inLanguage\":\"pt-PT\"},{\"@type\":\"Person\",\"@id\":\"https:\/\/portaltela.pt\/#\/schema\/person\/c4278d4a6028830caff9ee44b42d32ed\",\"name\":\"Telinha\",\"image\":{\"@type\":\"ImageObject\",\"inLanguage\":\"pt-PT\",\"@id\":\"https:\/\/portaltela.pt\/s.01k8rhncp4jt1\/2025\/11\/talking-bot-125x125.png\",\"url\":\"https:\/\/portaltela.pt\/s.01k8rhncp4jt1\/2025\/11\/talking-bot-125x125.png\",\"contentUrl\":\"https:\/\/portaltela.pt\/s.01k8rhncp4jt1\/2025\/11\/talking-bot-125x125.png\",\"caption\":\"Telinha\"},\"sameAs\":[\"https:\/\/portaltela.pt\/\"],\"url\":\"https:\/\/portaltela.pt\/por\/367410592786\/\"}]}<\/script>\n<!-- \/ Yoast SEO plugin. -->","yoast_head_json":{"title":"UE defende ind\u00fastria diante de amea\u00e7as da China - Portal Tela Portugal","robots":{"index":"index","follow":"follow","max-snippet":"max-snippet:-1","max-image-preview":"max-image-preview:large","max-video-preview":"max-video-preview:-1"},"og_locale":"pt_PT","og_type":"article","og_title":"UE defende ind\u00fastria diante de amea\u00e7as da China - Portal Tela Portugal","og_description":"O comiss\u00e1rio europeu do Com\u00e9rcio, Maro\u0161 \u0160ef\u010dovi\u010d, disse que a Uni\u00e3o Europeia vai defender os seus empregos e ind\u00fastrias, mesmo ap\u00f3s China amea\u00e7ar retalia\u00e7\u00e3o. Pequim indicou contramedidas se a UE n\u00e3o suavizar a pol\u00edtica industrial \u201cMade in Europe\u201d e a Lei de Ciberseguran\u00e7a, que podem restringir empresas chinesas no bloco. A UE apresentou propostas legislativas em ciberseguran\u00e7a e no mercado \u00fanico, provocando reac\u00e7\u00f5es da China, que acusa pr\u00e1ticas desleais. O d\u00e9fice comercial da UE com a China atingiu 359,3 mil milh\u00f5es de euros em 2025, considerado insustent\u00e1vel pelo comiss\u00e1rio. \u0160ef\u010dovi\u010d pediu negocia\u00e7\u00f5es s\u00e9rias e resultados concretos, convidando o ministro dos Neg\u00f3cios Estrangeiros chin\u00eas a visitar Bruxelas para avalia\u00e7\u00e3o da situa\u00e7\u00e3o.","og_url":"https:\/\/portaltela.pt\/noticias\/2026\/04\/30\/ue-defende-industria-diante-de-ameacas-da-china\/","og_site_name":"Portal Tela Portugal","article_published_time":"2026-04-30T17:47:42+00:00","author":"Telinha","twitter_card":"summary_large_image","twitter_misc":{"Escrito por":"Telinha","Tempo estimado de leitura":"2 minutos"},"schema":{"@context":"https:\/\/schema.org","@graph":[{"@type":"Article","@id":"https:\/\/portaltela.pt\/noticias\/2026\/04\/30\/ue-defende-industria-diante-de-ameacas-da-china\/#article","isPartOf":{"@id":"https:\/\/portaltela.pt\/noticias\/2026\/04\/30\/ue-defende-industria-diante-de-ameacas-da-china\/"},"author":{"name":"Telinha","@id":"https:\/\/portaltela.pt\/#\/schema\/person\/c4278d4a6028830caff9ee44b42d32ed"},"headline":"UE defende ind\u00fastria diante de amea\u00e7as da China","datePublished":"2026-04-30T17:47:42+00:00","mainEntityOfPage":{"@id":"https:\/\/portaltela.pt\/noticias\/2026\/04\/30\/ue-defende-industria-diante-de-ameacas-da-china\/"},"wordCount":351,"image":{"@id":"https:\/\/portaltela.pt\/noticias\/2026\/04\/30\/ue-defende-industria-diante-de-ameacas-da-china\/#primaryimage"},"thumbnailUrl":"https:\/\/portaltela.pt\/s.01k8rhncp4jt1\/2026\/04\/1536x864_cmsv2_54f93b44-b997-5da0-90c5-490de96e9859-9548857.jpg","keywords":["_China","_com\u00e9rcio internacional","_diplomacia internacional","_economia internacional","_ind\u00fastria","_Uni\u00e3o Europeia"],"articleSection":["Economia","Neg\u00f3cios"],"inLanguage":"pt-PT"},{"@type":"WebPage","@id":"https:\/\/portaltela.pt\/noticias\/2026\/04\/30\/ue-defende-industria-diante-de-ameacas-da-china\/","url":"https:\/\/portaltela.pt\/noticias\/2026\/04\/30\/ue-defende-industria-diante-de-ameacas-da-china\/","name":"UE defende ind\u00fastria diante de amea\u00e7as da China - Portal Tela Portugal","isPartOf":{"@id":"https:\/\/portaltela.pt\/#website"},"primaryImageOfPage":{"@id":"https:\/\/portaltela.pt\/noticias\/2026\/04\/30\/ue-defende-industria-diante-de-ameacas-da-china\/#primaryimage"},"image":{"@id":"https:\/\/portaltela.pt\/noticias\/2026\/04\/30\/ue-defende-industria-diante-de-ameacas-da-china\/#primaryimage"},"thumbnailUrl":"https:\/\/portaltela.pt\/s.01k8rhncp4jt1\/2026\/04\/1536x864_cmsv2_54f93b44-b997-5da0-90c5-490de96e9859-9548857.jpg","datePublished":"2026-04-30T17:47:42+00:00","author":{"@id":"https:\/\/portaltela.pt\/#\/schema\/person\/c4278d4a6028830caff9ee44b42d32ed"},"breadcrumb":{"@id":"https:\/\/portaltela.pt\/noticias\/2026\/04\/30\/ue-defende-industria-diante-de-ameacas-da-china\/#breadcrumb"},"inLanguage":"pt-PT","potentialAction":[{"@type":"ReadAction","target":["https:\/\/portaltela.pt\/noticias\/2026\/04\/30\/ue-defende-industria-diante-de-ameacas-da-china\/"]}]},{"@type":"ImageObject","inLanguage":"pt-PT","@id":"https:\/\/portaltela.pt\/noticias\/2026\/04\/30\/ue-defende-industria-diante-de-ameacas-da-china\/#primaryimage","url":"https:\/\/portaltela.pt\/s.01k8rhncp4jt1\/2026\/04\/1536x864_cmsv2_54f93b44-b997-5da0-90c5-490de96e9859-9548857.jpg","contentUrl":"https:\/\/portaltela.pt\/s.01k8rhncp4jt1\/2026\/04\/1536x864_cmsv2_54f93b44-b997-5da0-90c5-490de96e9859-9548857.jpg","width":796,"height":448,"caption":"O Comiss\u00e1rio Europeu do Com\u00e9rcio, Maro\u0161 \u0160ef\u010dovi\u010d, promete lutar pelo emprego e pela ind\u00fastria da UE."},{"@type":"BreadcrumbList","@id":"https:\/\/portaltela.pt\/noticias\/2026\/04\/30\/ue-defende-industria-diante-de-ameacas-da-china\/#breadcrumb","itemListElement":[{"@type":"ListItem","position":1,"name":"In\u00edcio","item":"https:\/\/portaltela.pt\/"},{"@type":"ListItem","position":2,"name":"UE defende ind\u00fastria diante de amea\u00e7as da China"}]},{"@type":"WebSite","@id":"https:\/\/portaltela.pt\/#website","url":"https:\/\/portaltela.pt\/","name":"Portal Tela Portugal","description":"","potentialAction":[{"@type":"SearchAction","target":{"@type":"EntryPoint","urlTemplate":"https:\/\/portaltela.pt\/?s={search_term_string}"},"query-input":{"@type":"PropertyValueSpecification","valueRequired":true,"valueName":"search_term_string"}}],"inLanguage":"pt-PT"},{"@type":"Person","@id":"https:\/\/portaltela.pt\/#\/schema\/person\/c4278d4a6028830caff9ee44b42d32ed","name":"Telinha","image":{"@type":"ImageObject","inLanguage":"pt-PT","@id":"https:\/\/portaltela.pt\/s.01k8rhncp4jt1\/2025\/11\/talking-bot-125x125.png","url":"https:\/\/portaltela.pt\/s.01k8rhncp4jt1\/2025\/11\/talking-bot-125x125.png","contentUrl":"https:\/\/portaltela.pt\/s.01k8rhncp4jt1\/2025\/11\/talking-bot-125x125.png","caption":"Telinha"},"sameAs":["https:\/\/portaltela.pt\/"],"url":"https:\/\/portaltela.pt\/por\/367410592786\/"}]}},"_links":{"self":[{"href":"https:\/\/portaltela.pt\/api\/wp\/v2\/posts\/462880","targetHints":{"allow":["GET"]}}],"collection":[{"href":"https:\/\/portaltela.pt\/api\/wp\/v2\/posts"}],"about":[{"href":"https:\/\/portaltela.pt\/api\/wp\/v2\/types\/post"}],"author":[{"embeddable":true,"href":"https:\/\/portaltela.pt\/api\/wp\/v2\/users\/2"}],"replies":[{"embeddable":true,"href":"https:\/\/portaltela.pt\/api\/wp\/v2\/comments?post=462880"}],"version-history":[{"count":0,"href":"https:\/\/portaltela.pt\/api\/wp\/v2\/posts\/462880\/revisions"}],"wp:featuredmedia":[{"embeddable":true,"href":"https:\/\/portaltela.pt\/api\/wp\/v2\/media\/462886"}],"wp:attachment":[{"href":"https:\/\/portaltela.pt\/api\/wp\/v2\/media?parent=462880"}],"wp:term":[{"taxonomy":"category","embeddable":true,"href":"https:\/\/portaltela.pt\/api\/wp\/v2\/categories?post=462880"},{"taxonomy":"post_tag","embeddable":true,"href":"https:\/\/portaltela.pt\/api\/wp\/v2\/tags?post=462880"}],"curies":[{"name":"wp","href":"https:\/\/api.w.org\/{rel}","templated":true}]}}