{"id":462874,"date":"2026-04-30T14:47:36","date_gmt":"2026-04-30T17:47:36","guid":{"rendered":"https:\/\/portaltela.pt\/noticias\/2026\/04\/30\/juri-da-bienal-de-veneza-demite-se-em-meio-a-polemica-sobre-israel-e-russia\/"},"modified":"2026-04-30T14:47:36","modified_gmt":"2026-04-30T17:47:36","slug":"juri-da-bienal-de-veneza-demite-se-em-meio-a-polemica-sobre-israel-e-russia","status":"publish","type":"post","link":"https:\/\/portaltela.pt\/noticias\/2026\/04\/30\/juri-da-bienal-de-veneza-demite-se-em-meio-a-polemica-sobre-israel-e-russia\/","title":{"rendered":"J\u00fari da Bienal de Veneza demite-se em meio a pol\u00e9mica sobre Israel e R\u00fassia"},"content":{"rendered":"<p>O j\u00fari internacional da 61.\u00aa Bienal de Arte de Veneza demitiu-se na tarde desta quinta-feira, dias antes da abertura oficial do evento. A decis\u00e3o surge num contexto de tens\u00e3o geopol\u00edtica em torno de Israel e da R\u00fassia.<\/p>\n<p>O j\u00fari foi presidido pela curadora brasileira Solange Oliveira Farkas e contou com cinco membros nomeados pela ex-curadora Koyo Kouoh. A demiss\u00e3o foi anunciada pouco ap\u00f3s a publica\u00e7\u00e3o de uma declara\u00e7\u00e3o de inten\u00e7\u00f5es, em 22 de abril.<\/p>\n<p>A organiza\u00e7\u00e3o informou que, por motivos de responsabilidade institucional, o j\u00fari decidiu n\u00e3o incluir na lista de pr\u00e9mios os pa\u00edses cujos l\u00edderes s\u00e3o acusados de crimes contra a humanidade pelo Tribunal Penal Internacional. Os nomes n\u00e3o foram indicados explicitamente na nota.<\/p>\n<h3>Premia\u00e7\u00e3o e formato de voto<\/h3>\n<p>A Bienal vai manter a cerim\u00f3nia de entrega dos pr\u00e9mios no dia 22 de novembro, \u00faltimo dia de abertura ao p\u00fablico. O comunicado aponta que dois Le\u00f5es dos Visitantes ser\u00e3o atribu\u00eddos pelo p\u00fablico, aos melhores participantes da Exposi\u00e7\u00e3o Internacional *In Minor Keys* e \u00e0 Melhor Participa\u00e7\u00e3o Nacional.<\/p>\n<p>Os visitantes eleg\u00edveis devem ter bilhete v\u00e1lido e ter visitado os dois locais da exposi\u00e7\u00e3o entre 9 de maio e 22 de novembro. Cada portador pode votar uma vez por cada pr\u00e9mio, numa \u00fanica sess\u00e3o, com verifica\u00e7\u00e3o de participa\u00e7\u00e3o.<\/p>\n<h3>Implica\u00e7\u00f5es operacionais<\/h3>\n<p>Segundo a nota oficial, as Participa\u00e7\u00f5es Nacionais continuam definidas pela lista oficial da exposi\u00e7\u00e3o, assegurando tratamento igual a todos os participantes. A Bienal descreve o movimento como uma express\u00e3o de abertura, di\u00e1logo e liberdade art\u00edstica, evitando exclus\u00f5es.<\/p>\n<p>O Pavilh\u00e3o da R\u00fassia estar\u00e1 aberto apenas para profissionais de arte e imprensa durante a pr\u00e9-inaugura\u00e7\u00e3o, de 6 a 8 de maio, e encerrado durante o per\u00edodo oficial da bienal. O Pavilh\u00e3o de Israel mant\u00e9m, por agora, a sua presen\u00e7a prevista para al\u00e9m desse per\u00edmetro.<\/p>\n","protected":false},"excerpt":{"rendered":"<ul>\n<li>O j\u00fari internacional da 61.\u00aa Bienal de Arte de Veneza demitiu-se na tarde de quinta-feira, com a presid\u00eancia da curadora Solange Oliveira Farkas.<\/li>\n<li>A demiss\u00e3o surge dias antes do in\u00edcio da bienal e est\u00e1 relacionada com a tens\u00e3o em torno da presen\u00e7a de Israel e da R\u00fassia e com a decis\u00e3o de excluir do palmar\u00e9s artistas de pa\u00edses acusados de crimes contra a humanidade.<\/li>\n<li>A organiza\u00e7\u00e3o informou que os pr\u00e9mios passariam a ser atribu\u00eddos pelo p\u00fablico, incluindo o Le\u00e3o de Ouro para a Melhor Participa\u00e7\u00e3o Nacional, o Le\u00e3o de Ouro para o Melhor Participante na Exposi\u00e7\u00e3o Internacional In Minor Keys e o Le\u00e3o de Prata para um jovem participante na exposi\u00e7\u00e3o internacional.<\/li>\n<li>Os visitantes com bilhete que tenham visitado os dois locais da Exposi\u00e7\u00e3o entre 9 de maio e 22 de novembro podem votar nos Le\u00f5es dos Visitantes, com verifica\u00e7\u00e3o pelo sistema de bilh\u00e9tica. Cada portador de bilhete pode votar uma vez por pr\u00e9mio.<\/li>\n<li>O Pavilh\u00e3o da R\u00fassia ficar\u00e1 aberto apenas na pr\u00e9-inaugura\u00e7\u00e3o (6 a 8 de maio) para profissionais e imprensa; durante o per\u00edodo oficial n\u00e3o estar\u00e1 aberto, enquanto o Pavilh\u00e3o de Israel mant\u00e9m o seu lugar, conforme atualiza\u00e7\u00e3o institucional.<\/li>\n<\/ul>\n","protected":false},"author":2,"featured_media":462879,"comment_status":"closed","ping_status":"closed","sticky":false,"template":"","format":"standard","meta":{"footnotes":""},"categories":[7375,1],"tags":[8036,7934,7756,8850,8191,8035],"class_list":["post-462874","post","type-post","status-publish","format-standard","has-post-thumbnail","hentry","category-cultura","category-noticias","tag-_arte","tag-_conflitos-internacionais","tag-_cultura","tag-_geopolitica","tag-_israel","tag-_russia"],"yoast_head":"<!-- This site is optimized with the Yoast SEO plugin v27.2 - https:\/\/yoast.com\/product\/yoast-seo-wordpress\/ -->\n<title>J\u00fari da Bienal de Veneza demite-se em meio a pol\u00e9mica sobre Israel e R\u00fassia - Portal Tela Portugal<\/title>\n<meta name=\"robots\" content=\"index, follow, max-snippet:-1, max-image-preview:large, max-video-preview:-1\" \/>\n<meta property=\"og:locale\" content=\"pt_PT\" \/>\n<meta property=\"og:type\" content=\"article\" \/>\n<meta property=\"og:title\" content=\"J\u00fari da Bienal de Veneza demite-se em meio a pol\u00e9mica sobre Israel e R\u00fassia - Portal Tela Portugal\" \/>\n<meta property=\"og:description\" content=\"O j\u00fari internacional da 61.\u00aa Bienal de Arte de Veneza demitiu-se na tarde de quinta-feira, com a presid\u00eancia da curadora Solange Oliveira Farkas. A demiss\u00e3o surge dias antes do in\u00edcio da bienal e est\u00e1 relacionada com a tens\u00e3o em torno da presen\u00e7a de Israel e da R\u00fassia e com a decis\u00e3o de excluir do palmar\u00e9s artistas de pa\u00edses acusados de crimes contra a humanidade. A organiza\u00e7\u00e3o informou que os pr\u00e9mios passariam a ser atribu\u00eddos pelo p\u00fablico, incluindo o Le\u00e3o de Ouro para a Melhor Participa\u00e7\u00e3o Nacional, o Le\u00e3o de Ouro para o Melhor Participante na Exposi\u00e7\u00e3o Internacional In Minor Keys e o Le\u00e3o de Prata para um jovem participante na exposi\u00e7\u00e3o internacional. Os visitantes com bilhete que tenham visitado os dois locais da Exposi\u00e7\u00e3o entre 9 de maio e 22 de novembro podem votar nos Le\u00f5es dos Visitantes, com verifica\u00e7\u00e3o pelo sistema de bilh\u00e9tica. Cada portador de bilhete pode votar uma vez por pr\u00e9mio. O Pavilh\u00e3o da R\u00fassia ficar\u00e1 aberto apenas na pr\u00e9-inaugura\u00e7\u00e3o (6 a 8 de maio) para profissionais e imprensa; durante o per\u00edodo oficial n\u00e3o estar\u00e1 aberto, enquanto o Pavilh\u00e3o de Israel mant\u00e9m o seu lugar, conforme atualiza\u00e7\u00e3o institucional.\" \/>\n<meta property=\"og:url\" content=\"https:\/\/portaltela.pt\/noticias\/2026\/04\/30\/juri-da-bienal-de-veneza-demite-se-em-meio-a-polemica-sobre-israel-e-russia\/\" \/>\n<meta property=\"og:site_name\" content=\"Portal Tela Portugal\" \/>\n<meta property=\"article:published_time\" content=\"2026-04-30T17:47:36+00:00\" \/>\n<meta name=\"author\" content=\"Telinha\" \/>\n<meta name=\"twitter:card\" content=\"summary_large_image\" \/>\n<meta name=\"twitter:label1\" content=\"Escrito por\" \/>\n\t<meta name=\"twitter:data1\" content=\"Telinha\" \/>\n\t<meta name=\"twitter:label2\" content=\"Tempo estimado de leitura\" \/>\n\t<meta name=\"twitter:data2\" content=\"2 minutos\" \/>\n<script type=\"application\/ld+json\" class=\"yoast-schema-graph\">{\"@context\":\"https:\/\/schema.org\",\"@graph\":[{\"@type\":\"Article\",\"@id\":\"https:\/\/portaltela.pt\/noticias\/2026\/04\/30\/juri-da-bienal-de-veneza-demite-se-em-meio-a-polemica-sobre-israel-e-russia\/#article\",\"isPartOf\":{\"@id\":\"https:\/\/portaltela.pt\/noticias\/2026\/04\/30\/juri-da-bienal-de-veneza-demite-se-em-meio-a-polemica-sobre-israel-e-russia\/\"},\"author\":{\"name\":\"Telinha\",\"@id\":\"https:\/\/portaltela.pt\/#\/schema\/person\/c4278d4a6028830caff9ee44b42d32ed\"},\"headline\":\"J\u00fari da Bienal de Veneza demite-se em meio a pol\u00e9mica sobre Israel e R\u00fassia\",\"datePublished\":\"2026-04-30T17:47:36+00:00\",\"mainEntityOfPage\":{\"@id\":\"https:\/\/portaltela.pt\/noticias\/2026\/04\/30\/juri-da-bienal-de-veneza-demite-se-em-meio-a-polemica-sobre-israel-e-russia\/\"},\"wordCount\":352,\"image\":{\"@id\":\"https:\/\/portaltela.pt\/noticias\/2026\/04\/30\/juri-da-bienal-de-veneza-demite-se-em-meio-a-polemica-sobre-israel-e-russia\/#primaryimage\"},\"thumbnailUrl\":\"https:\/\/portaltela.pt\/s.01k8rhncp4jt1\/2026\/04\/2085344.jpg\",\"keywords\":[\"_arte\",\"_conflitos internacionais\",\"_cultura\",\"_geopol\u00edtica\",\"_Israel\",\"_R\u00fassia\"],\"articleSection\":[\"Cultura\",\"Not\u00edcias\"],\"inLanguage\":\"pt-PT\"},{\"@type\":\"WebPage\",\"@id\":\"https:\/\/portaltela.pt\/noticias\/2026\/04\/30\/juri-da-bienal-de-veneza-demite-se-em-meio-a-polemica-sobre-israel-e-russia\/\",\"url\":\"https:\/\/portaltela.pt\/noticias\/2026\/04\/30\/juri-da-bienal-de-veneza-demite-se-em-meio-a-polemica-sobre-israel-e-russia\/\",\"name\":\"J\u00fari da Bienal de Veneza demite-se em meio a pol\u00e9mica sobre Israel e R\u00fassia - Portal Tela Portugal\",\"isPartOf\":{\"@id\":\"https:\/\/portaltela.pt\/#website\"},\"primaryImageOfPage\":{\"@id\":\"https:\/\/portaltela.pt\/noticias\/2026\/04\/30\/juri-da-bienal-de-veneza-demite-se-em-meio-a-polemica-sobre-israel-e-russia\/#primaryimage\"},\"image\":{\"@id\":\"https:\/\/portaltela.pt\/noticias\/2026\/04\/30\/juri-da-bienal-de-veneza-demite-se-em-meio-a-polemica-sobre-israel-e-russia\/#primaryimage\"},\"thumbnailUrl\":\"https:\/\/portaltela.pt\/s.01k8rhncp4jt1\/2026\/04\/2085344.jpg\",\"datePublished\":\"2026-04-30T17:47:36+00:00\",\"author\":{\"@id\":\"https:\/\/portaltela.pt\/#\/schema\/person\/c4278d4a6028830caff9ee44b42d32ed\"},\"breadcrumb\":{\"@id\":\"https:\/\/portaltela.pt\/noticias\/2026\/04\/30\/juri-da-bienal-de-veneza-demite-se-em-meio-a-polemica-sobre-israel-e-russia\/#breadcrumb\"},\"inLanguage\":\"pt-PT\",\"potentialAction\":[{\"@type\":\"ReadAction\",\"target\":[\"https:\/\/portaltela.pt\/noticias\/2026\/04\/30\/juri-da-bienal-de-veneza-demite-se-em-meio-a-polemica-sobre-israel-e-russia\/\"]}]},{\"@type\":\"ImageObject\",\"inLanguage\":\"pt-PT\",\"@id\":\"https:\/\/portaltela.pt\/noticias\/2026\/04\/30\/juri-da-bienal-de-veneza-demite-se-em-meio-a-polemica-sobre-israel-e-russia\/#primaryimage\",\"url\":\"https:\/\/portaltela.pt\/s.01k8rhncp4jt1\/2026\/04\/2085344.jpg\",\"contentUrl\":\"https:\/\/portaltela.pt\/s.01k8rhncp4jt1\/2026\/04\/2085344.jpg\",\"width\":796,\"height\":448,\"caption\":\"Pavilh\u00e3o de Israel na Bienal de Veneza de 2024 encerrou no pr\u00f3prio dia da inaugura\u00e7\u00e3o\"},{\"@type\":\"BreadcrumbList\",\"@id\":\"https:\/\/portaltela.pt\/noticias\/2026\/04\/30\/juri-da-bienal-de-veneza-demite-se-em-meio-a-polemica-sobre-israel-e-russia\/#breadcrumb\",\"itemListElement\":[{\"@type\":\"ListItem\",\"position\":1,\"name\":\"In\u00edcio\",\"item\":\"https:\/\/portaltela.pt\/\"},{\"@type\":\"ListItem\",\"position\":2,\"name\":\"J\u00fari da Bienal de Veneza demite-se em meio a pol\u00e9mica sobre Israel e R\u00fassia\"}]},{\"@type\":\"WebSite\",\"@id\":\"https:\/\/portaltela.pt\/#website\",\"url\":\"https:\/\/portaltela.pt\/\",\"name\":\"Portal Tela Portugal\",\"description\":\"\",\"potentialAction\":[{\"@type\":\"SearchAction\",\"target\":{\"@type\":\"EntryPoint\",\"urlTemplate\":\"https:\/\/portaltela.pt\/?s={search_term_string}\"},\"query-input\":{\"@type\":\"PropertyValueSpecification\",\"valueRequired\":true,\"valueName\":\"search_term_string\"}}],\"inLanguage\":\"pt-PT\"},{\"@type\":\"Person\",\"@id\":\"https:\/\/portaltela.pt\/#\/schema\/person\/c4278d4a6028830caff9ee44b42d32ed\",\"name\":\"Telinha\",\"image\":{\"@type\":\"ImageObject\",\"inLanguage\":\"pt-PT\",\"@id\":\"https:\/\/portaltela.pt\/s.01k8rhncp4jt1\/2025\/11\/talking-bot-125x125.png\",\"url\":\"https:\/\/portaltela.pt\/s.01k8rhncp4jt1\/2025\/11\/talking-bot-125x125.png\",\"contentUrl\":\"https:\/\/portaltela.pt\/s.01k8rhncp4jt1\/2025\/11\/talking-bot-125x125.png\",\"caption\":\"Telinha\"},\"sameAs\":[\"https:\/\/portaltela.pt\/\"],\"url\":\"https:\/\/portaltela.pt\/por\/367410592786\/\"}]}<\/script>\n<!-- \/ Yoast SEO plugin. -->","yoast_head_json":{"title":"J\u00fari da Bienal de Veneza demite-se em meio a pol\u00e9mica sobre Israel e R\u00fassia - Portal Tela Portugal","robots":{"index":"index","follow":"follow","max-snippet":"max-snippet:-1","max-image-preview":"max-image-preview:large","max-video-preview":"max-video-preview:-1"},"og_locale":"pt_PT","og_type":"article","og_title":"J\u00fari da Bienal de Veneza demite-se em meio a pol\u00e9mica sobre Israel e R\u00fassia - Portal Tela Portugal","og_description":"O j\u00fari internacional da 61.\u00aa Bienal de Arte de Veneza demitiu-se na tarde de quinta-feira, com a presid\u00eancia da curadora Solange Oliveira Farkas. A demiss\u00e3o surge dias antes do in\u00edcio da bienal e est\u00e1 relacionada com a tens\u00e3o em torno da presen\u00e7a de Israel e da R\u00fassia e com a decis\u00e3o de excluir do palmar\u00e9s artistas de pa\u00edses acusados de crimes contra a humanidade. A organiza\u00e7\u00e3o informou que os pr\u00e9mios passariam a ser atribu\u00eddos pelo p\u00fablico, incluindo o Le\u00e3o de Ouro para a Melhor Participa\u00e7\u00e3o Nacional, o Le\u00e3o de Ouro para o Melhor Participante na Exposi\u00e7\u00e3o Internacional In Minor Keys e o Le\u00e3o de Prata para um jovem participante na exposi\u00e7\u00e3o internacional. Os visitantes com bilhete que tenham visitado os dois locais da Exposi\u00e7\u00e3o entre 9 de maio e 22 de novembro podem votar nos Le\u00f5es dos Visitantes, com verifica\u00e7\u00e3o pelo sistema de bilh\u00e9tica. Cada portador de bilhete pode votar uma vez por pr\u00e9mio. O Pavilh\u00e3o da R\u00fassia ficar\u00e1 aberto apenas na pr\u00e9-inaugura\u00e7\u00e3o (6 a 8 de maio) para profissionais e imprensa; durante o per\u00edodo oficial n\u00e3o estar\u00e1 aberto, enquanto o Pavilh\u00e3o de Israel mant\u00e9m o seu lugar, conforme atualiza\u00e7\u00e3o institucional.","og_url":"https:\/\/portaltela.pt\/noticias\/2026\/04\/30\/juri-da-bienal-de-veneza-demite-se-em-meio-a-polemica-sobre-israel-e-russia\/","og_site_name":"Portal Tela Portugal","article_published_time":"2026-04-30T17:47:36+00:00","author":"Telinha","twitter_card":"summary_large_image","twitter_misc":{"Escrito por":"Telinha","Tempo estimado de leitura":"2 minutos"},"schema":{"@context":"https:\/\/schema.org","@graph":[{"@type":"Article","@id":"https:\/\/portaltela.pt\/noticias\/2026\/04\/30\/juri-da-bienal-de-veneza-demite-se-em-meio-a-polemica-sobre-israel-e-russia\/#article","isPartOf":{"@id":"https:\/\/portaltela.pt\/noticias\/2026\/04\/30\/juri-da-bienal-de-veneza-demite-se-em-meio-a-polemica-sobre-israel-e-russia\/"},"author":{"name":"Telinha","@id":"https:\/\/portaltela.pt\/#\/schema\/person\/c4278d4a6028830caff9ee44b42d32ed"},"headline":"J\u00fari da Bienal de Veneza demite-se em meio a pol\u00e9mica sobre Israel e R\u00fassia","datePublished":"2026-04-30T17:47:36+00:00","mainEntityOfPage":{"@id":"https:\/\/portaltela.pt\/noticias\/2026\/04\/30\/juri-da-bienal-de-veneza-demite-se-em-meio-a-polemica-sobre-israel-e-russia\/"},"wordCount":352,"image":{"@id":"https:\/\/portaltela.pt\/noticias\/2026\/04\/30\/juri-da-bienal-de-veneza-demite-se-em-meio-a-polemica-sobre-israel-e-russia\/#primaryimage"},"thumbnailUrl":"https:\/\/portaltela.pt\/s.01k8rhncp4jt1\/2026\/04\/2085344.jpg","keywords":["_arte","_conflitos internacionais","_cultura","_geopol\u00edtica","_Israel","_R\u00fassia"],"articleSection":["Cultura","Not\u00edcias"],"inLanguage":"pt-PT"},{"@type":"WebPage","@id":"https:\/\/portaltela.pt\/noticias\/2026\/04\/30\/juri-da-bienal-de-veneza-demite-se-em-meio-a-polemica-sobre-israel-e-russia\/","url":"https:\/\/portaltela.pt\/noticias\/2026\/04\/30\/juri-da-bienal-de-veneza-demite-se-em-meio-a-polemica-sobre-israel-e-russia\/","name":"J\u00fari da Bienal de Veneza demite-se em meio a pol\u00e9mica sobre Israel e R\u00fassia - Portal Tela Portugal","isPartOf":{"@id":"https:\/\/portaltela.pt\/#website"},"primaryImageOfPage":{"@id":"https:\/\/portaltela.pt\/noticias\/2026\/04\/30\/juri-da-bienal-de-veneza-demite-se-em-meio-a-polemica-sobre-israel-e-russia\/#primaryimage"},"image":{"@id":"https:\/\/portaltela.pt\/noticias\/2026\/04\/30\/juri-da-bienal-de-veneza-demite-se-em-meio-a-polemica-sobre-israel-e-russia\/#primaryimage"},"thumbnailUrl":"https:\/\/portaltela.pt\/s.01k8rhncp4jt1\/2026\/04\/2085344.jpg","datePublished":"2026-04-30T17:47:36+00:00","author":{"@id":"https:\/\/portaltela.pt\/#\/schema\/person\/c4278d4a6028830caff9ee44b42d32ed"},"breadcrumb":{"@id":"https:\/\/portaltela.pt\/noticias\/2026\/04\/30\/juri-da-bienal-de-veneza-demite-se-em-meio-a-polemica-sobre-israel-e-russia\/#breadcrumb"},"inLanguage":"pt-PT","potentialAction":[{"@type":"ReadAction","target":["https:\/\/portaltela.pt\/noticias\/2026\/04\/30\/juri-da-bienal-de-veneza-demite-se-em-meio-a-polemica-sobre-israel-e-russia\/"]}]},{"@type":"ImageObject","inLanguage":"pt-PT","@id":"https:\/\/portaltela.pt\/noticias\/2026\/04\/30\/juri-da-bienal-de-veneza-demite-se-em-meio-a-polemica-sobre-israel-e-russia\/#primaryimage","url":"https:\/\/portaltela.pt\/s.01k8rhncp4jt1\/2026\/04\/2085344.jpg","contentUrl":"https:\/\/portaltela.pt\/s.01k8rhncp4jt1\/2026\/04\/2085344.jpg","width":796,"height":448,"caption":"Pavilh\u00e3o de Israel na Bienal de Veneza de 2024 encerrou no pr\u00f3prio dia da inaugura\u00e7\u00e3o"},{"@type":"BreadcrumbList","@id":"https:\/\/portaltela.pt\/noticias\/2026\/04\/30\/juri-da-bienal-de-veneza-demite-se-em-meio-a-polemica-sobre-israel-e-russia\/#breadcrumb","itemListElement":[{"@type":"ListItem","position":1,"name":"In\u00edcio","item":"https:\/\/portaltela.pt\/"},{"@type":"ListItem","position":2,"name":"J\u00fari da Bienal de Veneza demite-se em meio a pol\u00e9mica sobre Israel e R\u00fassia"}]},{"@type":"WebSite","@id":"https:\/\/portaltela.pt\/#website","url":"https:\/\/portaltela.pt\/","name":"Portal Tela Portugal","description":"","potentialAction":[{"@type":"SearchAction","target":{"@type":"EntryPoint","urlTemplate":"https:\/\/portaltela.pt\/?s={search_term_string}"},"query-input":{"@type":"PropertyValueSpecification","valueRequired":true,"valueName":"search_term_string"}}],"inLanguage":"pt-PT"},{"@type":"Person","@id":"https:\/\/portaltela.pt\/#\/schema\/person\/c4278d4a6028830caff9ee44b42d32ed","name":"Telinha","image":{"@type":"ImageObject","inLanguage":"pt-PT","@id":"https:\/\/portaltela.pt\/s.01k8rhncp4jt1\/2025\/11\/talking-bot-125x125.png","url":"https:\/\/portaltela.pt\/s.01k8rhncp4jt1\/2025\/11\/talking-bot-125x125.png","contentUrl":"https:\/\/portaltela.pt\/s.01k8rhncp4jt1\/2025\/11\/talking-bot-125x125.png","caption":"Telinha"},"sameAs":["https:\/\/portaltela.pt\/"],"url":"https:\/\/portaltela.pt\/por\/367410592786\/"}]}},"_links":{"self":[{"href":"https:\/\/portaltela.pt\/api\/wp\/v2\/posts\/462874","targetHints":{"allow":["GET"]}}],"collection":[{"href":"https:\/\/portaltela.pt\/api\/wp\/v2\/posts"}],"about":[{"href":"https:\/\/portaltela.pt\/api\/wp\/v2\/types\/post"}],"author":[{"embeddable":true,"href":"https:\/\/portaltela.pt\/api\/wp\/v2\/users\/2"}],"replies":[{"embeddable":true,"href":"https:\/\/portaltela.pt\/api\/wp\/v2\/comments?post=462874"}],"version-history":[{"count":0,"href":"https:\/\/portaltela.pt\/api\/wp\/v2\/posts\/462874\/revisions"}],"wp:featuredmedia":[{"embeddable":true,"href":"https:\/\/portaltela.pt\/api\/wp\/v2\/media\/462879"}],"wp:attachment":[{"href":"https:\/\/portaltela.pt\/api\/wp\/v2\/media?parent=462874"}],"wp:term":[{"taxonomy":"category","embeddable":true,"href":"https:\/\/portaltela.pt\/api\/wp\/v2\/categories?post=462874"},{"taxonomy":"post_tag","embeddable":true,"href":"https:\/\/portaltela.pt\/api\/wp\/v2\/tags?post=462874"}],"curies":[{"name":"wp","href":"https:\/\/api.w.org\/{rel}","templated":true}]}}