{"id":462873,"date":"2026-04-30T14:47:33","date_gmt":"2026-04-30T17:47:33","guid":{"rendered":"https:\/\/portaltela.pt\/noticias\/2026\/04\/30\/governo-escolhe-macario-correia-para-liderar-empresa-da-estrategia-agua-que-une\/"},"modified":"2026-04-30T14:47:33","modified_gmt":"2026-04-30T17:47:33","slug":"governo-escolhe-macario-correia-para-liderar-empresa-da-estrategia-agua-que-une","status":"publish","type":"post","link":"https:\/\/portaltela.pt\/noticias\/2026\/04\/30\/governo-escolhe-macario-correia-para-liderar-empresa-da-estrategia-agua-que-une\/","title":{"rendered":"Governo escolhe Mac\u00e1rio Correia para liderar empresa da estrat\u00e9gia \u00c1gua que Une"},"content":{"rendered":"<p>O Governo escolheu Mac\u00e1rio Correia para liderar a Aqua SA, a empresa que vai gerir e executar os projetos da estrat\u00e9gia &#8220;\u00c1gua que Une&#8221;. A nomea\u00e7\u00e3o foi anunciada pelo primeiro-ministro, Lu\u00eds Montenegro.<\/p>\n<p>A confirma\u00e7\u00e3o ocorreu no final da reuni\u00e3o do Conselho de Ministros, realizada hoje na Ovibeja, em Beja. A decis\u00e3o envolve a gest\u00e3o de um conjunto de iniciativas no setor da \u00e1gua.<\/p>\n<p>A cria\u00e7\u00e3o da empresa j\u00e1 tinha sido anunciada no in\u00edcio de outubro pela ministra do Ambiente e Energia. Correia, antigo autarca e governante, assume a lideran\u00e7a da nova estrutura.<\/p>\n<h3>Contexto<\/h3>\n<p>A Aqua SA fica respons\u00e1vel por coordenar e implementar os projetos previstos na estrat\u00e9gia nacional. O objetivo \u00e9 assegurar a gest\u00e3o integrada de recursos h\u00eddricos e infraestrutura associada.<\/p>\n<h3>Atribui\u00e7\u00f5es e impacto<\/h3>\n<p>Segundo o Governo, a empresa dever\u00e1 assegurar execu\u00e7\u00e3o, monitoriza\u00e7\u00e3o e accountability dos projetos. As pr\u00f3ximas fases contemplam defini\u00e7\u00e3o de cronogramas e or\u00e7amentos para as a\u00e7\u00f5es planeadas.<\/p>\n","protected":false},"excerpt":{"rendered":"<ul>\n<li>O Governo indicou Mac\u00e1rio Correia para liderar a Aqua SA, a empresa que vai gerir os projetos da estrat\u00e9gia &#8220;\u00c1gua que Une&#8221;.<\/li>\n<li>A decis\u00e3o foi anunciada pelo primeiro-ministro, Lu\u00eds Montenegro, no final da reuni\u00e3o do Conselho de Ministros realizada em Ovibeja, Beja.<\/li>\n<li>A Aqua SA ficar\u00e1 encarregue de gerir e executar os projetos ligados \u00e0 estrat\u00e9gia h\u00eddrica.<\/li>\n<li>A cria\u00e7\u00e3o da empresa j\u00e1 tinha sido anunciada no in\u00edcio de outubro pela ministra do Ambiente e Energia.<\/li>\n<\/ul>\n","protected":false},"author":2,"featured_media":462878,"comment_status":"closed","ping_status":"closed","sticky":false,"template":"","format":"standard","meta":{"footnotes":""},"categories":[6725,1],"tags":[8922,7923,8238,8994,7952,8313],"class_list":["post-462873","post","type-post","status-publish","format-standard","has-post-thumbnail","hentry","category-meio-ambiente","category-noticias","tag-_abastecimento-de-agua","tag-_agua","tag-_ambiente","tag-_gestao-de-recursos-hidricos","tag-_governo","tag-_infraestruturas"],"yoast_head":"<!-- This site is optimized with the Yoast SEO plugin v27.2 - https:\/\/yoast.com\/product\/yoast-seo-wordpress\/ -->\n<title>Governo escolhe Mac\u00e1rio Correia para liderar empresa da estrat\u00e9gia \u00c1gua que Une - Portal Tela Portugal<\/title>\n<meta name=\"robots\" content=\"index, follow, max-snippet:-1, max-image-preview:large, max-video-preview:-1\" \/>\n<meta property=\"og:locale\" content=\"pt_PT\" \/>\n<meta property=\"og:type\" content=\"article\" \/>\n<meta property=\"og:title\" content=\"Governo escolhe Mac\u00e1rio Correia para liderar empresa da estrat\u00e9gia \u00c1gua que Une - Portal Tela Portugal\" \/>\n<meta property=\"og:description\" content=\"O Governo indicou Mac\u00e1rio Correia para liderar a Aqua SA, a empresa que vai gerir os projetos da estrat\u00e9gia &quot;\u00c1gua que Une&quot;. A decis\u00e3o foi anunciada pelo primeiro-ministro, Lu\u00eds Montenegro, no final da reuni\u00e3o do Conselho de Ministros realizada em Ovibeja, Beja. A Aqua SA ficar\u00e1 encarregue de gerir e executar os projetos ligados \u00e0 estrat\u00e9gia h\u00eddrica. A cria\u00e7\u00e3o da empresa j\u00e1 tinha sido anunciada no in\u00edcio de outubro pela ministra do Ambiente e Energia.\" \/>\n<meta property=\"og:url\" content=\"https:\/\/portaltela.pt\/noticias\/2026\/04\/30\/governo-escolhe-macario-correia-para-liderar-empresa-da-estrategia-agua-que-une\/\" \/>\n<meta property=\"og:site_name\" content=\"Portal Tela Portugal\" \/>\n<meta property=\"article:published_time\" content=\"2026-04-30T17:47:33+00:00\" \/>\n<meta name=\"author\" content=\"Telinha\" \/>\n<meta name=\"twitter:card\" content=\"summary_large_image\" \/>\n<meta name=\"twitter:label1\" content=\"Escrito por\" \/>\n\t<meta name=\"twitter:data1\" content=\"Telinha\" \/>\n\t<meta name=\"twitter:label2\" content=\"Tempo estimado de leitura\" \/>\n\t<meta name=\"twitter:data2\" content=\"1 minuto\" \/>\n<script type=\"application\/ld+json\" class=\"yoast-schema-graph\">{\"@context\":\"https:\/\/schema.org\",\"@graph\":[{\"@type\":\"Article\",\"@id\":\"https:\/\/portaltela.pt\/noticias\/2026\/04\/30\/governo-escolhe-macario-correia-para-liderar-empresa-da-estrategia-agua-que-une\/#article\",\"isPartOf\":{\"@id\":\"https:\/\/portaltela.pt\/noticias\/2026\/04\/30\/governo-escolhe-macario-correia-para-liderar-empresa-da-estrategia-agua-que-une\/\"},\"author\":{\"name\":\"Telinha\",\"@id\":\"https:\/\/portaltela.pt\/#\/schema\/person\/c4278d4a6028830caff9ee44b42d32ed\"},\"headline\":\"Governo escolhe Mac\u00e1rio Correia para liderar empresa da estrat\u00e9gia \u00c1gua que Une\",\"datePublished\":\"2026-04-30T17:47:33+00:00\",\"mainEntityOfPage\":{\"@id\":\"https:\/\/portaltela.pt\/noticias\/2026\/04\/30\/governo-escolhe-macario-correia-para-liderar-empresa-da-estrategia-agua-que-une\/\"},\"wordCount\":185,\"image\":{\"@id\":\"https:\/\/portaltela.pt\/noticias\/2026\/04\/30\/governo-escolhe-macario-correia-para-liderar-empresa-da-estrategia-agua-que-une\/#primaryimage\"},\"thumbnailUrl\":\"https:\/\/portaltela.pt\/s.01k8rhncp4jt1\/2026\/04\/img_1500x1000uu2017-12-18-00-40-00-693640.jpg\",\"keywords\":[\"_abastecimento de \u00e1gua\",\"_\u00e1gua\",\"_ambiente\",\"_gest\u00e3o de recursos h\u00eddricos\",\"_governo\",\"_infraestruturas\"],\"articleSection\":[\"Meio Ambiente\",\"Not\u00edcias\"],\"inLanguage\":\"pt-PT\"},{\"@type\":\"WebPage\",\"@id\":\"https:\/\/portaltela.pt\/noticias\/2026\/04\/30\/governo-escolhe-macario-correia-para-liderar-empresa-da-estrategia-agua-que-une\/\",\"url\":\"https:\/\/portaltela.pt\/noticias\/2026\/04\/30\/governo-escolhe-macario-correia-para-liderar-empresa-da-estrategia-agua-que-une\/\",\"name\":\"Governo escolhe Mac\u00e1rio Correia para liderar empresa da estrat\u00e9gia \u00c1gua que Une - Portal Tela Portugal\",\"isPartOf\":{\"@id\":\"https:\/\/portaltela.pt\/#website\"},\"primaryImageOfPage\":{\"@id\":\"https:\/\/portaltela.pt\/noticias\/2026\/04\/30\/governo-escolhe-macario-correia-para-liderar-empresa-da-estrategia-agua-que-une\/#primaryimage\"},\"image\":{\"@id\":\"https:\/\/portaltela.pt\/noticias\/2026\/04\/30\/governo-escolhe-macario-correia-para-liderar-empresa-da-estrategia-agua-que-une\/#primaryimage\"},\"thumbnailUrl\":\"https:\/\/portaltela.pt\/s.01k8rhncp4jt1\/2026\/04\/img_1500x1000uu2017-12-18-00-40-00-693640.jpg\",\"datePublished\":\"2026-04-30T17:47:33+00:00\",\"author\":{\"@id\":\"https:\/\/portaltela.pt\/#\/schema\/person\/c4278d4a6028830caff9ee44b42d32ed\"},\"breadcrumb\":{\"@id\":\"https:\/\/portaltela.pt\/noticias\/2026\/04\/30\/governo-escolhe-macario-correia-para-liderar-empresa-da-estrategia-agua-que-une\/#breadcrumb\"},\"inLanguage\":\"pt-PT\",\"potentialAction\":[{\"@type\":\"ReadAction\",\"target\":[\"https:\/\/portaltela.pt\/noticias\/2026\/04\/30\/governo-escolhe-macario-correia-para-liderar-empresa-da-estrategia-agua-que-une\/\"]}]},{\"@type\":\"ImageObject\",\"inLanguage\":\"pt-PT\",\"@id\":\"https:\/\/portaltela.pt\/noticias\/2026\/04\/30\/governo-escolhe-macario-correia-para-liderar-empresa-da-estrategia-agua-que-une\/#primaryimage\",\"url\":\"https:\/\/portaltela.pt\/s.01k8rhncp4jt1\/2026\/04\/img_1500x1000uu2017-12-18-00-40-00-693640.jpg\",\"contentUrl\":\"https:\/\/portaltela.pt\/s.01k8rhncp4jt1\/2026\/04\/img_1500x1000uu2017-12-18-00-40-00-693640.jpg\",\"width\":796,\"height\":448,\"caption\":\"Mac\u00e1rio Correia\"},{\"@type\":\"BreadcrumbList\",\"@id\":\"https:\/\/portaltela.pt\/noticias\/2026\/04\/30\/governo-escolhe-macario-correia-para-liderar-empresa-da-estrategia-agua-que-une\/#breadcrumb\",\"itemListElement\":[{\"@type\":\"ListItem\",\"position\":1,\"name\":\"In\u00edcio\",\"item\":\"https:\/\/portaltela.pt\/\"},{\"@type\":\"ListItem\",\"position\":2,\"name\":\"Governo escolhe Mac\u00e1rio Correia para liderar empresa da estrat\u00e9gia \u00c1gua que Une\"}]},{\"@type\":\"WebSite\",\"@id\":\"https:\/\/portaltela.pt\/#website\",\"url\":\"https:\/\/portaltela.pt\/\",\"name\":\"Portal Tela Portugal\",\"description\":\"\",\"potentialAction\":[{\"@type\":\"SearchAction\",\"target\":{\"@type\":\"EntryPoint\",\"urlTemplate\":\"https:\/\/portaltela.pt\/?s={search_term_string}\"},\"query-input\":{\"@type\":\"PropertyValueSpecification\",\"valueRequired\":true,\"valueName\":\"search_term_string\"}}],\"inLanguage\":\"pt-PT\"},{\"@type\":\"Person\",\"@id\":\"https:\/\/portaltela.pt\/#\/schema\/person\/c4278d4a6028830caff9ee44b42d32ed\",\"name\":\"Telinha\",\"image\":{\"@type\":\"ImageObject\",\"inLanguage\":\"pt-PT\",\"@id\":\"https:\/\/portaltela.pt\/s.01k8rhncp4jt1\/2025\/11\/talking-bot-125x125.png\",\"url\":\"https:\/\/portaltela.pt\/s.01k8rhncp4jt1\/2025\/11\/talking-bot-125x125.png\",\"contentUrl\":\"https:\/\/portaltela.pt\/s.01k8rhncp4jt1\/2025\/11\/talking-bot-125x125.png\",\"caption\":\"Telinha\"},\"sameAs\":[\"https:\/\/portaltela.pt\/\"],\"url\":\"https:\/\/portaltela.pt\/por\/367410592786\/\"}]}<\/script>\n<!-- \/ Yoast SEO plugin. -->","yoast_head_json":{"title":"Governo escolhe Mac\u00e1rio Correia para liderar empresa da estrat\u00e9gia \u00c1gua que Une - Portal Tela Portugal","robots":{"index":"index","follow":"follow","max-snippet":"max-snippet:-1","max-image-preview":"max-image-preview:large","max-video-preview":"max-video-preview:-1"},"og_locale":"pt_PT","og_type":"article","og_title":"Governo escolhe Mac\u00e1rio Correia para liderar empresa da estrat\u00e9gia \u00c1gua que Une - Portal Tela Portugal","og_description":"O Governo indicou Mac\u00e1rio Correia para liderar a Aqua SA, a empresa que vai gerir os projetos da estrat\u00e9gia \"\u00c1gua que Une\". A decis\u00e3o foi anunciada pelo primeiro-ministro, Lu\u00eds Montenegro, no final da reuni\u00e3o do Conselho de Ministros realizada em Ovibeja, Beja. A Aqua SA ficar\u00e1 encarregue de gerir e executar os projetos ligados \u00e0 estrat\u00e9gia h\u00eddrica. A cria\u00e7\u00e3o da empresa j\u00e1 tinha sido anunciada no in\u00edcio de outubro pela ministra do Ambiente e Energia.","og_url":"https:\/\/portaltela.pt\/noticias\/2026\/04\/30\/governo-escolhe-macario-correia-para-liderar-empresa-da-estrategia-agua-que-une\/","og_site_name":"Portal Tela Portugal","article_published_time":"2026-04-30T17:47:33+00:00","author":"Telinha","twitter_card":"summary_large_image","twitter_misc":{"Escrito por":"Telinha","Tempo estimado de leitura":"1 minuto"},"schema":{"@context":"https:\/\/schema.org","@graph":[{"@type":"Article","@id":"https:\/\/portaltela.pt\/noticias\/2026\/04\/30\/governo-escolhe-macario-correia-para-liderar-empresa-da-estrategia-agua-que-une\/#article","isPartOf":{"@id":"https:\/\/portaltela.pt\/noticias\/2026\/04\/30\/governo-escolhe-macario-correia-para-liderar-empresa-da-estrategia-agua-que-une\/"},"author":{"name":"Telinha","@id":"https:\/\/portaltela.pt\/#\/schema\/person\/c4278d4a6028830caff9ee44b42d32ed"},"headline":"Governo escolhe Mac\u00e1rio Correia para liderar empresa da estrat\u00e9gia \u00c1gua que Une","datePublished":"2026-04-30T17:47:33+00:00","mainEntityOfPage":{"@id":"https:\/\/portaltela.pt\/noticias\/2026\/04\/30\/governo-escolhe-macario-correia-para-liderar-empresa-da-estrategia-agua-que-une\/"},"wordCount":185,"image":{"@id":"https:\/\/portaltela.pt\/noticias\/2026\/04\/30\/governo-escolhe-macario-correia-para-liderar-empresa-da-estrategia-agua-que-une\/#primaryimage"},"thumbnailUrl":"https:\/\/portaltela.pt\/s.01k8rhncp4jt1\/2026\/04\/img_1500x1000uu2017-12-18-00-40-00-693640.jpg","keywords":["_abastecimento de \u00e1gua","_\u00e1gua","_ambiente","_gest\u00e3o de recursos h\u00eddricos","_governo","_infraestruturas"],"articleSection":["Meio Ambiente","Not\u00edcias"],"inLanguage":"pt-PT"},{"@type":"WebPage","@id":"https:\/\/portaltela.pt\/noticias\/2026\/04\/30\/governo-escolhe-macario-correia-para-liderar-empresa-da-estrategia-agua-que-une\/","url":"https:\/\/portaltela.pt\/noticias\/2026\/04\/30\/governo-escolhe-macario-correia-para-liderar-empresa-da-estrategia-agua-que-une\/","name":"Governo escolhe Mac\u00e1rio Correia para liderar empresa da estrat\u00e9gia \u00c1gua que Une - Portal Tela Portugal","isPartOf":{"@id":"https:\/\/portaltela.pt\/#website"},"primaryImageOfPage":{"@id":"https:\/\/portaltela.pt\/noticias\/2026\/04\/30\/governo-escolhe-macario-correia-para-liderar-empresa-da-estrategia-agua-que-une\/#primaryimage"},"image":{"@id":"https:\/\/portaltela.pt\/noticias\/2026\/04\/30\/governo-escolhe-macario-correia-para-liderar-empresa-da-estrategia-agua-que-une\/#primaryimage"},"thumbnailUrl":"https:\/\/portaltela.pt\/s.01k8rhncp4jt1\/2026\/04\/img_1500x1000uu2017-12-18-00-40-00-693640.jpg","datePublished":"2026-04-30T17:47:33+00:00","author":{"@id":"https:\/\/portaltela.pt\/#\/schema\/person\/c4278d4a6028830caff9ee44b42d32ed"},"breadcrumb":{"@id":"https:\/\/portaltela.pt\/noticias\/2026\/04\/30\/governo-escolhe-macario-correia-para-liderar-empresa-da-estrategia-agua-que-une\/#breadcrumb"},"inLanguage":"pt-PT","potentialAction":[{"@type":"ReadAction","target":["https:\/\/portaltela.pt\/noticias\/2026\/04\/30\/governo-escolhe-macario-correia-para-liderar-empresa-da-estrategia-agua-que-une\/"]}]},{"@type":"ImageObject","inLanguage":"pt-PT","@id":"https:\/\/portaltela.pt\/noticias\/2026\/04\/30\/governo-escolhe-macario-correia-para-liderar-empresa-da-estrategia-agua-que-une\/#primaryimage","url":"https:\/\/portaltela.pt\/s.01k8rhncp4jt1\/2026\/04\/img_1500x1000uu2017-12-18-00-40-00-693640.jpg","contentUrl":"https:\/\/portaltela.pt\/s.01k8rhncp4jt1\/2026\/04\/img_1500x1000uu2017-12-18-00-40-00-693640.jpg","width":796,"height":448,"caption":"Mac\u00e1rio Correia"},{"@type":"BreadcrumbList","@id":"https:\/\/portaltela.pt\/noticias\/2026\/04\/30\/governo-escolhe-macario-correia-para-liderar-empresa-da-estrategia-agua-que-une\/#breadcrumb","itemListElement":[{"@type":"ListItem","position":1,"name":"In\u00edcio","item":"https:\/\/portaltela.pt\/"},{"@type":"ListItem","position":2,"name":"Governo escolhe Mac\u00e1rio Correia para liderar empresa da estrat\u00e9gia \u00c1gua que Une"}]},{"@type":"WebSite","@id":"https:\/\/portaltela.pt\/#website","url":"https:\/\/portaltela.pt\/","name":"Portal Tela Portugal","description":"","potentialAction":[{"@type":"SearchAction","target":{"@type":"EntryPoint","urlTemplate":"https:\/\/portaltela.pt\/?s={search_term_string}"},"query-input":{"@type":"PropertyValueSpecification","valueRequired":true,"valueName":"search_term_string"}}],"inLanguage":"pt-PT"},{"@type":"Person","@id":"https:\/\/portaltela.pt\/#\/schema\/person\/c4278d4a6028830caff9ee44b42d32ed","name":"Telinha","image":{"@type":"ImageObject","inLanguage":"pt-PT","@id":"https:\/\/portaltela.pt\/s.01k8rhncp4jt1\/2025\/11\/talking-bot-125x125.png","url":"https:\/\/portaltela.pt\/s.01k8rhncp4jt1\/2025\/11\/talking-bot-125x125.png","contentUrl":"https:\/\/portaltela.pt\/s.01k8rhncp4jt1\/2025\/11\/talking-bot-125x125.png","caption":"Telinha"},"sameAs":["https:\/\/portaltela.pt\/"],"url":"https:\/\/portaltela.pt\/por\/367410592786\/"}]}},"_links":{"self":[{"href":"https:\/\/portaltela.pt\/api\/wp\/v2\/posts\/462873","targetHints":{"allow":["GET"]}}],"collection":[{"href":"https:\/\/portaltela.pt\/api\/wp\/v2\/posts"}],"about":[{"href":"https:\/\/portaltela.pt\/api\/wp\/v2\/types\/post"}],"author":[{"embeddable":true,"href":"https:\/\/portaltela.pt\/api\/wp\/v2\/users\/2"}],"replies":[{"embeddable":true,"href":"https:\/\/portaltela.pt\/api\/wp\/v2\/comments?post=462873"}],"version-history":[{"count":0,"href":"https:\/\/portaltela.pt\/api\/wp\/v2\/posts\/462873\/revisions"}],"wp:featuredmedia":[{"embeddable":true,"href":"https:\/\/portaltela.pt\/api\/wp\/v2\/media\/462878"}],"wp:attachment":[{"href":"https:\/\/portaltela.pt\/api\/wp\/v2\/media?parent=462873"}],"wp:term":[{"taxonomy":"category","embeddable":true,"href":"https:\/\/portaltela.pt\/api\/wp\/v2\/categories?post=462873"},{"taxonomy":"post_tag","embeddable":true,"href":"https:\/\/portaltela.pt\/api\/wp\/v2\/tags?post=462873"}],"curies":[{"name":"wp","href":"https:\/\/api.w.org\/{rel}","templated":true}]}}