{"id":462871,"date":"2026-04-30T13:11:00","date_gmt":"2026-04-30T16:11:00","guid":{"rendered":"https:\/\/portaltela.pt\/noticias\/2026\/04\/30\/caritas-de-leiria-alerta-para-atrasos-de-seguradoras-e-apoios-publicos\/"},"modified":"2026-04-30T13:11:00","modified_gmt":"2026-04-30T16:11:00","slug":"caritas-de-leiria-alerta-para-atrasos-de-seguradoras-e-apoios-publicos","status":"publish","type":"post","link":"https:\/\/portaltela.pt\/tempo\/2026\/04\/30\/caritas-de-leiria-alerta-para-atrasos-de-seguradoras-e-apoios-publicos\/","title":{"rendered":"C\u00e1ritas de Leiria alerta para atrasos de seguradoras e apoios p\u00fablicos"},"content":{"rendered":"<p>A C\u00e1ritas de Leiria alertou para atrasos no processamento de seguros e de apoios p\u00fablicos devido ao mau tempo que afectou a regi\u00e3o. A institui\u00e7\u00e3o aponta que as demoras dificultam a assist\u00eancia a fam\u00edlias em situa\u00e7\u00e3o de vulnerabilidade.<\/p>\n<p>Segundo a C\u00e1ritas, os atrasos atingem tanto as seguradoras como os mecanismos de apoio social implementados pelo Estado. A realidade pr\u00e1tica \u00e9 de espera prolongada por respostas e recursos.<\/p>\n<p>A organiza\u00e7\u00e3o n\u00e3o especifica datas, mas indica que os efeitos deste atraso se estendem a quem depende de apoios para reconstruir habita\u00e7\u00f5es ou manter rendas e servi\u00e7os b\u00e1sicos. A atua\u00e7\u00e3o visa mitigar impactos junto das comunidades.<\/p>\n<p>Conte\u00fado completo est\u00e1 dispon\u00edvel apenas para subscritores.<\/p>\n","protected":false},"excerpt":{"rendered":"<ul>\n<li>A C\u00e1ritas de Leiria emite alerta sobre atrasos por parte de seguradoras e na disponibiliza\u00e7\u00e3o de apoios p\u00fablicos, em consequ\u00eancia do mau tempo.<\/li>\n<li>A queixa \u00e9 de atraso que complica a recupera\u00e7\u00e3o de fam\u00edlias afetadas pela intemp\u00e9rie.<\/li>\n<li>O conte\u00fado completo da not\u00edcia est\u00e1 dispon\u00edvel apenas para subscritores.<\/li>\n<li>O foco \u00e9 a necessidade de rapidez na resposta de entidades privadas e p\u00fablicas para mitigar os impactos do mau tempo.<\/li>\n<\/ul>\n","protected":false},"author":2,"featured_media":462875,"comment_status":"closed","ping_status":"closed","sticky":false,"template":"","format":"standard","meta":{"footnotes":""},"categories":[1,7365],"tags":[7936,8428,8322,7922,7816,7895],"class_list":["post-462871","post","type-post","status-publish","format-standard","has-post-thumbnail","hentry","category-noticias","category-tempo","tag-_acao-social","tag-_apoio-social","tag-_assistencia-social","tag-_catastrofes-naturais","tag-_habitacao-social","tag-_seguranca-social"],"yoast_head":"<!-- This site is optimized with the Yoast SEO plugin v27.2 - https:\/\/yoast.com\/product\/yoast-seo-wordpress\/ -->\n<title>C\u00e1ritas de Leiria alerta para atrasos de seguradoras e apoios p\u00fablicos - Portal Tela Portugal<\/title>\n<meta name=\"robots\" content=\"index, follow, max-snippet:-1, max-image-preview:large, max-video-preview:-1\" \/>\n<meta property=\"og:locale\" content=\"pt_PT\" \/>\n<meta property=\"og:type\" content=\"article\" \/>\n<meta property=\"og:title\" content=\"C\u00e1ritas de Leiria alerta para atrasos de seguradoras e apoios p\u00fablicos - Portal Tela Portugal\" \/>\n<meta property=\"og:description\" content=\"A C\u00e1ritas de Leiria emite alerta sobre atrasos por parte de seguradoras e na disponibiliza\u00e7\u00e3o de apoios p\u00fablicos, em consequ\u00eancia do mau tempo. A queixa \u00e9 de atraso que complica a recupera\u00e7\u00e3o de fam\u00edlias afetadas pela intemp\u00e9rie. O conte\u00fado completo da not\u00edcia est\u00e1 dispon\u00edvel apenas para subscritores. O foco \u00e9 a necessidade de rapidez na resposta de entidades privadas e p\u00fablicas para mitigar os impactos do mau tempo.\" \/>\n<meta property=\"og:url\" content=\"https:\/\/portaltela.pt\/noticias\/2026\/04\/30\/caritas-de-leiria-alerta-para-atrasos-de-seguradoras-e-apoios-publicos\/\" \/>\n<meta property=\"og:site_name\" content=\"Portal Tela Portugal\" \/>\n<meta property=\"article:published_time\" content=\"2026-04-30T16:11:00+00:00\" \/>\n<meta name=\"author\" content=\"Telinha\" \/>\n<meta name=\"twitter:card\" content=\"summary_large_image\" \/>\n<meta name=\"twitter:label1\" content=\"Escrito por\" \/>\n\t<meta name=\"twitter:data1\" content=\"Telinha\" \/>\n\t<meta name=\"twitter:label2\" content=\"Tempo estimado de leitura\" \/>\n\t<meta name=\"twitter:data2\" content=\"1 minuto\" \/>\n<script type=\"application\/ld+json\" class=\"yoast-schema-graph\">{\"@context\":\"https:\/\/schema.org\",\"@graph\":[{\"@type\":\"Article\",\"@id\":\"https:\/\/portaltela.pt\/noticias\/2026\/04\/30\/caritas-de-leiria-alerta-para-atrasos-de-seguradoras-e-apoios-publicos\/#article\",\"isPartOf\":{\"@id\":\"https:\/\/portaltela.pt\/noticias\/2026\/04\/30\/caritas-de-leiria-alerta-para-atrasos-de-seguradoras-e-apoios-publicos\/\"},\"author\":{\"name\":\"Telinha\",\"@id\":\"https:\/\/portaltela.pt\/#\/schema\/person\/c4278d4a6028830caff9ee44b42d32ed\"},\"headline\":\"C\u00e1ritas de Leiria alerta para atrasos de seguradoras e apoios p\u00fablicos\",\"datePublished\":\"2026-04-30T16:11:00+00:00\",\"mainEntityOfPage\":{\"@id\":\"https:\/\/portaltela.pt\/noticias\/2026\/04\/30\/caritas-de-leiria-alerta-para-atrasos-de-seguradoras-e-apoios-publicos\/\"},\"wordCount\":139,\"image\":{\"@id\":\"https:\/\/portaltela.pt\/noticias\/2026\/04\/30\/caritas-de-leiria-alerta-para-atrasos-de-seguradoras-e-apoios-publicos\/#primaryimage\"},\"thumbnailUrl\":\"https:\/\/portaltela.pt\/s.01k8rhncp4jt1\/2026\/04\/CACHE_780X1200_ANALOG_WATERMARKED_46451782_4666582_29012026082936.jpg\",\"keywords\":[\"_a\u00e7\u00e3o social\",\"_apoio social\",\"_assist\u00eancia social\",\"_cat\u00e1strofes naturais\",\"_habita\u00e7\u00e3o social\",\"_seguran\u00e7a social\"],\"articleSection\":[\"Not\u00edcias\",\"Tempo\"],\"inLanguage\":\"pt-PT\"},{\"@type\":\"WebPage\",\"@id\":\"https:\/\/portaltela.pt\/noticias\/2026\/04\/30\/caritas-de-leiria-alerta-para-atrasos-de-seguradoras-e-apoios-publicos\/\",\"url\":\"https:\/\/portaltela.pt\/noticias\/2026\/04\/30\/caritas-de-leiria-alerta-para-atrasos-de-seguradoras-e-apoios-publicos\/\",\"name\":\"C\u00e1ritas de Leiria alerta para atrasos de seguradoras e apoios p\u00fablicos - Portal Tela Portugal\",\"isPartOf\":{\"@id\":\"https:\/\/portaltela.pt\/#website\"},\"primaryImageOfPage\":{\"@id\":\"https:\/\/portaltela.pt\/noticias\/2026\/04\/30\/caritas-de-leiria-alerta-para-atrasos-de-seguradoras-e-apoios-publicos\/#primaryimage\"},\"image\":{\"@id\":\"https:\/\/portaltela.pt\/noticias\/2026\/04\/30\/caritas-de-leiria-alerta-para-atrasos-de-seguradoras-e-apoios-publicos\/#primaryimage\"},\"thumbnailUrl\":\"https:\/\/portaltela.pt\/s.01k8rhncp4jt1\/2026\/04\/CACHE_780X1200_ANALOG_WATERMARKED_46451782_4666582_29012026082936.jpg\",\"datePublished\":\"2026-04-30T16:11:00+00:00\",\"author\":{\"@id\":\"https:\/\/portaltela.pt\/#\/schema\/person\/c4278d4a6028830caff9ee44b42d32ed\"},\"breadcrumb\":{\"@id\":\"https:\/\/portaltela.pt\/noticias\/2026\/04\/30\/caritas-de-leiria-alerta-para-atrasos-de-seguradoras-e-apoios-publicos\/#breadcrumb\"},\"inLanguage\":\"pt-PT\",\"potentialAction\":[{\"@type\":\"ReadAction\",\"target\":[\"https:\/\/portaltela.pt\/noticias\/2026\/04\/30\/caritas-de-leiria-alerta-para-atrasos-de-seguradoras-e-apoios-publicos\/\"]}]},{\"@type\":\"ImageObject\",\"inLanguage\":\"pt-PT\",\"@id\":\"https:\/\/portaltela.pt\/noticias\/2026\/04\/30\/caritas-de-leiria-alerta-para-atrasos-de-seguradoras-e-apoios-publicos\/#primaryimage\",\"url\":\"https:\/\/portaltela.pt\/s.01k8rhncp4jt1\/2026\/04\/CACHE_780X1200_ANALOG_WATERMARKED_46451782_4666582_29012026082936.jpg\",\"contentUrl\":\"https:\/\/portaltela.pt\/s.01k8rhncp4jt1\/2026\/04\/CACHE_780X1200_ANALOG_WATERMARKED_46451782_4666582_29012026082936.jpg\",\"width\":796,\"height\":448,\"caption\":\"Mau tempo: C\u00e1ritas de Leiria alerta para demora das seguradoras e dos apoios p\u00fablicos\"},{\"@type\":\"BreadcrumbList\",\"@id\":\"https:\/\/portaltela.pt\/noticias\/2026\/04\/30\/caritas-de-leiria-alerta-para-atrasos-de-seguradoras-e-apoios-publicos\/#breadcrumb\",\"itemListElement\":[{\"@type\":\"ListItem\",\"position\":1,\"name\":\"In\u00edcio\",\"item\":\"https:\/\/portaltela.pt\/\"},{\"@type\":\"ListItem\",\"position\":2,\"name\":\"C\u00e1ritas de Leiria alerta para atrasos de seguradoras e apoios p\u00fablicos\"}]},{\"@type\":\"WebSite\",\"@id\":\"https:\/\/portaltela.pt\/#website\",\"url\":\"https:\/\/portaltela.pt\/\",\"name\":\"Portal Tela Portugal\",\"description\":\"\",\"potentialAction\":[{\"@type\":\"SearchAction\",\"target\":{\"@type\":\"EntryPoint\",\"urlTemplate\":\"https:\/\/portaltela.pt\/?s={search_term_string}\"},\"query-input\":{\"@type\":\"PropertyValueSpecification\",\"valueRequired\":true,\"valueName\":\"search_term_string\"}}],\"inLanguage\":\"pt-PT\"},{\"@type\":\"Person\",\"@id\":\"https:\/\/portaltela.pt\/#\/schema\/person\/c4278d4a6028830caff9ee44b42d32ed\",\"name\":\"Telinha\",\"image\":{\"@type\":\"ImageObject\",\"inLanguage\":\"pt-PT\",\"@id\":\"https:\/\/portaltela.pt\/s.01k8rhncp4jt1\/2025\/11\/talking-bot-125x125.png\",\"url\":\"https:\/\/portaltela.pt\/s.01k8rhncp4jt1\/2025\/11\/talking-bot-125x125.png\",\"contentUrl\":\"https:\/\/portaltela.pt\/s.01k8rhncp4jt1\/2025\/11\/talking-bot-125x125.png\",\"caption\":\"Telinha\"},\"sameAs\":[\"https:\/\/portaltela.pt\/\"],\"url\":\"https:\/\/portaltela.pt\/por\/367410592786\/\"}]}<\/script>\n<!-- \/ Yoast SEO plugin. -->","yoast_head_json":{"title":"C\u00e1ritas de Leiria alerta para atrasos de seguradoras e apoios p\u00fablicos - Portal Tela Portugal","robots":{"index":"index","follow":"follow","max-snippet":"max-snippet:-1","max-image-preview":"max-image-preview:large","max-video-preview":"max-video-preview:-1"},"og_locale":"pt_PT","og_type":"article","og_title":"C\u00e1ritas de Leiria alerta para atrasos de seguradoras e apoios p\u00fablicos - Portal Tela Portugal","og_description":"A C\u00e1ritas de Leiria emite alerta sobre atrasos por parte de seguradoras e na disponibiliza\u00e7\u00e3o de apoios p\u00fablicos, em consequ\u00eancia do mau tempo. A queixa \u00e9 de atraso que complica a recupera\u00e7\u00e3o de fam\u00edlias afetadas pela intemp\u00e9rie. O conte\u00fado completo da not\u00edcia est\u00e1 dispon\u00edvel apenas para subscritores. O foco \u00e9 a necessidade de rapidez na resposta de entidades privadas e p\u00fablicas para mitigar os impactos do mau tempo.","og_url":"https:\/\/portaltela.pt\/noticias\/2026\/04\/30\/caritas-de-leiria-alerta-para-atrasos-de-seguradoras-e-apoios-publicos\/","og_site_name":"Portal Tela Portugal","article_published_time":"2026-04-30T16:11:00+00:00","author":"Telinha","twitter_card":"summary_large_image","twitter_misc":{"Escrito por":"Telinha","Tempo estimado de leitura":"1 minuto"},"schema":{"@context":"https:\/\/schema.org","@graph":[{"@type":"Article","@id":"https:\/\/portaltela.pt\/noticias\/2026\/04\/30\/caritas-de-leiria-alerta-para-atrasos-de-seguradoras-e-apoios-publicos\/#article","isPartOf":{"@id":"https:\/\/portaltela.pt\/noticias\/2026\/04\/30\/caritas-de-leiria-alerta-para-atrasos-de-seguradoras-e-apoios-publicos\/"},"author":{"name":"Telinha","@id":"https:\/\/portaltela.pt\/#\/schema\/person\/c4278d4a6028830caff9ee44b42d32ed"},"headline":"C\u00e1ritas de Leiria alerta para atrasos de seguradoras e apoios p\u00fablicos","datePublished":"2026-04-30T16:11:00+00:00","mainEntityOfPage":{"@id":"https:\/\/portaltela.pt\/noticias\/2026\/04\/30\/caritas-de-leiria-alerta-para-atrasos-de-seguradoras-e-apoios-publicos\/"},"wordCount":139,"image":{"@id":"https:\/\/portaltela.pt\/noticias\/2026\/04\/30\/caritas-de-leiria-alerta-para-atrasos-de-seguradoras-e-apoios-publicos\/#primaryimage"},"thumbnailUrl":"https:\/\/portaltela.pt\/s.01k8rhncp4jt1\/2026\/04\/CACHE_780X1200_ANALOG_WATERMARKED_46451782_4666582_29012026082936.jpg","keywords":["_a\u00e7\u00e3o social","_apoio social","_assist\u00eancia social","_cat\u00e1strofes naturais","_habita\u00e7\u00e3o social","_seguran\u00e7a social"],"articleSection":["Not\u00edcias","Tempo"],"inLanguage":"pt-PT"},{"@type":"WebPage","@id":"https:\/\/portaltela.pt\/noticias\/2026\/04\/30\/caritas-de-leiria-alerta-para-atrasos-de-seguradoras-e-apoios-publicos\/","url":"https:\/\/portaltela.pt\/noticias\/2026\/04\/30\/caritas-de-leiria-alerta-para-atrasos-de-seguradoras-e-apoios-publicos\/","name":"C\u00e1ritas de Leiria alerta para atrasos de seguradoras e apoios p\u00fablicos - Portal Tela Portugal","isPartOf":{"@id":"https:\/\/portaltela.pt\/#website"},"primaryImageOfPage":{"@id":"https:\/\/portaltela.pt\/noticias\/2026\/04\/30\/caritas-de-leiria-alerta-para-atrasos-de-seguradoras-e-apoios-publicos\/#primaryimage"},"image":{"@id":"https:\/\/portaltela.pt\/noticias\/2026\/04\/30\/caritas-de-leiria-alerta-para-atrasos-de-seguradoras-e-apoios-publicos\/#primaryimage"},"thumbnailUrl":"https:\/\/portaltela.pt\/s.01k8rhncp4jt1\/2026\/04\/CACHE_780X1200_ANALOG_WATERMARKED_46451782_4666582_29012026082936.jpg","datePublished":"2026-04-30T16:11:00+00:00","author":{"@id":"https:\/\/portaltela.pt\/#\/schema\/person\/c4278d4a6028830caff9ee44b42d32ed"},"breadcrumb":{"@id":"https:\/\/portaltela.pt\/noticias\/2026\/04\/30\/caritas-de-leiria-alerta-para-atrasos-de-seguradoras-e-apoios-publicos\/#breadcrumb"},"inLanguage":"pt-PT","potentialAction":[{"@type":"ReadAction","target":["https:\/\/portaltela.pt\/noticias\/2026\/04\/30\/caritas-de-leiria-alerta-para-atrasos-de-seguradoras-e-apoios-publicos\/"]}]},{"@type":"ImageObject","inLanguage":"pt-PT","@id":"https:\/\/portaltela.pt\/noticias\/2026\/04\/30\/caritas-de-leiria-alerta-para-atrasos-de-seguradoras-e-apoios-publicos\/#primaryimage","url":"https:\/\/portaltela.pt\/s.01k8rhncp4jt1\/2026\/04\/CACHE_780X1200_ANALOG_WATERMARKED_46451782_4666582_29012026082936.jpg","contentUrl":"https:\/\/portaltela.pt\/s.01k8rhncp4jt1\/2026\/04\/CACHE_780X1200_ANALOG_WATERMARKED_46451782_4666582_29012026082936.jpg","width":796,"height":448,"caption":"Mau tempo: C\u00e1ritas de Leiria alerta para demora das seguradoras e dos apoios p\u00fablicos"},{"@type":"BreadcrumbList","@id":"https:\/\/portaltela.pt\/noticias\/2026\/04\/30\/caritas-de-leiria-alerta-para-atrasos-de-seguradoras-e-apoios-publicos\/#breadcrumb","itemListElement":[{"@type":"ListItem","position":1,"name":"In\u00edcio","item":"https:\/\/portaltela.pt\/"},{"@type":"ListItem","position":2,"name":"C\u00e1ritas de Leiria alerta para atrasos de seguradoras e apoios p\u00fablicos"}]},{"@type":"WebSite","@id":"https:\/\/portaltela.pt\/#website","url":"https:\/\/portaltela.pt\/","name":"Portal Tela Portugal","description":"","potentialAction":[{"@type":"SearchAction","target":{"@type":"EntryPoint","urlTemplate":"https:\/\/portaltela.pt\/?s={search_term_string}"},"query-input":{"@type":"PropertyValueSpecification","valueRequired":true,"valueName":"search_term_string"}}],"inLanguage":"pt-PT"},{"@type":"Person","@id":"https:\/\/portaltela.pt\/#\/schema\/person\/c4278d4a6028830caff9ee44b42d32ed","name":"Telinha","image":{"@type":"ImageObject","inLanguage":"pt-PT","@id":"https:\/\/portaltela.pt\/s.01k8rhncp4jt1\/2025\/11\/talking-bot-125x125.png","url":"https:\/\/portaltela.pt\/s.01k8rhncp4jt1\/2025\/11\/talking-bot-125x125.png","contentUrl":"https:\/\/portaltela.pt\/s.01k8rhncp4jt1\/2025\/11\/talking-bot-125x125.png","caption":"Telinha"},"sameAs":["https:\/\/portaltela.pt\/"],"url":"https:\/\/portaltela.pt\/por\/367410592786\/"}]}},"_links":{"self":[{"href":"https:\/\/portaltela.pt\/api\/wp\/v2\/posts\/462871","targetHints":{"allow":["GET"]}}],"collection":[{"href":"https:\/\/portaltela.pt\/api\/wp\/v2\/posts"}],"about":[{"href":"https:\/\/portaltela.pt\/api\/wp\/v2\/types\/post"}],"author":[{"embeddable":true,"href":"https:\/\/portaltela.pt\/api\/wp\/v2\/users\/2"}],"replies":[{"embeddable":true,"href":"https:\/\/portaltela.pt\/api\/wp\/v2\/comments?post=462871"}],"version-history":[{"count":0,"href":"https:\/\/portaltela.pt\/api\/wp\/v2\/posts\/462871\/revisions"}],"wp:featuredmedia":[{"embeddable":true,"href":"https:\/\/portaltela.pt\/api\/wp\/v2\/media\/462875"}],"wp:attachment":[{"href":"https:\/\/portaltela.pt\/api\/wp\/v2\/media?parent=462871"}],"wp:term":[{"taxonomy":"category","embeddable":true,"href":"https:\/\/portaltela.pt\/api\/wp\/v2\/categories?post=462871"},{"taxonomy":"post_tag","embeddable":true,"href":"https:\/\/portaltela.pt\/api\/wp\/v2\/tags?post=462871"}],"curies":[{"name":"wp","href":"https:\/\/api.w.org\/{rel}","templated":true}]}}