{"id":462849,"date":"2026-04-30T14:18:12","date_gmt":"2026-04-30T17:18:12","guid":{"rendered":"https:\/\/portaltela.pt\/noticias\/2026\/04\/30\/recordista-mundial-da-maratona-sabastian-sawe-e-recebido-como-heroi-no-quenia\/"},"modified":"2026-04-30T14:18:12","modified_gmt":"2026-04-30T17:18:12","slug":"recordista-mundial-da-maratona-sabastian-sawe-e-recebido-como-heroi-no-quenia","status":"publish","type":"post","link":"https:\/\/portaltela.pt\/desporto\/futebol\/2026\/04\/30\/recordista-mundial-da-maratona-sabastian-sawe-e-recebido-como-heroi-no-quenia\/","title":{"rendered":"Recordista mundial da maratona Sabastian Sawe \u00e9 recebido como her\u00f3i no Qu\u00e9nia"},"content":{"rendered":"<p>Sabastian Sawe, atleta queniano, tornou-se no primeiro corredor a completar a maratona abaixo das 2 horas. O feito aconteceu em Londres, com o tempo de 1:59:30, marcando a nova melhor marca mundial. O recorde foi estabelecido a 42,195 quil\u00f3metros de dist\u00e2ncia. O corredor tem 31 anos.<\/p>\n<p>Ao regressar a Nairobi, Sawe foi recebido como her\u00f3i nacional. A cerim\u00f3nia ocorreu j\u00e1 de noite, juntamente com a presen\u00e7a do presidente William Ruto. O atleta afirmou que o feito n\u00e3o \u00e9 apenas dele, mas de todos os quenianos.<\/p>\n<p>O presidente Ruto elogiou o recorde como \u201cmomento crucial na hist\u00f3ria da resist\u00eancia humana\u201d e destacou a import\u00e2ncia de inspirar futuras gera\u00e7\u00f5es. O chefe de Estado comparou o feito \u00e0 alvorada de conquistas hist\u00f3ricas.<\/p>\n<p>Na corrida de Londres, Sawe superou o antigo recorde mundial de 2:00:35, detido por Kelvin Kiptum desde outubro de 2023. A prova contou ainda com Yomif Kejelcha, que terminou em 1:59:41, completando o p\u00f3dio com Jacob Kiplimo em 2:00:28.<\/p>\n<p>Contexto desportivo e controlo antidopagem<\/p>\n<p>O Qu\u00e9nia domina as provas de longa dist\u00e2ncia, mas enfrenta hist\u00f3rico de controv\u00e9rsias em dopagem. Entre atletas de destaque suspensos, figuram antigos vencedores da maratona de Londres. A ag\u00eancia nacional de dopagem foi considerada n\u00e3o conforme pela WADA em 2025.<\/p>\n<p>Para dissipar d\u00favidas, Sawe submeteu-se a um regime rigoroso de controlos antidopagem. O atleta realizou 25 exames antes da maratona de Berlim em setembro de 2025, a qual venceu sem baixar das duas horas.<\/p>\n","protected":false},"excerpt":{"rendered":"<ul>\n<li>Sabastian Sawe tornou-se o primeiro corredor a completar a maratona em menos de duas horas, marcando 01:59.30 na prova de Londres.<\/li>\n<li>O atleta queniano, de 31 anos, foi recebido em Nairobi como her\u00f3i nacional, com o presidente William Ruto a elogiar o feito.<\/li>\n<li>O ritmo abaixo de duas horas ocorreu numa corrida disputada, com Yomif Kejelcha a terminar em 01:59.41 e Jacob Kiplimo em 02:00.28.<\/li>\n<li>Sawe j\u00e1 tinha vencido em Londres em 2025 e tinha como melhor marca pessoal 02:02.05 antes de bater o recorde mundial, que era de 02:00.35, detido por Kelvin Kiptum.<\/li>\n<li>O Qu\u00e9nia, pot\u00eancia em provas de dist\u00e2ncia, tem enfrentado controv\u00e9rsias de doping no passado; Sawe realizou controles rigorosos antes da maratona de Berlim, em setembro de 2025.<\/li>\n<\/ul>\n","protected":false},"author":2,"featured_media":462854,"comment_status":"closed","ping_status":"closed","sticky":false,"template":"","format":"standard","meta":{"footnotes":""},"categories":[21,24],"tags":[252,7635,2376,4608,30,2831],"class_list":["post-462849","post","type-post","status-publish","format-standard","has-post-thumbnail","hentry","category-desporto","category-futebol","tag-atletas","tag-dopagem","tag-londres","tag-nairobi","tag-presidente","tag-quenia"],"yoast_head":"<!-- This site is optimized with the Yoast SEO plugin v27.2 - https:\/\/yoast.com\/product\/yoast-seo-wordpress\/ -->\n<title>Recordista mundial da maratona Sabastian Sawe \u00e9 recebido como her\u00f3i no Qu\u00e9nia - Portal Tela Portugal<\/title>\n<meta name=\"robots\" content=\"index, follow, max-snippet:-1, max-image-preview:large, max-video-preview:-1\" \/>\n<meta property=\"og:locale\" content=\"pt_PT\" \/>\n<meta property=\"og:type\" content=\"article\" \/>\n<meta property=\"og:title\" content=\"Recordista mundial da maratona Sabastian Sawe \u00e9 recebido como her\u00f3i no Qu\u00e9nia - Portal Tela Portugal\" \/>\n<meta property=\"og:description\" content=\"Sabastian Sawe tornou-se o primeiro corredor a completar a maratona em menos de duas horas, marcando 01:59.30 na prova de Londres. O atleta queniano, de 31 anos, foi recebido em Nairobi como her\u00f3i nacional, com o presidente William Ruto a elogiar o feito. O ritmo abaixo de duas horas ocorreu numa corrida disputada, com Yomif Kejelcha a terminar em 01:59.41 e Jacob Kiplimo em 02:00.28. Sawe j\u00e1 tinha vencido em Londres em 2025 e tinha como melhor marca pessoal 02:02.05 antes de bater o recorde mundial, que era de 02:00.35, detido por Kelvin Kiptum. O Qu\u00e9nia, pot\u00eancia em provas de dist\u00e2ncia, tem enfrentado controv\u00e9rsias de doping no passado; Sawe realizou controles rigorosos antes da maratona de Berlim, em setembro de 2025.\" \/>\n<meta property=\"og:url\" content=\"https:\/\/portaltela.pt\/noticias\/2026\/04\/30\/recordista-mundial-da-maratona-sabastian-sawe-e-recebido-como-heroi-no-quenia\/\" \/>\n<meta property=\"og:site_name\" content=\"Portal Tela Portugal\" \/>\n<meta property=\"article:published_time\" content=\"2026-04-30T17:18:12+00:00\" \/>\n<meta name=\"author\" content=\"Telinha\" \/>\n<meta name=\"twitter:card\" content=\"summary_large_image\" \/>\n<meta name=\"twitter:label1\" content=\"Escrito por\" \/>\n\t<meta name=\"twitter:data1\" content=\"Telinha\" \/>\n\t<meta name=\"twitter:label2\" content=\"Tempo estimado de leitura\" \/>\n\t<meta name=\"twitter:data2\" content=\"1 minuto\" \/>\n<script type=\"application\/ld+json\" class=\"yoast-schema-graph\">{\"@context\":\"https:\/\/schema.org\",\"@graph\":[{\"@type\":\"Article\",\"@id\":\"https:\/\/portaltela.pt\/noticias\/2026\/04\/30\/recordista-mundial-da-maratona-sabastian-sawe-e-recebido-como-heroi-no-quenia\/#article\",\"isPartOf\":{\"@id\":\"https:\/\/portaltela.pt\/noticias\/2026\/04\/30\/recordista-mundial-da-maratona-sabastian-sawe-e-recebido-como-heroi-no-quenia\/\"},\"author\":{\"name\":\"Telinha\",\"@id\":\"https:\/\/portaltela.pt\/#\/schema\/person\/c4278d4a6028830caff9ee44b42d32ed\"},\"headline\":\"Recordista mundial da maratona Sabastian Sawe \u00e9 recebido como her\u00f3i no Qu\u00e9nia\",\"datePublished\":\"2026-04-30T17:18:12+00:00\",\"mainEntityOfPage\":{\"@id\":\"https:\/\/portaltela.pt\/noticias\/2026\/04\/30\/recordista-mundial-da-maratona-sabastian-sawe-e-recebido-como-heroi-no-quenia\/\"},\"wordCount\":256,\"image\":{\"@id\":\"https:\/\/portaltela.pt\/noticias\/2026\/04\/30\/recordista-mundial-da-maratona-sabastian-sawe-e-recebido-como-heroi-no-quenia\/#primaryimage\"},\"thumbnailUrl\":\"https:\/\/portaltela.pt\/s.01k8rhncp4jt1\/2026\/04\/img_920x518uu2026-04-30-18-02-30-2436136-im-639131690165237868.jpg\",\"keywords\":[\"atletas\",\"dopagem\",\"Londres\",\"Nair\u00f3bi\",\"presidente\",\"Qu\u00e9nia\"],\"articleSection\":[\"Desporto\",\"Futebol\"],\"inLanguage\":\"pt-PT\"},{\"@type\":\"WebPage\",\"@id\":\"https:\/\/portaltela.pt\/noticias\/2026\/04\/30\/recordista-mundial-da-maratona-sabastian-sawe-e-recebido-como-heroi-no-quenia\/\",\"url\":\"https:\/\/portaltela.pt\/noticias\/2026\/04\/30\/recordista-mundial-da-maratona-sabastian-sawe-e-recebido-como-heroi-no-quenia\/\",\"name\":\"Recordista mundial da maratona Sabastian Sawe \u00e9 recebido como her\u00f3i no Qu\u00e9nia - Portal Tela Portugal\",\"isPartOf\":{\"@id\":\"https:\/\/portaltela.pt\/#website\"},\"primaryImageOfPage\":{\"@id\":\"https:\/\/portaltela.pt\/noticias\/2026\/04\/30\/recordista-mundial-da-maratona-sabastian-sawe-e-recebido-como-heroi-no-quenia\/#primaryimage\"},\"image\":{\"@id\":\"https:\/\/portaltela.pt\/noticias\/2026\/04\/30\/recordista-mundial-da-maratona-sabastian-sawe-e-recebido-como-heroi-no-quenia\/#primaryimage\"},\"thumbnailUrl\":\"https:\/\/portaltela.pt\/s.01k8rhncp4jt1\/2026\/04\/img_920x518uu2026-04-30-18-02-30-2436136-im-639131690165237868.jpg\",\"datePublished\":\"2026-04-30T17:18:12+00:00\",\"author\":{\"@id\":\"https:\/\/portaltela.pt\/#\/schema\/person\/c4278d4a6028830caff9ee44b42d32ed\"},\"breadcrumb\":{\"@id\":\"https:\/\/portaltela.pt\/noticias\/2026\/04\/30\/recordista-mundial-da-maratona-sabastian-sawe-e-recebido-como-heroi-no-quenia\/#breadcrumb\"},\"inLanguage\":\"pt-PT\",\"potentialAction\":[{\"@type\":\"ReadAction\",\"target\":[\"https:\/\/portaltela.pt\/noticias\/2026\/04\/30\/recordista-mundial-da-maratona-sabastian-sawe-e-recebido-como-heroi-no-quenia\/\"]}]},{\"@type\":\"ImageObject\",\"inLanguage\":\"pt-PT\",\"@id\":\"https:\/\/portaltela.pt\/noticias\/2026\/04\/30\/recordista-mundial-da-maratona-sabastian-sawe-e-recebido-como-heroi-no-quenia\/#primaryimage\",\"url\":\"https:\/\/portaltela.pt\/s.01k8rhncp4jt1\/2026\/04\/img_920x518uu2026-04-30-18-02-30-2436136-im-639131690165237868.jpg\",\"contentUrl\":\"https:\/\/portaltela.pt\/s.01k8rhncp4jt1\/2026\/04\/img_920x518uu2026-04-30-18-02-30-2436136-im-639131690165237868.jpg\",\"width\":796,\"height\":448,\"caption\":\"Sawe regressou a casa\"},{\"@type\":\"BreadcrumbList\",\"@id\":\"https:\/\/portaltela.pt\/noticias\/2026\/04\/30\/recordista-mundial-da-maratona-sabastian-sawe-e-recebido-como-heroi-no-quenia\/#breadcrumb\",\"itemListElement\":[{\"@type\":\"ListItem\",\"position\":1,\"name\":\"In\u00edcio\",\"item\":\"https:\/\/portaltela.pt\/\"},{\"@type\":\"ListItem\",\"position\":2,\"name\":\"Recordista mundial da maratona Sabastian Sawe \u00e9 recebido como her\u00f3i no Qu\u00e9nia\"}]},{\"@type\":\"WebSite\",\"@id\":\"https:\/\/portaltela.pt\/#website\",\"url\":\"https:\/\/portaltela.pt\/\",\"name\":\"Portal Tela Portugal\",\"description\":\"\",\"potentialAction\":[{\"@type\":\"SearchAction\",\"target\":{\"@type\":\"EntryPoint\",\"urlTemplate\":\"https:\/\/portaltela.pt\/?s={search_term_string}\"},\"query-input\":{\"@type\":\"PropertyValueSpecification\",\"valueRequired\":true,\"valueName\":\"search_term_string\"}}],\"inLanguage\":\"pt-PT\"},{\"@type\":\"Person\",\"@id\":\"https:\/\/portaltela.pt\/#\/schema\/person\/c4278d4a6028830caff9ee44b42d32ed\",\"name\":\"Telinha\",\"image\":{\"@type\":\"ImageObject\",\"inLanguage\":\"pt-PT\",\"@id\":\"https:\/\/portaltela.pt\/s.01k8rhncp4jt1\/2025\/11\/talking-bot-125x125.png\",\"url\":\"https:\/\/portaltela.pt\/s.01k8rhncp4jt1\/2025\/11\/talking-bot-125x125.png\",\"contentUrl\":\"https:\/\/portaltela.pt\/s.01k8rhncp4jt1\/2025\/11\/talking-bot-125x125.png\",\"caption\":\"Telinha\"},\"sameAs\":[\"https:\/\/portaltela.pt\/\"],\"url\":\"https:\/\/portaltela.pt\/por\/367410592786\/\"}]}<\/script>\n<!-- \/ Yoast SEO plugin. -->","yoast_head_json":{"title":"Recordista mundial da maratona Sabastian Sawe \u00e9 recebido como her\u00f3i no Qu\u00e9nia - Portal Tela Portugal","robots":{"index":"index","follow":"follow","max-snippet":"max-snippet:-1","max-image-preview":"max-image-preview:large","max-video-preview":"max-video-preview:-1"},"og_locale":"pt_PT","og_type":"article","og_title":"Recordista mundial da maratona Sabastian Sawe \u00e9 recebido como her\u00f3i no Qu\u00e9nia - Portal Tela Portugal","og_description":"Sabastian Sawe tornou-se o primeiro corredor a completar a maratona em menos de duas horas, marcando 01:59.30 na prova de Londres. O atleta queniano, de 31 anos, foi recebido em Nairobi como her\u00f3i nacional, com o presidente William Ruto a elogiar o feito. O ritmo abaixo de duas horas ocorreu numa corrida disputada, com Yomif Kejelcha a terminar em 01:59.41 e Jacob Kiplimo em 02:00.28. Sawe j\u00e1 tinha vencido em Londres em 2025 e tinha como melhor marca pessoal 02:02.05 antes de bater o recorde mundial, que era de 02:00.35, detido por Kelvin Kiptum. O Qu\u00e9nia, pot\u00eancia em provas de dist\u00e2ncia, tem enfrentado controv\u00e9rsias de doping no passado; Sawe realizou controles rigorosos antes da maratona de Berlim, em setembro de 2025.","og_url":"https:\/\/portaltela.pt\/noticias\/2026\/04\/30\/recordista-mundial-da-maratona-sabastian-sawe-e-recebido-como-heroi-no-quenia\/","og_site_name":"Portal Tela Portugal","article_published_time":"2026-04-30T17:18:12+00:00","author":"Telinha","twitter_card":"summary_large_image","twitter_misc":{"Escrito por":"Telinha","Tempo estimado de leitura":"1 minuto"},"schema":{"@context":"https:\/\/schema.org","@graph":[{"@type":"Article","@id":"https:\/\/portaltela.pt\/noticias\/2026\/04\/30\/recordista-mundial-da-maratona-sabastian-sawe-e-recebido-como-heroi-no-quenia\/#article","isPartOf":{"@id":"https:\/\/portaltela.pt\/noticias\/2026\/04\/30\/recordista-mundial-da-maratona-sabastian-sawe-e-recebido-como-heroi-no-quenia\/"},"author":{"name":"Telinha","@id":"https:\/\/portaltela.pt\/#\/schema\/person\/c4278d4a6028830caff9ee44b42d32ed"},"headline":"Recordista mundial da maratona Sabastian Sawe \u00e9 recebido como her\u00f3i no Qu\u00e9nia","datePublished":"2026-04-30T17:18:12+00:00","mainEntityOfPage":{"@id":"https:\/\/portaltela.pt\/noticias\/2026\/04\/30\/recordista-mundial-da-maratona-sabastian-sawe-e-recebido-como-heroi-no-quenia\/"},"wordCount":256,"image":{"@id":"https:\/\/portaltela.pt\/noticias\/2026\/04\/30\/recordista-mundial-da-maratona-sabastian-sawe-e-recebido-como-heroi-no-quenia\/#primaryimage"},"thumbnailUrl":"https:\/\/portaltela.pt\/s.01k8rhncp4jt1\/2026\/04\/img_920x518uu2026-04-30-18-02-30-2436136-im-639131690165237868.jpg","keywords":["atletas","dopagem","Londres","Nair\u00f3bi","presidente","Qu\u00e9nia"],"articleSection":["Desporto","Futebol"],"inLanguage":"pt-PT"},{"@type":"WebPage","@id":"https:\/\/portaltela.pt\/noticias\/2026\/04\/30\/recordista-mundial-da-maratona-sabastian-sawe-e-recebido-como-heroi-no-quenia\/","url":"https:\/\/portaltela.pt\/noticias\/2026\/04\/30\/recordista-mundial-da-maratona-sabastian-sawe-e-recebido-como-heroi-no-quenia\/","name":"Recordista mundial da maratona Sabastian Sawe \u00e9 recebido como her\u00f3i no Qu\u00e9nia - Portal Tela Portugal","isPartOf":{"@id":"https:\/\/portaltela.pt\/#website"},"primaryImageOfPage":{"@id":"https:\/\/portaltela.pt\/noticias\/2026\/04\/30\/recordista-mundial-da-maratona-sabastian-sawe-e-recebido-como-heroi-no-quenia\/#primaryimage"},"image":{"@id":"https:\/\/portaltela.pt\/noticias\/2026\/04\/30\/recordista-mundial-da-maratona-sabastian-sawe-e-recebido-como-heroi-no-quenia\/#primaryimage"},"thumbnailUrl":"https:\/\/portaltela.pt\/s.01k8rhncp4jt1\/2026\/04\/img_920x518uu2026-04-30-18-02-30-2436136-im-639131690165237868.jpg","datePublished":"2026-04-30T17:18:12+00:00","author":{"@id":"https:\/\/portaltela.pt\/#\/schema\/person\/c4278d4a6028830caff9ee44b42d32ed"},"breadcrumb":{"@id":"https:\/\/portaltela.pt\/noticias\/2026\/04\/30\/recordista-mundial-da-maratona-sabastian-sawe-e-recebido-como-heroi-no-quenia\/#breadcrumb"},"inLanguage":"pt-PT","potentialAction":[{"@type":"ReadAction","target":["https:\/\/portaltela.pt\/noticias\/2026\/04\/30\/recordista-mundial-da-maratona-sabastian-sawe-e-recebido-como-heroi-no-quenia\/"]}]},{"@type":"ImageObject","inLanguage":"pt-PT","@id":"https:\/\/portaltela.pt\/noticias\/2026\/04\/30\/recordista-mundial-da-maratona-sabastian-sawe-e-recebido-como-heroi-no-quenia\/#primaryimage","url":"https:\/\/portaltela.pt\/s.01k8rhncp4jt1\/2026\/04\/img_920x518uu2026-04-30-18-02-30-2436136-im-639131690165237868.jpg","contentUrl":"https:\/\/portaltela.pt\/s.01k8rhncp4jt1\/2026\/04\/img_920x518uu2026-04-30-18-02-30-2436136-im-639131690165237868.jpg","width":796,"height":448,"caption":"Sawe regressou a casa"},{"@type":"BreadcrumbList","@id":"https:\/\/portaltela.pt\/noticias\/2026\/04\/30\/recordista-mundial-da-maratona-sabastian-sawe-e-recebido-como-heroi-no-quenia\/#breadcrumb","itemListElement":[{"@type":"ListItem","position":1,"name":"In\u00edcio","item":"https:\/\/portaltela.pt\/"},{"@type":"ListItem","position":2,"name":"Recordista mundial da maratona Sabastian Sawe \u00e9 recebido como her\u00f3i no Qu\u00e9nia"}]},{"@type":"WebSite","@id":"https:\/\/portaltela.pt\/#website","url":"https:\/\/portaltela.pt\/","name":"Portal Tela Portugal","description":"","potentialAction":[{"@type":"SearchAction","target":{"@type":"EntryPoint","urlTemplate":"https:\/\/portaltela.pt\/?s={search_term_string}"},"query-input":{"@type":"PropertyValueSpecification","valueRequired":true,"valueName":"search_term_string"}}],"inLanguage":"pt-PT"},{"@type":"Person","@id":"https:\/\/portaltela.pt\/#\/schema\/person\/c4278d4a6028830caff9ee44b42d32ed","name":"Telinha","image":{"@type":"ImageObject","inLanguage":"pt-PT","@id":"https:\/\/portaltela.pt\/s.01k8rhncp4jt1\/2025\/11\/talking-bot-125x125.png","url":"https:\/\/portaltela.pt\/s.01k8rhncp4jt1\/2025\/11\/talking-bot-125x125.png","contentUrl":"https:\/\/portaltela.pt\/s.01k8rhncp4jt1\/2025\/11\/talking-bot-125x125.png","caption":"Telinha"},"sameAs":["https:\/\/portaltela.pt\/"],"url":"https:\/\/portaltela.pt\/por\/367410592786\/"}]}},"_links":{"self":[{"href":"https:\/\/portaltela.pt\/api\/wp\/v2\/posts\/462849","targetHints":{"allow":["GET"]}}],"collection":[{"href":"https:\/\/portaltela.pt\/api\/wp\/v2\/posts"}],"about":[{"href":"https:\/\/portaltela.pt\/api\/wp\/v2\/types\/post"}],"author":[{"embeddable":true,"href":"https:\/\/portaltela.pt\/api\/wp\/v2\/users\/2"}],"replies":[{"embeddable":true,"href":"https:\/\/portaltela.pt\/api\/wp\/v2\/comments?post=462849"}],"version-history":[{"count":0,"href":"https:\/\/portaltela.pt\/api\/wp\/v2\/posts\/462849\/revisions"}],"wp:featuredmedia":[{"embeddable":true,"href":"https:\/\/portaltela.pt\/api\/wp\/v2\/media\/462854"}],"wp:attachment":[{"href":"https:\/\/portaltela.pt\/api\/wp\/v2\/media?parent=462849"}],"wp:term":[{"taxonomy":"category","embeddable":true,"href":"https:\/\/portaltela.pt\/api\/wp\/v2\/categories?post=462849"},{"taxonomy":"post_tag","embeddable":true,"href":"https:\/\/portaltela.pt\/api\/wp\/v2\/tags?post=462849"}],"curies":[{"name":"wp","href":"https:\/\/api.w.org\/{rel}","templated":true}]}}