{"id":462843,"date":"2026-04-30T14:17:58","date_gmt":"2026-04-30T17:17:58","guid":{"rendered":"https:\/\/portaltela.pt\/noticias\/2026\/04\/30\/sporting-multado-por-incumprimento-na-superflash\/"},"modified":"2026-04-30T14:17:58","modified_gmt":"2026-04-30T17:17:58","slug":"sporting-multado-por-incumprimento-na-superflash","status":"publish","type":"post","link":"https:\/\/portaltela.pt\/desporto\/futebol\/2026\/04\/30\/sporting-multado-por-incumprimento-na-superflash\/","title":{"rendered":"Sporting multado por incumprimento na Superflash"},"content":{"rendered":"<p>O Sporting foi multado em 10.200 euros pelo Conselho de Disciplina da Federa\u00e7\u00e3o Portuguesa de Futebol (FPF). A san\u00e7\u00e3o resulta de um incumprimento relacionado com a Superflash realizada ap\u00f3s o jogo com o AVS.<\/p>\n<p>Segundo o parecer disciplinar, o clube indicou quatro jogadores previamente para cada Dire\u00e7\u00e3o de Imprensa. Do lado visitante, constavam Rafael Nel, Francisco Trinc\u00e3o, Morita e Pedro Gon\u00e7alves, mas na Superflash o assessor do Sporting apresentou um atleta diferente, Debast, do lado do clube visitante.<\/p>\n<p>O documento descreve ainda que o assessor de comunica\u00e7\u00e3o do Sporting, Filipe Campos Dinis, informou ao delegado da Liga que teriam abdicado da participa\u00e7\u00e3o na Superflash, indicando apenas um dos nomes da lista para a Flash Interview, que decorre no interior das instala\u00e7\u00f5es. Nesse epis\u00f3dio, o atleta referido para a entrevista foi Francisco Trinc\u00e3o.<\/p>\n<p>Pelo incidente, Filipe Campos Dinis foi alvo de multa adicional, no valor de 765 euros. O caso permanece sob a jurisdi\u00e7\u00e3o do Conselho de Disciplina da FPF, sem altera\u00e7\u00f5es na posi\u00e7\u00e3o oficial das partes envolvidas.<\/p>\n","protected":false},"excerpt":{"rendered":"<ul>\n<li>O Sporting foi multado em 10.200 euros pelo Conselho de Disciplina da Federa\u00e7\u00e3o Portuguesa de Futebol por incumprimento na Superflash ap\u00f3s o jogo com o AVS.<\/li>\n<li>N\u00e3o foram apresentados os quatro jogadores previamente propostos para a Superflash ao vivo com a SportTV; o assessor do clube apresentou Debast em vez de um dos nomes.<\/li>\n<li>O diretor de imprensa do Sporting, Filipe Campos Dinis, questionou com a frase \u201cQueres este? N\u00e3o queres este, n\u00e3o queres nenhum\u201d ao rep\u00f3rter de campo da SportTV, na presen\u00e7a do delegado da Liga.<\/li>\n<li>O documento indica que a comunica\u00e7\u00e3o abdicou de participar na Superflash e que Francisco Trinc\u00e3o deveria ter participado na Flash Interview, realizada no interior das instala\u00e7\u00f5es.<\/li>\n<li>O assessor de comunica\u00e7\u00e3o leonino foi multado em 765 euros pela situa\u00e7\u00e3o.<\/li>\n<\/ul>\n","protected":false},"author":2,"featured_media":462848,"comment_status":"closed","ping_status":"closed","sticky":false,"template":"","format":"standard","meta":{"footnotes":""},"categories":[21,24],"tags":[8739,8539,7755,8060,1652],"class_list":["post-462843","post","type-post","status-publish","format-standard","has-post-thumbnail","hentry","category-desporto","category-futebol","tag-_disciplina","tag-_federacao-portuguesa-de-futebol","tag-_futebol","tag-_sancoes","tag-sporting"],"yoast_head":"<!-- This site is optimized with the Yoast SEO plugin v27.2 - https:\/\/yoast.com\/product\/yoast-seo-wordpress\/ -->\n<title>Sporting multado por incumprimento na Superflash - Portal Tela Portugal<\/title>\n<meta name=\"robots\" content=\"index, follow, max-snippet:-1, max-image-preview:large, max-video-preview:-1\" \/>\n<meta property=\"og:locale\" content=\"pt_PT\" \/>\n<meta property=\"og:type\" content=\"article\" \/>\n<meta property=\"og:title\" content=\"Sporting multado por incumprimento na Superflash - Portal Tela Portugal\" \/>\n<meta property=\"og:description\" content=\"O Sporting foi multado em 10.200 euros pelo Conselho de Disciplina da Federa\u00e7\u00e3o Portuguesa de Futebol por incumprimento na Superflash ap\u00f3s o jogo com o AVS. N\u00e3o foram apresentados os quatro jogadores previamente propostos para a Superflash ao vivo com a SportTV; o assessor do clube apresentou Debast em vez de um dos nomes. O diretor de imprensa do Sporting, Filipe Campos Dinis, questionou com a frase \u201cQueres este? N\u00e3o queres este, n\u00e3o queres nenhum\u201d ao rep\u00f3rter de campo da SportTV, na presen\u00e7a do delegado da Liga. O documento indica que a comunica\u00e7\u00e3o abdicou de participar na Superflash e que Francisco Trinc\u00e3o deveria ter participado na Flash Interview, realizada no interior das instala\u00e7\u00f5es. O assessor de comunica\u00e7\u00e3o leonino foi multado em 765 euros pela situa\u00e7\u00e3o.\" \/>\n<meta property=\"og:url\" content=\"https:\/\/portaltela.pt\/noticias\/2026\/04\/30\/sporting-multado-por-incumprimento-na-superflash\/\" \/>\n<meta property=\"og:site_name\" content=\"Portal Tela Portugal\" \/>\n<meta property=\"article:published_time\" content=\"2026-04-30T17:17:58+00:00\" \/>\n<meta name=\"author\" content=\"Telinha\" \/>\n<meta name=\"twitter:card\" content=\"summary_large_image\" \/>\n<meta name=\"twitter:label1\" content=\"Escrito por\" \/>\n\t<meta name=\"twitter:data1\" content=\"Telinha\" \/>\n\t<meta name=\"twitter:label2\" content=\"Tempo estimado de leitura\" \/>\n\t<meta name=\"twitter:data2\" content=\"1 minuto\" \/>\n<script type=\"application\/ld+json\" class=\"yoast-schema-graph\">{\"@context\":\"https:\/\/schema.org\",\"@graph\":[{\"@type\":\"Article\",\"@id\":\"https:\/\/portaltela.pt\/noticias\/2026\/04\/30\/sporting-multado-por-incumprimento-na-superflash\/#article\",\"isPartOf\":{\"@id\":\"https:\/\/portaltela.pt\/noticias\/2026\/04\/30\/sporting-multado-por-incumprimento-na-superflash\/\"},\"author\":{\"name\":\"Telinha\",\"@id\":\"https:\/\/portaltela.pt\/#\/schema\/person\/c4278d4a6028830caff9ee44b42d32ed\"},\"headline\":\"Sporting multado por incumprimento na Superflash\",\"datePublished\":\"2026-04-30T17:17:58+00:00\",\"mainEntityOfPage\":{\"@id\":\"https:\/\/portaltela.pt\/noticias\/2026\/04\/30\/sporting-multado-por-incumprimento-na-superflash\/\"},\"wordCount\":185,\"image\":{\"@id\":\"https:\/\/portaltela.pt\/noticias\/2026\/04\/30\/sporting-multado-por-incumprimento-na-superflash\/#primaryimage\"},\"thumbnailUrl\":\"https:\/\/portaltela.pt\/s.01k8rhncp4jt1\/2026\/04\/img_1200x721uu2026-04-30-18-06-43-2436139.jpg\",\"keywords\":[\"_disciplina\",\"_Federa\u00e7\u00e3o Portuguesa de Futebol\",\"_futebol\",\"_san\u00e7\u00f5es\",\"Sporting\"],\"articleSection\":[\"Desporto\",\"Futebol\"],\"inLanguage\":\"pt-PT\"},{\"@type\":\"WebPage\",\"@id\":\"https:\/\/portaltela.pt\/noticias\/2026\/04\/30\/sporting-multado-por-incumprimento-na-superflash\/\",\"url\":\"https:\/\/portaltela.pt\/noticias\/2026\/04\/30\/sporting-multado-por-incumprimento-na-superflash\/\",\"name\":\"Sporting multado por incumprimento na Superflash - Portal Tela Portugal\",\"isPartOf\":{\"@id\":\"https:\/\/portaltela.pt\/#website\"},\"primaryImageOfPage\":{\"@id\":\"https:\/\/portaltela.pt\/noticias\/2026\/04\/30\/sporting-multado-por-incumprimento-na-superflash\/#primaryimage\"},\"image\":{\"@id\":\"https:\/\/portaltela.pt\/noticias\/2026\/04\/30\/sporting-multado-por-incumprimento-na-superflash\/#primaryimage\"},\"thumbnailUrl\":\"https:\/\/portaltela.pt\/s.01k8rhncp4jt1\/2026\/04\/img_1200x721uu2026-04-30-18-06-43-2436139.jpg\",\"datePublished\":\"2026-04-30T17:17:58+00:00\",\"author\":{\"@id\":\"https:\/\/portaltela.pt\/#\/schema\/person\/c4278d4a6028830caff9ee44b42d32ed\"},\"breadcrumb\":{\"@id\":\"https:\/\/portaltela.pt\/noticias\/2026\/04\/30\/sporting-multado-por-incumprimento-na-superflash\/#breadcrumb\"},\"inLanguage\":\"pt-PT\",\"potentialAction\":[{\"@type\":\"ReadAction\",\"target\":[\"https:\/\/portaltela.pt\/noticias\/2026\/04\/30\/sporting-multado-por-incumprimento-na-superflash\/\"]}]},{\"@type\":\"ImageObject\",\"inLanguage\":\"pt-PT\",\"@id\":\"https:\/\/portaltela.pt\/noticias\/2026\/04\/30\/sporting-multado-por-incumprimento-na-superflash\/#primaryimage\",\"url\":\"https:\/\/portaltela.pt\/s.01k8rhncp4jt1\/2026\/04\/img_1200x721uu2026-04-30-18-06-43-2436139.jpg\",\"contentUrl\":\"https:\/\/portaltela.pt\/s.01k8rhncp4jt1\/2026\/04\/img_1200x721uu2026-04-30-18-06-43-2436139.jpg\",\"width\":796,\"height\":448,\"caption\":\"Assessor leonino prop\u00f4s Debast para falar \u00e0 SportTV, mas belga n\u00e3o estava na lista\"},{\"@type\":\"BreadcrumbList\",\"@id\":\"https:\/\/portaltela.pt\/noticias\/2026\/04\/30\/sporting-multado-por-incumprimento-na-superflash\/#breadcrumb\",\"itemListElement\":[{\"@type\":\"ListItem\",\"position\":1,\"name\":\"In\u00edcio\",\"item\":\"https:\/\/portaltela.pt\/\"},{\"@type\":\"ListItem\",\"position\":2,\"name\":\"Sporting multado por incumprimento na Superflash\"}]},{\"@type\":\"WebSite\",\"@id\":\"https:\/\/portaltela.pt\/#website\",\"url\":\"https:\/\/portaltela.pt\/\",\"name\":\"Portal Tela Portugal\",\"description\":\"\",\"potentialAction\":[{\"@type\":\"SearchAction\",\"target\":{\"@type\":\"EntryPoint\",\"urlTemplate\":\"https:\/\/portaltela.pt\/?s={search_term_string}\"},\"query-input\":{\"@type\":\"PropertyValueSpecification\",\"valueRequired\":true,\"valueName\":\"search_term_string\"}}],\"inLanguage\":\"pt-PT\"},{\"@type\":\"Person\",\"@id\":\"https:\/\/portaltela.pt\/#\/schema\/person\/c4278d4a6028830caff9ee44b42d32ed\",\"name\":\"Telinha\",\"image\":{\"@type\":\"ImageObject\",\"inLanguage\":\"pt-PT\",\"@id\":\"https:\/\/portaltela.pt\/s.01k8rhncp4jt1\/2025\/11\/talking-bot-125x125.png\",\"url\":\"https:\/\/portaltela.pt\/s.01k8rhncp4jt1\/2025\/11\/talking-bot-125x125.png\",\"contentUrl\":\"https:\/\/portaltela.pt\/s.01k8rhncp4jt1\/2025\/11\/talking-bot-125x125.png\",\"caption\":\"Telinha\"},\"sameAs\":[\"https:\/\/portaltela.pt\/\"],\"url\":\"https:\/\/portaltela.pt\/por\/367410592786\/\"}]}<\/script>\n<!-- \/ Yoast SEO plugin. -->","yoast_head_json":{"title":"Sporting multado por incumprimento na Superflash - Portal Tela Portugal","robots":{"index":"index","follow":"follow","max-snippet":"max-snippet:-1","max-image-preview":"max-image-preview:large","max-video-preview":"max-video-preview:-1"},"og_locale":"pt_PT","og_type":"article","og_title":"Sporting multado por incumprimento na Superflash - Portal Tela Portugal","og_description":"O Sporting foi multado em 10.200 euros pelo Conselho de Disciplina da Federa\u00e7\u00e3o Portuguesa de Futebol por incumprimento na Superflash ap\u00f3s o jogo com o AVS. N\u00e3o foram apresentados os quatro jogadores previamente propostos para a Superflash ao vivo com a SportTV; o assessor do clube apresentou Debast em vez de um dos nomes. O diretor de imprensa do Sporting, Filipe Campos Dinis, questionou com a frase \u201cQueres este? N\u00e3o queres este, n\u00e3o queres nenhum\u201d ao rep\u00f3rter de campo da SportTV, na presen\u00e7a do delegado da Liga. O documento indica que a comunica\u00e7\u00e3o abdicou de participar na Superflash e que Francisco Trinc\u00e3o deveria ter participado na Flash Interview, realizada no interior das instala\u00e7\u00f5es. O assessor de comunica\u00e7\u00e3o leonino foi multado em 765 euros pela situa\u00e7\u00e3o.","og_url":"https:\/\/portaltela.pt\/noticias\/2026\/04\/30\/sporting-multado-por-incumprimento-na-superflash\/","og_site_name":"Portal Tela Portugal","article_published_time":"2026-04-30T17:17:58+00:00","author":"Telinha","twitter_card":"summary_large_image","twitter_misc":{"Escrito por":"Telinha","Tempo estimado de leitura":"1 minuto"},"schema":{"@context":"https:\/\/schema.org","@graph":[{"@type":"Article","@id":"https:\/\/portaltela.pt\/noticias\/2026\/04\/30\/sporting-multado-por-incumprimento-na-superflash\/#article","isPartOf":{"@id":"https:\/\/portaltela.pt\/noticias\/2026\/04\/30\/sporting-multado-por-incumprimento-na-superflash\/"},"author":{"name":"Telinha","@id":"https:\/\/portaltela.pt\/#\/schema\/person\/c4278d4a6028830caff9ee44b42d32ed"},"headline":"Sporting multado por incumprimento na Superflash","datePublished":"2026-04-30T17:17:58+00:00","mainEntityOfPage":{"@id":"https:\/\/portaltela.pt\/noticias\/2026\/04\/30\/sporting-multado-por-incumprimento-na-superflash\/"},"wordCount":185,"image":{"@id":"https:\/\/portaltela.pt\/noticias\/2026\/04\/30\/sporting-multado-por-incumprimento-na-superflash\/#primaryimage"},"thumbnailUrl":"https:\/\/portaltela.pt\/s.01k8rhncp4jt1\/2026\/04\/img_1200x721uu2026-04-30-18-06-43-2436139.jpg","keywords":["_disciplina","_Federa\u00e7\u00e3o Portuguesa de Futebol","_futebol","_san\u00e7\u00f5es","Sporting"],"articleSection":["Desporto","Futebol"],"inLanguage":"pt-PT"},{"@type":"WebPage","@id":"https:\/\/portaltela.pt\/noticias\/2026\/04\/30\/sporting-multado-por-incumprimento-na-superflash\/","url":"https:\/\/portaltela.pt\/noticias\/2026\/04\/30\/sporting-multado-por-incumprimento-na-superflash\/","name":"Sporting multado por incumprimento na Superflash - Portal Tela Portugal","isPartOf":{"@id":"https:\/\/portaltela.pt\/#website"},"primaryImageOfPage":{"@id":"https:\/\/portaltela.pt\/noticias\/2026\/04\/30\/sporting-multado-por-incumprimento-na-superflash\/#primaryimage"},"image":{"@id":"https:\/\/portaltela.pt\/noticias\/2026\/04\/30\/sporting-multado-por-incumprimento-na-superflash\/#primaryimage"},"thumbnailUrl":"https:\/\/portaltela.pt\/s.01k8rhncp4jt1\/2026\/04\/img_1200x721uu2026-04-30-18-06-43-2436139.jpg","datePublished":"2026-04-30T17:17:58+00:00","author":{"@id":"https:\/\/portaltela.pt\/#\/schema\/person\/c4278d4a6028830caff9ee44b42d32ed"},"breadcrumb":{"@id":"https:\/\/portaltela.pt\/noticias\/2026\/04\/30\/sporting-multado-por-incumprimento-na-superflash\/#breadcrumb"},"inLanguage":"pt-PT","potentialAction":[{"@type":"ReadAction","target":["https:\/\/portaltela.pt\/noticias\/2026\/04\/30\/sporting-multado-por-incumprimento-na-superflash\/"]}]},{"@type":"ImageObject","inLanguage":"pt-PT","@id":"https:\/\/portaltela.pt\/noticias\/2026\/04\/30\/sporting-multado-por-incumprimento-na-superflash\/#primaryimage","url":"https:\/\/portaltela.pt\/s.01k8rhncp4jt1\/2026\/04\/img_1200x721uu2026-04-30-18-06-43-2436139.jpg","contentUrl":"https:\/\/portaltela.pt\/s.01k8rhncp4jt1\/2026\/04\/img_1200x721uu2026-04-30-18-06-43-2436139.jpg","width":796,"height":448,"caption":"Assessor leonino prop\u00f4s Debast para falar \u00e0 SportTV, mas belga n\u00e3o estava na lista"},{"@type":"BreadcrumbList","@id":"https:\/\/portaltela.pt\/noticias\/2026\/04\/30\/sporting-multado-por-incumprimento-na-superflash\/#breadcrumb","itemListElement":[{"@type":"ListItem","position":1,"name":"In\u00edcio","item":"https:\/\/portaltela.pt\/"},{"@type":"ListItem","position":2,"name":"Sporting multado por incumprimento na Superflash"}]},{"@type":"WebSite","@id":"https:\/\/portaltela.pt\/#website","url":"https:\/\/portaltela.pt\/","name":"Portal Tela Portugal","description":"","potentialAction":[{"@type":"SearchAction","target":{"@type":"EntryPoint","urlTemplate":"https:\/\/portaltela.pt\/?s={search_term_string}"},"query-input":{"@type":"PropertyValueSpecification","valueRequired":true,"valueName":"search_term_string"}}],"inLanguage":"pt-PT"},{"@type":"Person","@id":"https:\/\/portaltela.pt\/#\/schema\/person\/c4278d4a6028830caff9ee44b42d32ed","name":"Telinha","image":{"@type":"ImageObject","inLanguage":"pt-PT","@id":"https:\/\/portaltela.pt\/s.01k8rhncp4jt1\/2025\/11\/talking-bot-125x125.png","url":"https:\/\/portaltela.pt\/s.01k8rhncp4jt1\/2025\/11\/talking-bot-125x125.png","contentUrl":"https:\/\/portaltela.pt\/s.01k8rhncp4jt1\/2025\/11\/talking-bot-125x125.png","caption":"Telinha"},"sameAs":["https:\/\/portaltela.pt\/"],"url":"https:\/\/portaltela.pt\/por\/367410592786\/"}]}},"_links":{"self":[{"href":"https:\/\/portaltela.pt\/api\/wp\/v2\/posts\/462843","targetHints":{"allow":["GET"]}}],"collection":[{"href":"https:\/\/portaltela.pt\/api\/wp\/v2\/posts"}],"about":[{"href":"https:\/\/portaltela.pt\/api\/wp\/v2\/types\/post"}],"author":[{"embeddable":true,"href":"https:\/\/portaltela.pt\/api\/wp\/v2\/users\/2"}],"replies":[{"embeddable":true,"href":"https:\/\/portaltela.pt\/api\/wp\/v2\/comments?post=462843"}],"version-history":[{"count":0,"href":"https:\/\/portaltela.pt\/api\/wp\/v2\/posts\/462843\/revisions"}],"wp:featuredmedia":[{"embeddable":true,"href":"https:\/\/portaltela.pt\/api\/wp\/v2\/media\/462848"}],"wp:attachment":[{"href":"https:\/\/portaltela.pt\/api\/wp\/v2\/media?parent=462843"}],"wp:term":[{"taxonomy":"category","embeddable":true,"href":"https:\/\/portaltela.pt\/api\/wp\/v2\/categories?post=462843"},{"taxonomy":"post_tag","embeddable":true,"href":"https:\/\/portaltela.pt\/api\/wp\/v2\/tags?post=462843"}],"curies":[{"name":"wp","href":"https:\/\/api.w.org\/{rel}","templated":true}]}}