{"id":462840,"date":"2026-04-30T14:17:51","date_gmt":"2026-04-30T17:17:51","guid":{"rendered":"https:\/\/portaltela.pt\/noticias\/2026\/04\/30\/mais-transportes-no-porto-e-ruas-cortadas-pela-queima-das-fitas\/"},"modified":"2026-04-30T14:17:51","modified_gmt":"2026-04-30T17:17:51","slug":"mais-transportes-no-porto-e-ruas-cortadas-pela-queima-das-fitas","status":"publish","type":"post","link":"https:\/\/portaltela.pt\/noticias\/economia\/2026\/04\/30\/mais-transportes-no-porto-e-ruas-cortadas-pela-queima-das-fitas\/","title":{"rendered":"Mais transportes no Porto e ruas cortadas pela Queima das Fitas"},"content":{"rendered":"<p>O Porto prepara-se para mais uma edi\u00e7\u00e3o da Queima das Fitas, com refor\u00e7os de transportes p\u00fablicos e cortes de ruas para a serenata, a b\u00ean\u00e7\u00e3o das pastas e o Queim\u00f3dromo junto ao Parque da Cidade. A organiza\u00e7\u00e3o aponta para noites de atividades associadas \u00e0 festa acad\u00e9mica, que come\u00e7am na madrugada de domingo e se estendem pela semana.<\/p>\n<p>Pelo menos duas reuni\u00f5es de mobilidade afetam o centro: a serenata nos Aliados \u00e0s 0h01 de domingo e a cerim\u00f3nia de b\u00ean\u00e7\u00e3o das pastas \u00e0s 10h01, ambas no mesmo local, levando a condicionamentos de tr\u00e2nsito. O cortejo da tarde de ter\u00e7a-feira tamb\u00e9m condiciona v\u00e1rias art\u00e9rias da Baixa. Detalhes e altera\u00e7\u00f5es ficam dispon\u00edveis no portal da vias.<\/p>\n<h3>Refor\u00e7os de mobilidade e liga\u00e7\u00f5es diretas<\/h3>\n<p>A STCP e a Metro preparam opera\u00e7\u00f5es especiais para a semana da Queima das Fitas, com um vaiv\u00e9m gratuito entre Trindade e o Hospital S. Jo\u00e3o at\u00e9 ao Queim\u00f3dromo, entre as 22h00 e as 3h00, com regresso entre as 2h00 e as 7h00 e frequ\u00eancia m\u00ednima de 15 minutos.<\/p>\n<p>A STCP refor\u00e7a as linhas 200 Bolh\u00e3o &#8211; Castelo do Queijo e 205 Campanh\u00e3 &#8211; Castelo do Queijo, com autocarros de maior capacidade. A Linha 200 funciona a partir das 20h00, juntando-se \u00e0 Linha 1M a partir da 1h30, com cad\u00eancia de 30 minutos. A Linha 205 tem refor\u00e7o entre as 20h00 e as 22h00, com 15 minutos de intervalo em dire\u00e7\u00e3o ao recinto.<\/p>\n<p>Durante a madrugada, o trajeto entre Areosa e An\u00e9mona passa a ter passagens a cada 20 minutos. A Metro aumenta a oferta nas madrugadas seguintes \u00e0 serenata e ao cortejo, com circula\u00e7\u00e3o cont\u00ednua 24 horas nas linhas Azul e Amarela.<\/p>\n<p>A CP tamb\u00e9m participa, com um bilhete di\u00e1rio de ida\/volta a um pre\u00e7o especial, para facilitar o acesso ao recinto. As autoridades indicam que os condicionamentos variam conforme os hor\u00e1rios dos atos oficiais, devendo ser consultados no portal municipal.<\/p>\n","protected":false},"excerpt":{"rendered":"<ul>\n<li>A Queima das Fitas do Porto exige refor\u00e7o de transportes p\u00fablicos e condicionamentos de tr\u00e2nsito no centro, com v\u00e1rias ruas cortadas para a serenata e para a b\u00ean\u00e7\u00e3o das pastas, bem como para o cortejo na Baixa.<\/li>\n<li>A serenata nos Aliados ocorre \u00e0s 0:01 de domingo e a cerim\u00f3nia de b\u00ean\u00e7\u00e3o das pastas \u00e0s 10:01, ambos no mesmo local, gerando condicionamentos no centro.<\/li>\n<li>Um vaiv\u00e9m gratuito liga a Trindade e o Hospital de S. Jo\u00e3o ao Queim\u00f3dromo durante a noite e madrugada, entre as 22h e as 3h, com regresso entre as 2h e as 7h e frequ\u00eancia m\u00ednima de 15 minutos.<\/li>\n<li>A STCP refor\u00e7a as linhas 200 (Bolh\u00e3o \u2013 Castelo do Queijo) e 205 (Campanh\u00e3 \u2013 Castelo do Queijo), com maior capacidade de autocarros; 200 a partir das 20h e 1h30 em conjunto com a Linha 1M, com 30 minutos de frequ\u00eancia; 205 entre as 20h e as 22h, com 15 minutos, e madrugada entre Areosa e An\u00e9mona com 20 minutos.<\/li>\n<li>A Metro aumenta a oferta nas madrugadas seguintes com circula\u00e7\u00e3o 24 horas nas linhas Azul e Amarela; a CP associa-se \u00e0 festa com bilhete di\u00e1rio de ida\/volta a pre\u00e7o especial.<\/li>\n<\/ul>\n","protected":false},"author":2,"featured_media":462845,"comment_status":"closed","ping_status":"closed","sticky":false,"template":"","format":"standard","meta":{"footnotes":""},"categories":[2,1],"tags":[8773,8536,8020,8088,8287,8766],"class_list":["post-462840","post","type-post","status-publish","format-standard","has-post-thumbnail","hentry","category-economia","category-noticias","tag-_centro","tag-_festas","tag-_mobilidade","tag-_porto","tag-_transporte","tag-_transportes"],"yoast_head":"<!-- This site is optimized with the Yoast SEO plugin v27.2 - https:\/\/yoast.com\/product\/yoast-seo-wordpress\/ -->\n<title>Mais transportes no Porto e ruas cortadas pela Queima das Fitas - Portal Tela Portugal<\/title>\n<meta name=\"robots\" content=\"index, follow, max-snippet:-1, max-image-preview:large, max-video-preview:-1\" \/>\n<meta property=\"og:locale\" content=\"pt_PT\" \/>\n<meta property=\"og:type\" content=\"article\" \/>\n<meta property=\"og:title\" content=\"Mais transportes no Porto e ruas cortadas pela Queima das Fitas - Portal Tela Portugal\" \/>\n<meta property=\"og:description\" content=\"A Queima das Fitas do Porto exige refor\u00e7o de transportes p\u00fablicos e condicionamentos de tr\u00e2nsito no centro, com v\u00e1rias ruas cortadas para a serenata e para a b\u00ean\u00e7\u00e3o das pastas, bem como para o cortejo na Baixa. A serenata nos Aliados ocorre \u00e0s 0:01 de domingo e a cerim\u00f3nia de b\u00ean\u00e7\u00e3o das pastas \u00e0s 10:01, ambos no mesmo local, gerando condicionamentos no centro. Um vaiv\u00e9m gratuito liga a Trindade e o Hospital de S. Jo\u00e3o ao Queim\u00f3dromo durante a noite e madrugada, entre as 22h e as 3h, com regresso entre as 2h e as 7h e frequ\u00eancia m\u00ednima de 15 minutos. A STCP refor\u00e7a as linhas 200 (Bolh\u00e3o \u2013 Castelo do Queijo) e 205 (Campanh\u00e3 \u2013 Castelo do Queijo), com maior capacidade de autocarros; 200 a partir das 20h e 1h30 em conjunto com a Linha 1M, com 30 minutos de frequ\u00eancia; 205 entre as 20h e as 22h, com 15 minutos, e madrugada entre Areosa e An\u00e9mona com 20 minutos. A Metro aumenta a oferta nas madrugadas seguintes com circula\u00e7\u00e3o 24 horas nas linhas Azul e Amarela; a CP associa-se \u00e0 festa com bilhete di\u00e1rio de ida\/volta a pre\u00e7o especial.\" \/>\n<meta property=\"og:url\" content=\"https:\/\/portaltela.pt\/noticias\/2026\/04\/30\/mais-transportes-no-porto-e-ruas-cortadas-pela-queima-das-fitas\/\" \/>\n<meta property=\"og:site_name\" content=\"Portal Tela Portugal\" \/>\n<meta property=\"article:published_time\" content=\"2026-04-30T17:17:51+00:00\" \/>\n<meta name=\"author\" content=\"Telinha\" \/>\n<meta name=\"twitter:card\" content=\"summary_large_image\" \/>\n<meta name=\"twitter:label1\" content=\"Escrito por\" \/>\n\t<meta name=\"twitter:data1\" content=\"Telinha\" \/>\n\t<meta name=\"twitter:label2\" content=\"Tempo estimado de leitura\" \/>\n\t<meta name=\"twitter:data2\" content=\"2 minutos\" \/>\n<script type=\"application\/ld+json\" class=\"yoast-schema-graph\">{\"@context\":\"https:\/\/schema.org\",\"@graph\":[{\"@type\":\"Article\",\"@id\":\"https:\/\/portaltela.pt\/noticias\/2026\/04\/30\/mais-transportes-no-porto-e-ruas-cortadas-pela-queima-das-fitas\/#article\",\"isPartOf\":{\"@id\":\"https:\/\/portaltela.pt\/noticias\/2026\/04\/30\/mais-transportes-no-porto-e-ruas-cortadas-pela-queima-das-fitas\/\"},\"author\":{\"name\":\"Telinha\",\"@id\":\"https:\/\/portaltela.pt\/#\/schema\/person\/c4278d4a6028830caff9ee44b42d32ed\"},\"headline\":\"Mais transportes no Porto e ruas cortadas pela Queima das Fitas\",\"datePublished\":\"2026-04-30T17:17:51+00:00\",\"mainEntityOfPage\":{\"@id\":\"https:\/\/portaltela.pt\/noticias\/2026\/04\/30\/mais-transportes-no-porto-e-ruas-cortadas-pela-queima-das-fitas\/\"},\"wordCount\":351,\"image\":{\"@id\":\"https:\/\/portaltela.pt\/noticias\/2026\/04\/30\/mais-transportes-no-porto-e-ruas-cortadas-pela-queima-das-fitas\/#primaryimage\"},\"thumbnailUrl\":\"https:\/\/portaltela.pt\/s.01k8rhncp4jt1\/2026\/04\/image-111.webp\",\"keywords\":[\"_Centro\",\"_festas\",\"_mobilidade\",\"_Porto\",\"_transporte\",\"_transportes\"],\"articleSection\":[\"Economia\",\"Not\u00edcias\"],\"inLanguage\":\"pt-PT\"},{\"@type\":\"WebPage\",\"@id\":\"https:\/\/portaltela.pt\/noticias\/2026\/04\/30\/mais-transportes-no-porto-e-ruas-cortadas-pela-queima-das-fitas\/\",\"url\":\"https:\/\/portaltela.pt\/noticias\/2026\/04\/30\/mais-transportes-no-porto-e-ruas-cortadas-pela-queima-das-fitas\/\",\"name\":\"Mais transportes no Porto e ruas cortadas pela Queima das Fitas - Portal Tela Portugal\",\"isPartOf\":{\"@id\":\"https:\/\/portaltela.pt\/#website\"},\"primaryImageOfPage\":{\"@id\":\"https:\/\/portaltela.pt\/noticias\/2026\/04\/30\/mais-transportes-no-porto-e-ruas-cortadas-pela-queima-das-fitas\/#primaryimage\"},\"image\":{\"@id\":\"https:\/\/portaltela.pt\/noticias\/2026\/04\/30\/mais-transportes-no-porto-e-ruas-cortadas-pela-queima-das-fitas\/#primaryimage\"},\"thumbnailUrl\":\"https:\/\/portaltela.pt\/s.01k8rhncp4jt1\/2026\/04\/image-111.webp\",\"datePublished\":\"2026-04-30T17:17:51+00:00\",\"author\":{\"@id\":\"https:\/\/portaltela.pt\/#\/schema\/person\/c4278d4a6028830caff9ee44b42d32ed\"},\"breadcrumb\":{\"@id\":\"https:\/\/portaltela.pt\/noticias\/2026\/04\/30\/mais-transportes-no-porto-e-ruas-cortadas-pela-queima-das-fitas\/#breadcrumb\"},\"inLanguage\":\"pt-PT\",\"potentialAction\":[{\"@type\":\"ReadAction\",\"target\":[\"https:\/\/portaltela.pt\/noticias\/2026\/04\/30\/mais-transportes-no-porto-e-ruas-cortadas-pela-queima-das-fitas\/\"]}]},{\"@type\":\"ImageObject\",\"inLanguage\":\"pt-PT\",\"@id\":\"https:\/\/portaltela.pt\/noticias\/2026\/04\/30\/mais-transportes-no-porto-e-ruas-cortadas-pela-queima-das-fitas\/#primaryimage\",\"url\":\"https:\/\/portaltela.pt\/s.01k8rhncp4jt1\/2026\/04\/image-111.webp\",\"contentUrl\":\"https:\/\/portaltela.pt\/s.01k8rhncp4jt1\/2026\/04\/image-111.webp\",\"width\":1200,\"height\":800,\"caption\":\"Cortejo vai condicionar tr\u00e2nsito na ter\u00e7a-feira\"},{\"@type\":\"BreadcrumbList\",\"@id\":\"https:\/\/portaltela.pt\/noticias\/2026\/04\/30\/mais-transportes-no-porto-e-ruas-cortadas-pela-queima-das-fitas\/#breadcrumb\",\"itemListElement\":[{\"@type\":\"ListItem\",\"position\":1,\"name\":\"In\u00edcio\",\"item\":\"https:\/\/portaltela.pt\/\"},{\"@type\":\"ListItem\",\"position\":2,\"name\":\"Mais transportes no Porto e ruas cortadas pela Queima das Fitas\"}]},{\"@type\":\"WebSite\",\"@id\":\"https:\/\/portaltela.pt\/#website\",\"url\":\"https:\/\/portaltela.pt\/\",\"name\":\"Portal Tela Portugal\",\"description\":\"\",\"potentialAction\":[{\"@type\":\"SearchAction\",\"target\":{\"@type\":\"EntryPoint\",\"urlTemplate\":\"https:\/\/portaltela.pt\/?s={search_term_string}\"},\"query-input\":{\"@type\":\"PropertyValueSpecification\",\"valueRequired\":true,\"valueName\":\"search_term_string\"}}],\"inLanguage\":\"pt-PT\"},{\"@type\":\"Person\",\"@id\":\"https:\/\/portaltela.pt\/#\/schema\/person\/c4278d4a6028830caff9ee44b42d32ed\",\"name\":\"Telinha\",\"image\":{\"@type\":\"ImageObject\",\"inLanguage\":\"pt-PT\",\"@id\":\"https:\/\/portaltela.pt\/s.01k8rhncp4jt1\/2025\/11\/talking-bot-125x125.png\",\"url\":\"https:\/\/portaltela.pt\/s.01k8rhncp4jt1\/2025\/11\/talking-bot-125x125.png\",\"contentUrl\":\"https:\/\/portaltela.pt\/s.01k8rhncp4jt1\/2025\/11\/talking-bot-125x125.png\",\"caption\":\"Telinha\"},\"sameAs\":[\"https:\/\/portaltela.pt\/\"],\"url\":\"https:\/\/portaltela.pt\/por\/367410592786\/\"}]}<\/script>\n<!-- \/ Yoast SEO plugin. -->","yoast_head_json":{"title":"Mais transportes no Porto e ruas cortadas pela Queima das Fitas - Portal Tela Portugal","robots":{"index":"index","follow":"follow","max-snippet":"max-snippet:-1","max-image-preview":"max-image-preview:large","max-video-preview":"max-video-preview:-1"},"og_locale":"pt_PT","og_type":"article","og_title":"Mais transportes no Porto e ruas cortadas pela Queima das Fitas - Portal Tela Portugal","og_description":"A Queima das Fitas do Porto exige refor\u00e7o de transportes p\u00fablicos e condicionamentos de tr\u00e2nsito no centro, com v\u00e1rias ruas cortadas para a serenata e para a b\u00ean\u00e7\u00e3o das pastas, bem como para o cortejo na Baixa. A serenata nos Aliados ocorre \u00e0s 0:01 de domingo e a cerim\u00f3nia de b\u00ean\u00e7\u00e3o das pastas \u00e0s 10:01, ambos no mesmo local, gerando condicionamentos no centro. Um vaiv\u00e9m gratuito liga a Trindade e o Hospital de S. Jo\u00e3o ao Queim\u00f3dromo durante a noite e madrugada, entre as 22h e as 3h, com regresso entre as 2h e as 7h e frequ\u00eancia m\u00ednima de 15 minutos. A STCP refor\u00e7a as linhas 200 (Bolh\u00e3o \u2013 Castelo do Queijo) e 205 (Campanh\u00e3 \u2013 Castelo do Queijo), com maior capacidade de autocarros; 200 a partir das 20h e 1h30 em conjunto com a Linha 1M, com 30 minutos de frequ\u00eancia; 205 entre as 20h e as 22h, com 15 minutos, e madrugada entre Areosa e An\u00e9mona com 20 minutos. A Metro aumenta a oferta nas madrugadas seguintes com circula\u00e7\u00e3o 24 horas nas linhas Azul e Amarela; a CP associa-se \u00e0 festa com bilhete di\u00e1rio de ida\/volta a pre\u00e7o especial.","og_url":"https:\/\/portaltela.pt\/noticias\/2026\/04\/30\/mais-transportes-no-porto-e-ruas-cortadas-pela-queima-das-fitas\/","og_site_name":"Portal Tela Portugal","article_published_time":"2026-04-30T17:17:51+00:00","author":"Telinha","twitter_card":"summary_large_image","twitter_misc":{"Escrito por":"Telinha","Tempo estimado de leitura":"2 minutos"},"schema":{"@context":"https:\/\/schema.org","@graph":[{"@type":"Article","@id":"https:\/\/portaltela.pt\/noticias\/2026\/04\/30\/mais-transportes-no-porto-e-ruas-cortadas-pela-queima-das-fitas\/#article","isPartOf":{"@id":"https:\/\/portaltela.pt\/noticias\/2026\/04\/30\/mais-transportes-no-porto-e-ruas-cortadas-pela-queima-das-fitas\/"},"author":{"name":"Telinha","@id":"https:\/\/portaltela.pt\/#\/schema\/person\/c4278d4a6028830caff9ee44b42d32ed"},"headline":"Mais transportes no Porto e ruas cortadas pela Queima das Fitas","datePublished":"2026-04-30T17:17:51+00:00","mainEntityOfPage":{"@id":"https:\/\/portaltela.pt\/noticias\/2026\/04\/30\/mais-transportes-no-porto-e-ruas-cortadas-pela-queima-das-fitas\/"},"wordCount":351,"image":{"@id":"https:\/\/portaltela.pt\/noticias\/2026\/04\/30\/mais-transportes-no-porto-e-ruas-cortadas-pela-queima-das-fitas\/#primaryimage"},"thumbnailUrl":"https:\/\/portaltela.pt\/s.01k8rhncp4jt1\/2026\/04\/image-111.webp","keywords":["_Centro","_festas","_mobilidade","_Porto","_transporte","_transportes"],"articleSection":["Economia","Not\u00edcias"],"inLanguage":"pt-PT"},{"@type":"WebPage","@id":"https:\/\/portaltela.pt\/noticias\/2026\/04\/30\/mais-transportes-no-porto-e-ruas-cortadas-pela-queima-das-fitas\/","url":"https:\/\/portaltela.pt\/noticias\/2026\/04\/30\/mais-transportes-no-porto-e-ruas-cortadas-pela-queima-das-fitas\/","name":"Mais transportes no Porto e ruas cortadas pela Queima das Fitas - Portal Tela Portugal","isPartOf":{"@id":"https:\/\/portaltela.pt\/#website"},"primaryImageOfPage":{"@id":"https:\/\/portaltela.pt\/noticias\/2026\/04\/30\/mais-transportes-no-porto-e-ruas-cortadas-pela-queima-das-fitas\/#primaryimage"},"image":{"@id":"https:\/\/portaltela.pt\/noticias\/2026\/04\/30\/mais-transportes-no-porto-e-ruas-cortadas-pela-queima-das-fitas\/#primaryimage"},"thumbnailUrl":"https:\/\/portaltela.pt\/s.01k8rhncp4jt1\/2026\/04\/image-111.webp","datePublished":"2026-04-30T17:17:51+00:00","author":{"@id":"https:\/\/portaltela.pt\/#\/schema\/person\/c4278d4a6028830caff9ee44b42d32ed"},"breadcrumb":{"@id":"https:\/\/portaltela.pt\/noticias\/2026\/04\/30\/mais-transportes-no-porto-e-ruas-cortadas-pela-queima-das-fitas\/#breadcrumb"},"inLanguage":"pt-PT","potentialAction":[{"@type":"ReadAction","target":["https:\/\/portaltela.pt\/noticias\/2026\/04\/30\/mais-transportes-no-porto-e-ruas-cortadas-pela-queima-das-fitas\/"]}]},{"@type":"ImageObject","inLanguage":"pt-PT","@id":"https:\/\/portaltela.pt\/noticias\/2026\/04\/30\/mais-transportes-no-porto-e-ruas-cortadas-pela-queima-das-fitas\/#primaryimage","url":"https:\/\/portaltela.pt\/s.01k8rhncp4jt1\/2026\/04\/image-111.webp","contentUrl":"https:\/\/portaltela.pt\/s.01k8rhncp4jt1\/2026\/04\/image-111.webp","width":1200,"height":800,"caption":"Cortejo vai condicionar tr\u00e2nsito na ter\u00e7a-feira"},{"@type":"BreadcrumbList","@id":"https:\/\/portaltela.pt\/noticias\/2026\/04\/30\/mais-transportes-no-porto-e-ruas-cortadas-pela-queima-das-fitas\/#breadcrumb","itemListElement":[{"@type":"ListItem","position":1,"name":"In\u00edcio","item":"https:\/\/portaltela.pt\/"},{"@type":"ListItem","position":2,"name":"Mais transportes no Porto e ruas cortadas pela Queima das Fitas"}]},{"@type":"WebSite","@id":"https:\/\/portaltela.pt\/#website","url":"https:\/\/portaltela.pt\/","name":"Portal Tela Portugal","description":"","potentialAction":[{"@type":"SearchAction","target":{"@type":"EntryPoint","urlTemplate":"https:\/\/portaltela.pt\/?s={search_term_string}"},"query-input":{"@type":"PropertyValueSpecification","valueRequired":true,"valueName":"search_term_string"}}],"inLanguage":"pt-PT"},{"@type":"Person","@id":"https:\/\/portaltela.pt\/#\/schema\/person\/c4278d4a6028830caff9ee44b42d32ed","name":"Telinha","image":{"@type":"ImageObject","inLanguage":"pt-PT","@id":"https:\/\/portaltela.pt\/s.01k8rhncp4jt1\/2025\/11\/talking-bot-125x125.png","url":"https:\/\/portaltela.pt\/s.01k8rhncp4jt1\/2025\/11\/talking-bot-125x125.png","contentUrl":"https:\/\/portaltela.pt\/s.01k8rhncp4jt1\/2025\/11\/talking-bot-125x125.png","caption":"Telinha"},"sameAs":["https:\/\/portaltela.pt\/"],"url":"https:\/\/portaltela.pt\/por\/367410592786\/"}]}},"_links":{"self":[{"href":"https:\/\/portaltela.pt\/api\/wp\/v2\/posts\/462840","targetHints":{"allow":["GET"]}}],"collection":[{"href":"https:\/\/portaltela.pt\/api\/wp\/v2\/posts"}],"about":[{"href":"https:\/\/portaltela.pt\/api\/wp\/v2\/types\/post"}],"author":[{"embeddable":true,"href":"https:\/\/portaltela.pt\/api\/wp\/v2\/users\/2"}],"replies":[{"embeddable":true,"href":"https:\/\/portaltela.pt\/api\/wp\/v2\/comments?post=462840"}],"version-history":[{"count":0,"href":"https:\/\/portaltela.pt\/api\/wp\/v2\/posts\/462840\/revisions"}],"wp:featuredmedia":[{"embeddable":true,"href":"https:\/\/portaltela.pt\/api\/wp\/v2\/media\/462845"}],"wp:attachment":[{"href":"https:\/\/portaltela.pt\/api\/wp\/v2\/media?parent=462840"}],"wp:term":[{"taxonomy":"category","embeddable":true,"href":"https:\/\/portaltela.pt\/api\/wp\/v2\/categories?post=462840"},{"taxonomy":"post_tag","embeddable":true,"href":"https:\/\/portaltela.pt\/api\/wp\/v2\/tags?post=462840"}],"curies":[{"name":"wp","href":"https:\/\/api.w.org\/{rel}","templated":true}]}}