{"id":462839,"date":"2026-04-30T14:17:49","date_gmt":"2026-04-30T17:17:49","guid":{"rendered":"https:\/\/portaltela.pt\/noticias\/2026\/04\/30\/tres-portugueses-detidos-em-israel-apos-interceptacao-de-flotilha-humanitaria\/"},"modified":"2026-04-30T14:17:49","modified_gmt":"2026-04-30T17:17:49","slug":"tres-portugueses-detidos-em-israel-apos-interceptacao-de-flotilha-humanitaria","status":"publish","type":"post","link":"https:\/\/portaltela.pt\/noticias\/politica\/2026\/04\/30\/tres-portugueses-detidos-em-israel-apos-interceptacao-de-flotilha-humanitaria\/","title":{"rendered":"Tr\u00eas portugueses detidos em Israel ap\u00f3s intercepta\u00e7\u00e3o de flotilha humanit\u00e1ria"},"content":{"rendered":"<p>A Marinha de Israel interceptou na noite de quarta-feira uma flotilha humanit\u00e1ria que fazia parte da Global Sumud Flotilla. V\u00e1rias embarca\u00e7\u00f5es, em \u00e1guas internacionais, foram apreendidas a cerca de mil quil\u00f3metros da costa de Israel e da Faixa de Gaza.<\/p>\n<p>Segundo informa\u00e7\u00f5es recolhidas pelo P\u00daBLICO, tr\u00eas cidad\u00e3os portugueses foram detidos durante a opera\u00e7\u00e3o e permanecem incontact\u00e1veis. A interven\u00e7\u00e3o ocorreu ap\u00f3s a flotilha tentar entregar ajuda \u00e0 Faixa de Gaza.<\/p>\n<p>As imagens de videovigil\u00e2ncia de uma das embarca\u00e7\u00f5es captadas momentos antes da apreens\u00e3o foram divulgadas pela Global Sumud Flotilla, via Reuters, e confirmam o reduzido espa\u00e7o entre as a\u00e7\u00f5es da flotilha e as for\u00e7as israelitas.<\/p>\n<h3>Contexto e fontes<\/h3>\n<ul>\n<li>Detidos: tr\u00eas nacionais portugueses, cuja identidade n\u00e3o foi publicada.<\/li>\n<li>Local da opera\u00e7\u00e3o: \u00e1guas internacionais, a cerca de 1000 km de dist\u00e2ncia da costa de Israel e da Faixa de Gaza.<\/li>\n<li>Estado atual: deten\u00e7\u00e3o em curso, sem contatos dispon\u00edveis aos familiares ou \u00e0s autoridades consulares.<\/li>\n<\/ul>\n<p>As informa\u00e7\u00f5es oficiais sobre o estado dos tripulantes e os pr\u00f3ximos passos legais ainda n\u00e3o foram divulgadas pelas autoridades competentes. Fontes pr\u00f3ximas do incidente indicam que a opera\u00e7\u00e3o manteve o sigilo at\u00e9 novos comunicados.<\/p>\n","protected":false},"excerpt":{"rendered":"<ul>\n<li>Global Sumud Flotilla foi interceptada pela Marinha israelita na noite de quarta-feira, em \u00e1guas internacionais, a cerca de mil quil\u00f3metros da costa de Israel e da Faixa de Gaza, segundo o P\u00fablico.<\/li>\n<li>V\u00e1rios barcos da flotilha que pretendiam levar ajuda humanit\u00e1ria \u00e0 Faixa de Gaza foram apreendidos.<\/li>\n<li>Tr\u00eas portugueses foram detidos e permanecem incontact\u00e1veis.<\/li>\n<li>Imagens de videovigil\u00e2ncia mostram o momento anterior \u00e0 apreens\u00e3o de uma das embarca\u00e7\u00f5es.<\/li>\n<li>A opera\u00e7\u00e3o ocorreu na sequ\u00eancia de uma interce\u00e7\u00e3o a uma flotilha recente.<\/li>\n<\/ul>\n","protected":false},"author":2,"featured_media":462850,"comment_status":"closed","ping_status":"closed","sticky":false,"template":"","format":"standard","meta":{"footnotes":""},"categories":[6912,5],"tags":[8102,8138,8094,8191,8062,7946],"class_list":["post-462839","post","type-post","status-publish","format-standard","has-post-thumbnail","hentry","category-internacionais","category-politica","tag-_acao-humanitaria","tag-_detencao","tag-_internacionais","tag-_israel","tag-_portugal","tag-_relacoes-internacionais"],"yoast_head":"<!-- This site is optimized with the Yoast SEO plugin v27.2 - https:\/\/yoast.com\/product\/yoast-seo-wordpress\/ -->\n<title>Tr\u00eas portugueses detidos em Israel ap\u00f3s intercepta\u00e7\u00e3o de flotilha humanit\u00e1ria - Portal Tela Portugal<\/title>\n<meta name=\"robots\" content=\"index, follow, max-snippet:-1, max-image-preview:large, max-video-preview:-1\" \/>\n<meta property=\"og:locale\" content=\"pt_PT\" \/>\n<meta property=\"og:type\" content=\"article\" \/>\n<meta property=\"og:title\" content=\"Tr\u00eas portugueses detidos em Israel ap\u00f3s intercepta\u00e7\u00e3o de flotilha humanit\u00e1ria - Portal Tela Portugal\" \/>\n<meta property=\"og:description\" content=\"Global Sumud Flotilla foi interceptada pela Marinha israelita na noite de quarta-feira, em \u00e1guas internacionais, a cerca de mil quil\u00f3metros da costa de Israel e da Faixa de Gaza, segundo o P\u00fablico. V\u00e1rios barcos da flotilha que pretendiam levar ajuda humanit\u00e1ria \u00e0 Faixa de Gaza foram apreendidos. Tr\u00eas portugueses foram detidos e permanecem incontact\u00e1veis. Imagens de videovigil\u00e2ncia mostram o momento anterior \u00e0 apreens\u00e3o de uma das embarca\u00e7\u00f5es. A opera\u00e7\u00e3o ocorreu na sequ\u00eancia de uma interce\u00e7\u00e3o a uma flotilha recente.\" \/>\n<meta property=\"og:url\" content=\"https:\/\/portaltela.pt\/noticias\/2026\/04\/30\/tres-portugueses-detidos-em-israel-apos-interceptacao-de-flotilha-humanitaria\/\" \/>\n<meta property=\"og:site_name\" content=\"Portal Tela Portugal\" \/>\n<meta property=\"article:published_time\" content=\"2026-04-30T17:17:49+00:00\" \/>\n<meta name=\"author\" content=\"Telinha\" \/>\n<meta name=\"twitter:card\" content=\"summary_large_image\" \/>\n<meta name=\"twitter:label1\" content=\"Escrito por\" \/>\n\t<meta name=\"twitter:data1\" content=\"Telinha\" \/>\n\t<meta name=\"twitter:label2\" content=\"Tempo estimado de leitura\" \/>\n\t<meta name=\"twitter:data2\" content=\"1 minuto\" \/>\n<script type=\"application\/ld+json\" class=\"yoast-schema-graph\">{\"@context\":\"https:\/\/schema.org\",\"@graph\":[{\"@type\":\"Article\",\"@id\":\"https:\/\/portaltela.pt\/noticias\/2026\/04\/30\/tres-portugueses-detidos-em-israel-apos-interceptacao-de-flotilha-humanitaria\/#article\",\"isPartOf\":{\"@id\":\"https:\/\/portaltela.pt\/noticias\/2026\/04\/30\/tres-portugueses-detidos-em-israel-apos-interceptacao-de-flotilha-humanitaria\/\"},\"author\":{\"name\":\"Telinha\",\"@id\":\"https:\/\/portaltela.pt\/#\/schema\/person\/c4278d4a6028830caff9ee44b42d32ed\"},\"headline\":\"Tr\u00eas portugueses detidos em Israel ap\u00f3s intercepta\u00e7\u00e3o de flotilha humanit\u00e1ria\",\"datePublished\":\"2026-04-30T17:17:49+00:00\",\"mainEntityOfPage\":{\"@id\":\"https:\/\/portaltela.pt\/noticias\/2026\/04\/30\/tres-portugueses-detidos-em-israel-apos-interceptacao-de-flotilha-humanitaria\/\"},\"wordCount\":226,\"image\":{\"@id\":\"https:\/\/portaltela.pt\/noticias\/2026\/04\/30\/tres-portugueses-detidos-em-israel-apos-interceptacao-de-flotilha-humanitaria\/#primaryimage\"},\"thumbnailUrl\":\"https:\/\/portaltela.pt\/s.01k8rhncp4jt1\/2026\/04\/2085319.jpg\",\"keywords\":[\"_a\u00e7\u00e3o humanit\u00e1ria\",\"_deten\u00e7\u00e3o\",\"_internacionais\",\"_Israel\",\"_Portugal\",\"_rela\u00e7\u00f5es internacionais\"],\"articleSection\":[\"Internacionais\",\"Pol\u00edtica\"],\"inLanguage\":\"pt-PT\"},{\"@type\":\"WebPage\",\"@id\":\"https:\/\/portaltela.pt\/noticias\/2026\/04\/30\/tres-portugueses-detidos-em-israel-apos-interceptacao-de-flotilha-humanitaria\/\",\"url\":\"https:\/\/portaltela.pt\/noticias\/2026\/04\/30\/tres-portugueses-detidos-em-israel-apos-interceptacao-de-flotilha-humanitaria\/\",\"name\":\"Tr\u00eas portugueses detidos em Israel ap\u00f3s intercepta\u00e7\u00e3o de flotilha humanit\u00e1ria - Portal Tela Portugal\",\"isPartOf\":{\"@id\":\"https:\/\/portaltela.pt\/#website\"},\"primaryImageOfPage\":{\"@id\":\"https:\/\/portaltela.pt\/noticias\/2026\/04\/30\/tres-portugueses-detidos-em-israel-apos-interceptacao-de-flotilha-humanitaria\/#primaryimage\"},\"image\":{\"@id\":\"https:\/\/portaltela.pt\/noticias\/2026\/04\/30\/tres-portugueses-detidos-em-israel-apos-interceptacao-de-flotilha-humanitaria\/#primaryimage\"},\"thumbnailUrl\":\"https:\/\/portaltela.pt\/s.01k8rhncp4jt1\/2026\/04\/2085319.jpg\",\"datePublished\":\"2026-04-30T17:17:49+00:00\",\"author\":{\"@id\":\"https:\/\/portaltela.pt\/#\/schema\/person\/c4278d4a6028830caff9ee44b42d32ed\"},\"breadcrumb\":{\"@id\":\"https:\/\/portaltela.pt\/noticias\/2026\/04\/30\/tres-portugueses-detidos-em-israel-apos-interceptacao-de-flotilha-humanitaria\/#breadcrumb\"},\"inLanguage\":\"pt-PT\",\"potentialAction\":[{\"@type\":\"ReadAction\",\"target\":[\"https:\/\/portaltela.pt\/noticias\/2026\/04\/30\/tres-portugueses-detidos-em-israel-apos-interceptacao-de-flotilha-humanitaria\/\"]}]},{\"@type\":\"ImageObject\",\"inLanguage\":\"pt-PT\",\"@id\":\"https:\/\/portaltela.pt\/noticias\/2026\/04\/30\/tres-portugueses-detidos-em-israel-apos-interceptacao-de-flotilha-humanitaria\/#primaryimage\",\"url\":\"https:\/\/portaltela.pt\/s.01k8rhncp4jt1\/2026\/04\/2085319.jpg\",\"contentUrl\":\"https:\/\/portaltela.pt\/s.01k8rhncp4jt1\/2026\/04\/2085319.jpg\",\"width\":796,\"height\":448,\"caption\":\"Imagens de videovigil\u00e2ncia de uma das embarca\u00e7\u00f5es interceptadas, momentos antes da sua apreens\u00e3o pelas for\u00e7as israelitas\"},{\"@type\":\"BreadcrumbList\",\"@id\":\"https:\/\/portaltela.pt\/noticias\/2026\/04\/30\/tres-portugueses-detidos-em-israel-apos-interceptacao-de-flotilha-humanitaria\/#breadcrumb\",\"itemListElement\":[{\"@type\":\"ListItem\",\"position\":1,\"name\":\"In\u00edcio\",\"item\":\"https:\/\/portaltela.pt\/\"},{\"@type\":\"ListItem\",\"position\":2,\"name\":\"Tr\u00eas portugueses detidos em Israel ap\u00f3s intercepta\u00e7\u00e3o de flotilha humanit\u00e1ria\"}]},{\"@type\":\"WebSite\",\"@id\":\"https:\/\/portaltela.pt\/#website\",\"url\":\"https:\/\/portaltela.pt\/\",\"name\":\"Portal Tela Portugal\",\"description\":\"\",\"potentialAction\":[{\"@type\":\"SearchAction\",\"target\":{\"@type\":\"EntryPoint\",\"urlTemplate\":\"https:\/\/portaltela.pt\/?s={search_term_string}\"},\"query-input\":{\"@type\":\"PropertyValueSpecification\",\"valueRequired\":true,\"valueName\":\"search_term_string\"}}],\"inLanguage\":\"pt-PT\"},{\"@type\":\"Person\",\"@id\":\"https:\/\/portaltela.pt\/#\/schema\/person\/c4278d4a6028830caff9ee44b42d32ed\",\"name\":\"Telinha\",\"image\":{\"@type\":\"ImageObject\",\"inLanguage\":\"pt-PT\",\"@id\":\"https:\/\/portaltela.pt\/s.01k8rhncp4jt1\/2025\/11\/talking-bot-125x125.png\",\"url\":\"https:\/\/portaltela.pt\/s.01k8rhncp4jt1\/2025\/11\/talking-bot-125x125.png\",\"contentUrl\":\"https:\/\/portaltela.pt\/s.01k8rhncp4jt1\/2025\/11\/talking-bot-125x125.png\",\"caption\":\"Telinha\"},\"sameAs\":[\"https:\/\/portaltela.pt\/\"],\"url\":\"https:\/\/portaltela.pt\/por\/367410592786\/\"}]}<\/script>\n<!-- \/ Yoast SEO plugin. -->","yoast_head_json":{"title":"Tr\u00eas portugueses detidos em Israel ap\u00f3s intercepta\u00e7\u00e3o de flotilha humanit\u00e1ria - Portal Tela Portugal","robots":{"index":"index","follow":"follow","max-snippet":"max-snippet:-1","max-image-preview":"max-image-preview:large","max-video-preview":"max-video-preview:-1"},"og_locale":"pt_PT","og_type":"article","og_title":"Tr\u00eas portugueses detidos em Israel ap\u00f3s intercepta\u00e7\u00e3o de flotilha humanit\u00e1ria - Portal Tela Portugal","og_description":"Global Sumud Flotilla foi interceptada pela Marinha israelita na noite de quarta-feira, em \u00e1guas internacionais, a cerca de mil quil\u00f3metros da costa de Israel e da Faixa de Gaza, segundo o P\u00fablico. V\u00e1rios barcos da flotilha que pretendiam levar ajuda humanit\u00e1ria \u00e0 Faixa de Gaza foram apreendidos. Tr\u00eas portugueses foram detidos e permanecem incontact\u00e1veis. Imagens de videovigil\u00e2ncia mostram o momento anterior \u00e0 apreens\u00e3o de uma das embarca\u00e7\u00f5es. A opera\u00e7\u00e3o ocorreu na sequ\u00eancia de uma interce\u00e7\u00e3o a uma flotilha recente.","og_url":"https:\/\/portaltela.pt\/noticias\/2026\/04\/30\/tres-portugueses-detidos-em-israel-apos-interceptacao-de-flotilha-humanitaria\/","og_site_name":"Portal Tela Portugal","article_published_time":"2026-04-30T17:17:49+00:00","author":"Telinha","twitter_card":"summary_large_image","twitter_misc":{"Escrito por":"Telinha","Tempo estimado de leitura":"1 minuto"},"schema":{"@context":"https:\/\/schema.org","@graph":[{"@type":"Article","@id":"https:\/\/portaltela.pt\/noticias\/2026\/04\/30\/tres-portugueses-detidos-em-israel-apos-interceptacao-de-flotilha-humanitaria\/#article","isPartOf":{"@id":"https:\/\/portaltela.pt\/noticias\/2026\/04\/30\/tres-portugueses-detidos-em-israel-apos-interceptacao-de-flotilha-humanitaria\/"},"author":{"name":"Telinha","@id":"https:\/\/portaltela.pt\/#\/schema\/person\/c4278d4a6028830caff9ee44b42d32ed"},"headline":"Tr\u00eas portugueses detidos em Israel ap\u00f3s intercepta\u00e7\u00e3o de flotilha humanit\u00e1ria","datePublished":"2026-04-30T17:17:49+00:00","mainEntityOfPage":{"@id":"https:\/\/portaltela.pt\/noticias\/2026\/04\/30\/tres-portugueses-detidos-em-israel-apos-interceptacao-de-flotilha-humanitaria\/"},"wordCount":226,"image":{"@id":"https:\/\/portaltela.pt\/noticias\/2026\/04\/30\/tres-portugueses-detidos-em-israel-apos-interceptacao-de-flotilha-humanitaria\/#primaryimage"},"thumbnailUrl":"https:\/\/portaltela.pt\/s.01k8rhncp4jt1\/2026\/04\/2085319.jpg","keywords":["_a\u00e7\u00e3o humanit\u00e1ria","_deten\u00e7\u00e3o","_internacionais","_Israel","_Portugal","_rela\u00e7\u00f5es internacionais"],"articleSection":["Internacionais","Pol\u00edtica"],"inLanguage":"pt-PT"},{"@type":"WebPage","@id":"https:\/\/portaltela.pt\/noticias\/2026\/04\/30\/tres-portugueses-detidos-em-israel-apos-interceptacao-de-flotilha-humanitaria\/","url":"https:\/\/portaltela.pt\/noticias\/2026\/04\/30\/tres-portugueses-detidos-em-israel-apos-interceptacao-de-flotilha-humanitaria\/","name":"Tr\u00eas portugueses detidos em Israel ap\u00f3s intercepta\u00e7\u00e3o de flotilha humanit\u00e1ria - Portal Tela Portugal","isPartOf":{"@id":"https:\/\/portaltela.pt\/#website"},"primaryImageOfPage":{"@id":"https:\/\/portaltela.pt\/noticias\/2026\/04\/30\/tres-portugueses-detidos-em-israel-apos-interceptacao-de-flotilha-humanitaria\/#primaryimage"},"image":{"@id":"https:\/\/portaltela.pt\/noticias\/2026\/04\/30\/tres-portugueses-detidos-em-israel-apos-interceptacao-de-flotilha-humanitaria\/#primaryimage"},"thumbnailUrl":"https:\/\/portaltela.pt\/s.01k8rhncp4jt1\/2026\/04\/2085319.jpg","datePublished":"2026-04-30T17:17:49+00:00","author":{"@id":"https:\/\/portaltela.pt\/#\/schema\/person\/c4278d4a6028830caff9ee44b42d32ed"},"breadcrumb":{"@id":"https:\/\/portaltela.pt\/noticias\/2026\/04\/30\/tres-portugueses-detidos-em-israel-apos-interceptacao-de-flotilha-humanitaria\/#breadcrumb"},"inLanguage":"pt-PT","potentialAction":[{"@type":"ReadAction","target":["https:\/\/portaltela.pt\/noticias\/2026\/04\/30\/tres-portugueses-detidos-em-israel-apos-interceptacao-de-flotilha-humanitaria\/"]}]},{"@type":"ImageObject","inLanguage":"pt-PT","@id":"https:\/\/portaltela.pt\/noticias\/2026\/04\/30\/tres-portugueses-detidos-em-israel-apos-interceptacao-de-flotilha-humanitaria\/#primaryimage","url":"https:\/\/portaltela.pt\/s.01k8rhncp4jt1\/2026\/04\/2085319.jpg","contentUrl":"https:\/\/portaltela.pt\/s.01k8rhncp4jt1\/2026\/04\/2085319.jpg","width":796,"height":448,"caption":"Imagens de videovigil\u00e2ncia de uma das embarca\u00e7\u00f5es interceptadas, momentos antes da sua apreens\u00e3o pelas for\u00e7as israelitas"},{"@type":"BreadcrumbList","@id":"https:\/\/portaltela.pt\/noticias\/2026\/04\/30\/tres-portugueses-detidos-em-israel-apos-interceptacao-de-flotilha-humanitaria\/#breadcrumb","itemListElement":[{"@type":"ListItem","position":1,"name":"In\u00edcio","item":"https:\/\/portaltela.pt\/"},{"@type":"ListItem","position":2,"name":"Tr\u00eas portugueses detidos em Israel ap\u00f3s intercepta\u00e7\u00e3o de flotilha humanit\u00e1ria"}]},{"@type":"WebSite","@id":"https:\/\/portaltela.pt\/#website","url":"https:\/\/portaltela.pt\/","name":"Portal Tela Portugal","description":"","potentialAction":[{"@type":"SearchAction","target":{"@type":"EntryPoint","urlTemplate":"https:\/\/portaltela.pt\/?s={search_term_string}"},"query-input":{"@type":"PropertyValueSpecification","valueRequired":true,"valueName":"search_term_string"}}],"inLanguage":"pt-PT"},{"@type":"Person","@id":"https:\/\/portaltela.pt\/#\/schema\/person\/c4278d4a6028830caff9ee44b42d32ed","name":"Telinha","image":{"@type":"ImageObject","inLanguage":"pt-PT","@id":"https:\/\/portaltela.pt\/s.01k8rhncp4jt1\/2025\/11\/talking-bot-125x125.png","url":"https:\/\/portaltela.pt\/s.01k8rhncp4jt1\/2025\/11\/talking-bot-125x125.png","contentUrl":"https:\/\/portaltela.pt\/s.01k8rhncp4jt1\/2025\/11\/talking-bot-125x125.png","caption":"Telinha"},"sameAs":["https:\/\/portaltela.pt\/"],"url":"https:\/\/portaltela.pt\/por\/367410592786\/"}]}},"_links":{"self":[{"href":"https:\/\/portaltela.pt\/api\/wp\/v2\/posts\/462839","targetHints":{"allow":["GET"]}}],"collection":[{"href":"https:\/\/portaltela.pt\/api\/wp\/v2\/posts"}],"about":[{"href":"https:\/\/portaltela.pt\/api\/wp\/v2\/types\/post"}],"author":[{"embeddable":true,"href":"https:\/\/portaltela.pt\/api\/wp\/v2\/users\/2"}],"replies":[{"embeddable":true,"href":"https:\/\/portaltela.pt\/api\/wp\/v2\/comments?post=462839"}],"version-history":[{"count":0,"href":"https:\/\/portaltela.pt\/api\/wp\/v2\/posts\/462839\/revisions"}],"wp:featuredmedia":[{"embeddable":true,"href":"https:\/\/portaltela.pt\/api\/wp\/v2\/media\/462850"}],"wp:attachment":[{"href":"https:\/\/portaltela.pt\/api\/wp\/v2\/media?parent=462839"}],"wp:term":[{"taxonomy":"category","embeddable":true,"href":"https:\/\/portaltela.pt\/api\/wp\/v2\/categories?post=462839"},{"taxonomy":"post_tag","embeddable":true,"href":"https:\/\/portaltela.pt\/api\/wp\/v2\/tags?post=462839"}],"curies":[{"name":"wp","href":"https:\/\/api.w.org\/{rel}","templated":true}]}}