{"id":462835,"date":"2026-04-30T14:17:41","date_gmt":"2026-04-30T17:17:41","guid":{"rendered":"https:\/\/portaltela.pt\/noticias\/2026\/04\/30\/juri-da-bienal-de-arte-de-veneza-demitiu-se-por-participacao-russa\/"},"modified":"2026-04-30T14:17:41","modified_gmt":"2026-04-30T17:17:41","slug":"juri-da-bienal-de-arte-de-veneza-demitiu-se-por-participacao-russa","status":"publish","type":"post","link":"https:\/\/portaltela.pt\/noticias\/2026\/04\/30\/juri-da-bienal-de-arte-de-veneza-demitiu-se-por-participacao-russa\/","title":{"rendered":"J\u00fari da Bienal de Arte de Veneza demitiu-se por participa\u00e7\u00e3o russa"},"content":{"rendered":"<p>O j\u00fari internacional da Bienal de Arte de Veneza, presidido pela curadora brasileira Solange Oliveira Farkas, demitiu-se a poucos dias da abertura do evento. A decis\u00e3o \u00e9 associada \u00e0 pol\u00e9mica em torno da participa\u00e7\u00e3o da R\u00fassia.<\/p>\n<p>Em nota de imprensa, a organiza\u00e7\u00e3o indica apenas ter recebido o pedido de demiss\u00e3o do j\u00fari da 61.\u00aa Bienal. A ag\u00eancia France-Presse acrescenta que a demiss\u00e3o ocorreu ap\u00f3s autoriza\u00e7\u00e3o da participa\u00e7\u00e3o russa.<\/p>\n<p>O jornal italiano La Repubblica relata que a inaugura\u00e7\u00e3o oficial, prevista para 9 de maio, foi cancelada. A confirma\u00e7\u00e3o oficial sobre o cancelamento n\u00e3o veio diretamente da organiza\u00e7\u00e3o, segundo o ve\u00edculo.<\/p>\n<p>At\u00e9 ao momento, n\u00e3o h\u00e1 confirma\u00e7\u00e3o de novas datas ou de substitui\u00e7\u00f5es para o j\u00fari. O evento segue em quest\u00e3o com a poss\u00edvel reprograma\u00e7\u00e3o de atividades associadas \u00e0 61.\u00aa Bienal.<\/p>\n<p>A repercuss\u00e3o envolve o papel de Veneza como palco de express\u00e3o art\u00edstica internacional e as tens\u00f5es diplom\u00e1ticas associadas a a\u00e7\u00f5es de Estados n\u00e3o europeus, refletindo o momento atual da cultura global.<\/p>\n","protected":false},"excerpt":{"rendered":"<ul>\n<li>O j\u00fari internacional da Bienal de Arte de Veneza, presidido pela curadora brasileira Solange Oliveira Farkas, demitiu-se poucos dias antes da abertura.<\/li>\n<li>A decis\u00e3o surge ap\u00f3s a autoriza\u00e7\u00e3o da participa\u00e7\u00e3o da R\u00fassia no evento.<\/li>\n<li>Em nota, a organiza\u00e7\u00e3o informou apenas ter recebido o pedido de demiss\u00e3o do j\u00fari da 61.\u00aa bienal.<\/li>\n<li>O jornal italiano La Reppublica afirma que a inaugura\u00e7\u00e3o oficial, marcada para 9 de maio, foi cancelada.<\/li>\n<li>A ag\u00eancia France-Presse (AFP) noticia a demiss\u00e3o e destaca o contexto da participa\u00e7\u00e3o russa.<\/li>\n<\/ul>\n","protected":false},"author":2,"featured_media":462838,"comment_status":"closed","ping_status":"closed","sticky":false,"template":"","format":"standard","meta":{"footnotes":""},"categories":[7375,1],"tags":[8036,7756,7944,8347,7988,8035],"class_list":["post-462835","post","type-post","status-publish","format-standard","has-post-thumbnail","hentry","category-cultura","category-noticias","tag-_arte","tag-_cultura","tag-_diplomacia","tag-_italia","tag-_organizacao-internacional","tag-_russia"],"yoast_head":"<!-- This site is optimized with the Yoast SEO plugin v27.2 - https:\/\/yoast.com\/product\/yoast-seo-wordpress\/ -->\n<title>J\u00fari da Bienal de Arte de Veneza demitiu-se por participa\u00e7\u00e3o russa - Portal Tela Portugal<\/title>\n<meta name=\"robots\" content=\"index, follow, max-snippet:-1, max-image-preview:large, max-video-preview:-1\" \/>\n<meta property=\"og:locale\" content=\"pt_PT\" \/>\n<meta property=\"og:type\" content=\"article\" \/>\n<meta property=\"og:title\" content=\"J\u00fari da Bienal de Arte de Veneza demitiu-se por participa\u00e7\u00e3o russa - Portal Tela Portugal\" \/>\n<meta property=\"og:description\" content=\"O j\u00fari internacional da Bienal de Arte de Veneza, presidido pela curadora brasileira Solange Oliveira Farkas, demitiu-se poucos dias antes da abertura. A decis\u00e3o surge ap\u00f3s a autoriza\u00e7\u00e3o da participa\u00e7\u00e3o da R\u00fassia no evento. Em nota, a organiza\u00e7\u00e3o informou apenas ter recebido o pedido de demiss\u00e3o do j\u00fari da 61.\u00aa bienal. O jornal italiano La Reppublica afirma que a inaugura\u00e7\u00e3o oficial, marcada para 9 de maio, foi cancelada. A ag\u00eancia France-Presse (AFP) noticia a demiss\u00e3o e destaca o contexto da participa\u00e7\u00e3o russa.\" \/>\n<meta property=\"og:url\" content=\"https:\/\/portaltela.pt\/noticias\/2026\/04\/30\/juri-da-bienal-de-arte-de-veneza-demitiu-se-por-participacao-russa\/\" \/>\n<meta property=\"og:site_name\" content=\"Portal Tela Portugal\" \/>\n<meta property=\"article:published_time\" content=\"2026-04-30T17:17:41+00:00\" \/>\n<meta name=\"author\" content=\"Telinha\" \/>\n<meta name=\"twitter:card\" content=\"summary_large_image\" \/>\n<meta name=\"twitter:label1\" content=\"Escrito por\" \/>\n\t<meta name=\"twitter:data1\" content=\"Telinha\" \/>\n\t<meta name=\"twitter:label2\" content=\"Tempo estimado de leitura\" \/>\n\t<meta name=\"twitter:data2\" content=\"1 minuto\" \/>\n<script type=\"application\/ld+json\" class=\"yoast-schema-graph\">{\"@context\":\"https:\/\/schema.org\",\"@graph\":[{\"@type\":\"Article\",\"@id\":\"https:\/\/portaltela.pt\/noticias\/2026\/04\/30\/juri-da-bienal-de-arte-de-veneza-demitiu-se-por-participacao-russa\/#article\",\"isPartOf\":{\"@id\":\"https:\/\/portaltela.pt\/noticias\/2026\/04\/30\/juri-da-bienal-de-arte-de-veneza-demitiu-se-por-participacao-russa\/\"},\"author\":{\"name\":\"Telinha\",\"@id\":\"https:\/\/portaltela.pt\/#\/schema\/person\/c4278d4a6028830caff9ee44b42d32ed\"},\"headline\":\"J\u00fari da Bienal de Arte de Veneza demitiu-se por participa\u00e7\u00e3o russa\",\"datePublished\":\"2026-04-30T17:17:41+00:00\",\"mainEntityOfPage\":{\"@id\":\"https:\/\/portaltela.pt\/noticias\/2026\/04\/30\/juri-da-bienal-de-arte-de-veneza-demitiu-se-por-participacao-russa\/\"},\"wordCount\":199,\"image\":{\"@id\":\"https:\/\/portaltela.pt\/noticias\/2026\/04\/30\/juri-da-bienal-de-arte-de-veneza-demitiu-se-por-participacao-russa\/#primaryimage\"},\"thumbnailUrl\":\"https:\/\/portaltela.pt\/s.01k8rhncp4jt1\/2026\/04\/img_1500x1000uu2026-04-30-18-07-19-2282060.jpg\",\"keywords\":[\"_arte\",\"_cultura\",\"_diplomacia\",\"_It\u00e1lia\",\"_organiza\u00e7\u00e3o internacional\",\"_R\u00fassia\"],\"articleSection\":[\"Cultura\",\"Not\u00edcias\"],\"inLanguage\":\"pt-PT\"},{\"@type\":\"WebPage\",\"@id\":\"https:\/\/portaltela.pt\/noticias\/2026\/04\/30\/juri-da-bienal-de-arte-de-veneza-demitiu-se-por-participacao-russa\/\",\"url\":\"https:\/\/portaltela.pt\/noticias\/2026\/04\/30\/juri-da-bienal-de-arte-de-veneza-demitiu-se-por-participacao-russa\/\",\"name\":\"J\u00fari da Bienal de Arte de Veneza demitiu-se por participa\u00e7\u00e3o russa - Portal Tela Portugal\",\"isPartOf\":{\"@id\":\"https:\/\/portaltela.pt\/#website\"},\"primaryImageOfPage\":{\"@id\":\"https:\/\/portaltela.pt\/noticias\/2026\/04\/30\/juri-da-bienal-de-arte-de-veneza-demitiu-se-por-participacao-russa\/#primaryimage\"},\"image\":{\"@id\":\"https:\/\/portaltela.pt\/noticias\/2026\/04\/30\/juri-da-bienal-de-arte-de-veneza-demitiu-se-por-participacao-russa\/#primaryimage\"},\"thumbnailUrl\":\"https:\/\/portaltela.pt\/s.01k8rhncp4jt1\/2026\/04\/img_1500x1000uu2026-04-30-18-07-19-2282060.jpg\",\"datePublished\":\"2026-04-30T17:17:41+00:00\",\"author\":{\"@id\":\"https:\/\/portaltela.pt\/#\/schema\/person\/c4278d4a6028830caff9ee44b42d32ed\"},\"breadcrumb\":{\"@id\":\"https:\/\/portaltela.pt\/noticias\/2026\/04\/30\/juri-da-bienal-de-arte-de-veneza-demitiu-se-por-participacao-russa\/#breadcrumb\"},\"inLanguage\":\"pt-PT\",\"potentialAction\":[{\"@type\":\"ReadAction\",\"target\":[\"https:\/\/portaltela.pt\/noticias\/2026\/04\/30\/juri-da-bienal-de-arte-de-veneza-demitiu-se-por-participacao-russa\/\"]}]},{\"@type\":\"ImageObject\",\"inLanguage\":\"pt-PT\",\"@id\":\"https:\/\/portaltela.pt\/noticias\/2026\/04\/30\/juri-da-bienal-de-arte-de-veneza-demitiu-se-por-participacao-russa\/#primaryimage\",\"url\":\"https:\/\/portaltela.pt\/s.01k8rhncp4jt1\/2026\/04\/img_1500x1000uu2026-04-30-18-07-19-2282060.jpg\",\"contentUrl\":\"https:\/\/portaltela.pt\/s.01k8rhncp4jt1\/2026\/04\/img_1500x1000uu2026-04-30-18-07-19-2282060.jpg\",\"width\":1500,\"height\":1000,\"caption\":\"J\u00fari da Bienal de Veneza demite-se devido \u00e0 participa\u00e7\u00e3o russa\"},{\"@type\":\"BreadcrumbList\",\"@id\":\"https:\/\/portaltela.pt\/noticias\/2026\/04\/30\/juri-da-bienal-de-arte-de-veneza-demitiu-se-por-participacao-russa\/#breadcrumb\",\"itemListElement\":[{\"@type\":\"ListItem\",\"position\":1,\"name\":\"In\u00edcio\",\"item\":\"https:\/\/portaltela.pt\/\"},{\"@type\":\"ListItem\",\"position\":2,\"name\":\"J\u00fari da Bienal de Arte de Veneza demitiu-se por participa\u00e7\u00e3o russa\"}]},{\"@type\":\"WebSite\",\"@id\":\"https:\/\/portaltela.pt\/#website\",\"url\":\"https:\/\/portaltela.pt\/\",\"name\":\"Portal Tela Portugal\",\"description\":\"\",\"potentialAction\":[{\"@type\":\"SearchAction\",\"target\":{\"@type\":\"EntryPoint\",\"urlTemplate\":\"https:\/\/portaltela.pt\/?s={search_term_string}\"},\"query-input\":{\"@type\":\"PropertyValueSpecification\",\"valueRequired\":true,\"valueName\":\"search_term_string\"}}],\"inLanguage\":\"pt-PT\"},{\"@type\":\"Person\",\"@id\":\"https:\/\/portaltela.pt\/#\/schema\/person\/c4278d4a6028830caff9ee44b42d32ed\",\"name\":\"Telinha\",\"image\":{\"@type\":\"ImageObject\",\"inLanguage\":\"pt-PT\",\"@id\":\"https:\/\/portaltela.pt\/s.01k8rhncp4jt1\/2025\/11\/talking-bot-125x125.png\",\"url\":\"https:\/\/portaltela.pt\/s.01k8rhncp4jt1\/2025\/11\/talking-bot-125x125.png\",\"contentUrl\":\"https:\/\/portaltela.pt\/s.01k8rhncp4jt1\/2025\/11\/talking-bot-125x125.png\",\"caption\":\"Telinha\"},\"sameAs\":[\"https:\/\/portaltela.pt\/\"],\"url\":\"https:\/\/portaltela.pt\/por\/367410592786\/\"}]}<\/script>\n<!-- \/ Yoast SEO plugin. -->","yoast_head_json":{"title":"J\u00fari da Bienal de Arte de Veneza demitiu-se por participa\u00e7\u00e3o russa - Portal Tela Portugal","robots":{"index":"index","follow":"follow","max-snippet":"max-snippet:-1","max-image-preview":"max-image-preview:large","max-video-preview":"max-video-preview:-1"},"og_locale":"pt_PT","og_type":"article","og_title":"J\u00fari da Bienal de Arte de Veneza demitiu-se por participa\u00e7\u00e3o russa - Portal Tela Portugal","og_description":"O j\u00fari internacional da Bienal de Arte de Veneza, presidido pela curadora brasileira Solange Oliveira Farkas, demitiu-se poucos dias antes da abertura. A decis\u00e3o surge ap\u00f3s a autoriza\u00e7\u00e3o da participa\u00e7\u00e3o da R\u00fassia no evento. Em nota, a organiza\u00e7\u00e3o informou apenas ter recebido o pedido de demiss\u00e3o do j\u00fari da 61.\u00aa bienal. O jornal italiano La Reppublica afirma que a inaugura\u00e7\u00e3o oficial, marcada para 9 de maio, foi cancelada. A ag\u00eancia France-Presse (AFP) noticia a demiss\u00e3o e destaca o contexto da participa\u00e7\u00e3o russa.","og_url":"https:\/\/portaltela.pt\/noticias\/2026\/04\/30\/juri-da-bienal-de-arte-de-veneza-demitiu-se-por-participacao-russa\/","og_site_name":"Portal Tela Portugal","article_published_time":"2026-04-30T17:17:41+00:00","author":"Telinha","twitter_card":"summary_large_image","twitter_misc":{"Escrito por":"Telinha","Tempo estimado de leitura":"1 minuto"},"schema":{"@context":"https:\/\/schema.org","@graph":[{"@type":"Article","@id":"https:\/\/portaltela.pt\/noticias\/2026\/04\/30\/juri-da-bienal-de-arte-de-veneza-demitiu-se-por-participacao-russa\/#article","isPartOf":{"@id":"https:\/\/portaltela.pt\/noticias\/2026\/04\/30\/juri-da-bienal-de-arte-de-veneza-demitiu-se-por-participacao-russa\/"},"author":{"name":"Telinha","@id":"https:\/\/portaltela.pt\/#\/schema\/person\/c4278d4a6028830caff9ee44b42d32ed"},"headline":"J\u00fari da Bienal de Arte de Veneza demitiu-se por participa\u00e7\u00e3o russa","datePublished":"2026-04-30T17:17:41+00:00","mainEntityOfPage":{"@id":"https:\/\/portaltela.pt\/noticias\/2026\/04\/30\/juri-da-bienal-de-arte-de-veneza-demitiu-se-por-participacao-russa\/"},"wordCount":199,"image":{"@id":"https:\/\/portaltela.pt\/noticias\/2026\/04\/30\/juri-da-bienal-de-arte-de-veneza-demitiu-se-por-participacao-russa\/#primaryimage"},"thumbnailUrl":"https:\/\/portaltela.pt\/s.01k8rhncp4jt1\/2026\/04\/img_1500x1000uu2026-04-30-18-07-19-2282060.jpg","keywords":["_arte","_cultura","_diplomacia","_It\u00e1lia","_organiza\u00e7\u00e3o internacional","_R\u00fassia"],"articleSection":["Cultura","Not\u00edcias"],"inLanguage":"pt-PT"},{"@type":"WebPage","@id":"https:\/\/portaltela.pt\/noticias\/2026\/04\/30\/juri-da-bienal-de-arte-de-veneza-demitiu-se-por-participacao-russa\/","url":"https:\/\/portaltela.pt\/noticias\/2026\/04\/30\/juri-da-bienal-de-arte-de-veneza-demitiu-se-por-participacao-russa\/","name":"J\u00fari da Bienal de Arte de Veneza demitiu-se por participa\u00e7\u00e3o russa - Portal Tela Portugal","isPartOf":{"@id":"https:\/\/portaltela.pt\/#website"},"primaryImageOfPage":{"@id":"https:\/\/portaltela.pt\/noticias\/2026\/04\/30\/juri-da-bienal-de-arte-de-veneza-demitiu-se-por-participacao-russa\/#primaryimage"},"image":{"@id":"https:\/\/portaltela.pt\/noticias\/2026\/04\/30\/juri-da-bienal-de-arte-de-veneza-demitiu-se-por-participacao-russa\/#primaryimage"},"thumbnailUrl":"https:\/\/portaltela.pt\/s.01k8rhncp4jt1\/2026\/04\/img_1500x1000uu2026-04-30-18-07-19-2282060.jpg","datePublished":"2026-04-30T17:17:41+00:00","author":{"@id":"https:\/\/portaltela.pt\/#\/schema\/person\/c4278d4a6028830caff9ee44b42d32ed"},"breadcrumb":{"@id":"https:\/\/portaltela.pt\/noticias\/2026\/04\/30\/juri-da-bienal-de-arte-de-veneza-demitiu-se-por-participacao-russa\/#breadcrumb"},"inLanguage":"pt-PT","potentialAction":[{"@type":"ReadAction","target":["https:\/\/portaltela.pt\/noticias\/2026\/04\/30\/juri-da-bienal-de-arte-de-veneza-demitiu-se-por-participacao-russa\/"]}]},{"@type":"ImageObject","inLanguage":"pt-PT","@id":"https:\/\/portaltela.pt\/noticias\/2026\/04\/30\/juri-da-bienal-de-arte-de-veneza-demitiu-se-por-participacao-russa\/#primaryimage","url":"https:\/\/portaltela.pt\/s.01k8rhncp4jt1\/2026\/04\/img_1500x1000uu2026-04-30-18-07-19-2282060.jpg","contentUrl":"https:\/\/portaltela.pt\/s.01k8rhncp4jt1\/2026\/04\/img_1500x1000uu2026-04-30-18-07-19-2282060.jpg","width":1500,"height":1000,"caption":"J\u00fari da Bienal de Veneza demite-se devido \u00e0 participa\u00e7\u00e3o russa"},{"@type":"BreadcrumbList","@id":"https:\/\/portaltela.pt\/noticias\/2026\/04\/30\/juri-da-bienal-de-arte-de-veneza-demitiu-se-por-participacao-russa\/#breadcrumb","itemListElement":[{"@type":"ListItem","position":1,"name":"In\u00edcio","item":"https:\/\/portaltela.pt\/"},{"@type":"ListItem","position":2,"name":"J\u00fari da Bienal de Arte de Veneza demitiu-se por participa\u00e7\u00e3o russa"}]},{"@type":"WebSite","@id":"https:\/\/portaltela.pt\/#website","url":"https:\/\/portaltela.pt\/","name":"Portal Tela Portugal","description":"","potentialAction":[{"@type":"SearchAction","target":{"@type":"EntryPoint","urlTemplate":"https:\/\/portaltela.pt\/?s={search_term_string}"},"query-input":{"@type":"PropertyValueSpecification","valueRequired":true,"valueName":"search_term_string"}}],"inLanguage":"pt-PT"},{"@type":"Person","@id":"https:\/\/portaltela.pt\/#\/schema\/person\/c4278d4a6028830caff9ee44b42d32ed","name":"Telinha","image":{"@type":"ImageObject","inLanguage":"pt-PT","@id":"https:\/\/portaltela.pt\/s.01k8rhncp4jt1\/2025\/11\/talking-bot-125x125.png","url":"https:\/\/portaltela.pt\/s.01k8rhncp4jt1\/2025\/11\/talking-bot-125x125.png","contentUrl":"https:\/\/portaltela.pt\/s.01k8rhncp4jt1\/2025\/11\/talking-bot-125x125.png","caption":"Telinha"},"sameAs":["https:\/\/portaltela.pt\/"],"url":"https:\/\/portaltela.pt\/por\/367410592786\/"}]}},"_links":{"self":[{"href":"https:\/\/portaltela.pt\/api\/wp\/v2\/posts\/462835","targetHints":{"allow":["GET"]}}],"collection":[{"href":"https:\/\/portaltela.pt\/api\/wp\/v2\/posts"}],"about":[{"href":"https:\/\/portaltela.pt\/api\/wp\/v2\/types\/post"}],"author":[{"embeddable":true,"href":"https:\/\/portaltela.pt\/api\/wp\/v2\/users\/2"}],"replies":[{"embeddable":true,"href":"https:\/\/portaltela.pt\/api\/wp\/v2\/comments?post=462835"}],"version-history":[{"count":0,"href":"https:\/\/portaltela.pt\/api\/wp\/v2\/posts\/462835\/revisions"}],"wp:featuredmedia":[{"embeddable":true,"href":"https:\/\/portaltela.pt\/api\/wp\/v2\/media\/462838"}],"wp:attachment":[{"href":"https:\/\/portaltela.pt\/api\/wp\/v2\/media?parent=462835"}],"wp:term":[{"taxonomy":"category","embeddable":true,"href":"https:\/\/portaltela.pt\/api\/wp\/v2\/categories?post=462835"},{"taxonomy":"post_tag","embeddable":true,"href":"https:\/\/portaltela.pt\/api\/wp\/v2\/tags?post=462835"}],"curies":[{"name":"wp","href":"https:\/\/api.w.org\/{rel}","templated":true}]}}