{"id":462834,"date":"2026-04-30T14:17:41","date_gmt":"2026-04-30T17:17:41","guid":{"rendered":"https:\/\/portaltela.pt\/noticias\/2026\/04\/30\/homem-acusado-de-tentar-matar-trump-na-gala-dos-correspondentes-permanece-detido\/"},"modified":"2026-04-30T14:17:41","modified_gmt":"2026-04-30T17:17:41","slug":"homem-acusado-de-tentar-matar-trump-na-gala-dos-correspondentes-permanece-detido","status":"publish","type":"post","link":"https:\/\/portaltela.pt\/justica\/2026\/04\/30\/homem-acusado-de-tentar-matar-trump-na-gala-dos-correspondentes-permanece-detido\/","title":{"rendered":"Homem acusado de tentar matar Trump na gala dos correspondentes permanece detido"},"content":{"rendered":"<p>O homem acusado de tentar invadir o Jantar da Associa\u00e7\u00e3o de Correspondentes da Casa Branca com armas e de tentar matar o presidente Donald Trump concordou em permanecer preso at\u00e9 ao julgamento. Cole Tomas Allen foi apresentado perante a magistrada Moxila Upadhyaya, sem se pronunciar.<\/p>\n<p>Os procuradores dizem que Allen planeou o ataque durante semanas e seguiu Trump na internet antes de passar pelo magnet\u00f3metro do Washington Hilton, s\u00e1bado \u00e0 noite, com uma arma longa. O ataque ocorreu num dos eventos anuais mais relevantes de Washington.<\/p>\n<p>Allen ficou ferido na opera\u00e7\u00e3o, mas n\u00e3o foi atingido. Um agente dos Servi\u00e7os Secretos foi baleado, mas encontrava-se protegido por um colete \u00e0 prova de bala e sobreviveu.<\/p>\n<h3>Acusa\u00e7\u00f5es e processo<\/h3>\n<p>A acusa\u00e7\u00e3o formal, na segunda-feira, inclui o crime de tentativa de assassinato, al\u00e9m de dois crimes relacionados com armas de fogo. Se condenado apenas pelo homic\u00eddio, pode ser condenado \u00e0 pris\u00e3o perp\u00e9tua.<\/p>\n<p>A defesa contestou o peso probat\u00f3rio, alegando que as declara\u00e7\u00f5es do procurador-geral em exerc\u00edcio s\u00e3o inconsistentes com as provas bal\u00edsticas. O Departamento de Justi\u00e7a respondeu que as evid\u00eancias indicam que Allen disparou a ca\u00e7adeira na dire\u00e7\u00e3o do agente.<\/p>\n","protected":false},"excerpt":{"rendered":"<ul>\n<li>Cole Tomas Allen, acusado de tentar invadir o Jantar da Associa\u00e7\u00e3o de Correspondentes da Casa Branca com armas para matar o presidente Donald Trump, concordou em permanecer preso at\u00e9 ao julgamento.<\/li>\n<li>Os procuradores afirmam que Allen planeou o ataque durante semanas e seguiu os movimentos de Trump na internet antes de passar por um magnet\u00f3metro no Washington Hilton, no s\u00e1bado \u00e0 noite, com uma arma longa.<\/li>\n<li>Um agente dos Servi\u00e7os Secretos foi baleado, mas estava a usar colete \u00e0 prova de bala e sobreviveu; Trump n\u00e3o foi atingido.<\/li>\n<li>Os procuradores dizem que Allen disparou a ca\u00e7adeira pelo menos uma vez e que um agente respondeu com cinco tiros; n\u00e3o foi confirmada publicamente a bala que atingiu o colete.<\/li>\n<li>A defesa sustenta que as provas bal\u00edsticas s\u00e3o inconsistentes com a teoria do governo; o Departamento de Justi\u00e7a afirma que existem evid\u00eancias de que Allen disparou na dire\u00e7\u00e3o do agente.<\/li>\n<\/ul>\n","protected":false},"author":2,"featured_media":462837,"comment_status":"closed","ping_status":"closed","sticky":false,"template":"","format":"standard","meta":{"footnotes":""},"categories":[7374,6815],"tags":[8656,8843,7986,8075,7878,9083],"class_list":["post-462834","post","type-post","status-publish","format-standard","has-post-thumbnail","hentry","category-criminalidade","category-justica","tag-_armas-de-fogo","tag-_donald-trump","tag-_estados-unidos","tag-_homicidio","tag-_seguranca-publica","tag-_tentativa-de-homicidio"],"yoast_head":"<!-- This site is optimized with the Yoast SEO plugin v27.2 - https:\/\/yoast.com\/product\/yoast-seo-wordpress\/ -->\n<title>Homem acusado de tentar matar Trump na gala dos correspondentes permanece detido - Portal Tela Portugal<\/title>\n<meta name=\"robots\" content=\"index, follow, max-snippet:-1, max-image-preview:large, max-video-preview:-1\" \/>\n<meta property=\"og:locale\" content=\"pt_PT\" \/>\n<meta property=\"og:type\" content=\"article\" \/>\n<meta property=\"og:title\" content=\"Homem acusado de tentar matar Trump na gala dos correspondentes permanece detido - Portal Tela Portugal\" \/>\n<meta property=\"og:description\" content=\"Cole Tomas Allen, acusado de tentar invadir o Jantar da Associa\u00e7\u00e3o de Correspondentes da Casa Branca com armas para matar o presidente Donald Trump, concordou em permanecer preso at\u00e9 ao julgamento. Os procuradores afirmam que Allen planeou o ataque durante semanas e seguiu os movimentos de Trump na internet antes de passar por um magnet\u00f3metro no Washington Hilton, no s\u00e1bado \u00e0 noite, com uma arma longa. Um agente dos Servi\u00e7os Secretos foi baleado, mas estava a usar colete \u00e0 prova de bala e sobreviveu; Trump n\u00e3o foi atingido. Os procuradores dizem que Allen disparou a ca\u00e7adeira pelo menos uma vez e que um agente respondeu com cinco tiros; n\u00e3o foi confirmada publicamente a bala que atingiu o colete. A defesa sustenta que as provas bal\u00edsticas s\u00e3o inconsistentes com a teoria do governo; o Departamento de Justi\u00e7a afirma que existem evid\u00eancias de que Allen disparou na dire\u00e7\u00e3o do agente.\" \/>\n<meta property=\"og:url\" content=\"https:\/\/portaltela.pt\/noticias\/2026\/04\/30\/homem-acusado-de-tentar-matar-trump-na-gala-dos-correspondentes-permanece-detido\/\" \/>\n<meta property=\"og:site_name\" content=\"Portal Tela Portugal\" \/>\n<meta property=\"article:published_time\" content=\"2026-04-30T17:17:41+00:00\" \/>\n<meta name=\"author\" content=\"Telinha\" \/>\n<meta name=\"twitter:card\" content=\"summary_large_image\" \/>\n<meta name=\"twitter:label1\" content=\"Escrito por\" \/>\n\t<meta name=\"twitter:data1\" content=\"Telinha\" \/>\n\t<meta name=\"twitter:label2\" content=\"Tempo estimado de leitura\" \/>\n\t<meta name=\"twitter:data2\" content=\"1 minuto\" \/>\n<script type=\"application\/ld+json\" class=\"yoast-schema-graph\">{\"@context\":\"https:\/\/schema.org\",\"@graph\":[{\"@type\":\"Article\",\"@id\":\"https:\/\/portaltela.pt\/noticias\/2026\/04\/30\/homem-acusado-de-tentar-matar-trump-na-gala-dos-correspondentes-permanece-detido\/#article\",\"isPartOf\":{\"@id\":\"https:\/\/portaltela.pt\/noticias\/2026\/04\/30\/homem-acusado-de-tentar-matar-trump-na-gala-dos-correspondentes-permanece-detido\/\"},\"author\":{\"name\":\"Telinha\",\"@id\":\"https:\/\/portaltela.pt\/#\/schema\/person\/c4278d4a6028830caff9ee44b42d32ed\"},\"headline\":\"Homem acusado de tentar matar Trump na gala dos correspondentes permanece detido\",\"datePublished\":\"2026-04-30T17:17:41+00:00\",\"mainEntityOfPage\":{\"@id\":\"https:\/\/portaltela.pt\/noticias\/2026\/04\/30\/homem-acusado-de-tentar-matar-trump-na-gala-dos-correspondentes-permanece-detido\/\"},\"wordCount\":217,\"image\":{\"@id\":\"https:\/\/portaltela.pt\/noticias\/2026\/04\/30\/homem-acusado-de-tentar-matar-trump-na-gala-dos-correspondentes-permanece-detido\/#primaryimage\"},\"thumbnailUrl\":\"https:\/\/portaltela.pt\/s.01k8rhncp4jt1\/2026\/04\/1536x864_cmsv2_e50d2156-2de0-52a5-b69a-d226ca07911e-9742632.jpg\",\"keywords\":[\"_armas de fogo\",\"_Donald Trump\",\"_Estados Unidos\",\"_homic\u00eddio\",\"_seguran\u00e7a p\u00fablica\",\"_tentativa de homic\u00eddio\"],\"articleSection\":[\"Criminalidade\",\"Justi\u00e7a\"],\"inLanguage\":\"pt-PT\"},{\"@type\":\"WebPage\",\"@id\":\"https:\/\/portaltela.pt\/noticias\/2026\/04\/30\/homem-acusado-de-tentar-matar-trump-na-gala-dos-correspondentes-permanece-detido\/\",\"url\":\"https:\/\/portaltela.pt\/noticias\/2026\/04\/30\/homem-acusado-de-tentar-matar-trump-na-gala-dos-correspondentes-permanece-detido\/\",\"name\":\"Homem acusado de tentar matar Trump na gala dos correspondentes permanece detido - Portal Tela Portugal\",\"isPartOf\":{\"@id\":\"https:\/\/portaltela.pt\/#website\"},\"primaryImageOfPage\":{\"@id\":\"https:\/\/portaltela.pt\/noticias\/2026\/04\/30\/homem-acusado-de-tentar-matar-trump-na-gala-dos-correspondentes-permanece-detido\/#primaryimage\"},\"image\":{\"@id\":\"https:\/\/portaltela.pt\/noticias\/2026\/04\/30\/homem-acusado-de-tentar-matar-trump-na-gala-dos-correspondentes-permanece-detido\/#primaryimage\"},\"thumbnailUrl\":\"https:\/\/portaltela.pt\/s.01k8rhncp4jt1\/2026\/04\/1536x864_cmsv2_e50d2156-2de0-52a5-b69a-d226ca07911e-9742632.jpg\",\"datePublished\":\"2026-04-30T17:17:41+00:00\",\"author\":{\"@id\":\"https:\/\/portaltela.pt\/#\/schema\/person\/c4278d4a6028830caff9ee44b42d32ed\"},\"breadcrumb\":{\"@id\":\"https:\/\/portaltela.pt\/noticias\/2026\/04\/30\/homem-acusado-de-tentar-matar-trump-na-gala-dos-correspondentes-permanece-detido\/#breadcrumb\"},\"inLanguage\":\"pt-PT\",\"potentialAction\":[{\"@type\":\"ReadAction\",\"target\":[\"https:\/\/portaltela.pt\/noticias\/2026\/04\/30\/homem-acusado-de-tentar-matar-trump-na-gala-dos-correspondentes-permanece-detido\/\"]}]},{\"@type\":\"ImageObject\",\"inLanguage\":\"pt-PT\",\"@id\":\"https:\/\/portaltela.pt\/noticias\/2026\/04\/30\/homem-acusado-de-tentar-matar-trump-na-gala-dos-correspondentes-permanece-detido\/#primaryimage\",\"url\":\"https:\/\/portaltela.pt\/s.01k8rhncp4jt1\/2026\/04\/1536x864_cmsv2_e50d2156-2de0-52a5-b69a-d226ca07911e-9742632.jpg\",\"contentUrl\":\"https:\/\/portaltela.pt\/s.01k8rhncp4jt1\/2026\/04\/1536x864_cmsv2_e50d2156-2de0-52a5-b69a-d226ca07911e-9742632.jpg\",\"width\":796,\"height\":448,\"caption\":\"Participantes re\u00fanem-se durante o Jantar da Associa\u00e7\u00e3o de Correspondentes da Casa Branca em Washington, 25 de abril de 2026\"},{\"@type\":\"BreadcrumbList\",\"@id\":\"https:\/\/portaltela.pt\/noticias\/2026\/04\/30\/homem-acusado-de-tentar-matar-trump-na-gala-dos-correspondentes-permanece-detido\/#breadcrumb\",\"itemListElement\":[{\"@type\":\"ListItem\",\"position\":1,\"name\":\"In\u00edcio\",\"item\":\"https:\/\/portaltela.pt\/\"},{\"@type\":\"ListItem\",\"position\":2,\"name\":\"Homem acusado de tentar matar Trump na gala dos correspondentes permanece detido\"}]},{\"@type\":\"WebSite\",\"@id\":\"https:\/\/portaltela.pt\/#website\",\"url\":\"https:\/\/portaltela.pt\/\",\"name\":\"Portal Tela Portugal\",\"description\":\"\",\"potentialAction\":[{\"@type\":\"SearchAction\",\"target\":{\"@type\":\"EntryPoint\",\"urlTemplate\":\"https:\/\/portaltela.pt\/?s={search_term_string}\"},\"query-input\":{\"@type\":\"PropertyValueSpecification\",\"valueRequired\":true,\"valueName\":\"search_term_string\"}}],\"inLanguage\":\"pt-PT\"},{\"@type\":\"Person\",\"@id\":\"https:\/\/portaltela.pt\/#\/schema\/person\/c4278d4a6028830caff9ee44b42d32ed\",\"name\":\"Telinha\",\"image\":{\"@type\":\"ImageObject\",\"inLanguage\":\"pt-PT\",\"@id\":\"https:\/\/portaltela.pt\/s.01k8rhncp4jt1\/2025\/11\/talking-bot-125x125.png\",\"url\":\"https:\/\/portaltela.pt\/s.01k8rhncp4jt1\/2025\/11\/talking-bot-125x125.png\",\"contentUrl\":\"https:\/\/portaltela.pt\/s.01k8rhncp4jt1\/2025\/11\/talking-bot-125x125.png\",\"caption\":\"Telinha\"},\"sameAs\":[\"https:\/\/portaltela.pt\/\"],\"url\":\"https:\/\/portaltela.pt\/por\/367410592786\/\"}]}<\/script>\n<!-- \/ Yoast SEO plugin. -->","yoast_head_json":{"title":"Homem acusado de tentar matar Trump na gala dos correspondentes permanece detido - Portal Tela Portugal","robots":{"index":"index","follow":"follow","max-snippet":"max-snippet:-1","max-image-preview":"max-image-preview:large","max-video-preview":"max-video-preview:-1"},"og_locale":"pt_PT","og_type":"article","og_title":"Homem acusado de tentar matar Trump na gala dos correspondentes permanece detido - Portal Tela Portugal","og_description":"Cole Tomas Allen, acusado de tentar invadir o Jantar da Associa\u00e7\u00e3o de Correspondentes da Casa Branca com armas para matar o presidente Donald Trump, concordou em permanecer preso at\u00e9 ao julgamento. Os procuradores afirmam que Allen planeou o ataque durante semanas e seguiu os movimentos de Trump na internet antes de passar por um magnet\u00f3metro no Washington Hilton, no s\u00e1bado \u00e0 noite, com uma arma longa. Um agente dos Servi\u00e7os Secretos foi baleado, mas estava a usar colete \u00e0 prova de bala e sobreviveu; Trump n\u00e3o foi atingido. Os procuradores dizem que Allen disparou a ca\u00e7adeira pelo menos uma vez e que um agente respondeu com cinco tiros; n\u00e3o foi confirmada publicamente a bala que atingiu o colete. A defesa sustenta que as provas bal\u00edsticas s\u00e3o inconsistentes com a teoria do governo; o Departamento de Justi\u00e7a afirma que existem evid\u00eancias de que Allen disparou na dire\u00e7\u00e3o do agente.","og_url":"https:\/\/portaltela.pt\/noticias\/2026\/04\/30\/homem-acusado-de-tentar-matar-trump-na-gala-dos-correspondentes-permanece-detido\/","og_site_name":"Portal Tela Portugal","article_published_time":"2026-04-30T17:17:41+00:00","author":"Telinha","twitter_card":"summary_large_image","twitter_misc":{"Escrito por":"Telinha","Tempo estimado de leitura":"1 minuto"},"schema":{"@context":"https:\/\/schema.org","@graph":[{"@type":"Article","@id":"https:\/\/portaltela.pt\/noticias\/2026\/04\/30\/homem-acusado-de-tentar-matar-trump-na-gala-dos-correspondentes-permanece-detido\/#article","isPartOf":{"@id":"https:\/\/portaltela.pt\/noticias\/2026\/04\/30\/homem-acusado-de-tentar-matar-trump-na-gala-dos-correspondentes-permanece-detido\/"},"author":{"name":"Telinha","@id":"https:\/\/portaltela.pt\/#\/schema\/person\/c4278d4a6028830caff9ee44b42d32ed"},"headline":"Homem acusado de tentar matar Trump na gala dos correspondentes permanece detido","datePublished":"2026-04-30T17:17:41+00:00","mainEntityOfPage":{"@id":"https:\/\/portaltela.pt\/noticias\/2026\/04\/30\/homem-acusado-de-tentar-matar-trump-na-gala-dos-correspondentes-permanece-detido\/"},"wordCount":217,"image":{"@id":"https:\/\/portaltela.pt\/noticias\/2026\/04\/30\/homem-acusado-de-tentar-matar-trump-na-gala-dos-correspondentes-permanece-detido\/#primaryimage"},"thumbnailUrl":"https:\/\/portaltela.pt\/s.01k8rhncp4jt1\/2026\/04\/1536x864_cmsv2_e50d2156-2de0-52a5-b69a-d226ca07911e-9742632.jpg","keywords":["_armas de fogo","_Donald Trump","_Estados Unidos","_homic\u00eddio","_seguran\u00e7a p\u00fablica","_tentativa de homic\u00eddio"],"articleSection":["Criminalidade","Justi\u00e7a"],"inLanguage":"pt-PT"},{"@type":"WebPage","@id":"https:\/\/portaltela.pt\/noticias\/2026\/04\/30\/homem-acusado-de-tentar-matar-trump-na-gala-dos-correspondentes-permanece-detido\/","url":"https:\/\/portaltela.pt\/noticias\/2026\/04\/30\/homem-acusado-de-tentar-matar-trump-na-gala-dos-correspondentes-permanece-detido\/","name":"Homem acusado de tentar matar Trump na gala dos correspondentes permanece detido - Portal Tela Portugal","isPartOf":{"@id":"https:\/\/portaltela.pt\/#website"},"primaryImageOfPage":{"@id":"https:\/\/portaltela.pt\/noticias\/2026\/04\/30\/homem-acusado-de-tentar-matar-trump-na-gala-dos-correspondentes-permanece-detido\/#primaryimage"},"image":{"@id":"https:\/\/portaltela.pt\/noticias\/2026\/04\/30\/homem-acusado-de-tentar-matar-trump-na-gala-dos-correspondentes-permanece-detido\/#primaryimage"},"thumbnailUrl":"https:\/\/portaltela.pt\/s.01k8rhncp4jt1\/2026\/04\/1536x864_cmsv2_e50d2156-2de0-52a5-b69a-d226ca07911e-9742632.jpg","datePublished":"2026-04-30T17:17:41+00:00","author":{"@id":"https:\/\/portaltela.pt\/#\/schema\/person\/c4278d4a6028830caff9ee44b42d32ed"},"breadcrumb":{"@id":"https:\/\/portaltela.pt\/noticias\/2026\/04\/30\/homem-acusado-de-tentar-matar-trump-na-gala-dos-correspondentes-permanece-detido\/#breadcrumb"},"inLanguage":"pt-PT","potentialAction":[{"@type":"ReadAction","target":["https:\/\/portaltela.pt\/noticias\/2026\/04\/30\/homem-acusado-de-tentar-matar-trump-na-gala-dos-correspondentes-permanece-detido\/"]}]},{"@type":"ImageObject","inLanguage":"pt-PT","@id":"https:\/\/portaltela.pt\/noticias\/2026\/04\/30\/homem-acusado-de-tentar-matar-trump-na-gala-dos-correspondentes-permanece-detido\/#primaryimage","url":"https:\/\/portaltela.pt\/s.01k8rhncp4jt1\/2026\/04\/1536x864_cmsv2_e50d2156-2de0-52a5-b69a-d226ca07911e-9742632.jpg","contentUrl":"https:\/\/portaltela.pt\/s.01k8rhncp4jt1\/2026\/04\/1536x864_cmsv2_e50d2156-2de0-52a5-b69a-d226ca07911e-9742632.jpg","width":796,"height":448,"caption":"Participantes re\u00fanem-se durante o Jantar da Associa\u00e7\u00e3o de Correspondentes da Casa Branca em Washington, 25 de abril de 2026"},{"@type":"BreadcrumbList","@id":"https:\/\/portaltela.pt\/noticias\/2026\/04\/30\/homem-acusado-de-tentar-matar-trump-na-gala-dos-correspondentes-permanece-detido\/#breadcrumb","itemListElement":[{"@type":"ListItem","position":1,"name":"In\u00edcio","item":"https:\/\/portaltela.pt\/"},{"@type":"ListItem","position":2,"name":"Homem acusado de tentar matar Trump na gala dos correspondentes permanece detido"}]},{"@type":"WebSite","@id":"https:\/\/portaltela.pt\/#website","url":"https:\/\/portaltela.pt\/","name":"Portal Tela Portugal","description":"","potentialAction":[{"@type":"SearchAction","target":{"@type":"EntryPoint","urlTemplate":"https:\/\/portaltela.pt\/?s={search_term_string}"},"query-input":{"@type":"PropertyValueSpecification","valueRequired":true,"valueName":"search_term_string"}}],"inLanguage":"pt-PT"},{"@type":"Person","@id":"https:\/\/portaltela.pt\/#\/schema\/person\/c4278d4a6028830caff9ee44b42d32ed","name":"Telinha","image":{"@type":"ImageObject","inLanguage":"pt-PT","@id":"https:\/\/portaltela.pt\/s.01k8rhncp4jt1\/2025\/11\/talking-bot-125x125.png","url":"https:\/\/portaltela.pt\/s.01k8rhncp4jt1\/2025\/11\/talking-bot-125x125.png","contentUrl":"https:\/\/portaltela.pt\/s.01k8rhncp4jt1\/2025\/11\/talking-bot-125x125.png","caption":"Telinha"},"sameAs":["https:\/\/portaltela.pt\/"],"url":"https:\/\/portaltela.pt\/por\/367410592786\/"}]}},"_links":{"self":[{"href":"https:\/\/portaltela.pt\/api\/wp\/v2\/posts\/462834","targetHints":{"allow":["GET"]}}],"collection":[{"href":"https:\/\/portaltela.pt\/api\/wp\/v2\/posts"}],"about":[{"href":"https:\/\/portaltela.pt\/api\/wp\/v2\/types\/post"}],"author":[{"embeddable":true,"href":"https:\/\/portaltela.pt\/api\/wp\/v2\/users\/2"}],"replies":[{"embeddable":true,"href":"https:\/\/portaltela.pt\/api\/wp\/v2\/comments?post=462834"}],"version-history":[{"count":0,"href":"https:\/\/portaltela.pt\/api\/wp\/v2\/posts\/462834\/revisions"}],"wp:featuredmedia":[{"embeddable":true,"href":"https:\/\/portaltela.pt\/api\/wp\/v2\/media\/462837"}],"wp:attachment":[{"href":"https:\/\/portaltela.pt\/api\/wp\/v2\/media?parent=462834"}],"wp:term":[{"taxonomy":"category","embeddable":true,"href":"https:\/\/portaltela.pt\/api\/wp\/v2\/categories?post=462834"},{"taxonomy":"post_tag","embeddable":true,"href":"https:\/\/portaltela.pt\/api\/wp\/v2\/tags?post=462834"}],"curies":[{"name":"wp","href":"https:\/\/api.w.org\/{rel}","templated":true}]}}