{"id":462832,"date":"2026-04-30T14:17:41","date_gmt":"2026-04-30T17:17:41","guid":{"rendered":"https:\/\/portaltela.pt\/noticias\/2026\/04\/30\/reuniao-do-governo-na-ovibeja-foi-destaque-para-visitantes-da-feira-agricola\/"},"modified":"2026-04-30T14:17:41","modified_gmt":"2026-04-30T17:17:41","slug":"reuniao-do-governo-na-ovibeja-foi-destaque-para-visitantes-da-feira-agricola","status":"publish","type":"post","link":"https:\/\/portaltela.pt\/noticias\/politica\/2026\/04\/30\/reuniao-do-governo-na-ovibeja-foi-destaque-para-visitantes-da-feira-agricola\/","title":{"rendered":"Reuni\u00e3o do Governo na Ovibeja foi destaque para visitantes da feira agr\u00edcola"},"content":{"rendered":"<p>O Conselho de Ministros realizou-se na Ovibeja, em Beja, na quinta-feira, marcando o primeiro encontro naquela regi\u00e3o desde o in\u00edcio da democracia em 1974. O objetivo foi reunir o Governo para a reuni\u00e3o semanal, junto da feira agr\u00edcola.<\/p>\n<p>O encontro atraiu muitos visitantes \u00e0 Ovibeja, que aproveitaram para cumprimentar o primeiro-ministro e acompanharem de perto a atividade pol\u00edtica na regi\u00e3o. A presen\u00e7a do Governo coincidiu com o fluxo de pessoas na feira.<\/p>\n<p>A regi\u00e3o de Beja j\u00e1 recebeu, em 2002, uma sess\u00e3o de trabalho entre o Presidente da Rep\u00fablica e o ent\u00e3o primeiro-ministro, com an\u00fancio da constru\u00e7\u00e3o de um aeroporto. Na altura, o que ficou foi um terminal civil na Base A\u00e9rea N.\u00ba 11. Vinte e quatro anos depois, o Executivo voltou a reunir-se na capital de distrito para o encontro semanal de ministros.<\/p>\n","protected":false},"excerpt":{"rendered":"<ul>\n<li>O Conselho de Ministros realizou-se na Ovibeja, em Beja, sendo o primeiro na regi\u00e3o em 52 anos de democracia.<\/li>\n<li>O encontro atraiu muitos visitantes da feira agr\u00edcola, que queriam cumprimentar ou tirar uma selfie com o primeiro-ministro.<\/li>\n<li>Beja recorda o encontro de 13 de junho de 2002 entre o presidente da Rep\u00fablica da altura e o ent\u00e3o primeiro-ministro Dur\u00e3o Barroso, na Presid\u00eancia Aberta.<\/li>\n<li>Na altura, o chefe do Governo anunciou a constru\u00e7\u00e3o do Aeroporto Internacional de Beja, promessa que n\u00e3o se concretizou, restando apenas um Terminal Civil da Base A\u00e9rea N.\u00ba 11.<\/li>\n<li>O Governo voltou a reunir-se em Beja para o habitual encontro semanal de ministros.<\/li>\n<\/ul>\n","protected":false},"author":2,"featured_media":462836,"comment_status":"closed","ping_status":"closed","sticky":false,"template":"","format":"standard","meta":{"footnotes":""},"categories":[1,5],"tags":[7883,8768,8819,7952,9140,8062],"class_list":["post-462832","post","type-post","status-publish","format-standard","has-post-thumbnail","hentry","category-noticias","category-politica","tag-_agricultura","tag-_beja","tag-_feiras","tag-_governo","tag-_ovibeja","tag-_portugal"],"yoast_head":"<!-- This site is optimized with the Yoast SEO plugin v27.2 - https:\/\/yoast.com\/product\/yoast-seo-wordpress\/ -->\n<title>Reuni\u00e3o do Governo na Ovibeja foi destaque para visitantes da feira agr\u00edcola - Portal Tela Portugal<\/title>\n<meta name=\"robots\" content=\"index, follow, max-snippet:-1, max-image-preview:large, max-video-preview:-1\" \/>\n<meta property=\"og:locale\" content=\"pt_PT\" \/>\n<meta property=\"og:type\" content=\"article\" \/>\n<meta property=\"og:title\" content=\"Reuni\u00e3o do Governo na Ovibeja foi destaque para visitantes da feira agr\u00edcola - Portal Tela Portugal\" \/>\n<meta property=\"og:description\" content=\"O Conselho de Ministros realizou-se na Ovibeja, em Beja, sendo o primeiro na regi\u00e3o em 52 anos de democracia. O encontro atraiu muitos visitantes da feira agr\u00edcola, que queriam cumprimentar ou tirar uma selfie com o primeiro-ministro. Beja recorda o encontro de 13 de junho de 2002 entre o presidente da Rep\u00fablica da altura e o ent\u00e3o primeiro-ministro Dur\u00e3o Barroso, na Presid\u00eancia Aberta. Na altura, o chefe do Governo anunciou a constru\u00e7\u00e3o do Aeroporto Internacional de Beja, promessa que n\u00e3o se concretizou, restando apenas um Terminal Civil da Base A\u00e9rea N.\u00ba 11. O Governo voltou a reunir-se em Beja para o habitual encontro semanal de ministros.\" \/>\n<meta property=\"og:url\" content=\"https:\/\/portaltela.pt\/noticias\/2026\/04\/30\/reuniao-do-governo-na-ovibeja-foi-destaque-para-visitantes-da-feira-agricola\/\" \/>\n<meta property=\"og:site_name\" content=\"Portal Tela Portugal\" \/>\n<meta property=\"article:published_time\" content=\"2026-04-30T17:17:41+00:00\" \/>\n<meta name=\"author\" content=\"Telinha\" \/>\n<meta name=\"twitter:card\" content=\"summary_large_image\" \/>\n<meta name=\"twitter:label1\" content=\"Escrito por\" \/>\n\t<meta name=\"twitter:data1\" content=\"Telinha\" \/>\n\t<meta name=\"twitter:label2\" content=\"Tempo estimado de leitura\" \/>\n\t<meta name=\"twitter:data2\" content=\"1 minuto\" \/>\n<script type=\"application\/ld+json\" class=\"yoast-schema-graph\">{\"@context\":\"https:\/\/schema.org\",\"@graph\":[{\"@type\":\"Article\",\"@id\":\"https:\/\/portaltela.pt\/noticias\/2026\/04\/30\/reuniao-do-governo-na-ovibeja-foi-destaque-para-visitantes-da-feira-agricola\/#article\",\"isPartOf\":{\"@id\":\"https:\/\/portaltela.pt\/noticias\/2026\/04\/30\/reuniao-do-governo-na-ovibeja-foi-destaque-para-visitantes-da-feira-agricola\/\"},\"author\":{\"name\":\"Telinha\",\"@id\":\"https:\/\/portaltela.pt\/#\/schema\/person\/c4278d4a6028830caff9ee44b42d32ed\"},\"headline\":\"Reuni\u00e3o do Governo na Ovibeja foi destaque para visitantes da feira agr\u00edcola\",\"datePublished\":\"2026-04-30T17:17:41+00:00\",\"mainEntityOfPage\":{\"@id\":\"https:\/\/portaltela.pt\/noticias\/2026\/04\/30\/reuniao-do-governo-na-ovibeja-foi-destaque-para-visitantes-da-feira-agricola\/\"},\"wordCount\":158,\"image\":{\"@id\":\"https:\/\/portaltela.pt\/noticias\/2026\/04\/30\/reuniao-do-governo-na-ovibeja-foi-destaque-para-visitantes-da-feira-agricola\/#primaryimage\"},\"thumbnailUrl\":\"https:\/\/portaltela.pt\/s.01k8rhncp4jt1\/2026\/04\/a7e9965c-d089-46e2-b3c5-e84e66eac726_1200x675.jpg\",\"keywords\":[\"_agricultura\",\"_Beja\",\"_feiras\",\"_governo\",\"_Ovibeja\",\"_Portugal\"],\"articleSection\":[\"Not\u00edcias\",\"Pol\u00edtica\"],\"inLanguage\":\"pt-PT\"},{\"@type\":\"WebPage\",\"@id\":\"https:\/\/portaltela.pt\/noticias\/2026\/04\/30\/reuniao-do-governo-na-ovibeja-foi-destaque-para-visitantes-da-feira-agricola\/\",\"url\":\"https:\/\/portaltela.pt\/noticias\/2026\/04\/30\/reuniao-do-governo-na-ovibeja-foi-destaque-para-visitantes-da-feira-agricola\/\",\"name\":\"Reuni\u00e3o do Governo na Ovibeja foi destaque para visitantes da feira agr\u00edcola - Portal Tela Portugal\",\"isPartOf\":{\"@id\":\"https:\/\/portaltela.pt\/#website\"},\"primaryImageOfPage\":{\"@id\":\"https:\/\/portaltela.pt\/noticias\/2026\/04\/30\/reuniao-do-governo-na-ovibeja-foi-destaque-para-visitantes-da-feira-agricola\/#primaryimage\"},\"image\":{\"@id\":\"https:\/\/portaltela.pt\/noticias\/2026\/04\/30\/reuniao-do-governo-na-ovibeja-foi-destaque-para-visitantes-da-feira-agricola\/#primaryimage\"},\"thumbnailUrl\":\"https:\/\/portaltela.pt\/s.01k8rhncp4jt1\/2026\/04\/a7e9965c-d089-46e2-b3c5-e84e66eac726_1200x675.jpg\",\"datePublished\":\"2026-04-30T17:17:41+00:00\",\"author\":{\"@id\":\"https:\/\/portaltela.pt\/#\/schema\/person\/c4278d4a6028830caff9ee44b42d32ed\"},\"breadcrumb\":{\"@id\":\"https:\/\/portaltela.pt\/noticias\/2026\/04\/30\/reuniao-do-governo-na-ovibeja-foi-destaque-para-visitantes-da-feira-agricola\/#breadcrumb\"},\"inLanguage\":\"pt-PT\",\"potentialAction\":[{\"@type\":\"ReadAction\",\"target\":[\"https:\/\/portaltela.pt\/noticias\/2026\/04\/30\/reuniao-do-governo-na-ovibeja-foi-destaque-para-visitantes-da-feira-agricola\/\"]}]},{\"@type\":\"ImageObject\",\"inLanguage\":\"pt-PT\",\"@id\":\"https:\/\/portaltela.pt\/noticias\/2026\/04\/30\/reuniao-do-governo-na-ovibeja-foi-destaque-para-visitantes-da-feira-agricola\/#primaryimage\",\"url\":\"https:\/\/portaltela.pt\/s.01k8rhncp4jt1\/2026\/04\/a7e9965c-d089-46e2-b3c5-e84e66eac726_1200x675.jpg\",\"contentUrl\":\"https:\/\/portaltela.pt\/s.01k8rhncp4jt1\/2026\/04\/a7e9965c-d089-46e2-b3c5-e84e66eac726_1200x675.jpg\",\"width\":1200,\"height\":675,\"caption\":\"Photo\"},{\"@type\":\"BreadcrumbList\",\"@id\":\"https:\/\/portaltela.pt\/noticias\/2026\/04\/30\/reuniao-do-governo-na-ovibeja-foi-destaque-para-visitantes-da-feira-agricola\/#breadcrumb\",\"itemListElement\":[{\"@type\":\"ListItem\",\"position\":1,\"name\":\"In\u00edcio\",\"item\":\"https:\/\/portaltela.pt\/\"},{\"@type\":\"ListItem\",\"position\":2,\"name\":\"Reuni\u00e3o do Governo na Ovibeja foi destaque para visitantes da feira agr\u00edcola\"}]},{\"@type\":\"WebSite\",\"@id\":\"https:\/\/portaltela.pt\/#website\",\"url\":\"https:\/\/portaltela.pt\/\",\"name\":\"Portal Tela Portugal\",\"description\":\"\",\"potentialAction\":[{\"@type\":\"SearchAction\",\"target\":{\"@type\":\"EntryPoint\",\"urlTemplate\":\"https:\/\/portaltela.pt\/?s={search_term_string}\"},\"query-input\":{\"@type\":\"PropertyValueSpecification\",\"valueRequired\":true,\"valueName\":\"search_term_string\"}}],\"inLanguage\":\"pt-PT\"},{\"@type\":\"Person\",\"@id\":\"https:\/\/portaltela.pt\/#\/schema\/person\/c4278d4a6028830caff9ee44b42d32ed\",\"name\":\"Telinha\",\"image\":{\"@type\":\"ImageObject\",\"inLanguage\":\"pt-PT\",\"@id\":\"https:\/\/portaltela.pt\/s.01k8rhncp4jt1\/2025\/11\/talking-bot-125x125.png\",\"url\":\"https:\/\/portaltela.pt\/s.01k8rhncp4jt1\/2025\/11\/talking-bot-125x125.png\",\"contentUrl\":\"https:\/\/portaltela.pt\/s.01k8rhncp4jt1\/2025\/11\/talking-bot-125x125.png\",\"caption\":\"Telinha\"},\"sameAs\":[\"https:\/\/portaltela.pt\/\"],\"url\":\"https:\/\/portaltela.pt\/por\/367410592786\/\"}]}<\/script>\n<!-- \/ Yoast SEO plugin. -->","yoast_head_json":{"title":"Reuni\u00e3o do Governo na Ovibeja foi destaque para visitantes da feira agr\u00edcola - Portal Tela Portugal","robots":{"index":"index","follow":"follow","max-snippet":"max-snippet:-1","max-image-preview":"max-image-preview:large","max-video-preview":"max-video-preview:-1"},"og_locale":"pt_PT","og_type":"article","og_title":"Reuni\u00e3o do Governo na Ovibeja foi destaque para visitantes da feira agr\u00edcola - Portal Tela Portugal","og_description":"O Conselho de Ministros realizou-se na Ovibeja, em Beja, sendo o primeiro na regi\u00e3o em 52 anos de democracia. O encontro atraiu muitos visitantes da feira agr\u00edcola, que queriam cumprimentar ou tirar uma selfie com o primeiro-ministro. Beja recorda o encontro de 13 de junho de 2002 entre o presidente da Rep\u00fablica da altura e o ent\u00e3o primeiro-ministro Dur\u00e3o Barroso, na Presid\u00eancia Aberta. Na altura, o chefe do Governo anunciou a constru\u00e7\u00e3o do Aeroporto Internacional de Beja, promessa que n\u00e3o se concretizou, restando apenas um Terminal Civil da Base A\u00e9rea N.\u00ba 11. O Governo voltou a reunir-se em Beja para o habitual encontro semanal de ministros.","og_url":"https:\/\/portaltela.pt\/noticias\/2026\/04\/30\/reuniao-do-governo-na-ovibeja-foi-destaque-para-visitantes-da-feira-agricola\/","og_site_name":"Portal Tela Portugal","article_published_time":"2026-04-30T17:17:41+00:00","author":"Telinha","twitter_card":"summary_large_image","twitter_misc":{"Escrito por":"Telinha","Tempo estimado de leitura":"1 minuto"},"schema":{"@context":"https:\/\/schema.org","@graph":[{"@type":"Article","@id":"https:\/\/portaltela.pt\/noticias\/2026\/04\/30\/reuniao-do-governo-na-ovibeja-foi-destaque-para-visitantes-da-feira-agricola\/#article","isPartOf":{"@id":"https:\/\/portaltela.pt\/noticias\/2026\/04\/30\/reuniao-do-governo-na-ovibeja-foi-destaque-para-visitantes-da-feira-agricola\/"},"author":{"name":"Telinha","@id":"https:\/\/portaltela.pt\/#\/schema\/person\/c4278d4a6028830caff9ee44b42d32ed"},"headline":"Reuni\u00e3o do Governo na Ovibeja foi destaque para visitantes da feira agr\u00edcola","datePublished":"2026-04-30T17:17:41+00:00","mainEntityOfPage":{"@id":"https:\/\/portaltela.pt\/noticias\/2026\/04\/30\/reuniao-do-governo-na-ovibeja-foi-destaque-para-visitantes-da-feira-agricola\/"},"wordCount":158,"image":{"@id":"https:\/\/portaltela.pt\/noticias\/2026\/04\/30\/reuniao-do-governo-na-ovibeja-foi-destaque-para-visitantes-da-feira-agricola\/#primaryimage"},"thumbnailUrl":"https:\/\/portaltela.pt\/s.01k8rhncp4jt1\/2026\/04\/a7e9965c-d089-46e2-b3c5-e84e66eac726_1200x675.jpg","keywords":["_agricultura","_Beja","_feiras","_governo","_Ovibeja","_Portugal"],"articleSection":["Not\u00edcias","Pol\u00edtica"],"inLanguage":"pt-PT"},{"@type":"WebPage","@id":"https:\/\/portaltela.pt\/noticias\/2026\/04\/30\/reuniao-do-governo-na-ovibeja-foi-destaque-para-visitantes-da-feira-agricola\/","url":"https:\/\/portaltela.pt\/noticias\/2026\/04\/30\/reuniao-do-governo-na-ovibeja-foi-destaque-para-visitantes-da-feira-agricola\/","name":"Reuni\u00e3o do Governo na Ovibeja foi destaque para visitantes da feira agr\u00edcola - Portal Tela Portugal","isPartOf":{"@id":"https:\/\/portaltela.pt\/#website"},"primaryImageOfPage":{"@id":"https:\/\/portaltela.pt\/noticias\/2026\/04\/30\/reuniao-do-governo-na-ovibeja-foi-destaque-para-visitantes-da-feira-agricola\/#primaryimage"},"image":{"@id":"https:\/\/portaltela.pt\/noticias\/2026\/04\/30\/reuniao-do-governo-na-ovibeja-foi-destaque-para-visitantes-da-feira-agricola\/#primaryimage"},"thumbnailUrl":"https:\/\/portaltela.pt\/s.01k8rhncp4jt1\/2026\/04\/a7e9965c-d089-46e2-b3c5-e84e66eac726_1200x675.jpg","datePublished":"2026-04-30T17:17:41+00:00","author":{"@id":"https:\/\/portaltela.pt\/#\/schema\/person\/c4278d4a6028830caff9ee44b42d32ed"},"breadcrumb":{"@id":"https:\/\/portaltela.pt\/noticias\/2026\/04\/30\/reuniao-do-governo-na-ovibeja-foi-destaque-para-visitantes-da-feira-agricola\/#breadcrumb"},"inLanguage":"pt-PT","potentialAction":[{"@type":"ReadAction","target":["https:\/\/portaltela.pt\/noticias\/2026\/04\/30\/reuniao-do-governo-na-ovibeja-foi-destaque-para-visitantes-da-feira-agricola\/"]}]},{"@type":"ImageObject","inLanguage":"pt-PT","@id":"https:\/\/portaltela.pt\/noticias\/2026\/04\/30\/reuniao-do-governo-na-ovibeja-foi-destaque-para-visitantes-da-feira-agricola\/#primaryimage","url":"https:\/\/portaltela.pt\/s.01k8rhncp4jt1\/2026\/04\/a7e9965c-d089-46e2-b3c5-e84e66eac726_1200x675.jpg","contentUrl":"https:\/\/portaltela.pt\/s.01k8rhncp4jt1\/2026\/04\/a7e9965c-d089-46e2-b3c5-e84e66eac726_1200x675.jpg","width":1200,"height":675,"caption":"Photo"},{"@type":"BreadcrumbList","@id":"https:\/\/portaltela.pt\/noticias\/2026\/04\/30\/reuniao-do-governo-na-ovibeja-foi-destaque-para-visitantes-da-feira-agricola\/#breadcrumb","itemListElement":[{"@type":"ListItem","position":1,"name":"In\u00edcio","item":"https:\/\/portaltela.pt\/"},{"@type":"ListItem","position":2,"name":"Reuni\u00e3o do Governo na Ovibeja foi destaque para visitantes da feira agr\u00edcola"}]},{"@type":"WebSite","@id":"https:\/\/portaltela.pt\/#website","url":"https:\/\/portaltela.pt\/","name":"Portal Tela Portugal","description":"","potentialAction":[{"@type":"SearchAction","target":{"@type":"EntryPoint","urlTemplate":"https:\/\/portaltela.pt\/?s={search_term_string}"},"query-input":{"@type":"PropertyValueSpecification","valueRequired":true,"valueName":"search_term_string"}}],"inLanguage":"pt-PT"},{"@type":"Person","@id":"https:\/\/portaltela.pt\/#\/schema\/person\/c4278d4a6028830caff9ee44b42d32ed","name":"Telinha","image":{"@type":"ImageObject","inLanguage":"pt-PT","@id":"https:\/\/portaltela.pt\/s.01k8rhncp4jt1\/2025\/11\/talking-bot-125x125.png","url":"https:\/\/portaltela.pt\/s.01k8rhncp4jt1\/2025\/11\/talking-bot-125x125.png","contentUrl":"https:\/\/portaltela.pt\/s.01k8rhncp4jt1\/2025\/11\/talking-bot-125x125.png","caption":"Telinha"},"sameAs":["https:\/\/portaltela.pt\/"],"url":"https:\/\/portaltela.pt\/por\/367410592786\/"}]}},"_links":{"self":[{"href":"https:\/\/portaltela.pt\/api\/wp\/v2\/posts\/462832","targetHints":{"allow":["GET"]}}],"collection":[{"href":"https:\/\/portaltela.pt\/api\/wp\/v2\/posts"}],"about":[{"href":"https:\/\/portaltela.pt\/api\/wp\/v2\/types\/post"}],"author":[{"embeddable":true,"href":"https:\/\/portaltela.pt\/api\/wp\/v2\/users\/2"}],"replies":[{"embeddable":true,"href":"https:\/\/portaltela.pt\/api\/wp\/v2\/comments?post=462832"}],"version-history":[{"count":0,"href":"https:\/\/portaltela.pt\/api\/wp\/v2\/posts\/462832\/revisions"}],"wp:featuredmedia":[{"embeddable":true,"href":"https:\/\/portaltela.pt\/api\/wp\/v2\/media\/462836"}],"wp:attachment":[{"href":"https:\/\/portaltela.pt\/api\/wp\/v2\/media?parent=462832"}],"wp:term":[{"taxonomy":"category","embeddable":true,"href":"https:\/\/portaltela.pt\/api\/wp\/v2\/categories?post=462832"},{"taxonomy":"post_tag","embeddable":true,"href":"https:\/\/portaltela.pt\/api\/wp\/v2\/tags?post=462832"}],"curies":[{"name":"wp","href":"https:\/\/api.w.org\/{rel}","templated":true}]}}