{"id":462819,"date":"2026-04-30T14:03:37","date_gmt":"2026-04-30T17:03:37","guid":{"rendered":"https:\/\/portaltela.pt\/noticias\/2026\/04\/30\/bolsa-de-lisboa-fecha-em-alta-alinhada-a-tendencia-europeia\/"},"modified":"2026-04-30T14:03:37","modified_gmt":"2026-04-30T17:03:37","slug":"bolsa-de-lisboa-fecha-em-alta-alinhada-a-tendencia-europeia","status":"publish","type":"post","link":"https:\/\/portaltela.pt\/noticias\/2026\/04\/30\/bolsa-de-lisboa-fecha-em-alta-alinhada-a-tendencia-europeia\/","title":{"rendered":"Bolsa de Lisboa fecha em alta, alinhada \u00e0 tend\u00eancia europeia"},"content":{"rendered":"<p>A bolsa de Lisboa fechou esta quinta-feira em alta, com o PSI-20 a subir 1,47% para 9.344,96 pontos, acompanhando a tend\u00eancia positiva dos mercados europeus. Quase todas as cotadas terminaram no verde.<\/p>\n<p>Das 16 empresas do PSI, 15 fecharam em subida e a Galp manteve-se inalterada, em 19,96 euros. O dia foi impulsionado por ganhos generalizados no \u00edndice dom\u00e9stico.<\/p>\n<p>A liderar as valoriza\u00e7\u00f5es ficou a Ibersol, com +4,35% para 12 euros. EDP Renov\u00e1veis subiu 2,46% para 14,18 euros e a EDP avan\u00e7ou 2,20% para 4,46 euros.<\/p>\n<p>Subiram tamb\u00e9m BCP (1,95% para 0,91 euros), REN (1,62% para 3,78 euros), Semapa (1,53% para 23,2 euros), NOS (1,35% para 5,62 euros), Jer\u00f3nimo Martins (1,29% para 20,46 euros), Sonae (1,14% para 1,95 euros) e Mota-Engil (1,09% para 4,82 euros).<\/p>\n<p>Com ganhos mais modestos encerraram-se Corticeira Amorim (0,94% para 6,42 euros), Navigator (0,90% para 3,35 euros), CTT (0,55% para 6,41 euros), Altri (0,50% para 4,99 euros) e Teixeira Duarte (0,45% para 0,45 euros).<\/p>\n<h3>CTT: mudan\u00e7a no topo da administra\u00e7\u00e3o<\/h3>\n<p>Guy Pacheco foi eleito presidente executivo dos CTT, substituindo Jo\u00e3o Bento para o mandato 2026-2028, anunciou a empresa ap\u00f3s a assembleia-geral desta quinta-feira.<\/p>\n<p>Os principais mercados europeus encerraram em terreno positivo, com Londres a liderar com +1,62%, seguido de Frankfurt (+1,41%), Madrid (+0,78%), Mil\u00e3o (+0,94%) e Paris (+0,53%).<\/p>\n","protected":false},"excerpt":{"rendered":"<ul>\n<li>A bolsa de Lisboa fechou em alta, com o PSI a subir 1,47% para 9.344,96 pontos, acompanhando a tend\u00eancia europeia.<\/li>\n<li>Doze das 16 cotadas encerraram em terreno positivo, sendo a Galp a \u00fanica a permanecer inalterada, a 19,96 euros.<\/li>\n<li>A Ibersol liderou as subidas, com +4,35% para 12 euros, seguida pela EDP Renov\u00e1veis (+2,46% a 14,18 euros) e pela EDP (+2,20% a 4,46 euros).<\/li>\n<li>Subiram tamb\u00e9m o BCP (+1,95% a 0,91 euros), a REN (+1,62% a 3,78 euros), a Semapa (+1,53% a 23,2 euros), a NOS (+1,35% a 5,62 euros), a Jer\u00f3nimo Martins (+1,29% a 20,46 euros), a Sonae (+1,14% a 1,95 euros) e a Mota-Engil (+1,09% a 4,82 euros).<\/li>\n<li>Os CTT anunciaram que Guy Pacheco foi eleito presidente executivo (CEO) para 2026-2028, substituindo Jo\u00e3o Bento, ap\u00f3s a AG realizada na quinta-feira.<\/li>\n<li>Os principais mercados europeus fecharam em territ\u00f3rio positivo, com Londres a avan\u00e7ar 1,62%, Paris 0,53%, Frankfurt 1,41%, Madrid 0,78% e Mil\u00e3o 0,94%.<\/li>\n<\/ul>\n","protected":false},"author":2,"featured_media":462827,"comment_status":"closed","ping_status":"closed","sticky":false,"template":"","format":"standard","meta":{"footnotes":""},"categories":[6850,1],"tags":[7347,10047,981,10049,1014,10048],"class_list":["post-462819","post","type-post","status-publish","format-standard","has-post-thumbnail","hentry","category-financas","category-noticias","tag-edp-renovaveis","tag-jeronimo-martins","tag-lisboa","tag-mota-engil","tag-portugal","tag-sonae"],"yoast_head":"<!-- This site is optimized with the Yoast SEO plugin v27.2 - https:\/\/yoast.com\/product\/yoast-seo-wordpress\/ -->\n<title>Bolsa de Lisboa fecha em alta, alinhada \u00e0 tend\u00eancia europeia - Portal Tela Portugal<\/title>\n<meta name=\"robots\" content=\"index, follow, max-snippet:-1, max-image-preview:large, max-video-preview:-1\" \/>\n<meta property=\"og:locale\" content=\"pt_PT\" \/>\n<meta property=\"og:type\" content=\"article\" \/>\n<meta property=\"og:title\" content=\"Bolsa de Lisboa fecha em alta, alinhada \u00e0 tend\u00eancia europeia - Portal Tela Portugal\" \/>\n<meta property=\"og:description\" content=\"A bolsa de Lisboa fechou em alta, com o PSI a subir 1,47% para 9.344,96 pontos, acompanhando a tend\u00eancia europeia. Doze das 16 cotadas encerraram em terreno positivo, sendo a Galp a \u00fanica a permanecer inalterada, a 19,96 euros. A Ibersol liderou as subidas, com +4,35% para 12 euros, seguida pela EDP Renov\u00e1veis (+2,46% a 14,18 euros) e pela EDP (+2,20% a 4,46 euros). Subiram tamb\u00e9m o BCP (+1,95% a 0,91 euros), a REN (+1,62% a 3,78 euros), a Semapa (+1,53% a 23,2 euros), a NOS (+1,35% a 5,62 euros), a Jer\u00f3nimo Martins (+1,29% a 20,46 euros), a Sonae (+1,14% a 1,95 euros) e a Mota-Engil (+1,09% a 4,82 euros). Os CTT anunciaram que Guy Pacheco foi eleito presidente executivo (CEO) para 2026-2028, substituindo Jo\u00e3o Bento, ap\u00f3s a AG realizada na quinta-feira. Os principais mercados europeus fecharam em territ\u00f3rio positivo, com Londres a avan\u00e7ar 1,62%, Paris 0,53%, Frankfurt 1,41%, Madrid 0,78% e Mil\u00e3o 0,94%.\" \/>\n<meta property=\"og:url\" content=\"https:\/\/portaltela.pt\/noticias\/2026\/04\/30\/bolsa-de-lisboa-fecha-em-alta-alinhada-a-tendencia-europeia\/\" \/>\n<meta property=\"og:site_name\" content=\"Portal Tela Portugal\" \/>\n<meta property=\"article:published_time\" content=\"2026-04-30T17:03:37+00:00\" \/>\n<meta name=\"author\" content=\"Telinha\" \/>\n<meta name=\"twitter:card\" content=\"summary_large_image\" \/>\n<meta name=\"twitter:label1\" content=\"Escrito por\" \/>\n\t<meta name=\"twitter:data1\" content=\"Telinha\" \/>\n\t<meta name=\"twitter:label2\" content=\"Tempo estimado de leitura\" \/>\n\t<meta name=\"twitter:data2\" content=\"1 minuto\" \/>\n<script type=\"application\/ld+json\" class=\"yoast-schema-graph\">{\"@context\":\"https:\/\/schema.org\",\"@graph\":[{\"@type\":\"Article\",\"@id\":\"https:\/\/portaltela.pt\/noticias\/2026\/04\/30\/bolsa-de-lisboa-fecha-em-alta-alinhada-a-tendencia-europeia\/#article\",\"isPartOf\":{\"@id\":\"https:\/\/portaltela.pt\/noticias\/2026\/04\/30\/bolsa-de-lisboa-fecha-em-alta-alinhada-a-tendencia-europeia\/\"},\"author\":{\"name\":\"Telinha\",\"@id\":\"https:\/\/portaltela.pt\/#\/schema\/person\/c4278d4a6028830caff9ee44b42d32ed\"},\"headline\":\"Bolsa de Lisboa fecha em alta, alinhada \u00e0 tend\u00eancia europeia\",\"datePublished\":\"2026-04-30T17:03:37+00:00\",\"mainEntityOfPage\":{\"@id\":\"https:\/\/portaltela.pt\/noticias\/2026\/04\/30\/bolsa-de-lisboa-fecha-em-alta-alinhada-a-tendencia-europeia\/\"},\"wordCount\":194,\"image\":{\"@id\":\"https:\/\/portaltela.pt\/noticias\/2026\/04\/30\/bolsa-de-lisboa-fecha-em-alta-alinhada-a-tendencia-europeia\/#primaryimage\"},\"thumbnailUrl\":\"https:\/\/portaltela.pt\/s.01k8rhncp4jt1\/2026\/04\/img_1500x1000uu2016-10-05-09-13-00-567998.jpg\",\"keywords\":[\"EDP Renov\u00e1veis\",\"Jer\u00f3nimo Martins\",\"Lisboa\",\"Mota-Engil\",\"Portugal\",\"Sonae\"],\"articleSection\":[\"Finan\u00e7as\",\"Not\u00edcias\"],\"inLanguage\":\"pt-PT\"},{\"@type\":\"WebPage\",\"@id\":\"https:\/\/portaltela.pt\/noticias\/2026\/04\/30\/bolsa-de-lisboa-fecha-em-alta-alinhada-a-tendencia-europeia\/\",\"url\":\"https:\/\/portaltela.pt\/noticias\/2026\/04\/30\/bolsa-de-lisboa-fecha-em-alta-alinhada-a-tendencia-europeia\/\",\"name\":\"Bolsa de Lisboa fecha em alta, alinhada \u00e0 tend\u00eancia europeia - Portal Tela Portugal\",\"isPartOf\":{\"@id\":\"https:\/\/portaltela.pt\/#website\"},\"primaryImageOfPage\":{\"@id\":\"https:\/\/portaltela.pt\/noticias\/2026\/04\/30\/bolsa-de-lisboa-fecha-em-alta-alinhada-a-tendencia-europeia\/#primaryimage\"},\"image\":{\"@id\":\"https:\/\/portaltela.pt\/noticias\/2026\/04\/30\/bolsa-de-lisboa-fecha-em-alta-alinhada-a-tendencia-europeia\/#primaryimage\"},\"thumbnailUrl\":\"https:\/\/portaltela.pt\/s.01k8rhncp4jt1\/2026\/04\/img_1500x1000uu2016-10-05-09-13-00-567998.jpg\",\"datePublished\":\"2026-04-30T17:03:37+00:00\",\"author\":{\"@id\":\"https:\/\/portaltela.pt\/#\/schema\/person\/c4278d4a6028830caff9ee44b42d32ed\"},\"breadcrumb\":{\"@id\":\"https:\/\/portaltela.pt\/noticias\/2026\/04\/30\/bolsa-de-lisboa-fecha-em-alta-alinhada-a-tendencia-europeia\/#breadcrumb\"},\"inLanguage\":\"pt-PT\",\"potentialAction\":[{\"@type\":\"ReadAction\",\"target\":[\"https:\/\/portaltela.pt\/noticias\/2026\/04\/30\/bolsa-de-lisboa-fecha-em-alta-alinhada-a-tendencia-europeia\/\"]}]},{\"@type\":\"ImageObject\",\"inLanguage\":\"pt-PT\",\"@id\":\"https:\/\/portaltela.pt\/noticias\/2026\/04\/30\/bolsa-de-lisboa-fecha-em-alta-alinhada-a-tendencia-europeia\/#primaryimage\",\"url\":\"https:\/\/portaltela.pt\/s.01k8rhncp4jt1\/2026\/04\/img_1500x1000uu2016-10-05-09-13-00-567998.jpg\",\"contentUrl\":\"https:\/\/portaltela.pt\/s.01k8rhncp4jt1\/2026\/04\/img_1500x1000uu2016-10-05-09-13-00-567998.jpg\",\"width\":796,\"height\":448,\"caption\":\"Bolsa de Lisboa acompanha tend\u00eancia europeia e fecha em alta\"},{\"@type\":\"BreadcrumbList\",\"@id\":\"https:\/\/portaltela.pt\/noticias\/2026\/04\/30\/bolsa-de-lisboa-fecha-em-alta-alinhada-a-tendencia-europeia\/#breadcrumb\",\"itemListElement\":[{\"@type\":\"ListItem\",\"position\":1,\"name\":\"In\u00edcio\",\"item\":\"https:\/\/portaltela.pt\/\"},{\"@type\":\"ListItem\",\"position\":2,\"name\":\"Bolsa de Lisboa fecha em alta, alinhada \u00e0 tend\u00eancia europeia\"}]},{\"@type\":\"WebSite\",\"@id\":\"https:\/\/portaltela.pt\/#website\",\"url\":\"https:\/\/portaltela.pt\/\",\"name\":\"Portal Tela Portugal\",\"description\":\"\",\"potentialAction\":[{\"@type\":\"SearchAction\",\"target\":{\"@type\":\"EntryPoint\",\"urlTemplate\":\"https:\/\/portaltela.pt\/?s={search_term_string}\"},\"query-input\":{\"@type\":\"PropertyValueSpecification\",\"valueRequired\":true,\"valueName\":\"search_term_string\"}}],\"inLanguage\":\"pt-PT\"},{\"@type\":\"Person\",\"@id\":\"https:\/\/portaltela.pt\/#\/schema\/person\/c4278d4a6028830caff9ee44b42d32ed\",\"name\":\"Telinha\",\"image\":{\"@type\":\"ImageObject\",\"inLanguage\":\"pt-PT\",\"@id\":\"https:\/\/portaltela.pt\/s.01k8rhncp4jt1\/2025\/11\/talking-bot-125x125.png\",\"url\":\"https:\/\/portaltela.pt\/s.01k8rhncp4jt1\/2025\/11\/talking-bot-125x125.png\",\"contentUrl\":\"https:\/\/portaltela.pt\/s.01k8rhncp4jt1\/2025\/11\/talking-bot-125x125.png\",\"caption\":\"Telinha\"},\"sameAs\":[\"https:\/\/portaltela.pt\/\"],\"url\":\"https:\/\/portaltela.pt\/por\/367410592786\/\"}]}<\/script>\n<!-- \/ Yoast SEO plugin. -->","yoast_head_json":{"title":"Bolsa de Lisboa fecha em alta, alinhada \u00e0 tend\u00eancia europeia - Portal Tela Portugal","robots":{"index":"index","follow":"follow","max-snippet":"max-snippet:-1","max-image-preview":"max-image-preview:large","max-video-preview":"max-video-preview:-1"},"og_locale":"pt_PT","og_type":"article","og_title":"Bolsa de Lisboa fecha em alta, alinhada \u00e0 tend\u00eancia europeia - Portal Tela Portugal","og_description":"A bolsa de Lisboa fechou em alta, com o PSI a subir 1,47% para 9.344,96 pontos, acompanhando a tend\u00eancia europeia. Doze das 16 cotadas encerraram em terreno positivo, sendo a Galp a \u00fanica a permanecer inalterada, a 19,96 euros. A Ibersol liderou as subidas, com +4,35% para 12 euros, seguida pela EDP Renov\u00e1veis (+2,46% a 14,18 euros) e pela EDP (+2,20% a 4,46 euros). Subiram tamb\u00e9m o BCP (+1,95% a 0,91 euros), a REN (+1,62% a 3,78 euros), a Semapa (+1,53% a 23,2 euros), a NOS (+1,35% a 5,62 euros), a Jer\u00f3nimo Martins (+1,29% a 20,46 euros), a Sonae (+1,14% a 1,95 euros) e a Mota-Engil (+1,09% a 4,82 euros). Os CTT anunciaram que Guy Pacheco foi eleito presidente executivo (CEO) para 2026-2028, substituindo Jo\u00e3o Bento, ap\u00f3s a AG realizada na quinta-feira. Os principais mercados europeus fecharam em territ\u00f3rio positivo, com Londres a avan\u00e7ar 1,62%, Paris 0,53%, Frankfurt 1,41%, Madrid 0,78% e Mil\u00e3o 0,94%.","og_url":"https:\/\/portaltela.pt\/noticias\/2026\/04\/30\/bolsa-de-lisboa-fecha-em-alta-alinhada-a-tendencia-europeia\/","og_site_name":"Portal Tela Portugal","article_published_time":"2026-04-30T17:03:37+00:00","author":"Telinha","twitter_card":"summary_large_image","twitter_misc":{"Escrito por":"Telinha","Tempo estimado de leitura":"1 minuto"},"schema":{"@context":"https:\/\/schema.org","@graph":[{"@type":"Article","@id":"https:\/\/portaltela.pt\/noticias\/2026\/04\/30\/bolsa-de-lisboa-fecha-em-alta-alinhada-a-tendencia-europeia\/#article","isPartOf":{"@id":"https:\/\/portaltela.pt\/noticias\/2026\/04\/30\/bolsa-de-lisboa-fecha-em-alta-alinhada-a-tendencia-europeia\/"},"author":{"name":"Telinha","@id":"https:\/\/portaltela.pt\/#\/schema\/person\/c4278d4a6028830caff9ee44b42d32ed"},"headline":"Bolsa de Lisboa fecha em alta, alinhada \u00e0 tend\u00eancia europeia","datePublished":"2026-04-30T17:03:37+00:00","mainEntityOfPage":{"@id":"https:\/\/portaltela.pt\/noticias\/2026\/04\/30\/bolsa-de-lisboa-fecha-em-alta-alinhada-a-tendencia-europeia\/"},"wordCount":194,"image":{"@id":"https:\/\/portaltela.pt\/noticias\/2026\/04\/30\/bolsa-de-lisboa-fecha-em-alta-alinhada-a-tendencia-europeia\/#primaryimage"},"thumbnailUrl":"https:\/\/portaltela.pt\/s.01k8rhncp4jt1\/2026\/04\/img_1500x1000uu2016-10-05-09-13-00-567998.jpg","keywords":["EDP Renov\u00e1veis","Jer\u00f3nimo Martins","Lisboa","Mota-Engil","Portugal","Sonae"],"articleSection":["Finan\u00e7as","Not\u00edcias"],"inLanguage":"pt-PT"},{"@type":"WebPage","@id":"https:\/\/portaltela.pt\/noticias\/2026\/04\/30\/bolsa-de-lisboa-fecha-em-alta-alinhada-a-tendencia-europeia\/","url":"https:\/\/portaltela.pt\/noticias\/2026\/04\/30\/bolsa-de-lisboa-fecha-em-alta-alinhada-a-tendencia-europeia\/","name":"Bolsa de Lisboa fecha em alta, alinhada \u00e0 tend\u00eancia europeia - Portal Tela Portugal","isPartOf":{"@id":"https:\/\/portaltela.pt\/#website"},"primaryImageOfPage":{"@id":"https:\/\/portaltela.pt\/noticias\/2026\/04\/30\/bolsa-de-lisboa-fecha-em-alta-alinhada-a-tendencia-europeia\/#primaryimage"},"image":{"@id":"https:\/\/portaltela.pt\/noticias\/2026\/04\/30\/bolsa-de-lisboa-fecha-em-alta-alinhada-a-tendencia-europeia\/#primaryimage"},"thumbnailUrl":"https:\/\/portaltela.pt\/s.01k8rhncp4jt1\/2026\/04\/img_1500x1000uu2016-10-05-09-13-00-567998.jpg","datePublished":"2026-04-30T17:03:37+00:00","author":{"@id":"https:\/\/portaltela.pt\/#\/schema\/person\/c4278d4a6028830caff9ee44b42d32ed"},"breadcrumb":{"@id":"https:\/\/portaltela.pt\/noticias\/2026\/04\/30\/bolsa-de-lisboa-fecha-em-alta-alinhada-a-tendencia-europeia\/#breadcrumb"},"inLanguage":"pt-PT","potentialAction":[{"@type":"ReadAction","target":["https:\/\/portaltela.pt\/noticias\/2026\/04\/30\/bolsa-de-lisboa-fecha-em-alta-alinhada-a-tendencia-europeia\/"]}]},{"@type":"ImageObject","inLanguage":"pt-PT","@id":"https:\/\/portaltela.pt\/noticias\/2026\/04\/30\/bolsa-de-lisboa-fecha-em-alta-alinhada-a-tendencia-europeia\/#primaryimage","url":"https:\/\/portaltela.pt\/s.01k8rhncp4jt1\/2026\/04\/img_1500x1000uu2016-10-05-09-13-00-567998.jpg","contentUrl":"https:\/\/portaltela.pt\/s.01k8rhncp4jt1\/2026\/04\/img_1500x1000uu2016-10-05-09-13-00-567998.jpg","width":796,"height":448,"caption":"Bolsa de Lisboa acompanha tend\u00eancia europeia e fecha em alta"},{"@type":"BreadcrumbList","@id":"https:\/\/portaltela.pt\/noticias\/2026\/04\/30\/bolsa-de-lisboa-fecha-em-alta-alinhada-a-tendencia-europeia\/#breadcrumb","itemListElement":[{"@type":"ListItem","position":1,"name":"In\u00edcio","item":"https:\/\/portaltela.pt\/"},{"@type":"ListItem","position":2,"name":"Bolsa de Lisboa fecha em alta, alinhada \u00e0 tend\u00eancia europeia"}]},{"@type":"WebSite","@id":"https:\/\/portaltela.pt\/#website","url":"https:\/\/portaltela.pt\/","name":"Portal Tela Portugal","description":"","potentialAction":[{"@type":"SearchAction","target":{"@type":"EntryPoint","urlTemplate":"https:\/\/portaltela.pt\/?s={search_term_string}"},"query-input":{"@type":"PropertyValueSpecification","valueRequired":true,"valueName":"search_term_string"}}],"inLanguage":"pt-PT"},{"@type":"Person","@id":"https:\/\/portaltela.pt\/#\/schema\/person\/c4278d4a6028830caff9ee44b42d32ed","name":"Telinha","image":{"@type":"ImageObject","inLanguage":"pt-PT","@id":"https:\/\/portaltela.pt\/s.01k8rhncp4jt1\/2025\/11\/talking-bot-125x125.png","url":"https:\/\/portaltela.pt\/s.01k8rhncp4jt1\/2025\/11\/talking-bot-125x125.png","contentUrl":"https:\/\/portaltela.pt\/s.01k8rhncp4jt1\/2025\/11\/talking-bot-125x125.png","caption":"Telinha"},"sameAs":["https:\/\/portaltela.pt\/"],"url":"https:\/\/portaltela.pt\/por\/367410592786\/"}]}},"_links":{"self":[{"href":"https:\/\/portaltela.pt\/api\/wp\/v2\/posts\/462819","targetHints":{"allow":["GET"]}}],"collection":[{"href":"https:\/\/portaltela.pt\/api\/wp\/v2\/posts"}],"about":[{"href":"https:\/\/portaltela.pt\/api\/wp\/v2\/types\/post"}],"author":[{"embeddable":true,"href":"https:\/\/portaltela.pt\/api\/wp\/v2\/users\/2"}],"replies":[{"embeddable":true,"href":"https:\/\/portaltela.pt\/api\/wp\/v2\/comments?post=462819"}],"version-history":[{"count":0,"href":"https:\/\/portaltela.pt\/api\/wp\/v2\/posts\/462819\/revisions"}],"wp:featuredmedia":[{"embeddable":true,"href":"https:\/\/portaltela.pt\/api\/wp\/v2\/media\/462827"}],"wp:attachment":[{"href":"https:\/\/portaltela.pt\/api\/wp\/v2\/media?parent=462819"}],"wp:term":[{"taxonomy":"category","embeddable":true,"href":"https:\/\/portaltela.pt\/api\/wp\/v2\/categories?post=462819"},{"taxonomy":"post_tag","embeddable":true,"href":"https:\/\/portaltela.pt\/api\/wp\/v2\/tags?post=462819"}],"curies":[{"name":"wp","href":"https:\/\/api.w.org\/{rel}","templated":true}]}}