{"id":462818,"date":"2026-04-30T14:03:36","date_gmt":"2026-04-30T17:03:36","guid":{"rendered":"https:\/\/portaltela.pt\/noticias\/2026\/04\/30\/ue-discute-regras-digitais-com-eua-mas-nao-propoe-elimina-las\/"},"modified":"2026-04-30T14:03:36","modified_gmt":"2026-04-30T17:03:36","slug":"ue-discute-regras-digitais-com-eua-mas-nao-propoe-elimina-las","status":"publish","type":"post","link":"https:\/\/portaltela.pt\/noticias\/internacional\/2026\/04\/30\/ue-discute-regras-digitais-com-eua-mas-nao-propoe-elimina-las\/","title":{"rendered":"UE discute regras digitais com EUA, mas n\u00e3o prop\u00f5e elimin\u00e1-las"},"content":{"rendered":"<p>A UE est\u00e1 disposta a abrir um di\u00e1logo digital com os EUA, mas n\u00e3o abdica das suas regras. O comiss\u00e1rio europeu do Com\u00e9rcio, Maro\u0161 \u0160ef\u010dovi\u010d, revelou \u00e0 Euronews, ap\u00f3s regressar de Washington, que Bruxelas quer criar um novo f\u00f3rum sobre legisla\u00e7\u00e3o digital. As tarifas sobre a\u00e7o e alum\u00ednio mant\u00eam-se.<\/p>\n<p>\u0160ef\u010dovi\u010d explicou que a Comiss\u00e3o Europeia n\u00e3o cede em nada relativo \u00e0 legisla\u00e7\u00e3o, mas aceita conversar sobre o tema. Os dois lados veem o di\u00e1logo digital como instrumento para tratar conte\u00fados il\u00edcitos e concorr\u00eancia leal, sem reabrir leis j\u00e1 existentes.<\/p>\n<p>Washington tem pressionado Bruxelas para flexibilizar as regras digitais, consideradas discriminat\u00f3rias para empresas norte\u2011americanas. As taxas de 50% sobre a\u00e7o e alum\u00ednio permanecem desde junho de 2025, apesar de um acordo comercial amplo ter sido alcan\u00e7ado no ver\u00e3o passado, com exce\u00e7\u00f5es.<\/p>\n<h3>Tarifas sobre a\u00e7o e alum\u00ednio<\/h3>\n<p>No balan\u00e7o da visita a Washington, \u0160ef\u010dovi\u010d destacou que o acordo de 2024 n\u00e3o incluiu o setor do a\u00e7o e do alum\u00ednio, que continua sob as medidas punitivas. A UE defende uma solu\u00e7\u00e3o que n\u00e3o comprometa a concorr\u00eancia nem o consumo interno.<\/p>\n<p>O comiss\u00e1rio reiterou a cada passo o esfor\u00e7o de coopera\u00e7\u00e3o entre as partes. Al\u00e9m da regula\u00e7\u00e3o digital, Washington e Bruxelas trabalham em mat\u00e9ria de minerais cr\u00edticos, com tentativas de evitar impactos no com\u00e9rcio bilateral de a\u00e7o.<\/p>\n<h3>Sobrecapacidade chinesa<\/h3>\n<p>\u0160ef\u010dovi\u010d alertou para a persistente sobrecapacidade mundial de a\u00e7o e alum\u00ednio, apontando n\u00fameros alarmantes. A China permanece como principal fonte de excedentes, influenciando pol\u00edticas externas de ambos os blocos.<\/p>\n<p>A ideia do \u201canel do a\u00e7o\u201d foi re-put em discuss\u00e3o durante a visita, como forma de gerir fluxos globais ante a sobrecapacidade. A posi\u00e7\u00e3o da UE \u00e9 de coopera\u00e7\u00e3o para reduzir distor\u00e7\u00f5es no com\u00e9rcio.<\/p>\n<h3>Observa\u00e7\u00f5es finais<\/h3>\n<p>O comiss\u00e1rio assinalou que as rela\u00e7\u00f5es UE-EUA passam por v\u00e1rias frentes, com foco em coopera\u00e7\u00e3o pr\u00e1tica. A administra\u00e7\u00e3o norte\u2011americana parece favorecer contactos diretos sem uma estrutura formal para lit\u00edgios. A UE mant\u00e9m o compromisso de di\u00e1logo construtivo.<\/p>\n","protected":false},"excerpt":{"rendered":"<ul>\n<li>A UE aceita abrir um \u201cdi\u00e1logo digital\u201d com os EUA, mas n\u00e3o est\u00e1 disposta a eliminar as suas leis tecnol\u00f3gicas; mant\u00e9m-se o endurecimento das tarifas sobre a\u00e7o e alum\u00ednio europeus.<\/li>\n<li>O comiss\u00e1rio europeu do Com\u00e9rcio, Maro\u0161 \u0160ef\u010dovi\u010d, disse \u00e0 Euronews que o di\u00e1logo visa criar um f\u00f3rum sobre legisla\u00e7\u00e3o digital, sem reabrir as leis-chave.<\/li>\n<li>Washington tem pressionado a UE a alterar ou eliminar regras como a Lei dos Servi\u00e7os Digitais e a Lei dos Mercados Digitais, vendo-as como discrimat\u00f3rias.<\/li>\n<li>As tarifas norte\u2011americnas de 50 por cento sobre a\u00e7o e alum\u00ednio mant\u00eam-se desde junho de dois mil e vinte e cinco, como condi\u00e7\u00e3o para facilitar uma eventual redu\u00e7\u00e3o de direitos aduaneiros.<\/li>\n<li>\u0160ef\u010dovi\u010d alertou para a sobrecapacidade global no setor, especialmente na China, e sugeriu medidas como o \u201canel do a\u00e7o\u201d para direcionar o com\u00e9rcio, mantendo o foco na coopera\u00e7\u00e3o entre as duas partes.<\/li>\n<\/ul>\n","protected":false},"author":2,"featured_media":462826,"comment_status":"closed","ping_status":"closed","sticky":false,"template":"","format":"standard","meta":{"footnotes":""},"categories":[6814,4],"tags":[7915,8959,8084,7946,8624,8056],"class_list":["post-462818","post","type-post","status-publish","format-standard","has-post-thumbnail","hentry","category-geopolitica","category-internacional","tag-_comercio-internacional","tag-_diplomacia-internacional","tag-_economia-internacional","tag-_relacoes-internacionais","tag-_transformacao-digital","tag-_uniao-europeia"],"yoast_head":"<!-- This site is optimized with the Yoast SEO plugin v27.2 - https:\/\/yoast.com\/product\/yoast-seo-wordpress\/ -->\n<title>UE discute regras digitais com EUA, mas n\u00e3o prop\u00f5e elimin\u00e1-las - Portal Tela Portugal<\/title>\n<meta name=\"robots\" content=\"index, follow, max-snippet:-1, max-image-preview:large, max-video-preview:-1\" \/>\n<meta property=\"og:locale\" content=\"pt_PT\" \/>\n<meta property=\"og:type\" content=\"article\" \/>\n<meta property=\"og:title\" content=\"UE discute regras digitais com EUA, mas n\u00e3o prop\u00f5e elimin\u00e1-las - Portal Tela Portugal\" \/>\n<meta property=\"og:description\" content=\"A UE aceita abrir um \u201cdi\u00e1logo digital\u201d com os EUA, mas n\u00e3o est\u00e1 disposta a eliminar as suas leis tecnol\u00f3gicas; mant\u00e9m-se o endurecimento das tarifas sobre a\u00e7o e alum\u00ednio europeus. O comiss\u00e1rio europeu do Com\u00e9rcio, Maro\u0161 \u0160ef\u010dovi\u010d, disse \u00e0 Euronews que o di\u00e1logo visa criar um f\u00f3rum sobre legisla\u00e7\u00e3o digital, sem reabrir as leis-chave. Washington tem pressionado a UE a alterar ou eliminar regras como a Lei dos Servi\u00e7os Digitais e a Lei dos Mercados Digitais, vendo-as como discrimat\u00f3rias. As tarifas norte\u2011americnas de 50 por cento sobre a\u00e7o e alum\u00ednio mant\u00eam-se desde junho de dois mil e vinte e cinco, como condi\u00e7\u00e3o para facilitar uma eventual redu\u00e7\u00e3o de direitos aduaneiros. \u0160ef\u010dovi\u010d alertou para a sobrecapacidade global no setor, especialmente na China, e sugeriu medidas como o \u201canel do a\u00e7o\u201d para direcionar o com\u00e9rcio, mantendo o foco na coopera\u00e7\u00e3o entre as duas partes.\" \/>\n<meta property=\"og:url\" content=\"https:\/\/portaltela.pt\/noticias\/2026\/04\/30\/ue-discute-regras-digitais-com-eua-mas-nao-propoe-elimina-las\/\" \/>\n<meta property=\"og:site_name\" content=\"Portal Tela Portugal\" \/>\n<meta property=\"article:published_time\" content=\"2026-04-30T17:03:36+00:00\" \/>\n<meta name=\"author\" content=\"Telinha\" \/>\n<meta name=\"twitter:card\" content=\"summary_large_image\" \/>\n<meta name=\"twitter:label1\" content=\"Escrito por\" \/>\n\t<meta name=\"twitter:data1\" content=\"Telinha\" \/>\n\t<meta name=\"twitter:label2\" content=\"Tempo estimado de leitura\" \/>\n\t<meta name=\"twitter:data2\" content=\"2 minutos\" \/>\n<script type=\"application\/ld+json\" class=\"yoast-schema-graph\">{\"@context\":\"https:\/\/schema.org\",\"@graph\":[{\"@type\":\"Article\",\"@id\":\"https:\/\/portaltela.pt\/noticias\/2026\/04\/30\/ue-discute-regras-digitais-com-eua-mas-nao-propoe-elimina-las\/#article\",\"isPartOf\":{\"@id\":\"https:\/\/portaltela.pt\/noticias\/2026\/04\/30\/ue-discute-regras-digitais-com-eua-mas-nao-propoe-elimina-las\/\"},\"author\":{\"name\":\"Telinha\",\"@id\":\"https:\/\/portaltela.pt\/#\/schema\/person\/c4278d4a6028830caff9ee44b42d32ed\"},\"headline\":\"UE discute regras digitais com EUA, mas n\u00e3o prop\u00f5e elimin\u00e1-las\",\"datePublished\":\"2026-04-30T17:03:36+00:00\",\"mainEntityOfPage\":{\"@id\":\"https:\/\/portaltela.pt\/noticias\/2026\/04\/30\/ue-discute-regras-digitais-com-eua-mas-nao-propoe-elimina-las\/\"},\"wordCount\":391,\"image\":{\"@id\":\"https:\/\/portaltela.pt\/noticias\/2026\/04\/30\/ue-discute-regras-digitais-com-eua-mas-nao-propoe-elimina-las\/#primaryimage\"},\"thumbnailUrl\":\"https:\/\/portaltela.pt\/s.01k8rhncp4jt1\/2026\/04\/1536x864_cmsv2_a4de97c9-1699-52a7-9c3d-526f8cd5ae02-9740391.jpg\",\"keywords\":[\"_com\u00e9rcio internacional\",\"_diplomacia internacional\",\"_economia internacional\",\"_rela\u00e7\u00f5es internacionais\",\"_transforma\u00e7\u00e3o digital\",\"_Uni\u00e3o Europeia\"],\"articleSection\":[\"Geopol\u00edtica\",\"Internacional\"],\"inLanguage\":\"pt-PT\"},{\"@type\":\"WebPage\",\"@id\":\"https:\/\/portaltela.pt\/noticias\/2026\/04\/30\/ue-discute-regras-digitais-com-eua-mas-nao-propoe-elimina-las\/\",\"url\":\"https:\/\/portaltela.pt\/noticias\/2026\/04\/30\/ue-discute-regras-digitais-com-eua-mas-nao-propoe-elimina-las\/\",\"name\":\"UE discute regras digitais com EUA, mas n\u00e3o prop\u00f5e elimin\u00e1-las - Portal Tela Portugal\",\"isPartOf\":{\"@id\":\"https:\/\/portaltela.pt\/#website\"},\"primaryImageOfPage\":{\"@id\":\"https:\/\/portaltela.pt\/noticias\/2026\/04\/30\/ue-discute-regras-digitais-com-eua-mas-nao-propoe-elimina-las\/#primaryimage\"},\"image\":{\"@id\":\"https:\/\/portaltela.pt\/noticias\/2026\/04\/30\/ue-discute-regras-digitais-com-eua-mas-nao-propoe-elimina-las\/#primaryimage\"},\"thumbnailUrl\":\"https:\/\/portaltela.pt\/s.01k8rhncp4jt1\/2026\/04\/1536x864_cmsv2_a4de97c9-1699-52a7-9c3d-526f8cd5ae02-9740391.jpg\",\"datePublished\":\"2026-04-30T17:03:36+00:00\",\"author\":{\"@id\":\"https:\/\/portaltela.pt\/#\/schema\/person\/c4278d4a6028830caff9ee44b42d32ed\"},\"breadcrumb\":{\"@id\":\"https:\/\/portaltela.pt\/noticias\/2026\/04\/30\/ue-discute-regras-digitais-com-eua-mas-nao-propoe-elimina-las\/#breadcrumb\"},\"inLanguage\":\"pt-PT\",\"potentialAction\":[{\"@type\":\"ReadAction\",\"target\":[\"https:\/\/portaltela.pt\/noticias\/2026\/04\/30\/ue-discute-regras-digitais-com-eua-mas-nao-propoe-elimina-las\/\"]}]},{\"@type\":\"ImageObject\",\"inLanguage\":\"pt-PT\",\"@id\":\"https:\/\/portaltela.pt\/noticias\/2026\/04\/30\/ue-discute-regras-digitais-com-eua-mas-nao-propoe-elimina-las\/#primaryimage\",\"url\":\"https:\/\/portaltela.pt\/s.01k8rhncp4jt1\/2026\/04\/1536x864_cmsv2_a4de97c9-1699-52a7-9c3d-526f8cd5ae02-9740391.jpg\",\"contentUrl\":\"https:\/\/portaltela.pt\/s.01k8rhncp4jt1\/2026\/04\/1536x864_cmsv2_a4de97c9-1699-52a7-9c3d-526f8cd5ae02-9740391.jpg\",\"width\":796,\"height\":448,\"caption\":\"Maro\u0161 \u0160ef\u010dovi\u010d, comiss\u00e1rio europeu para o Com\u00e9rcio\"},{\"@type\":\"BreadcrumbList\",\"@id\":\"https:\/\/portaltela.pt\/noticias\/2026\/04\/30\/ue-discute-regras-digitais-com-eua-mas-nao-propoe-elimina-las\/#breadcrumb\",\"itemListElement\":[{\"@type\":\"ListItem\",\"position\":1,\"name\":\"In\u00edcio\",\"item\":\"https:\/\/portaltela.pt\/\"},{\"@type\":\"ListItem\",\"position\":2,\"name\":\"UE discute regras digitais com EUA, mas n\u00e3o prop\u00f5e elimin\u00e1-las\"}]},{\"@type\":\"WebSite\",\"@id\":\"https:\/\/portaltela.pt\/#website\",\"url\":\"https:\/\/portaltela.pt\/\",\"name\":\"Portal Tela Portugal\",\"description\":\"\",\"potentialAction\":[{\"@type\":\"SearchAction\",\"target\":{\"@type\":\"EntryPoint\",\"urlTemplate\":\"https:\/\/portaltela.pt\/?s={search_term_string}\"},\"query-input\":{\"@type\":\"PropertyValueSpecification\",\"valueRequired\":true,\"valueName\":\"search_term_string\"}}],\"inLanguage\":\"pt-PT\"},{\"@type\":\"Person\",\"@id\":\"https:\/\/portaltela.pt\/#\/schema\/person\/c4278d4a6028830caff9ee44b42d32ed\",\"name\":\"Telinha\",\"image\":{\"@type\":\"ImageObject\",\"inLanguage\":\"pt-PT\",\"@id\":\"https:\/\/portaltela.pt\/s.01k8rhncp4jt1\/2025\/11\/talking-bot-125x125.png\",\"url\":\"https:\/\/portaltela.pt\/s.01k8rhncp4jt1\/2025\/11\/talking-bot-125x125.png\",\"contentUrl\":\"https:\/\/portaltela.pt\/s.01k8rhncp4jt1\/2025\/11\/talking-bot-125x125.png\",\"caption\":\"Telinha\"},\"sameAs\":[\"https:\/\/portaltela.pt\/\"],\"url\":\"https:\/\/portaltela.pt\/por\/367410592786\/\"}]}<\/script>\n<!-- \/ Yoast SEO plugin. -->","yoast_head_json":{"title":"UE discute regras digitais com EUA, mas n\u00e3o prop\u00f5e elimin\u00e1-las - Portal Tela Portugal","robots":{"index":"index","follow":"follow","max-snippet":"max-snippet:-1","max-image-preview":"max-image-preview:large","max-video-preview":"max-video-preview:-1"},"og_locale":"pt_PT","og_type":"article","og_title":"UE discute regras digitais com EUA, mas n\u00e3o prop\u00f5e elimin\u00e1-las - Portal Tela Portugal","og_description":"A UE aceita abrir um \u201cdi\u00e1logo digital\u201d com os EUA, mas n\u00e3o est\u00e1 disposta a eliminar as suas leis tecnol\u00f3gicas; mant\u00e9m-se o endurecimento das tarifas sobre a\u00e7o e alum\u00ednio europeus. O comiss\u00e1rio europeu do Com\u00e9rcio, Maro\u0161 \u0160ef\u010dovi\u010d, disse \u00e0 Euronews que o di\u00e1logo visa criar um f\u00f3rum sobre legisla\u00e7\u00e3o digital, sem reabrir as leis-chave. Washington tem pressionado a UE a alterar ou eliminar regras como a Lei dos Servi\u00e7os Digitais e a Lei dos Mercados Digitais, vendo-as como discrimat\u00f3rias. As tarifas norte\u2011americnas de 50 por cento sobre a\u00e7o e alum\u00ednio mant\u00eam-se desde junho de dois mil e vinte e cinco, como condi\u00e7\u00e3o para facilitar uma eventual redu\u00e7\u00e3o de direitos aduaneiros. \u0160ef\u010dovi\u010d alertou para a sobrecapacidade global no setor, especialmente na China, e sugeriu medidas como o \u201canel do a\u00e7o\u201d para direcionar o com\u00e9rcio, mantendo o foco na coopera\u00e7\u00e3o entre as duas partes.","og_url":"https:\/\/portaltela.pt\/noticias\/2026\/04\/30\/ue-discute-regras-digitais-com-eua-mas-nao-propoe-elimina-las\/","og_site_name":"Portal Tela Portugal","article_published_time":"2026-04-30T17:03:36+00:00","author":"Telinha","twitter_card":"summary_large_image","twitter_misc":{"Escrito por":"Telinha","Tempo estimado de leitura":"2 minutos"},"schema":{"@context":"https:\/\/schema.org","@graph":[{"@type":"Article","@id":"https:\/\/portaltela.pt\/noticias\/2026\/04\/30\/ue-discute-regras-digitais-com-eua-mas-nao-propoe-elimina-las\/#article","isPartOf":{"@id":"https:\/\/portaltela.pt\/noticias\/2026\/04\/30\/ue-discute-regras-digitais-com-eua-mas-nao-propoe-elimina-las\/"},"author":{"name":"Telinha","@id":"https:\/\/portaltela.pt\/#\/schema\/person\/c4278d4a6028830caff9ee44b42d32ed"},"headline":"UE discute regras digitais com EUA, mas n\u00e3o prop\u00f5e elimin\u00e1-las","datePublished":"2026-04-30T17:03:36+00:00","mainEntityOfPage":{"@id":"https:\/\/portaltela.pt\/noticias\/2026\/04\/30\/ue-discute-regras-digitais-com-eua-mas-nao-propoe-elimina-las\/"},"wordCount":391,"image":{"@id":"https:\/\/portaltela.pt\/noticias\/2026\/04\/30\/ue-discute-regras-digitais-com-eua-mas-nao-propoe-elimina-las\/#primaryimage"},"thumbnailUrl":"https:\/\/portaltela.pt\/s.01k8rhncp4jt1\/2026\/04\/1536x864_cmsv2_a4de97c9-1699-52a7-9c3d-526f8cd5ae02-9740391.jpg","keywords":["_com\u00e9rcio internacional","_diplomacia internacional","_economia internacional","_rela\u00e7\u00f5es internacionais","_transforma\u00e7\u00e3o digital","_Uni\u00e3o Europeia"],"articleSection":["Geopol\u00edtica","Internacional"],"inLanguage":"pt-PT"},{"@type":"WebPage","@id":"https:\/\/portaltela.pt\/noticias\/2026\/04\/30\/ue-discute-regras-digitais-com-eua-mas-nao-propoe-elimina-las\/","url":"https:\/\/portaltela.pt\/noticias\/2026\/04\/30\/ue-discute-regras-digitais-com-eua-mas-nao-propoe-elimina-las\/","name":"UE discute regras digitais com EUA, mas n\u00e3o prop\u00f5e elimin\u00e1-las - Portal Tela Portugal","isPartOf":{"@id":"https:\/\/portaltela.pt\/#website"},"primaryImageOfPage":{"@id":"https:\/\/portaltela.pt\/noticias\/2026\/04\/30\/ue-discute-regras-digitais-com-eua-mas-nao-propoe-elimina-las\/#primaryimage"},"image":{"@id":"https:\/\/portaltela.pt\/noticias\/2026\/04\/30\/ue-discute-regras-digitais-com-eua-mas-nao-propoe-elimina-las\/#primaryimage"},"thumbnailUrl":"https:\/\/portaltela.pt\/s.01k8rhncp4jt1\/2026\/04\/1536x864_cmsv2_a4de97c9-1699-52a7-9c3d-526f8cd5ae02-9740391.jpg","datePublished":"2026-04-30T17:03:36+00:00","author":{"@id":"https:\/\/portaltela.pt\/#\/schema\/person\/c4278d4a6028830caff9ee44b42d32ed"},"breadcrumb":{"@id":"https:\/\/portaltela.pt\/noticias\/2026\/04\/30\/ue-discute-regras-digitais-com-eua-mas-nao-propoe-elimina-las\/#breadcrumb"},"inLanguage":"pt-PT","potentialAction":[{"@type":"ReadAction","target":["https:\/\/portaltela.pt\/noticias\/2026\/04\/30\/ue-discute-regras-digitais-com-eua-mas-nao-propoe-elimina-las\/"]}]},{"@type":"ImageObject","inLanguage":"pt-PT","@id":"https:\/\/portaltela.pt\/noticias\/2026\/04\/30\/ue-discute-regras-digitais-com-eua-mas-nao-propoe-elimina-las\/#primaryimage","url":"https:\/\/portaltela.pt\/s.01k8rhncp4jt1\/2026\/04\/1536x864_cmsv2_a4de97c9-1699-52a7-9c3d-526f8cd5ae02-9740391.jpg","contentUrl":"https:\/\/portaltela.pt\/s.01k8rhncp4jt1\/2026\/04\/1536x864_cmsv2_a4de97c9-1699-52a7-9c3d-526f8cd5ae02-9740391.jpg","width":796,"height":448,"caption":"Maro\u0161 \u0160ef\u010dovi\u010d, comiss\u00e1rio europeu para o Com\u00e9rcio"},{"@type":"BreadcrumbList","@id":"https:\/\/portaltela.pt\/noticias\/2026\/04\/30\/ue-discute-regras-digitais-com-eua-mas-nao-propoe-elimina-las\/#breadcrumb","itemListElement":[{"@type":"ListItem","position":1,"name":"In\u00edcio","item":"https:\/\/portaltela.pt\/"},{"@type":"ListItem","position":2,"name":"UE discute regras digitais com EUA, mas n\u00e3o prop\u00f5e elimin\u00e1-las"}]},{"@type":"WebSite","@id":"https:\/\/portaltela.pt\/#website","url":"https:\/\/portaltela.pt\/","name":"Portal Tela Portugal","description":"","potentialAction":[{"@type":"SearchAction","target":{"@type":"EntryPoint","urlTemplate":"https:\/\/portaltela.pt\/?s={search_term_string}"},"query-input":{"@type":"PropertyValueSpecification","valueRequired":true,"valueName":"search_term_string"}}],"inLanguage":"pt-PT"},{"@type":"Person","@id":"https:\/\/portaltela.pt\/#\/schema\/person\/c4278d4a6028830caff9ee44b42d32ed","name":"Telinha","image":{"@type":"ImageObject","inLanguage":"pt-PT","@id":"https:\/\/portaltela.pt\/s.01k8rhncp4jt1\/2025\/11\/talking-bot-125x125.png","url":"https:\/\/portaltela.pt\/s.01k8rhncp4jt1\/2025\/11\/talking-bot-125x125.png","contentUrl":"https:\/\/portaltela.pt\/s.01k8rhncp4jt1\/2025\/11\/talking-bot-125x125.png","caption":"Telinha"},"sameAs":["https:\/\/portaltela.pt\/"],"url":"https:\/\/portaltela.pt\/por\/367410592786\/"}]}},"_links":{"self":[{"href":"https:\/\/portaltela.pt\/api\/wp\/v2\/posts\/462818","targetHints":{"allow":["GET"]}}],"collection":[{"href":"https:\/\/portaltela.pt\/api\/wp\/v2\/posts"}],"about":[{"href":"https:\/\/portaltela.pt\/api\/wp\/v2\/types\/post"}],"author":[{"embeddable":true,"href":"https:\/\/portaltela.pt\/api\/wp\/v2\/users\/2"}],"replies":[{"embeddable":true,"href":"https:\/\/portaltela.pt\/api\/wp\/v2\/comments?post=462818"}],"version-history":[{"count":0,"href":"https:\/\/portaltela.pt\/api\/wp\/v2\/posts\/462818\/revisions"}],"wp:featuredmedia":[{"embeddable":true,"href":"https:\/\/portaltela.pt\/api\/wp\/v2\/media\/462826"}],"wp:attachment":[{"href":"https:\/\/portaltela.pt\/api\/wp\/v2\/media?parent=462818"}],"wp:term":[{"taxonomy":"category","embeddable":true,"href":"https:\/\/portaltela.pt\/api\/wp\/v2\/categories?post=462818"},{"taxonomy":"post_tag","embeddable":true,"href":"https:\/\/portaltela.pt\/api\/wp\/v2\/tags?post=462818"}],"curies":[{"name":"wp","href":"https:\/\/api.w.org\/{rel}","templated":true}]}}