{"id":462812,"date":"2026-04-30T14:03:24","date_gmt":"2026-04-30T17:03:24","guid":{"rendered":"https:\/\/portaltela.pt\/noticias\/2026\/04\/30\/dia-internacional-do-bombeiro-celebra-o-trabalho-dos-bombeiros-em-todo-o-mundo\/"},"modified":"2026-04-30T14:03:24","modified_gmt":"2026-04-30T17:03:24","slug":"dia-internacional-do-bombeiro-celebra-o-trabalho-dos-bombeiros-em-todo-o-mundo","status":"publish","type":"post","link":"https:\/\/portaltela.pt\/sociedade\/2026\/04\/30\/dia-internacional-do-bombeiro-celebra-o-trabalho-dos-bombeiros-em-todo-o-mundo\/","title":{"rendered":"Dia Internacional do Bombeiro celebra o trabalho dos bombeiros em todo o mundo"},"content":{"rendered":"<p>O Dia Internacional do Bombeiro \u00e9 celebrado a 4 de maio, data que homenageia homens e mulheres que, com coragem e esp\u00edrito de miss\u00e3o, salvaguardam vidas e comunidades em condi\u00e7\u00f5es extremas.<\/p>\n<p>A data coincide com S\u00e3o Floriano, santo padroeiro dos bombeiros, s\u00edmbolo de prote\u00e7\u00e3o e coragem. A celebra\u00e7\u00e3o tem um significado amplo para profissionais em servi\u00e7o e para quem depende deles.<\/p>\n<p>A efem\u00e9ride foi institu\u00edda em 1999, em mem\u00f3ria de cinco bombeiros australianos mortos no combate a inc\u00eandios florestais. Desde ent\u00e3o, tornou-se tributo mundial aos que faleceram ao cumprir a miss\u00e3o de socorro.<\/p>\n<p>O s\u00edmbolo do Dia \u00e9 uma fita azul e vermelha, representando \u00e1gua e fogo, cores associadas aos servi\u00e7os de emerg\u00eancia e salvamento em todo o mundo.<\/p>\n<p>A Associa\u00e7\u00e3o Nacional de Bombeiros Profissionais e o Sindicato Nacional de Bombeiros Profissionais destacam, neste dia, a gratid\u00e3o, o respeito e a solidariedade para com todos os bombeiros, na linha da frente ou na mem\u00f3ria de quem j\u00e1 n\u00e3o est\u00e1.<\/p>\n<p>Pela coragem, pelo sacrif\u00edcio e pelo servi\u00e7o \u00e0 popula\u00e7\u00e3o, \u00e9 prestado um &#8220;eterno obrigado&#8221; a todos os bombeiros.<\/p>\n","protected":false},"excerpt":{"rendered":"<ul>\n<li>O Dia Internacional do Bombeiro celebra-se a quatro de maio, em homenagem a homens e mulheres que servem com coragem para proteger vidas e comunidades.<\/li>\n<li>A data coincide com a celebra\u00e7\u00e3o de s\u00e3o floriano, santo padroeiro dos bombeiros, s\u00edmbolo de prote\u00e7\u00e3o e coragem.<\/li>\n<li>A efem\u00e9ride foi institu\u00edda em 1999, em mem\u00f3ria de cinco bombeiros australianos que perderam a vida durante o combate a inc\u00eandios florestais.<\/li>\n<li>O s\u00edmbolo do dia \u00e9 uma fita azul e vermelha, em que o vermelho representa o fogo e o azul a \u00e1gua, cores associadas aos servi\u00e7os de emerg\u00eancia.<\/li>\n<li>A Associa\u00e7\u00e3o Nacional de Bombeiros Profissionais e o Sindicato Nacional de Bombeiros Profissionais reiteram gratid\u00e3o, respeito e solidariedade a todos os bombeiros, na linha da frente e aos que faleceram em servi\u00e7o.<\/li>\n<\/ul>\n","protected":false},"author":2,"featured_media":462822,"comment_status":"closed","ping_status":"closed","sticky":false,"template":"","format":"standard","meta":{"footnotes":""},"categories":[7384,6871],"tags":[8054,8565,9997,8044,8230,7878],"class_list":["post-462812","post","type-post","status-publish","format-standard","has-post-thumbnail","hentry","category-curiosidades","category-sociedade","tag-_bombeiros","tag-_bombeiros-sapadores","tag-_bombeiros-voluntarios","tag-_protecao-civil","tag-_protecao-civil-municipal","tag-_seguranca-publica"],"yoast_head":"<!-- This site is optimized with the Yoast SEO plugin v27.2 - https:\/\/yoast.com\/product\/yoast-seo-wordpress\/ -->\n<title>Dia Internacional do Bombeiro celebra o trabalho dos bombeiros em todo o mundo - Portal Tela Portugal<\/title>\n<meta name=\"robots\" content=\"index, follow, max-snippet:-1, max-image-preview:large, max-video-preview:-1\" \/>\n<meta property=\"og:locale\" content=\"pt_PT\" \/>\n<meta property=\"og:type\" content=\"article\" \/>\n<meta property=\"og:title\" content=\"Dia Internacional do Bombeiro celebra o trabalho dos bombeiros em todo o mundo - Portal Tela Portugal\" \/>\n<meta property=\"og:description\" content=\"O Dia Internacional do Bombeiro celebra-se a quatro de maio, em homenagem a homens e mulheres que servem com coragem para proteger vidas e comunidades. A data coincide com a celebra\u00e7\u00e3o de s\u00e3o floriano, santo padroeiro dos bombeiros, s\u00edmbolo de prote\u00e7\u00e3o e coragem. A efem\u00e9ride foi institu\u00edda em 1999, em mem\u00f3ria de cinco bombeiros australianos que perderam a vida durante o combate a inc\u00eandios florestais. O s\u00edmbolo do dia \u00e9 uma fita azul e vermelha, em que o vermelho representa o fogo e o azul a \u00e1gua, cores associadas aos servi\u00e7os de emerg\u00eancia. A Associa\u00e7\u00e3o Nacional de Bombeiros Profissionais e o Sindicato Nacional de Bombeiros Profissionais reiteram gratid\u00e3o, respeito e solidariedade a todos os bombeiros, na linha da frente e aos que faleceram em servi\u00e7o.\" \/>\n<meta property=\"og:url\" content=\"https:\/\/portaltela.pt\/noticias\/2026\/04\/30\/dia-internacional-do-bombeiro-celebra-o-trabalho-dos-bombeiros-em-todo-o-mundo\/\" \/>\n<meta property=\"og:site_name\" content=\"Portal Tela Portugal\" \/>\n<meta property=\"article:published_time\" content=\"2026-04-30T17:03:24+00:00\" \/>\n<meta name=\"author\" content=\"Telinha\" \/>\n<meta name=\"twitter:card\" content=\"summary_large_image\" \/>\n<meta name=\"twitter:label1\" content=\"Escrito por\" \/>\n\t<meta name=\"twitter:data1\" content=\"Telinha\" \/>\n\t<meta name=\"twitter:label2\" content=\"Tempo estimado de leitura\" \/>\n\t<meta name=\"twitter:data2\" content=\"1 minuto\" \/>\n<script type=\"application\/ld+json\" class=\"yoast-schema-graph\">{\"@context\":\"https:\/\/schema.org\",\"@graph\":[{\"@type\":\"Article\",\"@id\":\"https:\/\/portaltela.pt\/noticias\/2026\/04\/30\/dia-internacional-do-bombeiro-celebra-o-trabalho-dos-bombeiros-em-todo-o-mundo\/#article\",\"isPartOf\":{\"@id\":\"https:\/\/portaltela.pt\/noticias\/2026\/04\/30\/dia-internacional-do-bombeiro-celebra-o-trabalho-dos-bombeiros-em-todo-o-mundo\/\"},\"author\":{\"name\":\"Telinha\",\"@id\":\"https:\/\/portaltela.pt\/#\/schema\/person\/c4278d4a6028830caff9ee44b42d32ed\"},\"headline\":\"Dia Internacional do Bombeiro celebra o trabalho dos bombeiros em todo o mundo\",\"datePublished\":\"2026-04-30T17:03:24+00:00\",\"mainEntityOfPage\":{\"@id\":\"https:\/\/portaltela.pt\/noticias\/2026\/04\/30\/dia-internacional-do-bombeiro-celebra-o-trabalho-dos-bombeiros-em-todo-o-mundo\/\"},\"wordCount\":208,\"image\":{\"@id\":\"https:\/\/portaltela.pt\/noticias\/2026\/04\/30\/dia-internacional-do-bombeiro-celebra-o-trabalho-dos-bombeiros-em-todo-o-mundo\/#primaryimage\"},\"thumbnailUrl\":\"https:\/\/portaltela.pt\/s.01k8rhncp4jt1\/2026\/04\/img_1500x1000uu2026-04-30-17-46-48-2282056.jpg\",\"keywords\":[\"_Bombeiros\",\"_Bombeiros Sapadores\",\"_Bombeiros Volunt\u00e1rios\",\"_prote\u00e7\u00e3o civil\",\"_Prote\u00e7\u00e3o Civil Municipal\",\"_seguran\u00e7a p\u00fablica\"],\"articleSection\":[\"Curiosidades\",\"Sociedade\"],\"inLanguage\":\"pt-PT\"},{\"@type\":\"WebPage\",\"@id\":\"https:\/\/portaltela.pt\/noticias\/2026\/04\/30\/dia-internacional-do-bombeiro-celebra-o-trabalho-dos-bombeiros-em-todo-o-mundo\/\",\"url\":\"https:\/\/portaltela.pt\/noticias\/2026\/04\/30\/dia-internacional-do-bombeiro-celebra-o-trabalho-dos-bombeiros-em-todo-o-mundo\/\",\"name\":\"Dia Internacional do Bombeiro celebra o trabalho dos bombeiros em todo o mundo - Portal Tela Portugal\",\"isPartOf\":{\"@id\":\"https:\/\/portaltela.pt\/#website\"},\"primaryImageOfPage\":{\"@id\":\"https:\/\/portaltela.pt\/noticias\/2026\/04\/30\/dia-internacional-do-bombeiro-celebra-o-trabalho-dos-bombeiros-em-todo-o-mundo\/#primaryimage\"},\"image\":{\"@id\":\"https:\/\/portaltela.pt\/noticias\/2026\/04\/30\/dia-internacional-do-bombeiro-celebra-o-trabalho-dos-bombeiros-em-todo-o-mundo\/#primaryimage\"},\"thumbnailUrl\":\"https:\/\/portaltela.pt\/s.01k8rhncp4jt1\/2026\/04\/img_1500x1000uu2026-04-30-17-46-48-2282056.jpg\",\"datePublished\":\"2026-04-30T17:03:24+00:00\",\"author\":{\"@id\":\"https:\/\/portaltela.pt\/#\/schema\/person\/c4278d4a6028830caff9ee44b42d32ed\"},\"breadcrumb\":{\"@id\":\"https:\/\/portaltela.pt\/noticias\/2026\/04\/30\/dia-internacional-do-bombeiro-celebra-o-trabalho-dos-bombeiros-em-todo-o-mundo\/#breadcrumb\"},\"inLanguage\":\"pt-PT\",\"potentialAction\":[{\"@type\":\"ReadAction\",\"target\":[\"https:\/\/portaltela.pt\/noticias\/2026\/04\/30\/dia-internacional-do-bombeiro-celebra-o-trabalho-dos-bombeiros-em-todo-o-mundo\/\"]}]},{\"@type\":\"ImageObject\",\"inLanguage\":\"pt-PT\",\"@id\":\"https:\/\/portaltela.pt\/noticias\/2026\/04\/30\/dia-internacional-do-bombeiro-celebra-o-trabalho-dos-bombeiros-em-todo-o-mundo\/#primaryimage\",\"url\":\"https:\/\/portaltela.pt\/s.01k8rhncp4jt1\/2026\/04\/img_1500x1000uu2026-04-30-17-46-48-2282056.jpg\",\"contentUrl\":\"https:\/\/portaltela.pt\/s.01k8rhncp4jt1\/2026\/04\/img_1500x1000uu2026-04-30-17-46-48-2282056.jpg\",\"width\":796,\"height\":448,\"caption\":\"Celebra\u00e7\u00e3o do Dia Internacional do Bombeiro, a 4 de maio\"},{\"@type\":\"BreadcrumbList\",\"@id\":\"https:\/\/portaltela.pt\/noticias\/2026\/04\/30\/dia-internacional-do-bombeiro-celebra-o-trabalho-dos-bombeiros-em-todo-o-mundo\/#breadcrumb\",\"itemListElement\":[{\"@type\":\"ListItem\",\"position\":1,\"name\":\"In\u00edcio\",\"item\":\"https:\/\/portaltela.pt\/\"},{\"@type\":\"ListItem\",\"position\":2,\"name\":\"Dia Internacional do Bombeiro celebra o trabalho dos bombeiros em todo o mundo\"}]},{\"@type\":\"WebSite\",\"@id\":\"https:\/\/portaltela.pt\/#website\",\"url\":\"https:\/\/portaltela.pt\/\",\"name\":\"Portal Tela Portugal\",\"description\":\"\",\"potentialAction\":[{\"@type\":\"SearchAction\",\"target\":{\"@type\":\"EntryPoint\",\"urlTemplate\":\"https:\/\/portaltela.pt\/?s={search_term_string}\"},\"query-input\":{\"@type\":\"PropertyValueSpecification\",\"valueRequired\":true,\"valueName\":\"search_term_string\"}}],\"inLanguage\":\"pt-PT\"},{\"@type\":\"Person\",\"@id\":\"https:\/\/portaltela.pt\/#\/schema\/person\/c4278d4a6028830caff9ee44b42d32ed\",\"name\":\"Telinha\",\"image\":{\"@type\":\"ImageObject\",\"inLanguage\":\"pt-PT\",\"@id\":\"https:\/\/portaltela.pt\/s.01k8rhncp4jt1\/2025\/11\/talking-bot-125x125.png\",\"url\":\"https:\/\/portaltela.pt\/s.01k8rhncp4jt1\/2025\/11\/talking-bot-125x125.png\",\"contentUrl\":\"https:\/\/portaltela.pt\/s.01k8rhncp4jt1\/2025\/11\/talking-bot-125x125.png\",\"caption\":\"Telinha\"},\"sameAs\":[\"https:\/\/portaltela.pt\/\"],\"url\":\"https:\/\/portaltela.pt\/por\/367410592786\/\"}]}<\/script>\n<!-- \/ Yoast SEO plugin. -->","yoast_head_json":{"title":"Dia Internacional do Bombeiro celebra o trabalho dos bombeiros em todo o mundo - Portal Tela Portugal","robots":{"index":"index","follow":"follow","max-snippet":"max-snippet:-1","max-image-preview":"max-image-preview:large","max-video-preview":"max-video-preview:-1"},"og_locale":"pt_PT","og_type":"article","og_title":"Dia Internacional do Bombeiro celebra o trabalho dos bombeiros em todo o mundo - Portal Tela Portugal","og_description":"O Dia Internacional do Bombeiro celebra-se a quatro de maio, em homenagem a homens e mulheres que servem com coragem para proteger vidas e comunidades. A data coincide com a celebra\u00e7\u00e3o de s\u00e3o floriano, santo padroeiro dos bombeiros, s\u00edmbolo de prote\u00e7\u00e3o e coragem. A efem\u00e9ride foi institu\u00edda em 1999, em mem\u00f3ria de cinco bombeiros australianos que perderam a vida durante o combate a inc\u00eandios florestais. O s\u00edmbolo do dia \u00e9 uma fita azul e vermelha, em que o vermelho representa o fogo e o azul a \u00e1gua, cores associadas aos servi\u00e7os de emerg\u00eancia. A Associa\u00e7\u00e3o Nacional de Bombeiros Profissionais e o Sindicato Nacional de Bombeiros Profissionais reiteram gratid\u00e3o, respeito e solidariedade a todos os bombeiros, na linha da frente e aos que faleceram em servi\u00e7o.","og_url":"https:\/\/portaltela.pt\/noticias\/2026\/04\/30\/dia-internacional-do-bombeiro-celebra-o-trabalho-dos-bombeiros-em-todo-o-mundo\/","og_site_name":"Portal Tela Portugal","article_published_time":"2026-04-30T17:03:24+00:00","author":"Telinha","twitter_card":"summary_large_image","twitter_misc":{"Escrito por":"Telinha","Tempo estimado de leitura":"1 minuto"},"schema":{"@context":"https:\/\/schema.org","@graph":[{"@type":"Article","@id":"https:\/\/portaltela.pt\/noticias\/2026\/04\/30\/dia-internacional-do-bombeiro-celebra-o-trabalho-dos-bombeiros-em-todo-o-mundo\/#article","isPartOf":{"@id":"https:\/\/portaltela.pt\/noticias\/2026\/04\/30\/dia-internacional-do-bombeiro-celebra-o-trabalho-dos-bombeiros-em-todo-o-mundo\/"},"author":{"name":"Telinha","@id":"https:\/\/portaltela.pt\/#\/schema\/person\/c4278d4a6028830caff9ee44b42d32ed"},"headline":"Dia Internacional do Bombeiro celebra o trabalho dos bombeiros em todo o mundo","datePublished":"2026-04-30T17:03:24+00:00","mainEntityOfPage":{"@id":"https:\/\/portaltela.pt\/noticias\/2026\/04\/30\/dia-internacional-do-bombeiro-celebra-o-trabalho-dos-bombeiros-em-todo-o-mundo\/"},"wordCount":208,"image":{"@id":"https:\/\/portaltela.pt\/noticias\/2026\/04\/30\/dia-internacional-do-bombeiro-celebra-o-trabalho-dos-bombeiros-em-todo-o-mundo\/#primaryimage"},"thumbnailUrl":"https:\/\/portaltela.pt\/s.01k8rhncp4jt1\/2026\/04\/img_1500x1000uu2026-04-30-17-46-48-2282056.jpg","keywords":["_Bombeiros","_Bombeiros Sapadores","_Bombeiros Volunt\u00e1rios","_prote\u00e7\u00e3o civil","_Prote\u00e7\u00e3o Civil Municipal","_seguran\u00e7a p\u00fablica"],"articleSection":["Curiosidades","Sociedade"],"inLanguage":"pt-PT"},{"@type":"WebPage","@id":"https:\/\/portaltela.pt\/noticias\/2026\/04\/30\/dia-internacional-do-bombeiro-celebra-o-trabalho-dos-bombeiros-em-todo-o-mundo\/","url":"https:\/\/portaltela.pt\/noticias\/2026\/04\/30\/dia-internacional-do-bombeiro-celebra-o-trabalho-dos-bombeiros-em-todo-o-mundo\/","name":"Dia Internacional do Bombeiro celebra o trabalho dos bombeiros em todo o mundo - Portal Tela Portugal","isPartOf":{"@id":"https:\/\/portaltela.pt\/#website"},"primaryImageOfPage":{"@id":"https:\/\/portaltela.pt\/noticias\/2026\/04\/30\/dia-internacional-do-bombeiro-celebra-o-trabalho-dos-bombeiros-em-todo-o-mundo\/#primaryimage"},"image":{"@id":"https:\/\/portaltela.pt\/noticias\/2026\/04\/30\/dia-internacional-do-bombeiro-celebra-o-trabalho-dos-bombeiros-em-todo-o-mundo\/#primaryimage"},"thumbnailUrl":"https:\/\/portaltela.pt\/s.01k8rhncp4jt1\/2026\/04\/img_1500x1000uu2026-04-30-17-46-48-2282056.jpg","datePublished":"2026-04-30T17:03:24+00:00","author":{"@id":"https:\/\/portaltela.pt\/#\/schema\/person\/c4278d4a6028830caff9ee44b42d32ed"},"breadcrumb":{"@id":"https:\/\/portaltela.pt\/noticias\/2026\/04\/30\/dia-internacional-do-bombeiro-celebra-o-trabalho-dos-bombeiros-em-todo-o-mundo\/#breadcrumb"},"inLanguage":"pt-PT","potentialAction":[{"@type":"ReadAction","target":["https:\/\/portaltela.pt\/noticias\/2026\/04\/30\/dia-internacional-do-bombeiro-celebra-o-trabalho-dos-bombeiros-em-todo-o-mundo\/"]}]},{"@type":"ImageObject","inLanguage":"pt-PT","@id":"https:\/\/portaltela.pt\/noticias\/2026\/04\/30\/dia-internacional-do-bombeiro-celebra-o-trabalho-dos-bombeiros-em-todo-o-mundo\/#primaryimage","url":"https:\/\/portaltela.pt\/s.01k8rhncp4jt1\/2026\/04\/img_1500x1000uu2026-04-30-17-46-48-2282056.jpg","contentUrl":"https:\/\/portaltela.pt\/s.01k8rhncp4jt1\/2026\/04\/img_1500x1000uu2026-04-30-17-46-48-2282056.jpg","width":796,"height":448,"caption":"Celebra\u00e7\u00e3o do Dia Internacional do Bombeiro, a 4 de maio"},{"@type":"BreadcrumbList","@id":"https:\/\/portaltela.pt\/noticias\/2026\/04\/30\/dia-internacional-do-bombeiro-celebra-o-trabalho-dos-bombeiros-em-todo-o-mundo\/#breadcrumb","itemListElement":[{"@type":"ListItem","position":1,"name":"In\u00edcio","item":"https:\/\/portaltela.pt\/"},{"@type":"ListItem","position":2,"name":"Dia Internacional do Bombeiro celebra o trabalho dos bombeiros em todo o mundo"}]},{"@type":"WebSite","@id":"https:\/\/portaltela.pt\/#website","url":"https:\/\/portaltela.pt\/","name":"Portal Tela Portugal","description":"","potentialAction":[{"@type":"SearchAction","target":{"@type":"EntryPoint","urlTemplate":"https:\/\/portaltela.pt\/?s={search_term_string}"},"query-input":{"@type":"PropertyValueSpecification","valueRequired":true,"valueName":"search_term_string"}}],"inLanguage":"pt-PT"},{"@type":"Person","@id":"https:\/\/portaltela.pt\/#\/schema\/person\/c4278d4a6028830caff9ee44b42d32ed","name":"Telinha","image":{"@type":"ImageObject","inLanguage":"pt-PT","@id":"https:\/\/portaltela.pt\/s.01k8rhncp4jt1\/2025\/11\/talking-bot-125x125.png","url":"https:\/\/portaltela.pt\/s.01k8rhncp4jt1\/2025\/11\/talking-bot-125x125.png","contentUrl":"https:\/\/portaltela.pt\/s.01k8rhncp4jt1\/2025\/11\/talking-bot-125x125.png","caption":"Telinha"},"sameAs":["https:\/\/portaltela.pt\/"],"url":"https:\/\/portaltela.pt\/por\/367410592786\/"}]}},"_links":{"self":[{"href":"https:\/\/portaltela.pt\/api\/wp\/v2\/posts\/462812","targetHints":{"allow":["GET"]}}],"collection":[{"href":"https:\/\/portaltela.pt\/api\/wp\/v2\/posts"}],"about":[{"href":"https:\/\/portaltela.pt\/api\/wp\/v2\/types\/post"}],"author":[{"embeddable":true,"href":"https:\/\/portaltela.pt\/api\/wp\/v2\/users\/2"}],"replies":[{"embeddable":true,"href":"https:\/\/portaltela.pt\/api\/wp\/v2\/comments?post=462812"}],"version-history":[{"count":0,"href":"https:\/\/portaltela.pt\/api\/wp\/v2\/posts\/462812\/revisions"}],"wp:featuredmedia":[{"embeddable":true,"href":"https:\/\/portaltela.pt\/api\/wp\/v2\/media\/462822"}],"wp:attachment":[{"href":"https:\/\/portaltela.pt\/api\/wp\/v2\/media?parent=462812"}],"wp:term":[{"taxonomy":"category","embeddable":true,"href":"https:\/\/portaltela.pt\/api\/wp\/v2\/categories?post=462812"},{"taxonomy":"post_tag","embeddable":true,"href":"https:\/\/portaltela.pt\/api\/wp\/v2\/tags?post=462812"}],"curies":[{"name":"wp","href":"https:\/\/api.w.org\/{rel}","templated":true}]}}