{"id":462811,"date":"2026-04-30T14:03:23","date_gmt":"2026-04-30T17:03:23","guid":{"rendered":"https:\/\/portaltela.pt\/noticias\/2026\/04\/30\/iscte-solidariza-se-com-aluno-iraquiano-agredido-em-lisboa\/"},"modified":"2026-04-30T14:03:23","modified_gmt":"2026-04-30T17:03:23","slug":"iscte-solidariza-se-com-aluno-iraquiano-agredido-em-lisboa","status":"publish","type":"post","link":"https:\/\/portaltela.pt\/criminalidade\/2026\/04\/30\/iscte-solidariza-se-com-aluno-iraquiano-agredido-em-lisboa\/","title":{"rendered":"ISCTE solidariza-se com aluno iraquiano agredido em Lisboa"},"content":{"rendered":"<p>O ISCTE expressou solidariedade ao aluno iraquiano Omar Al-Hayali, 27 anos, estudante de Psicologia, agredido na madrugada de s\u00e1bado em Lisboa. A zona da Alameda Dom Afonso Henriques foi o local do ataque.<\/p>\n<p>A Reitoria do ISCTE informou que o college est\u00e1 dispon\u00edvel para prestar apoio ao estudante e reiterou o rep\u00fadio a qualquer ato de viol\u00eancia e a comportamentos xen\u00f3fobos contra estrangeiros.<\/p>\n<p>A Pol\u00edcia de Seguran\u00e7a P\u00fablica confirmou \u00e0 Lusa a exist\u00eancia de tr\u00eas arguidos, com 16 anos, por ofensas \u00e0 integridade f\u00edsica. At\u00e9 ao momento, foram identificados mais nove jovens, com idades entre 16 e 17 anos.<\/p>\n<p>O ataque ocorreu na madrugada de s\u00e1bado na \u00e1rea da Alameda e ficou registado por um transeunte em imagens filmadas. Omar relatou, via Instagram, que foi alvo de insultos e de agress\u00f5es com pedras e com uma garrafa, cessando apenas quando come\u00e7ou a sangrar.<\/p>\n<h3>Investiga\u00e7\u00e3o<\/h3>\n<p>As autoridades avan\u00e7aram com a identifica\u00e7\u00e3o de envolvidos e avan\u00e7am com o processo conforme a lei. A not\u00edcia confirmou ainda que o jovem permanece a receber apoio institucional do ISCTE.<\/p>\n","protected":false},"excerpt":{"rendered":"<ul>\n<li>O ISCTE solidarizou\u2011se com Omar Al\u2011Hayali, aluno iraquiano refugiado no ISCTE, e ofereceu apoio, repudiando atos de viol\u00eancia e xenofobia.<\/li>\n<li>Omar, de 27 anos, \u00e9 estudante de Psicologia no ISCTE e foi agredido na madrugada de s\u00e1bado na zona da Alameda Dom Afonso Henriques, em Lisboa.<\/li>\n<li>A PSP confirmou tr\u00eas arguidos, com 16 anos, por ofensas \u00e0 integridade f\u00edsica, al\u00e9m de outros nove jovens identificados entre 16 e 17 anos.<\/li>\n<li>As agress\u00f5es foram filmadas por um transeunte e divulgadas no Instagram, onde Omar diz ter sido alvo de insultos e arremessos com pedras e com uma garrafa.<\/li>\n<li>O grupo cessou as agress\u00f5es quando o jovem come\u00e7ou a sangrar abundantemente.<\/li>\n<\/ul>\n","protected":false},"author":2,"featured_media":462821,"comment_status":"closed","ping_status":"closed","sticky":false,"template":"","format":"standard","meta":{"footnotes":""},"categories":[6907,7374],"tags":[8351,7974,8276,8884,8273,10046],"class_list":["post-462811","post","type-post","status-publish","format-standard","has-post-thumbnail","hentry","category-crime","category-criminalidade","tag-_alameda","tag-_lisboa","tag-_pessoas","tag-_universidades","tag-_violencia","tag-_xenofobos"],"yoast_head":"<!-- This site is optimized with the Yoast SEO plugin v27.2 - https:\/\/yoast.com\/product\/yoast-seo-wordpress\/ -->\n<title>ISCTE solidariza-se com aluno iraquiano agredido em Lisboa - Portal Tela Portugal<\/title>\n<meta name=\"robots\" content=\"index, follow, max-snippet:-1, max-image-preview:large, max-video-preview:-1\" \/>\n<meta property=\"og:locale\" content=\"pt_PT\" \/>\n<meta property=\"og:type\" content=\"article\" \/>\n<meta property=\"og:title\" content=\"ISCTE solidariza-se com aluno iraquiano agredido em Lisboa - Portal Tela Portugal\" \/>\n<meta property=\"og:description\" content=\"O ISCTE solidarizou\u2011se com Omar Al\u2011Hayali, aluno iraquiano refugiado no ISCTE, e ofereceu apoio, repudiando atos de viol\u00eancia e xenofobia. Omar, de 27 anos, \u00e9 estudante de Psicologia no ISCTE e foi agredido na madrugada de s\u00e1bado na zona da Alameda Dom Afonso Henriques, em Lisboa. A PSP confirmou tr\u00eas arguidos, com 16 anos, por ofensas \u00e0 integridade f\u00edsica, al\u00e9m de outros nove jovens identificados entre 16 e 17 anos. As agress\u00f5es foram filmadas por um transeunte e divulgadas no Instagram, onde Omar diz ter sido alvo de insultos e arremessos com pedras e com uma garrafa. O grupo cessou as agress\u00f5es quando o jovem come\u00e7ou a sangrar abundantemente.\" \/>\n<meta property=\"og:url\" content=\"https:\/\/portaltela.pt\/noticias\/2026\/04\/30\/iscte-solidariza-se-com-aluno-iraquiano-agredido-em-lisboa\/\" \/>\n<meta property=\"og:site_name\" content=\"Portal Tela Portugal\" \/>\n<meta property=\"article:published_time\" content=\"2026-04-30T17:03:23+00:00\" \/>\n<meta name=\"author\" content=\"Telinha\" \/>\n<meta name=\"twitter:card\" content=\"summary_large_image\" \/>\n<meta name=\"twitter:label1\" content=\"Escrito por\" \/>\n\t<meta name=\"twitter:data1\" content=\"Telinha\" \/>\n\t<meta name=\"twitter:label2\" content=\"Tempo estimado de leitura\" \/>\n\t<meta name=\"twitter:data2\" content=\"1 minuto\" \/>\n<script type=\"application\/ld+json\" class=\"yoast-schema-graph\">{\"@context\":\"https:\/\/schema.org\",\"@graph\":[{\"@type\":\"Article\",\"@id\":\"https:\/\/portaltela.pt\/noticias\/2026\/04\/30\/iscte-solidariza-se-com-aluno-iraquiano-agredido-em-lisboa\/#article\",\"isPartOf\":{\"@id\":\"https:\/\/portaltela.pt\/noticias\/2026\/04\/30\/iscte-solidariza-se-com-aluno-iraquiano-agredido-em-lisboa\/\"},\"author\":{\"name\":\"Telinha\",\"@id\":\"https:\/\/portaltela.pt\/#\/schema\/person\/c4278d4a6028830caff9ee44b42d32ed\"},\"headline\":\"ISCTE solidariza-se com aluno iraquiano agredido em Lisboa\",\"datePublished\":\"2026-04-30T17:03:23+00:00\",\"mainEntityOfPage\":{\"@id\":\"https:\/\/portaltela.pt\/noticias\/2026\/04\/30\/iscte-solidariza-se-com-aluno-iraquiano-agredido-em-lisboa\/\"},\"wordCount\":195,\"image\":{\"@id\":\"https:\/\/portaltela.pt\/noticias\/2026\/04\/30\/iscte-solidariza-se-com-aluno-iraquiano-agredido-em-lisboa\/#primaryimage\"},\"thumbnailUrl\":\"https:\/\/portaltela.pt\/s.01k8rhncp4jt1\/2026\/04\/img_1280x721uu2026-04-28-16-09-38-2281604.jpg\",\"keywords\":[\"_Alameda\",\"_Lisboa\",\"_pessoas\",\"_universidades\",\"_viol\u00eancia\",\"_xen\u00f3fobos\"],\"articleSection\":[\"Crime\",\"Criminalidade\"],\"inLanguage\":\"pt-PT\"},{\"@type\":\"WebPage\",\"@id\":\"https:\/\/portaltela.pt\/noticias\/2026\/04\/30\/iscte-solidariza-se-com-aluno-iraquiano-agredido-em-lisboa\/\",\"url\":\"https:\/\/portaltela.pt\/noticias\/2026\/04\/30\/iscte-solidariza-se-com-aluno-iraquiano-agredido-em-lisboa\/\",\"name\":\"ISCTE solidariza-se com aluno iraquiano agredido em Lisboa - Portal Tela Portugal\",\"isPartOf\":{\"@id\":\"https:\/\/portaltela.pt\/#website\"},\"primaryImageOfPage\":{\"@id\":\"https:\/\/portaltela.pt\/noticias\/2026\/04\/30\/iscte-solidariza-se-com-aluno-iraquiano-agredido-em-lisboa\/#primaryimage\"},\"image\":{\"@id\":\"https:\/\/portaltela.pt\/noticias\/2026\/04\/30\/iscte-solidariza-se-com-aluno-iraquiano-agredido-em-lisboa\/#primaryimage\"},\"thumbnailUrl\":\"https:\/\/portaltela.pt\/s.01k8rhncp4jt1\/2026\/04\/img_1280x721uu2026-04-28-16-09-38-2281604.jpg\",\"datePublished\":\"2026-04-30T17:03:23+00:00\",\"author\":{\"@id\":\"https:\/\/portaltela.pt\/#\/schema\/person\/c4278d4a6028830caff9ee44b42d32ed\"},\"breadcrumb\":{\"@id\":\"https:\/\/portaltela.pt\/noticias\/2026\/04\/30\/iscte-solidariza-se-com-aluno-iraquiano-agredido-em-lisboa\/#breadcrumb\"},\"inLanguage\":\"pt-PT\",\"potentialAction\":[{\"@type\":\"ReadAction\",\"target\":[\"https:\/\/portaltela.pt\/noticias\/2026\/04\/30\/iscte-solidariza-se-com-aluno-iraquiano-agredido-em-lisboa\/\"]}]},{\"@type\":\"ImageObject\",\"inLanguage\":\"pt-PT\",\"@id\":\"https:\/\/portaltela.pt\/noticias\/2026\/04\/30\/iscte-solidariza-se-com-aluno-iraquiano-agredido-em-lisboa\/#primaryimage\",\"url\":\"https:\/\/portaltela.pt\/s.01k8rhncp4jt1\/2026\/04\/img_1280x721uu2026-04-28-16-09-38-2281604.jpg\",\"contentUrl\":\"https:\/\/portaltela.pt\/s.01k8rhncp4jt1\/2026\/04\/img_1280x721uu2026-04-28-16-09-38-2281604.jpg\",\"width\":796,\"height\":448,\"caption\":\"Photo\"},{\"@type\":\"BreadcrumbList\",\"@id\":\"https:\/\/portaltela.pt\/noticias\/2026\/04\/30\/iscte-solidariza-se-com-aluno-iraquiano-agredido-em-lisboa\/#breadcrumb\",\"itemListElement\":[{\"@type\":\"ListItem\",\"position\":1,\"name\":\"In\u00edcio\",\"item\":\"https:\/\/portaltela.pt\/\"},{\"@type\":\"ListItem\",\"position\":2,\"name\":\"ISCTE solidariza-se com aluno iraquiano agredido em Lisboa\"}]},{\"@type\":\"WebSite\",\"@id\":\"https:\/\/portaltela.pt\/#website\",\"url\":\"https:\/\/portaltela.pt\/\",\"name\":\"Portal Tela Portugal\",\"description\":\"\",\"potentialAction\":[{\"@type\":\"SearchAction\",\"target\":{\"@type\":\"EntryPoint\",\"urlTemplate\":\"https:\/\/portaltela.pt\/?s={search_term_string}\"},\"query-input\":{\"@type\":\"PropertyValueSpecification\",\"valueRequired\":true,\"valueName\":\"search_term_string\"}}],\"inLanguage\":\"pt-PT\"},{\"@type\":\"Person\",\"@id\":\"https:\/\/portaltela.pt\/#\/schema\/person\/c4278d4a6028830caff9ee44b42d32ed\",\"name\":\"Telinha\",\"image\":{\"@type\":\"ImageObject\",\"inLanguage\":\"pt-PT\",\"@id\":\"https:\/\/portaltela.pt\/s.01k8rhncp4jt1\/2025\/11\/talking-bot-125x125.png\",\"url\":\"https:\/\/portaltela.pt\/s.01k8rhncp4jt1\/2025\/11\/talking-bot-125x125.png\",\"contentUrl\":\"https:\/\/portaltela.pt\/s.01k8rhncp4jt1\/2025\/11\/talking-bot-125x125.png\",\"caption\":\"Telinha\"},\"sameAs\":[\"https:\/\/portaltela.pt\/\"],\"url\":\"https:\/\/portaltela.pt\/por\/367410592786\/\"}]}<\/script>\n<!-- \/ Yoast SEO plugin. -->","yoast_head_json":{"title":"ISCTE solidariza-se com aluno iraquiano agredido em Lisboa - Portal Tela Portugal","robots":{"index":"index","follow":"follow","max-snippet":"max-snippet:-1","max-image-preview":"max-image-preview:large","max-video-preview":"max-video-preview:-1"},"og_locale":"pt_PT","og_type":"article","og_title":"ISCTE solidariza-se com aluno iraquiano agredido em Lisboa - Portal Tela Portugal","og_description":"O ISCTE solidarizou\u2011se com Omar Al\u2011Hayali, aluno iraquiano refugiado no ISCTE, e ofereceu apoio, repudiando atos de viol\u00eancia e xenofobia. Omar, de 27 anos, \u00e9 estudante de Psicologia no ISCTE e foi agredido na madrugada de s\u00e1bado na zona da Alameda Dom Afonso Henriques, em Lisboa. A PSP confirmou tr\u00eas arguidos, com 16 anos, por ofensas \u00e0 integridade f\u00edsica, al\u00e9m de outros nove jovens identificados entre 16 e 17 anos. As agress\u00f5es foram filmadas por um transeunte e divulgadas no Instagram, onde Omar diz ter sido alvo de insultos e arremessos com pedras e com uma garrafa. O grupo cessou as agress\u00f5es quando o jovem come\u00e7ou a sangrar abundantemente.","og_url":"https:\/\/portaltela.pt\/noticias\/2026\/04\/30\/iscte-solidariza-se-com-aluno-iraquiano-agredido-em-lisboa\/","og_site_name":"Portal Tela Portugal","article_published_time":"2026-04-30T17:03:23+00:00","author":"Telinha","twitter_card":"summary_large_image","twitter_misc":{"Escrito por":"Telinha","Tempo estimado de leitura":"1 minuto"},"schema":{"@context":"https:\/\/schema.org","@graph":[{"@type":"Article","@id":"https:\/\/portaltela.pt\/noticias\/2026\/04\/30\/iscte-solidariza-se-com-aluno-iraquiano-agredido-em-lisboa\/#article","isPartOf":{"@id":"https:\/\/portaltela.pt\/noticias\/2026\/04\/30\/iscte-solidariza-se-com-aluno-iraquiano-agredido-em-lisboa\/"},"author":{"name":"Telinha","@id":"https:\/\/portaltela.pt\/#\/schema\/person\/c4278d4a6028830caff9ee44b42d32ed"},"headline":"ISCTE solidariza-se com aluno iraquiano agredido em Lisboa","datePublished":"2026-04-30T17:03:23+00:00","mainEntityOfPage":{"@id":"https:\/\/portaltela.pt\/noticias\/2026\/04\/30\/iscte-solidariza-se-com-aluno-iraquiano-agredido-em-lisboa\/"},"wordCount":195,"image":{"@id":"https:\/\/portaltela.pt\/noticias\/2026\/04\/30\/iscte-solidariza-se-com-aluno-iraquiano-agredido-em-lisboa\/#primaryimage"},"thumbnailUrl":"https:\/\/portaltela.pt\/s.01k8rhncp4jt1\/2026\/04\/img_1280x721uu2026-04-28-16-09-38-2281604.jpg","keywords":["_Alameda","_Lisboa","_pessoas","_universidades","_viol\u00eancia","_xen\u00f3fobos"],"articleSection":["Crime","Criminalidade"],"inLanguage":"pt-PT"},{"@type":"WebPage","@id":"https:\/\/portaltela.pt\/noticias\/2026\/04\/30\/iscte-solidariza-se-com-aluno-iraquiano-agredido-em-lisboa\/","url":"https:\/\/portaltela.pt\/noticias\/2026\/04\/30\/iscte-solidariza-se-com-aluno-iraquiano-agredido-em-lisboa\/","name":"ISCTE solidariza-se com aluno iraquiano agredido em Lisboa - Portal Tela Portugal","isPartOf":{"@id":"https:\/\/portaltela.pt\/#website"},"primaryImageOfPage":{"@id":"https:\/\/portaltela.pt\/noticias\/2026\/04\/30\/iscte-solidariza-se-com-aluno-iraquiano-agredido-em-lisboa\/#primaryimage"},"image":{"@id":"https:\/\/portaltela.pt\/noticias\/2026\/04\/30\/iscte-solidariza-se-com-aluno-iraquiano-agredido-em-lisboa\/#primaryimage"},"thumbnailUrl":"https:\/\/portaltela.pt\/s.01k8rhncp4jt1\/2026\/04\/img_1280x721uu2026-04-28-16-09-38-2281604.jpg","datePublished":"2026-04-30T17:03:23+00:00","author":{"@id":"https:\/\/portaltela.pt\/#\/schema\/person\/c4278d4a6028830caff9ee44b42d32ed"},"breadcrumb":{"@id":"https:\/\/portaltela.pt\/noticias\/2026\/04\/30\/iscte-solidariza-se-com-aluno-iraquiano-agredido-em-lisboa\/#breadcrumb"},"inLanguage":"pt-PT","potentialAction":[{"@type":"ReadAction","target":["https:\/\/portaltela.pt\/noticias\/2026\/04\/30\/iscte-solidariza-se-com-aluno-iraquiano-agredido-em-lisboa\/"]}]},{"@type":"ImageObject","inLanguage":"pt-PT","@id":"https:\/\/portaltela.pt\/noticias\/2026\/04\/30\/iscte-solidariza-se-com-aluno-iraquiano-agredido-em-lisboa\/#primaryimage","url":"https:\/\/portaltela.pt\/s.01k8rhncp4jt1\/2026\/04\/img_1280x721uu2026-04-28-16-09-38-2281604.jpg","contentUrl":"https:\/\/portaltela.pt\/s.01k8rhncp4jt1\/2026\/04\/img_1280x721uu2026-04-28-16-09-38-2281604.jpg","width":796,"height":448,"caption":"Photo"},{"@type":"BreadcrumbList","@id":"https:\/\/portaltela.pt\/noticias\/2026\/04\/30\/iscte-solidariza-se-com-aluno-iraquiano-agredido-em-lisboa\/#breadcrumb","itemListElement":[{"@type":"ListItem","position":1,"name":"In\u00edcio","item":"https:\/\/portaltela.pt\/"},{"@type":"ListItem","position":2,"name":"ISCTE solidariza-se com aluno iraquiano agredido em Lisboa"}]},{"@type":"WebSite","@id":"https:\/\/portaltela.pt\/#website","url":"https:\/\/portaltela.pt\/","name":"Portal Tela Portugal","description":"","potentialAction":[{"@type":"SearchAction","target":{"@type":"EntryPoint","urlTemplate":"https:\/\/portaltela.pt\/?s={search_term_string}"},"query-input":{"@type":"PropertyValueSpecification","valueRequired":true,"valueName":"search_term_string"}}],"inLanguage":"pt-PT"},{"@type":"Person","@id":"https:\/\/portaltela.pt\/#\/schema\/person\/c4278d4a6028830caff9ee44b42d32ed","name":"Telinha","image":{"@type":"ImageObject","inLanguage":"pt-PT","@id":"https:\/\/portaltela.pt\/s.01k8rhncp4jt1\/2025\/11\/talking-bot-125x125.png","url":"https:\/\/portaltela.pt\/s.01k8rhncp4jt1\/2025\/11\/talking-bot-125x125.png","contentUrl":"https:\/\/portaltela.pt\/s.01k8rhncp4jt1\/2025\/11\/talking-bot-125x125.png","caption":"Telinha"},"sameAs":["https:\/\/portaltela.pt\/"],"url":"https:\/\/portaltela.pt\/por\/367410592786\/"}]}},"_links":{"self":[{"href":"https:\/\/portaltela.pt\/api\/wp\/v2\/posts\/462811","targetHints":{"allow":["GET"]}}],"collection":[{"href":"https:\/\/portaltela.pt\/api\/wp\/v2\/posts"}],"about":[{"href":"https:\/\/portaltela.pt\/api\/wp\/v2\/types\/post"}],"author":[{"embeddable":true,"href":"https:\/\/portaltela.pt\/api\/wp\/v2\/users\/2"}],"replies":[{"embeddable":true,"href":"https:\/\/portaltela.pt\/api\/wp\/v2\/comments?post=462811"}],"version-history":[{"count":0,"href":"https:\/\/portaltela.pt\/api\/wp\/v2\/posts\/462811\/revisions"}],"wp:featuredmedia":[{"embeddable":true,"href":"https:\/\/portaltela.pt\/api\/wp\/v2\/media\/462821"}],"wp:attachment":[{"href":"https:\/\/portaltela.pt\/api\/wp\/v2\/media?parent=462811"}],"wp:term":[{"taxonomy":"category","embeddable":true,"href":"https:\/\/portaltela.pt\/api\/wp\/v2\/categories?post=462811"},{"taxonomy":"post_tag","embeddable":true,"href":"https:\/\/portaltela.pt\/api\/wp\/v2\/tags?post=462811"}],"curies":[{"name":"wp","href":"https:\/\/api.w.org\/{rel}","templated":true}]}}