{"id":462808,"date":"2026-04-30T14:03:17","date_gmt":"2026-04-30T17:03:17","guid":{"rendered":"https:\/\/portaltela.pt\/noticias\/2026\/04\/30\/morato-confirma-ida-rapida-ao-benfica-e-que-ja-tinha-acontecido\/"},"modified":"2026-04-30T14:03:17","modified_gmt":"2026-04-30T17:03:17","slug":"morato-confirma-ida-rapida-ao-benfica-e-que-ja-tinha-acontecido","status":"publish","type":"post","link":"https:\/\/portaltela.pt\/desporto\/futebol\/2026\/04\/30\/morato-confirma-ida-rapida-ao-benfica-e-que-ja-tinha-acontecido\/","title":{"rendered":"Morato confirma ida r\u00e1pida ao Benfica e que j\u00e1 tinha acontecido"},"content":{"rendered":"<p>Morato revelou detalhes sobre a sua passagem pelo Benfica, em entrevista ao GloboEsporte, a prop\u00f3sito da meia-final da Liga Europa. O defesa-central brasileiro diz que a oportunidade surgiu de forma r\u00e1pida e que n\u00e3o houve tempo para ponderar, j\u00e1 que a viagem para Portugal ocorreu no dia em que tinha um compromisso no Brasil.<\/p>\n<p>O jogador explica que a ideia inicial era jogar no Morumbi, numa noite hist\u00f3rica da Libertadores, mas a sa\u00edda para Portugal acabou por acontecer antes de qualquer jogo importante pelo S\u00e3o Paulo. A decis\u00e3o foi tomada num intervalo de horas, com os pais presentes na despedida. A partir da\u00ed, o percurso no Benfica ganhou forma.<\/p>\n<p>Na Luz, Morato acabou por reconhecer a influ\u00eancia de Jorge Jesus. O brasileiro admite que Jesus o promoveu da equipa B e que o treinador foi determinante nos seus primeiros passos no futebol profissional, contribuindo para a sua integra\u00e7\u00e3o no grupo.<\/p>\n<h3>Trajet\u00f3ria sob treinadores lusos<\/h3>\n<p>Morato descreve V\u00edtor Pereira, no Nottingham Forest, como um mentor pr\u00f3ximo, com estilo de lideran\u00e7a semelhante ao dos treinadores portugueses que j\u00e1 trabalhou. O defesa-central destaca a import\u00e2ncia da comunica\u00e7\u00e3o e da abordagem t\u00e1tica na sua evolu\u00e7\u00e3o.<\/p>\n<p>A liga\u00e7\u00e3o entre o seu percurso e os t\u00e9cnicos portugueses \u00e9 real\u00e7ada por Morato, que refor\u00e7a a import\u00e2ncia de cada partida tratada de forma espec\u00edfica. O internacional brasileiro tamb\u00e9m elogia o papel de Nuno, treinador anterior, na constru\u00e7\u00e3o da sua leitura de jogo.<\/p>\n<p>Morato chegou ao Benfica em 2019\/20, com 18 anos, tendo passado pela forma\u00e7\u00e3o, equipa B e sub-23 antes de se firmar na equipa principal. Ao todo, disputou 86 jogos pelo Benfica antes de assinar pelo Nottingham Forest na \u00e9poca 2024\/25.<\/p>\n","protected":false},"excerpt":{"rendered":"<ul>\n<li>Morato contou ao GloboEsporte que a ida para o Benfica foi r\u00e1pida e n\u00e3o houve tempo para ponderar; queria jogar no Morumbi pelo S\u00e3o Paulo, mas recebeu o convite das \u00e1guias.<\/li>\n<li>A viagem para Portugal ocorreu no dia do jogo e, ao almo\u00e7o, j\u00e1 soube que partiria de imediato; tinha um encontro em Cotia marcado \u00e0s 15h.<\/li>\n<li>Apesar da sa\u00edda repentina, o defesa-central n\u00e3o se queixa e v\u00ea com bons olhos o Benfica, destacando o acolhimento e a forma\u00e7\u00e3o da equipa.<\/li>\n<li>Morato elogiou Jorge Jesus, dizendo que foi quem o promoveu da equipa B e que o treinador o ensinou bastante; descreve-o como um \u201cpai\u201d que confronta, mas apoia.<\/li>\n<li>No Nottingham Forest \u00e9 treinado por V\u00edtor Pereira; o jogador ressalta que treinadores portugueses que j\u00e1 teve s\u00e3o \u201cpaiz\u00f5es\u201d e que gostam de t\u00e1tica e de jogo bem jogado.<\/li>\n<li>Morato chegou ao Benfica em 2019\/20, aos 18 anos, fez 86 jogos pela equipa principal e transferiu-se para o Nottingham Forest em 2024\/25.<\/li>\n<\/ul>\n","protected":false},"author":2,"featured_media":462815,"comment_status":"closed","ping_status":"closed","sticky":false,"template":"","format":"standard","meta":{"footnotes":""},"categories":[21,24],"tags":[1946,3972,32,2448,2006,4761],"class_list":["post-462808","post","type-post","status-publish","format-standard","has-post-thumbnail","hentry","category-desporto","category-futebol","tag-benfica","tag-benfica-sad","tag-futebol","tag-jorge-jesus","tag-liga-europa","tag-nottingham-forest"],"yoast_head":"<!-- This site is optimized with the Yoast SEO plugin v27.2 - https:\/\/yoast.com\/product\/yoast-seo-wordpress\/ -->\n<title>Morato confirma ida r\u00e1pida ao Benfica e que j\u00e1 tinha acontecido - Portal Tela Portugal<\/title>\n<meta name=\"robots\" content=\"index, follow, max-snippet:-1, max-image-preview:large, max-video-preview:-1\" \/>\n<meta property=\"og:locale\" content=\"pt_PT\" \/>\n<meta property=\"og:type\" content=\"article\" \/>\n<meta property=\"og:title\" content=\"Morato confirma ida r\u00e1pida ao Benfica e que j\u00e1 tinha acontecido - Portal Tela Portugal\" \/>\n<meta property=\"og:description\" content=\"Morato contou ao GloboEsporte que a ida para o Benfica foi r\u00e1pida e n\u00e3o houve tempo para ponderar; queria jogar no Morumbi pelo S\u00e3o Paulo, mas recebeu o convite das \u00e1guias. A viagem para Portugal ocorreu no dia do jogo e, ao almo\u00e7o, j\u00e1 soube que partiria de imediato; tinha um encontro em Cotia marcado \u00e0s 15h. Apesar da sa\u00edda repentina, o defesa-central n\u00e3o se queixa e v\u00ea com bons olhos o Benfica, destacando o acolhimento e a forma\u00e7\u00e3o da equipa. Morato elogiou Jorge Jesus, dizendo que foi quem o promoveu da equipa B e que o treinador o ensinou bastante; descreve-o como um \u201cpai\u201d que confronta, mas apoia. No Nottingham Forest \u00e9 treinado por V\u00edtor Pereira; o jogador ressalta que treinadores portugueses que j\u00e1 teve s\u00e3o \u201cpaiz\u00f5es\u201d e que gostam de t\u00e1tica e de jogo bem jogado. Morato chegou ao Benfica em 2019\/20, aos 18 anos, fez 86 jogos pela equipa principal e transferiu-se para o Nottingham Forest em 2024\/25.\" \/>\n<meta property=\"og:url\" content=\"https:\/\/portaltela.pt\/noticias\/2026\/04\/30\/morato-confirma-ida-rapida-ao-benfica-e-que-ja-tinha-acontecido\/\" \/>\n<meta property=\"og:site_name\" content=\"Portal Tela Portugal\" \/>\n<meta property=\"article:published_time\" content=\"2026-04-30T17:03:17+00:00\" \/>\n<meta name=\"author\" content=\"Telinha\" \/>\n<meta name=\"twitter:card\" content=\"summary_large_image\" \/>\n<meta name=\"twitter:label1\" content=\"Escrito por\" \/>\n\t<meta name=\"twitter:data1\" content=\"Telinha\" \/>\n\t<meta name=\"twitter:label2\" content=\"Tempo estimado de leitura\" \/>\n\t<meta name=\"twitter:data2\" content=\"1 minuto\" \/>\n<script type=\"application\/ld+json\" class=\"yoast-schema-graph\">{\"@context\":\"https:\/\/schema.org\",\"@graph\":[{\"@type\":\"Article\",\"@id\":\"https:\/\/portaltela.pt\/noticias\/2026\/04\/30\/morato-confirma-ida-rapida-ao-benfica-e-que-ja-tinha-acontecido\/#article\",\"isPartOf\":{\"@id\":\"https:\/\/portaltela.pt\/noticias\/2026\/04\/30\/morato-confirma-ida-rapida-ao-benfica-e-que-ja-tinha-acontecido\/\"},\"author\":{\"name\":\"Telinha\",\"@id\":\"https:\/\/portaltela.pt\/#\/schema\/person\/c4278d4a6028830caff9ee44b42d32ed\"},\"headline\":\"Morato confirma ida r\u00e1pida ao Benfica e que j\u00e1 tinha acontecido\",\"datePublished\":\"2026-04-30T17:03:17+00:00\",\"mainEntityOfPage\":{\"@id\":\"https:\/\/portaltela.pt\/noticias\/2026\/04\/30\/morato-confirma-ida-rapida-ao-benfica-e-que-ja-tinha-acontecido\/\"},\"wordCount\":307,\"image\":{\"@id\":\"https:\/\/portaltela.pt\/noticias\/2026\/04\/30\/morato-confirma-ida-rapida-ao-benfica-e-que-ja-tinha-acontecido\/#primaryimage\"},\"thumbnailUrl\":\"https:\/\/portaltela.pt\/s.01k8rhncp4jt1\/2026\/04\/img_920x518uu2025-04-11-21-59-58-2355762.jpg\",\"keywords\":[\"Benfica\",\"Benfica SAD\",\"futebol\",\"Jorge Jesus\",\"Liga Europa\",\"Nottingham Forest\"],\"articleSection\":[\"Desporto\",\"Futebol\"],\"inLanguage\":\"pt-PT\"},{\"@type\":\"WebPage\",\"@id\":\"https:\/\/portaltela.pt\/noticias\/2026\/04\/30\/morato-confirma-ida-rapida-ao-benfica-e-que-ja-tinha-acontecido\/\",\"url\":\"https:\/\/portaltela.pt\/noticias\/2026\/04\/30\/morato-confirma-ida-rapida-ao-benfica-e-que-ja-tinha-acontecido\/\",\"name\":\"Morato confirma ida r\u00e1pida ao Benfica e que j\u00e1 tinha acontecido - Portal Tela Portugal\",\"isPartOf\":{\"@id\":\"https:\/\/portaltela.pt\/#website\"},\"primaryImageOfPage\":{\"@id\":\"https:\/\/portaltela.pt\/noticias\/2026\/04\/30\/morato-confirma-ida-rapida-ao-benfica-e-que-ja-tinha-acontecido\/#primaryimage\"},\"image\":{\"@id\":\"https:\/\/portaltela.pt\/noticias\/2026\/04\/30\/morato-confirma-ida-rapida-ao-benfica-e-que-ja-tinha-acontecido\/#primaryimage\"},\"thumbnailUrl\":\"https:\/\/portaltela.pt\/s.01k8rhncp4jt1\/2026\/04\/img_920x518uu2025-04-11-21-59-58-2355762.jpg\",\"datePublished\":\"2026-04-30T17:03:17+00:00\",\"author\":{\"@id\":\"https:\/\/portaltela.pt\/#\/schema\/person\/c4278d4a6028830caff9ee44b42d32ed\"},\"breadcrumb\":{\"@id\":\"https:\/\/portaltela.pt\/noticias\/2026\/04\/30\/morato-confirma-ida-rapida-ao-benfica-e-que-ja-tinha-acontecido\/#breadcrumb\"},\"inLanguage\":\"pt-PT\",\"potentialAction\":[{\"@type\":\"ReadAction\",\"target\":[\"https:\/\/portaltela.pt\/noticias\/2026\/04\/30\/morato-confirma-ida-rapida-ao-benfica-e-que-ja-tinha-acontecido\/\"]}]},{\"@type\":\"ImageObject\",\"inLanguage\":\"pt-PT\",\"@id\":\"https:\/\/portaltela.pt\/noticias\/2026\/04\/30\/morato-confirma-ida-rapida-ao-benfica-e-que-ja-tinha-acontecido\/#primaryimage\",\"url\":\"https:\/\/portaltela.pt\/s.01k8rhncp4jt1\/2026\/04\/img_920x518uu2025-04-11-21-59-58-2355762.jpg\",\"contentUrl\":\"https:\/\/portaltela.pt\/s.01k8rhncp4jt1\/2026\/04\/img_920x518uu2025-04-11-21-59-58-2355762.jpg\",\"width\":796,\"height\":448,\"caption\":\"Morato\"},{\"@type\":\"BreadcrumbList\",\"@id\":\"https:\/\/portaltela.pt\/noticias\/2026\/04\/30\/morato-confirma-ida-rapida-ao-benfica-e-que-ja-tinha-acontecido\/#breadcrumb\",\"itemListElement\":[{\"@type\":\"ListItem\",\"position\":1,\"name\":\"In\u00edcio\",\"item\":\"https:\/\/portaltela.pt\/\"},{\"@type\":\"ListItem\",\"position\":2,\"name\":\"Morato confirma ida r\u00e1pida ao Benfica e que j\u00e1 tinha acontecido\"}]},{\"@type\":\"WebSite\",\"@id\":\"https:\/\/portaltela.pt\/#website\",\"url\":\"https:\/\/portaltela.pt\/\",\"name\":\"Portal Tela Portugal\",\"description\":\"\",\"potentialAction\":[{\"@type\":\"SearchAction\",\"target\":{\"@type\":\"EntryPoint\",\"urlTemplate\":\"https:\/\/portaltela.pt\/?s={search_term_string}\"},\"query-input\":{\"@type\":\"PropertyValueSpecification\",\"valueRequired\":true,\"valueName\":\"search_term_string\"}}],\"inLanguage\":\"pt-PT\"},{\"@type\":\"Person\",\"@id\":\"https:\/\/portaltela.pt\/#\/schema\/person\/c4278d4a6028830caff9ee44b42d32ed\",\"name\":\"Telinha\",\"image\":{\"@type\":\"ImageObject\",\"inLanguage\":\"pt-PT\",\"@id\":\"https:\/\/portaltela.pt\/s.01k8rhncp4jt1\/2025\/11\/talking-bot-125x125.png\",\"url\":\"https:\/\/portaltela.pt\/s.01k8rhncp4jt1\/2025\/11\/talking-bot-125x125.png\",\"contentUrl\":\"https:\/\/portaltela.pt\/s.01k8rhncp4jt1\/2025\/11\/talking-bot-125x125.png\",\"caption\":\"Telinha\"},\"sameAs\":[\"https:\/\/portaltela.pt\/\"],\"url\":\"https:\/\/portaltela.pt\/por\/367410592786\/\"}]}<\/script>\n<!-- \/ Yoast SEO plugin. -->","yoast_head_json":{"title":"Morato confirma ida r\u00e1pida ao Benfica e que j\u00e1 tinha acontecido - Portal Tela Portugal","robots":{"index":"index","follow":"follow","max-snippet":"max-snippet:-1","max-image-preview":"max-image-preview:large","max-video-preview":"max-video-preview:-1"},"og_locale":"pt_PT","og_type":"article","og_title":"Morato confirma ida r\u00e1pida ao Benfica e que j\u00e1 tinha acontecido - Portal Tela Portugal","og_description":"Morato contou ao GloboEsporte que a ida para o Benfica foi r\u00e1pida e n\u00e3o houve tempo para ponderar; queria jogar no Morumbi pelo S\u00e3o Paulo, mas recebeu o convite das \u00e1guias. A viagem para Portugal ocorreu no dia do jogo e, ao almo\u00e7o, j\u00e1 soube que partiria de imediato; tinha um encontro em Cotia marcado \u00e0s 15h. Apesar da sa\u00edda repentina, o defesa-central n\u00e3o se queixa e v\u00ea com bons olhos o Benfica, destacando o acolhimento e a forma\u00e7\u00e3o da equipa. Morato elogiou Jorge Jesus, dizendo que foi quem o promoveu da equipa B e que o treinador o ensinou bastante; descreve-o como um \u201cpai\u201d que confronta, mas apoia. No Nottingham Forest \u00e9 treinado por V\u00edtor Pereira; o jogador ressalta que treinadores portugueses que j\u00e1 teve s\u00e3o \u201cpaiz\u00f5es\u201d e que gostam de t\u00e1tica e de jogo bem jogado. Morato chegou ao Benfica em 2019\/20, aos 18 anos, fez 86 jogos pela equipa principal e transferiu-se para o Nottingham Forest em 2024\/25.","og_url":"https:\/\/portaltela.pt\/noticias\/2026\/04\/30\/morato-confirma-ida-rapida-ao-benfica-e-que-ja-tinha-acontecido\/","og_site_name":"Portal Tela Portugal","article_published_time":"2026-04-30T17:03:17+00:00","author":"Telinha","twitter_card":"summary_large_image","twitter_misc":{"Escrito por":"Telinha","Tempo estimado de leitura":"1 minuto"},"schema":{"@context":"https:\/\/schema.org","@graph":[{"@type":"Article","@id":"https:\/\/portaltela.pt\/noticias\/2026\/04\/30\/morato-confirma-ida-rapida-ao-benfica-e-que-ja-tinha-acontecido\/#article","isPartOf":{"@id":"https:\/\/portaltela.pt\/noticias\/2026\/04\/30\/morato-confirma-ida-rapida-ao-benfica-e-que-ja-tinha-acontecido\/"},"author":{"name":"Telinha","@id":"https:\/\/portaltela.pt\/#\/schema\/person\/c4278d4a6028830caff9ee44b42d32ed"},"headline":"Morato confirma ida r\u00e1pida ao Benfica e que j\u00e1 tinha acontecido","datePublished":"2026-04-30T17:03:17+00:00","mainEntityOfPage":{"@id":"https:\/\/portaltela.pt\/noticias\/2026\/04\/30\/morato-confirma-ida-rapida-ao-benfica-e-que-ja-tinha-acontecido\/"},"wordCount":307,"image":{"@id":"https:\/\/portaltela.pt\/noticias\/2026\/04\/30\/morato-confirma-ida-rapida-ao-benfica-e-que-ja-tinha-acontecido\/#primaryimage"},"thumbnailUrl":"https:\/\/portaltela.pt\/s.01k8rhncp4jt1\/2026\/04\/img_920x518uu2025-04-11-21-59-58-2355762.jpg","keywords":["Benfica","Benfica SAD","futebol","Jorge Jesus","Liga Europa","Nottingham Forest"],"articleSection":["Desporto","Futebol"],"inLanguage":"pt-PT"},{"@type":"WebPage","@id":"https:\/\/portaltela.pt\/noticias\/2026\/04\/30\/morato-confirma-ida-rapida-ao-benfica-e-que-ja-tinha-acontecido\/","url":"https:\/\/portaltela.pt\/noticias\/2026\/04\/30\/morato-confirma-ida-rapida-ao-benfica-e-que-ja-tinha-acontecido\/","name":"Morato confirma ida r\u00e1pida ao Benfica e que j\u00e1 tinha acontecido - Portal Tela Portugal","isPartOf":{"@id":"https:\/\/portaltela.pt\/#website"},"primaryImageOfPage":{"@id":"https:\/\/portaltela.pt\/noticias\/2026\/04\/30\/morato-confirma-ida-rapida-ao-benfica-e-que-ja-tinha-acontecido\/#primaryimage"},"image":{"@id":"https:\/\/portaltela.pt\/noticias\/2026\/04\/30\/morato-confirma-ida-rapida-ao-benfica-e-que-ja-tinha-acontecido\/#primaryimage"},"thumbnailUrl":"https:\/\/portaltela.pt\/s.01k8rhncp4jt1\/2026\/04\/img_920x518uu2025-04-11-21-59-58-2355762.jpg","datePublished":"2026-04-30T17:03:17+00:00","author":{"@id":"https:\/\/portaltela.pt\/#\/schema\/person\/c4278d4a6028830caff9ee44b42d32ed"},"breadcrumb":{"@id":"https:\/\/portaltela.pt\/noticias\/2026\/04\/30\/morato-confirma-ida-rapida-ao-benfica-e-que-ja-tinha-acontecido\/#breadcrumb"},"inLanguage":"pt-PT","potentialAction":[{"@type":"ReadAction","target":["https:\/\/portaltela.pt\/noticias\/2026\/04\/30\/morato-confirma-ida-rapida-ao-benfica-e-que-ja-tinha-acontecido\/"]}]},{"@type":"ImageObject","inLanguage":"pt-PT","@id":"https:\/\/portaltela.pt\/noticias\/2026\/04\/30\/morato-confirma-ida-rapida-ao-benfica-e-que-ja-tinha-acontecido\/#primaryimage","url":"https:\/\/portaltela.pt\/s.01k8rhncp4jt1\/2026\/04\/img_920x518uu2025-04-11-21-59-58-2355762.jpg","contentUrl":"https:\/\/portaltela.pt\/s.01k8rhncp4jt1\/2026\/04\/img_920x518uu2025-04-11-21-59-58-2355762.jpg","width":796,"height":448,"caption":"Morato"},{"@type":"BreadcrumbList","@id":"https:\/\/portaltela.pt\/noticias\/2026\/04\/30\/morato-confirma-ida-rapida-ao-benfica-e-que-ja-tinha-acontecido\/#breadcrumb","itemListElement":[{"@type":"ListItem","position":1,"name":"In\u00edcio","item":"https:\/\/portaltela.pt\/"},{"@type":"ListItem","position":2,"name":"Morato confirma ida r\u00e1pida ao Benfica e que j\u00e1 tinha acontecido"}]},{"@type":"WebSite","@id":"https:\/\/portaltela.pt\/#website","url":"https:\/\/portaltela.pt\/","name":"Portal Tela Portugal","description":"","potentialAction":[{"@type":"SearchAction","target":{"@type":"EntryPoint","urlTemplate":"https:\/\/portaltela.pt\/?s={search_term_string}"},"query-input":{"@type":"PropertyValueSpecification","valueRequired":true,"valueName":"search_term_string"}}],"inLanguage":"pt-PT"},{"@type":"Person","@id":"https:\/\/portaltela.pt\/#\/schema\/person\/c4278d4a6028830caff9ee44b42d32ed","name":"Telinha","image":{"@type":"ImageObject","inLanguage":"pt-PT","@id":"https:\/\/portaltela.pt\/s.01k8rhncp4jt1\/2025\/11\/talking-bot-125x125.png","url":"https:\/\/portaltela.pt\/s.01k8rhncp4jt1\/2025\/11\/talking-bot-125x125.png","contentUrl":"https:\/\/portaltela.pt\/s.01k8rhncp4jt1\/2025\/11\/talking-bot-125x125.png","caption":"Telinha"},"sameAs":["https:\/\/portaltela.pt\/"],"url":"https:\/\/portaltela.pt\/por\/367410592786\/"}]}},"_links":{"self":[{"href":"https:\/\/portaltela.pt\/api\/wp\/v2\/posts\/462808","targetHints":{"allow":["GET"]}}],"collection":[{"href":"https:\/\/portaltela.pt\/api\/wp\/v2\/posts"}],"about":[{"href":"https:\/\/portaltela.pt\/api\/wp\/v2\/types\/post"}],"author":[{"embeddable":true,"href":"https:\/\/portaltela.pt\/api\/wp\/v2\/users\/2"}],"replies":[{"embeddable":true,"href":"https:\/\/portaltela.pt\/api\/wp\/v2\/comments?post=462808"}],"version-history":[{"count":0,"href":"https:\/\/portaltela.pt\/api\/wp\/v2\/posts\/462808\/revisions"}],"wp:featuredmedia":[{"embeddable":true,"href":"https:\/\/portaltela.pt\/api\/wp\/v2\/media\/462815"}],"wp:attachment":[{"href":"https:\/\/portaltela.pt\/api\/wp\/v2\/media?parent=462808"}],"wp:term":[{"taxonomy":"category","embeddable":true,"href":"https:\/\/portaltela.pt\/api\/wp\/v2\/categories?post=462808"},{"taxonomy":"post_tag","embeddable":true,"href":"https:\/\/portaltela.pt\/api\/wp\/v2\/tags?post=462808"}],"curies":[{"name":"wp","href":"https:\/\/api.w.org\/{rel}","templated":true}]}}