{"id":462805,"date":"2026-04-30T14:03:11","date_gmt":"2026-04-30T17:03:11","guid":{"rendered":"https:\/\/portaltela.pt\/noticias\/2026\/04\/30\/torreense-e-apontado-como-exemplo-a-nivel-internacional\/"},"modified":"2026-04-30T14:03:11","modified_gmt":"2026-04-30T17:03:11","slug":"torreense-e-apontado-como-exemplo-a-nivel-internacional","status":"publish","type":"post","link":"https:\/\/portaltela.pt\/desporto\/futebol\/2026\/04\/30\/torreense-e-apontado-como-exemplo-a-nivel-internacional\/","title":{"rendered":"Torreense \u00e9 apontado como exemplo a n\u00edvel internacional"},"content":{"rendered":"<p>O jornal espanhol Marca publicou uma reportagem sobre o Torreense, apresentando a equipa liderada por Gon\u00e7alo Nunes como um exemplo internacional, apontando-a como milagre e refer\u00eancia da moda no momento.<\/p>\n<p>A pe\u00e7a destaca que o Torreense conquistou tr\u00eas trof\u00e9us em dez meses, incluindo a Ta\u00e7a de Portugal e a Superta\u00e7a frente ao Benfica, e a Ta\u00e7a da Liga contra o Valadares Gaia, em 28 de mar\u00e7o, em Viseu.<\/p>\n<p>Gon\u00e7alo Nunes assumiu o comando em novembro de 2024. A an\u00e1lise da evolu\u00e7\u00e3o da equipa real\u00e7a que 11 das 25 jogadoras atuais j\u00e1 integravam o plantel \u00e0 chegada do t\u00e9cnico.<\/p>\n<p>O treinador explicou \u00e0 Marca que o segredo do sucesso est\u00e1 na unidade do grupo, numa equipa jovem e ambiciosa que quer progredir coletivamente e individualmente, ganhando nova perce\u00e7\u00e3o junto das advers\u00e1rias.<\/p>\n","protected":false},"excerpt":{"rendered":"<ul>\n<li>O jornal espanhol Marca chama o Torreense de \u201cmilagre\u201d e descreve a equipa como \u201ca da moda\u201d em reportagem sobre o conjunto de Gon\u00e7alo Nunes.<\/li>\n<li>A equipa venceu tr\u00eas t\u00edtulos em dez meses: Ta\u00e7a de Portugal, Superta\u00e7a (ambas frente ao Benfica) e Ta\u00e7a da Liga (frente ao Valadares Gaia, a 28 de mar\u00e7o, em Viseu).<\/li>\n<li>Gon\u00e7alo Nunes \u00e9 o treinador desde novembro de 2024, e 11 das 25 jogadoras j\u00e1 integravam o plantel quando chegou.<\/li>\n<li>O t\u00e9cnico explica o sucesso pela uni\u00e3o do grupo: \u201cN\u00e3o h\u00e1 trof\u00e9us nem conquistas se o grupo n\u00e3o rema todo para o mesmo lado.\u201d<\/li>\n<li>Nunes acrescenta que a forma\u00e7\u00e3o \u00e9 jovem, ambiciosa e procura mais \u00eaxitos, tanto coletivos como individuais, alterando a perce\u00e7\u00e3o que outras equipas t\u00eam da equipa.<\/li>\n<\/ul>\n","protected":false},"author":2,"featured_media":462810,"comment_status":"closed","ping_status":"closed","sticky":false,"template":"","format":"standard","meta":{"footnotes":""},"categories":[21,24],"tags":[32,1030,1936,1172,1266,3226],"class_list":["post-462805","post","type-post","status-publish","format-standard","has-post-thumbnail","hentry","category-desporto","category-futebol","tag-futebol","tag-futebol-feminino","tag-supertaca-candido-de-oliveira","tag-taca-da-liga","tag-taca-de-portugal","tag-torreense"],"yoast_head":"<!-- This site is optimized with the Yoast SEO plugin v27.2 - https:\/\/yoast.com\/product\/yoast-seo-wordpress\/ -->\n<title>Torreense \u00e9 apontado como exemplo a n\u00edvel internacional - Portal Tela Portugal<\/title>\n<meta name=\"robots\" content=\"index, follow, max-snippet:-1, max-image-preview:large, max-video-preview:-1\" \/>\n<meta property=\"og:locale\" content=\"pt_PT\" \/>\n<meta property=\"og:type\" content=\"article\" \/>\n<meta property=\"og:title\" content=\"Torreense \u00e9 apontado como exemplo a n\u00edvel internacional - Portal Tela Portugal\" \/>\n<meta property=\"og:description\" content=\"O jornal espanhol Marca chama o Torreense de \u201cmilagre\u201d e descreve a equipa como \u201ca da moda\u201d em reportagem sobre o conjunto de Gon\u00e7alo Nunes. A equipa venceu tr\u00eas t\u00edtulos em dez meses: Ta\u00e7a de Portugal, Superta\u00e7a (ambas frente ao Benfica) e Ta\u00e7a da Liga (frente ao Valadares Gaia, a 28 de mar\u00e7o, em Viseu). Gon\u00e7alo Nunes \u00e9 o treinador desde novembro de 2024, e 11 das 25 jogadoras j\u00e1 integravam o plantel quando chegou. O t\u00e9cnico explica o sucesso pela uni\u00e3o do grupo: \u201cN\u00e3o h\u00e1 trof\u00e9us nem conquistas se o grupo n\u00e3o rema todo para o mesmo lado.\u201d Nunes acrescenta que a forma\u00e7\u00e3o \u00e9 jovem, ambiciosa e procura mais \u00eaxitos, tanto coletivos como individuais, alterando a perce\u00e7\u00e3o que outras equipas t\u00eam da equipa.\" \/>\n<meta property=\"og:url\" content=\"https:\/\/portaltela.pt\/noticias\/2026\/04\/30\/torreense-e-apontado-como-exemplo-a-nivel-internacional\/\" \/>\n<meta property=\"og:site_name\" content=\"Portal Tela Portugal\" \/>\n<meta property=\"article:published_time\" content=\"2026-04-30T17:03:11+00:00\" \/>\n<meta name=\"author\" content=\"Telinha\" \/>\n<meta name=\"twitter:card\" content=\"summary_large_image\" \/>\n<meta name=\"twitter:label1\" content=\"Escrito por\" \/>\n\t<meta name=\"twitter:data1\" content=\"Telinha\" \/>\n\t<meta name=\"twitter:label2\" content=\"Tempo estimado de leitura\" \/>\n\t<meta name=\"twitter:data2\" content=\"1 minuto\" \/>\n<script type=\"application\/ld+json\" class=\"yoast-schema-graph\">{\"@context\":\"https:\/\/schema.org\",\"@graph\":[{\"@type\":\"Article\",\"@id\":\"https:\/\/portaltela.pt\/noticias\/2026\/04\/30\/torreense-e-apontado-como-exemplo-a-nivel-internacional\/#article\",\"isPartOf\":{\"@id\":\"https:\/\/portaltela.pt\/noticias\/2026\/04\/30\/torreense-e-apontado-como-exemplo-a-nivel-internacional\/\"},\"author\":{\"name\":\"Telinha\",\"@id\":\"https:\/\/portaltela.pt\/#\/schema\/person\/c4278d4a6028830caff9ee44b42d32ed\"},\"headline\":\"Torreense \u00e9 apontado como exemplo a n\u00edvel internacional\",\"datePublished\":\"2026-04-30T17:03:11+00:00\",\"mainEntityOfPage\":{\"@id\":\"https:\/\/portaltela.pt\/noticias\/2026\/04\/30\/torreense-e-apontado-como-exemplo-a-nivel-internacional\/\"},\"wordCount\":148,\"image\":{\"@id\":\"https:\/\/portaltela.pt\/noticias\/2026\/04\/30\/torreense-e-apontado-como-exemplo-a-nivel-internacional\/#primaryimage\"},\"thumbnailUrl\":\"https:\/\/portaltela.pt\/s.01k8rhncp4jt1\/2026\/04\/img_920x518uu2025-10-06-15-22-33-2394359-im-638953609870348141.jpg\",\"keywords\":[\"futebol\",\"futebol feminino\",\"Superta\u00e7a C\u00e2ndido de Oliveira\",\"Ta\u00e7a da Liga\",\"Ta\u00e7a de Portugal\",\"Torreense\"],\"articleSection\":[\"Desporto\",\"Futebol\"],\"inLanguage\":\"pt-PT\"},{\"@type\":\"WebPage\",\"@id\":\"https:\/\/portaltela.pt\/noticias\/2026\/04\/30\/torreense-e-apontado-como-exemplo-a-nivel-internacional\/\",\"url\":\"https:\/\/portaltela.pt\/noticias\/2026\/04\/30\/torreense-e-apontado-como-exemplo-a-nivel-internacional\/\",\"name\":\"Torreense \u00e9 apontado como exemplo a n\u00edvel internacional - Portal Tela Portugal\",\"isPartOf\":{\"@id\":\"https:\/\/portaltela.pt\/#website\"},\"primaryImageOfPage\":{\"@id\":\"https:\/\/portaltela.pt\/noticias\/2026\/04\/30\/torreense-e-apontado-como-exemplo-a-nivel-internacional\/#primaryimage\"},\"image\":{\"@id\":\"https:\/\/portaltela.pt\/noticias\/2026\/04\/30\/torreense-e-apontado-como-exemplo-a-nivel-internacional\/#primaryimage\"},\"thumbnailUrl\":\"https:\/\/portaltela.pt\/s.01k8rhncp4jt1\/2026\/04\/img_920x518uu2025-10-06-15-22-33-2394359-im-638953609870348141.jpg\",\"datePublished\":\"2026-04-30T17:03:11+00:00\",\"author\":{\"@id\":\"https:\/\/portaltela.pt\/#\/schema\/person\/c4278d4a6028830caff9ee44b42d32ed\"},\"breadcrumb\":{\"@id\":\"https:\/\/portaltela.pt\/noticias\/2026\/04\/30\/torreense-e-apontado-como-exemplo-a-nivel-internacional\/#breadcrumb\"},\"inLanguage\":\"pt-PT\",\"potentialAction\":[{\"@type\":\"ReadAction\",\"target\":[\"https:\/\/portaltela.pt\/noticias\/2026\/04\/30\/torreense-e-apontado-como-exemplo-a-nivel-internacional\/\"]}]},{\"@type\":\"ImageObject\",\"inLanguage\":\"pt-PT\",\"@id\":\"https:\/\/portaltela.pt\/noticias\/2026\/04\/30\/torreense-e-apontado-como-exemplo-a-nivel-internacional\/#primaryimage\",\"url\":\"https:\/\/portaltela.pt\/s.01k8rhncp4jt1\/2026\/04\/img_920x518uu2025-10-06-15-22-33-2394359-im-638953609870348141.jpg\",\"contentUrl\":\"https:\/\/portaltela.pt\/s.01k8rhncp4jt1\/2026\/04\/img_920x518uu2025-10-06-15-22-33-2394359-im-638953609870348141.jpg\",\"width\":796,\"height\":448,\"caption\":\"Jogadoras do Torreense celebram a conquista da Superta\u00e7a feminina\"},{\"@type\":\"BreadcrumbList\",\"@id\":\"https:\/\/portaltela.pt\/noticias\/2026\/04\/30\/torreense-e-apontado-como-exemplo-a-nivel-internacional\/#breadcrumb\",\"itemListElement\":[{\"@type\":\"ListItem\",\"position\":1,\"name\":\"In\u00edcio\",\"item\":\"https:\/\/portaltela.pt\/\"},{\"@type\":\"ListItem\",\"position\":2,\"name\":\"Torreense \u00e9 apontado como exemplo a n\u00edvel internacional\"}]},{\"@type\":\"WebSite\",\"@id\":\"https:\/\/portaltela.pt\/#website\",\"url\":\"https:\/\/portaltela.pt\/\",\"name\":\"Portal Tela Portugal\",\"description\":\"\",\"potentialAction\":[{\"@type\":\"SearchAction\",\"target\":{\"@type\":\"EntryPoint\",\"urlTemplate\":\"https:\/\/portaltela.pt\/?s={search_term_string}\"},\"query-input\":{\"@type\":\"PropertyValueSpecification\",\"valueRequired\":true,\"valueName\":\"search_term_string\"}}],\"inLanguage\":\"pt-PT\"},{\"@type\":\"Person\",\"@id\":\"https:\/\/portaltela.pt\/#\/schema\/person\/c4278d4a6028830caff9ee44b42d32ed\",\"name\":\"Telinha\",\"image\":{\"@type\":\"ImageObject\",\"inLanguage\":\"pt-PT\",\"@id\":\"https:\/\/portaltela.pt\/s.01k8rhncp4jt1\/2025\/11\/talking-bot-125x125.png\",\"url\":\"https:\/\/portaltela.pt\/s.01k8rhncp4jt1\/2025\/11\/talking-bot-125x125.png\",\"contentUrl\":\"https:\/\/portaltela.pt\/s.01k8rhncp4jt1\/2025\/11\/talking-bot-125x125.png\",\"caption\":\"Telinha\"},\"sameAs\":[\"https:\/\/portaltela.pt\/\"],\"url\":\"https:\/\/portaltela.pt\/por\/367410592786\/\"}]}<\/script>\n<!-- \/ Yoast SEO plugin. -->","yoast_head_json":{"title":"Torreense \u00e9 apontado como exemplo a n\u00edvel internacional - Portal Tela Portugal","robots":{"index":"index","follow":"follow","max-snippet":"max-snippet:-1","max-image-preview":"max-image-preview:large","max-video-preview":"max-video-preview:-1"},"og_locale":"pt_PT","og_type":"article","og_title":"Torreense \u00e9 apontado como exemplo a n\u00edvel internacional - Portal Tela Portugal","og_description":"O jornal espanhol Marca chama o Torreense de \u201cmilagre\u201d e descreve a equipa como \u201ca da moda\u201d em reportagem sobre o conjunto de Gon\u00e7alo Nunes. A equipa venceu tr\u00eas t\u00edtulos em dez meses: Ta\u00e7a de Portugal, Superta\u00e7a (ambas frente ao Benfica) e Ta\u00e7a da Liga (frente ao Valadares Gaia, a 28 de mar\u00e7o, em Viseu). Gon\u00e7alo Nunes \u00e9 o treinador desde novembro de 2024, e 11 das 25 jogadoras j\u00e1 integravam o plantel quando chegou. O t\u00e9cnico explica o sucesso pela uni\u00e3o do grupo: \u201cN\u00e3o h\u00e1 trof\u00e9us nem conquistas se o grupo n\u00e3o rema todo para o mesmo lado.\u201d Nunes acrescenta que a forma\u00e7\u00e3o \u00e9 jovem, ambiciosa e procura mais \u00eaxitos, tanto coletivos como individuais, alterando a perce\u00e7\u00e3o que outras equipas t\u00eam da equipa.","og_url":"https:\/\/portaltela.pt\/noticias\/2026\/04\/30\/torreense-e-apontado-como-exemplo-a-nivel-internacional\/","og_site_name":"Portal Tela Portugal","article_published_time":"2026-04-30T17:03:11+00:00","author":"Telinha","twitter_card":"summary_large_image","twitter_misc":{"Escrito por":"Telinha","Tempo estimado de leitura":"1 minuto"},"schema":{"@context":"https:\/\/schema.org","@graph":[{"@type":"Article","@id":"https:\/\/portaltela.pt\/noticias\/2026\/04\/30\/torreense-e-apontado-como-exemplo-a-nivel-internacional\/#article","isPartOf":{"@id":"https:\/\/portaltela.pt\/noticias\/2026\/04\/30\/torreense-e-apontado-como-exemplo-a-nivel-internacional\/"},"author":{"name":"Telinha","@id":"https:\/\/portaltela.pt\/#\/schema\/person\/c4278d4a6028830caff9ee44b42d32ed"},"headline":"Torreense \u00e9 apontado como exemplo a n\u00edvel internacional","datePublished":"2026-04-30T17:03:11+00:00","mainEntityOfPage":{"@id":"https:\/\/portaltela.pt\/noticias\/2026\/04\/30\/torreense-e-apontado-como-exemplo-a-nivel-internacional\/"},"wordCount":148,"image":{"@id":"https:\/\/portaltela.pt\/noticias\/2026\/04\/30\/torreense-e-apontado-como-exemplo-a-nivel-internacional\/#primaryimage"},"thumbnailUrl":"https:\/\/portaltela.pt\/s.01k8rhncp4jt1\/2026\/04\/img_920x518uu2025-10-06-15-22-33-2394359-im-638953609870348141.jpg","keywords":["futebol","futebol feminino","Superta\u00e7a C\u00e2ndido de Oliveira","Ta\u00e7a da Liga","Ta\u00e7a de Portugal","Torreense"],"articleSection":["Desporto","Futebol"],"inLanguage":"pt-PT"},{"@type":"WebPage","@id":"https:\/\/portaltela.pt\/noticias\/2026\/04\/30\/torreense-e-apontado-como-exemplo-a-nivel-internacional\/","url":"https:\/\/portaltela.pt\/noticias\/2026\/04\/30\/torreense-e-apontado-como-exemplo-a-nivel-internacional\/","name":"Torreense \u00e9 apontado como exemplo a n\u00edvel internacional - Portal Tela Portugal","isPartOf":{"@id":"https:\/\/portaltela.pt\/#website"},"primaryImageOfPage":{"@id":"https:\/\/portaltela.pt\/noticias\/2026\/04\/30\/torreense-e-apontado-como-exemplo-a-nivel-internacional\/#primaryimage"},"image":{"@id":"https:\/\/portaltela.pt\/noticias\/2026\/04\/30\/torreense-e-apontado-como-exemplo-a-nivel-internacional\/#primaryimage"},"thumbnailUrl":"https:\/\/portaltela.pt\/s.01k8rhncp4jt1\/2026\/04\/img_920x518uu2025-10-06-15-22-33-2394359-im-638953609870348141.jpg","datePublished":"2026-04-30T17:03:11+00:00","author":{"@id":"https:\/\/portaltela.pt\/#\/schema\/person\/c4278d4a6028830caff9ee44b42d32ed"},"breadcrumb":{"@id":"https:\/\/portaltela.pt\/noticias\/2026\/04\/30\/torreense-e-apontado-como-exemplo-a-nivel-internacional\/#breadcrumb"},"inLanguage":"pt-PT","potentialAction":[{"@type":"ReadAction","target":["https:\/\/portaltela.pt\/noticias\/2026\/04\/30\/torreense-e-apontado-como-exemplo-a-nivel-internacional\/"]}]},{"@type":"ImageObject","inLanguage":"pt-PT","@id":"https:\/\/portaltela.pt\/noticias\/2026\/04\/30\/torreense-e-apontado-como-exemplo-a-nivel-internacional\/#primaryimage","url":"https:\/\/portaltela.pt\/s.01k8rhncp4jt1\/2026\/04\/img_920x518uu2025-10-06-15-22-33-2394359-im-638953609870348141.jpg","contentUrl":"https:\/\/portaltela.pt\/s.01k8rhncp4jt1\/2026\/04\/img_920x518uu2025-10-06-15-22-33-2394359-im-638953609870348141.jpg","width":796,"height":448,"caption":"Jogadoras do Torreense celebram a conquista da Superta\u00e7a feminina"},{"@type":"BreadcrumbList","@id":"https:\/\/portaltela.pt\/noticias\/2026\/04\/30\/torreense-e-apontado-como-exemplo-a-nivel-internacional\/#breadcrumb","itemListElement":[{"@type":"ListItem","position":1,"name":"In\u00edcio","item":"https:\/\/portaltela.pt\/"},{"@type":"ListItem","position":2,"name":"Torreense \u00e9 apontado como exemplo a n\u00edvel internacional"}]},{"@type":"WebSite","@id":"https:\/\/portaltela.pt\/#website","url":"https:\/\/portaltela.pt\/","name":"Portal Tela Portugal","description":"","potentialAction":[{"@type":"SearchAction","target":{"@type":"EntryPoint","urlTemplate":"https:\/\/portaltela.pt\/?s={search_term_string}"},"query-input":{"@type":"PropertyValueSpecification","valueRequired":true,"valueName":"search_term_string"}}],"inLanguage":"pt-PT"},{"@type":"Person","@id":"https:\/\/portaltela.pt\/#\/schema\/person\/c4278d4a6028830caff9ee44b42d32ed","name":"Telinha","image":{"@type":"ImageObject","inLanguage":"pt-PT","@id":"https:\/\/portaltela.pt\/s.01k8rhncp4jt1\/2025\/11\/talking-bot-125x125.png","url":"https:\/\/portaltela.pt\/s.01k8rhncp4jt1\/2025\/11\/talking-bot-125x125.png","contentUrl":"https:\/\/portaltela.pt\/s.01k8rhncp4jt1\/2025\/11\/talking-bot-125x125.png","caption":"Telinha"},"sameAs":["https:\/\/portaltela.pt\/"],"url":"https:\/\/portaltela.pt\/por\/367410592786\/"}]}},"_links":{"self":[{"href":"https:\/\/portaltela.pt\/api\/wp\/v2\/posts\/462805","targetHints":{"allow":["GET"]}}],"collection":[{"href":"https:\/\/portaltela.pt\/api\/wp\/v2\/posts"}],"about":[{"href":"https:\/\/portaltela.pt\/api\/wp\/v2\/types\/post"}],"author":[{"embeddable":true,"href":"https:\/\/portaltela.pt\/api\/wp\/v2\/users\/2"}],"replies":[{"embeddable":true,"href":"https:\/\/portaltela.pt\/api\/wp\/v2\/comments?post=462805"}],"version-history":[{"count":0,"href":"https:\/\/portaltela.pt\/api\/wp\/v2\/posts\/462805\/revisions"}],"wp:featuredmedia":[{"embeddable":true,"href":"https:\/\/portaltela.pt\/api\/wp\/v2\/media\/462810"}],"wp:attachment":[{"href":"https:\/\/portaltela.pt\/api\/wp\/v2\/media?parent=462805"}],"wp:term":[{"taxonomy":"category","embeddable":true,"href":"https:\/\/portaltela.pt\/api\/wp\/v2\/categories?post=462805"},{"taxonomy":"post_tag","embeddable":true,"href":"https:\/\/portaltela.pt\/api\/wp\/v2\/tags?post=462805"}],"curies":[{"name":"wp","href":"https:\/\/api.w.org\/{rel}","templated":true}]}}