{"id":462802,"date":"2026-04-30T14:03:07","date_gmt":"2026-04-30T17:03:07","guid":{"rendered":"https:\/\/portaltela.pt\/noticias\/2026\/04\/30\/bce-antecipa-manter-precos-de-energia-elevados-e-adia-decisoes-para-junho\/"},"modified":"2026-04-30T14:03:07","modified_gmt":"2026-04-30T17:03:07","slug":"bce-antecipa-manter-precos-de-energia-elevados-e-adia-decisoes-para-junho","status":"publish","type":"post","link":"https:\/\/portaltela.pt\/noticias\/economia\/2026\/04\/30\/bce-antecipa-manter-precos-de-energia-elevados-e-adia-decisoes-para-junho\/","title":{"rendered":"BCE antecipa manter pre\u00e7os de energia elevados e adia decis\u00f5es para junho"},"content":{"rendered":"<p>O Banco Central Europeu manteve a taxa de juro de refer\u00eancia em 2%, mesmo diante de sinais de maior press\u00e3o inflacionista e de maior risco econ\u00f3mico. Os respons\u00e1veis reconhecem que os pre\u00e7os da energia devem permanecer elevados, o que pode pressionar os rendimentos das fam\u00edlias.<\/p>\n<p>A decis\u00e3o ocorreu num contexto em que a guerra no M\u00e9dio Oriente j\u00e1 impacta a atividade econ\u00f3mica. O BCE aponta para uma incerteza global persistente e diz que o panorama energ\u00e9tico \u00e9 um fator determinante para a trajet\u00f3ria futura das taxas.<\/p>\n<p>Christine Lagarde, presidente do BCE, ressaltou que o conselho de governadores ponderou v\u00e1rias op\u00e7\u00f5es, incluindo aumentos de juros, ainda que n\u00e3o tenha sido tomada uma decis\u00e3o neste momento. O banco prev\u00ea retomar o tema em junho, ap\u00f3s receber dados adicionais.<\/p>\n<h3>Perspetivas para junho e impactos esperados<\/h3>\n<p>A institui\u00e7\u00e3o indica que, at\u00e9 l\u00e1, dever\u00e1 ter mais clareza sobre o evoluir da guerra e o correspondente efeito na energia e na atividade econ\u00f3mica. A comunica\u00e7\u00e3o sublinha a necessidade de monitorizar os indicadores de infla\u00e7\u00e3o, crescimento e poder de compra das fam\u00edlias.<\/p>\n","protected":false},"excerpt":{"rendered":"<ul>\n<li>O BCE manteve a taxa de juro de refer\u00eancia em 2%.<\/li>\n<li>Reconheceu que os riscos sobre a infla\u00e7\u00e3o e a economia est\u00e3o a intensificar-se.<\/li>\n<li>Os pre\u00e7os da energia dever\u00e3o permanecer elevados, afetando os rendimentos das fam\u00edlias.<\/li>\n<li>O conselho discutiu v\u00e1rias op\u00e7\u00f5es, incluindo a subida de juros, que n\u00e3o est\u00e1 completamente afastada a curto prazo.<\/li>\n<li>A decis\u00e3o sobre o rumo da pol\u00edtica deve ficar para junho, quando houver mais dados sobre a evolu\u00e7\u00e3o da guerra e o seu impacto.<\/li>\n<\/ul>\n","protected":false},"author":2,"featured_media":462806,"comment_status":"closed","ping_status":"closed","sticky":false,"template":"","format":"standard","meta":{"footnotes":""},"categories":[2,6735],"tags":[6115,7775,8004,8307,8056,3774],"class_list":["post-462802","post","type-post","status-publish","format-standard","has-post-thumbnail","hentry","category-economia","category-negocios","tag-_economia","tag-_energia","tag-_europa","tag-_inflacao","tag-_uniao-europeia","tag-bce"],"yoast_head":"<!-- This site is optimized with the Yoast SEO plugin v27.2 - https:\/\/yoast.com\/product\/yoast-seo-wordpress\/ -->\n<title>BCE antecipa manter pre\u00e7os de energia elevados e adia decis\u00f5es para junho - Portal Tela Portugal<\/title>\n<meta name=\"robots\" content=\"index, follow, max-snippet:-1, max-image-preview:large, max-video-preview:-1\" \/>\n<meta property=\"og:locale\" content=\"pt_PT\" \/>\n<meta property=\"og:type\" content=\"article\" \/>\n<meta property=\"og:title\" content=\"BCE antecipa manter pre\u00e7os de energia elevados e adia decis\u00f5es para junho - Portal Tela Portugal\" \/>\n<meta property=\"og:description\" content=\"O BCE manteve a taxa de juro de refer\u00eancia em 2%. Reconheceu que os riscos sobre a infla\u00e7\u00e3o e a economia est\u00e3o a intensificar-se. Os pre\u00e7os da energia dever\u00e3o permanecer elevados, afetando os rendimentos das fam\u00edlias. O conselho discutiu v\u00e1rias op\u00e7\u00f5es, incluindo a subida de juros, que n\u00e3o est\u00e1 completamente afastada a curto prazo. A decis\u00e3o sobre o rumo da pol\u00edtica deve ficar para junho, quando houver mais dados sobre a evolu\u00e7\u00e3o da guerra e o seu impacto.\" \/>\n<meta property=\"og:url\" content=\"https:\/\/portaltela.pt\/noticias\/2026\/04\/30\/bce-antecipa-manter-precos-de-energia-elevados-e-adia-decisoes-para-junho\/\" \/>\n<meta property=\"og:site_name\" content=\"Portal Tela Portugal\" \/>\n<meta property=\"article:published_time\" content=\"2026-04-30T17:03:07+00:00\" \/>\n<meta name=\"author\" content=\"Telinha\" \/>\n<meta name=\"twitter:card\" content=\"summary_large_image\" \/>\n<meta name=\"twitter:label1\" content=\"Escrito por\" \/>\n\t<meta name=\"twitter:data1\" content=\"Telinha\" \/>\n\t<meta name=\"twitter:label2\" content=\"Tempo estimado de leitura\" \/>\n\t<meta name=\"twitter:data2\" content=\"1 minuto\" \/>\n<script type=\"application\/ld+json\" class=\"yoast-schema-graph\">{\"@context\":\"https:\/\/schema.org\",\"@graph\":[{\"@type\":\"Article\",\"@id\":\"https:\/\/portaltela.pt\/noticias\/2026\/04\/30\/bce-antecipa-manter-precos-de-energia-elevados-e-adia-decisoes-para-junho\/#article\",\"isPartOf\":{\"@id\":\"https:\/\/portaltela.pt\/noticias\/2026\/04\/30\/bce-antecipa-manter-precos-de-energia-elevados-e-adia-decisoes-para-junho\/\"},\"author\":{\"name\":\"Telinha\",\"@id\":\"https:\/\/portaltela.pt\/#\/schema\/person\/c4278d4a6028830caff9ee44b42d32ed\"},\"headline\":\"BCE antecipa manter pre\u00e7os de energia elevados e adia decis\u00f5es para junho\",\"datePublished\":\"2026-04-30T17:03:07+00:00\",\"mainEntityOfPage\":{\"@id\":\"https:\/\/portaltela.pt\/noticias\/2026\/04\/30\/bce-antecipa-manter-precos-de-energia-elevados-e-adia-decisoes-para-junho\/\"},\"wordCount\":208,\"image\":{\"@id\":\"https:\/\/portaltela.pt\/noticias\/2026\/04\/30\/bce-antecipa-manter-precos-de-energia-elevados-e-adia-decisoes-para-junho\/#primaryimage\"},\"thumbnailUrl\":\"https:\/\/portaltela.pt\/s.01k8rhncp4jt1\/2026\/04\/2085307.jpg\",\"keywords\":[\"_economia\",\"_energia\",\"_Europa\",\"_infla\u00e7\u00e3o\",\"_Uni\u00e3o Europeia\",\"BCE\"],\"articleSection\":[\"Economia\",\"Neg\u00f3cios\"],\"inLanguage\":\"pt-PT\"},{\"@type\":\"WebPage\",\"@id\":\"https:\/\/portaltela.pt\/noticias\/2026\/04\/30\/bce-antecipa-manter-precos-de-energia-elevados-e-adia-decisoes-para-junho\/\",\"url\":\"https:\/\/portaltela.pt\/noticias\/2026\/04\/30\/bce-antecipa-manter-precos-de-energia-elevados-e-adia-decisoes-para-junho\/\",\"name\":\"BCE antecipa manter pre\u00e7os de energia elevados e adia decis\u00f5es para junho - Portal Tela Portugal\",\"isPartOf\":{\"@id\":\"https:\/\/portaltela.pt\/#website\"},\"primaryImageOfPage\":{\"@id\":\"https:\/\/portaltela.pt\/noticias\/2026\/04\/30\/bce-antecipa-manter-precos-de-energia-elevados-e-adia-decisoes-para-junho\/#primaryimage\"},\"image\":{\"@id\":\"https:\/\/portaltela.pt\/noticias\/2026\/04\/30\/bce-antecipa-manter-precos-de-energia-elevados-e-adia-decisoes-para-junho\/#primaryimage\"},\"thumbnailUrl\":\"https:\/\/portaltela.pt\/s.01k8rhncp4jt1\/2026\/04\/2085307.jpg\",\"datePublished\":\"2026-04-30T17:03:07+00:00\",\"author\":{\"@id\":\"https:\/\/portaltela.pt\/#\/schema\/person\/c4278d4a6028830caff9ee44b42d32ed\"},\"breadcrumb\":{\"@id\":\"https:\/\/portaltela.pt\/noticias\/2026\/04\/30\/bce-antecipa-manter-precos-de-energia-elevados-e-adia-decisoes-para-junho\/#breadcrumb\"},\"inLanguage\":\"pt-PT\",\"potentialAction\":[{\"@type\":\"ReadAction\",\"target\":[\"https:\/\/portaltela.pt\/noticias\/2026\/04\/30\/bce-antecipa-manter-precos-de-energia-elevados-e-adia-decisoes-para-junho\/\"]}]},{\"@type\":\"ImageObject\",\"inLanguage\":\"pt-PT\",\"@id\":\"https:\/\/portaltela.pt\/noticias\/2026\/04\/30\/bce-antecipa-manter-precos-de-energia-elevados-e-adia-decisoes-para-junho\/#primaryimage\",\"url\":\"https:\/\/portaltela.pt\/s.01k8rhncp4jt1\/2026\/04\/2085307.jpg\",\"contentUrl\":\"https:\/\/portaltela.pt\/s.01k8rhncp4jt1\/2026\/04\/2085307.jpg\",\"width\":796,\"height\":448,\"caption\":\"Christine Lagarde, presidente do BCE\"},{\"@type\":\"BreadcrumbList\",\"@id\":\"https:\/\/portaltela.pt\/noticias\/2026\/04\/30\/bce-antecipa-manter-precos-de-energia-elevados-e-adia-decisoes-para-junho\/#breadcrumb\",\"itemListElement\":[{\"@type\":\"ListItem\",\"position\":1,\"name\":\"In\u00edcio\",\"item\":\"https:\/\/portaltela.pt\/\"},{\"@type\":\"ListItem\",\"position\":2,\"name\":\"BCE antecipa manter pre\u00e7os de energia elevados e adia decis\u00f5es para junho\"}]},{\"@type\":\"WebSite\",\"@id\":\"https:\/\/portaltela.pt\/#website\",\"url\":\"https:\/\/portaltela.pt\/\",\"name\":\"Portal Tela Portugal\",\"description\":\"\",\"potentialAction\":[{\"@type\":\"SearchAction\",\"target\":{\"@type\":\"EntryPoint\",\"urlTemplate\":\"https:\/\/portaltela.pt\/?s={search_term_string}\"},\"query-input\":{\"@type\":\"PropertyValueSpecification\",\"valueRequired\":true,\"valueName\":\"search_term_string\"}}],\"inLanguage\":\"pt-PT\"},{\"@type\":\"Person\",\"@id\":\"https:\/\/portaltela.pt\/#\/schema\/person\/c4278d4a6028830caff9ee44b42d32ed\",\"name\":\"Telinha\",\"image\":{\"@type\":\"ImageObject\",\"inLanguage\":\"pt-PT\",\"@id\":\"https:\/\/portaltela.pt\/s.01k8rhncp4jt1\/2025\/11\/talking-bot-125x125.png\",\"url\":\"https:\/\/portaltela.pt\/s.01k8rhncp4jt1\/2025\/11\/talking-bot-125x125.png\",\"contentUrl\":\"https:\/\/portaltela.pt\/s.01k8rhncp4jt1\/2025\/11\/talking-bot-125x125.png\",\"caption\":\"Telinha\"},\"sameAs\":[\"https:\/\/portaltela.pt\/\"],\"url\":\"https:\/\/portaltela.pt\/por\/367410592786\/\"}]}<\/script>\n<!-- \/ Yoast SEO plugin. -->","yoast_head_json":{"title":"BCE antecipa manter pre\u00e7os de energia elevados e adia decis\u00f5es para junho - Portal Tela Portugal","robots":{"index":"index","follow":"follow","max-snippet":"max-snippet:-1","max-image-preview":"max-image-preview:large","max-video-preview":"max-video-preview:-1"},"og_locale":"pt_PT","og_type":"article","og_title":"BCE antecipa manter pre\u00e7os de energia elevados e adia decis\u00f5es para junho - Portal Tela Portugal","og_description":"O BCE manteve a taxa de juro de refer\u00eancia em 2%. Reconheceu que os riscos sobre a infla\u00e7\u00e3o e a economia est\u00e3o a intensificar-se. Os pre\u00e7os da energia dever\u00e3o permanecer elevados, afetando os rendimentos das fam\u00edlias. O conselho discutiu v\u00e1rias op\u00e7\u00f5es, incluindo a subida de juros, que n\u00e3o est\u00e1 completamente afastada a curto prazo. A decis\u00e3o sobre o rumo da pol\u00edtica deve ficar para junho, quando houver mais dados sobre a evolu\u00e7\u00e3o da guerra e o seu impacto.","og_url":"https:\/\/portaltela.pt\/noticias\/2026\/04\/30\/bce-antecipa-manter-precos-de-energia-elevados-e-adia-decisoes-para-junho\/","og_site_name":"Portal Tela Portugal","article_published_time":"2026-04-30T17:03:07+00:00","author":"Telinha","twitter_card":"summary_large_image","twitter_misc":{"Escrito por":"Telinha","Tempo estimado de leitura":"1 minuto"},"schema":{"@context":"https:\/\/schema.org","@graph":[{"@type":"Article","@id":"https:\/\/portaltela.pt\/noticias\/2026\/04\/30\/bce-antecipa-manter-precos-de-energia-elevados-e-adia-decisoes-para-junho\/#article","isPartOf":{"@id":"https:\/\/portaltela.pt\/noticias\/2026\/04\/30\/bce-antecipa-manter-precos-de-energia-elevados-e-adia-decisoes-para-junho\/"},"author":{"name":"Telinha","@id":"https:\/\/portaltela.pt\/#\/schema\/person\/c4278d4a6028830caff9ee44b42d32ed"},"headline":"BCE antecipa manter pre\u00e7os de energia elevados e adia decis\u00f5es para junho","datePublished":"2026-04-30T17:03:07+00:00","mainEntityOfPage":{"@id":"https:\/\/portaltela.pt\/noticias\/2026\/04\/30\/bce-antecipa-manter-precos-de-energia-elevados-e-adia-decisoes-para-junho\/"},"wordCount":208,"image":{"@id":"https:\/\/portaltela.pt\/noticias\/2026\/04\/30\/bce-antecipa-manter-precos-de-energia-elevados-e-adia-decisoes-para-junho\/#primaryimage"},"thumbnailUrl":"https:\/\/portaltela.pt\/s.01k8rhncp4jt1\/2026\/04\/2085307.jpg","keywords":["_economia","_energia","_Europa","_infla\u00e7\u00e3o","_Uni\u00e3o Europeia","BCE"],"articleSection":["Economia","Neg\u00f3cios"],"inLanguage":"pt-PT"},{"@type":"WebPage","@id":"https:\/\/portaltela.pt\/noticias\/2026\/04\/30\/bce-antecipa-manter-precos-de-energia-elevados-e-adia-decisoes-para-junho\/","url":"https:\/\/portaltela.pt\/noticias\/2026\/04\/30\/bce-antecipa-manter-precos-de-energia-elevados-e-adia-decisoes-para-junho\/","name":"BCE antecipa manter pre\u00e7os de energia elevados e adia decis\u00f5es para junho - Portal Tela Portugal","isPartOf":{"@id":"https:\/\/portaltela.pt\/#website"},"primaryImageOfPage":{"@id":"https:\/\/portaltela.pt\/noticias\/2026\/04\/30\/bce-antecipa-manter-precos-de-energia-elevados-e-adia-decisoes-para-junho\/#primaryimage"},"image":{"@id":"https:\/\/portaltela.pt\/noticias\/2026\/04\/30\/bce-antecipa-manter-precos-de-energia-elevados-e-adia-decisoes-para-junho\/#primaryimage"},"thumbnailUrl":"https:\/\/portaltela.pt\/s.01k8rhncp4jt1\/2026\/04\/2085307.jpg","datePublished":"2026-04-30T17:03:07+00:00","author":{"@id":"https:\/\/portaltela.pt\/#\/schema\/person\/c4278d4a6028830caff9ee44b42d32ed"},"breadcrumb":{"@id":"https:\/\/portaltela.pt\/noticias\/2026\/04\/30\/bce-antecipa-manter-precos-de-energia-elevados-e-adia-decisoes-para-junho\/#breadcrumb"},"inLanguage":"pt-PT","potentialAction":[{"@type":"ReadAction","target":["https:\/\/portaltela.pt\/noticias\/2026\/04\/30\/bce-antecipa-manter-precos-de-energia-elevados-e-adia-decisoes-para-junho\/"]}]},{"@type":"ImageObject","inLanguage":"pt-PT","@id":"https:\/\/portaltela.pt\/noticias\/2026\/04\/30\/bce-antecipa-manter-precos-de-energia-elevados-e-adia-decisoes-para-junho\/#primaryimage","url":"https:\/\/portaltela.pt\/s.01k8rhncp4jt1\/2026\/04\/2085307.jpg","contentUrl":"https:\/\/portaltela.pt\/s.01k8rhncp4jt1\/2026\/04\/2085307.jpg","width":796,"height":448,"caption":"Christine Lagarde, presidente do BCE"},{"@type":"BreadcrumbList","@id":"https:\/\/portaltela.pt\/noticias\/2026\/04\/30\/bce-antecipa-manter-precos-de-energia-elevados-e-adia-decisoes-para-junho\/#breadcrumb","itemListElement":[{"@type":"ListItem","position":1,"name":"In\u00edcio","item":"https:\/\/portaltela.pt\/"},{"@type":"ListItem","position":2,"name":"BCE antecipa manter pre\u00e7os de energia elevados e adia decis\u00f5es para junho"}]},{"@type":"WebSite","@id":"https:\/\/portaltela.pt\/#website","url":"https:\/\/portaltela.pt\/","name":"Portal Tela Portugal","description":"","potentialAction":[{"@type":"SearchAction","target":{"@type":"EntryPoint","urlTemplate":"https:\/\/portaltela.pt\/?s={search_term_string}"},"query-input":{"@type":"PropertyValueSpecification","valueRequired":true,"valueName":"search_term_string"}}],"inLanguage":"pt-PT"},{"@type":"Person","@id":"https:\/\/portaltela.pt\/#\/schema\/person\/c4278d4a6028830caff9ee44b42d32ed","name":"Telinha","image":{"@type":"ImageObject","inLanguage":"pt-PT","@id":"https:\/\/portaltela.pt\/s.01k8rhncp4jt1\/2025\/11\/talking-bot-125x125.png","url":"https:\/\/portaltela.pt\/s.01k8rhncp4jt1\/2025\/11\/talking-bot-125x125.png","contentUrl":"https:\/\/portaltela.pt\/s.01k8rhncp4jt1\/2025\/11\/talking-bot-125x125.png","caption":"Telinha"},"sameAs":["https:\/\/portaltela.pt\/"],"url":"https:\/\/portaltela.pt\/por\/367410592786\/"}]}},"_links":{"self":[{"href":"https:\/\/portaltela.pt\/api\/wp\/v2\/posts\/462802","targetHints":{"allow":["GET"]}}],"collection":[{"href":"https:\/\/portaltela.pt\/api\/wp\/v2\/posts"}],"about":[{"href":"https:\/\/portaltela.pt\/api\/wp\/v2\/types\/post"}],"author":[{"embeddable":true,"href":"https:\/\/portaltela.pt\/api\/wp\/v2\/users\/2"}],"replies":[{"embeddable":true,"href":"https:\/\/portaltela.pt\/api\/wp\/v2\/comments?post=462802"}],"version-history":[{"count":0,"href":"https:\/\/portaltela.pt\/api\/wp\/v2\/posts\/462802\/revisions"}],"wp:featuredmedia":[{"embeddable":true,"href":"https:\/\/portaltela.pt\/api\/wp\/v2\/media\/462806"}],"wp:attachment":[{"href":"https:\/\/portaltela.pt\/api\/wp\/v2\/media?parent=462802"}],"wp:term":[{"taxonomy":"category","embeddable":true,"href":"https:\/\/portaltela.pt\/api\/wp\/v2\/categories?post=462802"},{"taxonomy":"post_tag","embeddable":true,"href":"https:\/\/portaltela.pt\/api\/wp\/v2\/tags?post=462802"}],"curies":[{"name":"wp","href":"https:\/\/api.w.org\/{rel}","templated":true}]}}