{"id":462794,"date":"2026-04-30T13:48:06","date_gmt":"2026-04-30T16:48:06","guid":{"rendered":"https:\/\/portaltela.pt\/noticias\/2026\/04\/30\/adolescente-frances-acusado-em-singapura-por-video-viral-envolvendo-palhinha\/"},"modified":"2026-04-30T13:48:06","modified_gmt":"2026-04-30T16:48:06","slug":"adolescente-frances-acusado-em-singapura-por-video-viral-envolvendo-palhinha","status":"publish","type":"post","link":"https:\/\/portaltela.pt\/justica\/2026\/04\/30\/adolescente-frances-acusado-em-singapura-por-video-viral-envolvendo-palhinha\/","title":{"rendered":"Adolescente franc\u00eas acusado em Singapura por v\u00eddeo viral envolvendo palhinha"},"content":{"rendered":"<p>O adolescente franc\u00eas Didier Gaspard Owen Maximilien, de 18 anos, foi acusado em Singapura de danos e perturba\u00e7\u00e3o da ordem p\u00fablica por um v\u00eddeo viral que mostra a lamber uma palhinha de uma m\u00e1quina de venda autom\u00e1tica de sumo de laranja e devolv\u00ea-la ao lugar. A acusa\u00e7\u00e3o tem data de 24 de abril, e o jovem ainda n\u00e3o se pronunciou.<\/p>\n<p>Segundo o The Straits Times, o incidente ocorreu a 12 de mar\u00e7o num centro comercial da cidade-estado. O v\u00eddeo ganhou notoriedade online, impulsionando a investiga\u00e7\u00e3o e as acusa\u00e7\u00f5es formais contra o estudante.<\/p>\n<h3>Contexto legal, investiga\u00e7\u00e3o e pr\u00f3ximos passos<\/h3>\n<p>Na quarta-feira, o jornal apurou que o tribunal autorizou a desloca\u00e7\u00e3o de Maximilien a Manila, de 2 a 25 de maio, para uma viagem de estudo necess\u00e1ria \u00e0 gradua\u00e7\u00e3o. O jovem dever\u00e1 regressar e voltar a apresentar-se no tribunal a 29 de maio.<\/p>\n<p>A empresa IJooz, que explora a m\u00e1quina, apresentou queixa policial e desinfetou o dispositivo, substituindo 500 palhinhas. A marca afirmou que vai atualizar as m\u00e1quinas para palhinhas embaladas individualmente e compartimentos que abrem apenas ap\u00f3s a transa\u00e7\u00e3o.<\/p>\n<p>Os advogados do adolescente recusaram comentar o caso. O crime de lesa-majestade pode implicar at\u00e9 dois anos de pris\u00e3o, enquanto perturba\u00e7\u00e3o da ordem p\u00fablica pode exigir at\u00e9 tr\u00eas meses ou multa.<\/p>\n<p>Singapura permanece com regras estritas de comportamento p\u00fablico e higiene, com medidas para evitar vandalismo e deposi\u00e7\u00e3o de lixo, incluindo multas e san\u00e7\u00f5es rigorosas. O caso atual \u00e9 acompanhado pela imprensa local.<\/p>\n","protected":false},"excerpt":{"rendered":"<ul>\n<li>O adolescente franc\u00eas Didier Gaspard Owen Maximilien, 18 anos, foi acusado em Singapura de danos e perturba\u00e7\u00e3o da ordem p\u00fablica, por v\u00eddeo em que lambe uma palhinha de uma m\u00e1quina de sumo de laranja e a devolve ao lugar.<\/li>\n<li>O crime ter\u00e1 ocorrido num centro comercial a 12 de mar\u00e7o, e o v\u00eddeo tornou-se viral online.<\/li>\n<li>A Straits Times adianta que o jovem recebeu autoriza\u00e7\u00e3o para viajar a Manila de 2 a 25 de maio para uma viagem de estudo, retornando ao tribunal a 29 de maio.<\/li>\n<li>A IJooz, empresa que explorava a m\u00e1quina, apresentou queixa \u00e0 pol\u00edcia e substituiu as 500 palhinhas, desinfetando o distribuidor e anunciando melhorias futuras (palhinhas embaladas individualmente e compartimentos que se abrem apenas ap\u00f3s a transa\u00e7\u00e3o).<\/li>\n<li>Em Singapura, o crime de lesa-majestade pode implicar at\u00e9 dois anos de pris\u00e3o ou multa, enquanto a perturba\u00e7\u00e3o da ordem p\u00fablica pode aplicar-se com pena de at\u00e9 tr\u00eas meses ou multa.<\/li>\n<\/ul>\n","protected":false},"author":2,"featured_media":462800,"comment_status":"closed","ping_status":"closed","sticky":false,"template":"","format":"standard","meta":{"footnotes":""},"categories":[6907,6815],"tags":[8634,7980,7921,10045,10044,8989],"class_list":["post-462794","post","type-post","status-publish","format-standard","has-post-thumbnail","hentry","category-crime","category-justica","tag-_adolescentes","tag-_asia","tag-_crime","tag-_danos","tag-_perturbacao-da-ordem-publica","tag-_vandalismo"],"yoast_head":"<!-- This site is optimized with the Yoast SEO plugin v27.2 - https:\/\/yoast.com\/product\/yoast-seo-wordpress\/ -->\n<title>Adolescente franc\u00eas acusado em Singapura por v\u00eddeo viral envolvendo palhinha - Portal Tela Portugal<\/title>\n<meta name=\"robots\" content=\"index, follow, max-snippet:-1, max-image-preview:large, max-video-preview:-1\" \/>\n<meta property=\"og:locale\" content=\"pt_PT\" \/>\n<meta property=\"og:type\" content=\"article\" \/>\n<meta property=\"og:title\" content=\"Adolescente franc\u00eas acusado em Singapura por v\u00eddeo viral envolvendo palhinha - Portal Tela Portugal\" \/>\n<meta property=\"og:description\" content=\"O adolescente franc\u00eas Didier Gaspard Owen Maximilien, 18 anos, foi acusado em Singapura de danos e perturba\u00e7\u00e3o da ordem p\u00fablica, por v\u00eddeo em que lambe uma palhinha de uma m\u00e1quina de sumo de laranja e a devolve ao lugar. O crime ter\u00e1 ocorrido num centro comercial a 12 de mar\u00e7o, e o v\u00eddeo tornou-se viral online. A Straits Times adianta que o jovem recebeu autoriza\u00e7\u00e3o para viajar a Manila de 2 a 25 de maio para uma viagem de estudo, retornando ao tribunal a 29 de maio. A IJooz, empresa que explorava a m\u00e1quina, apresentou queixa \u00e0 pol\u00edcia e substituiu as 500 palhinhas, desinfetando o distribuidor e anunciando melhorias futuras (palhinhas embaladas individualmente e compartimentos que se abrem apenas ap\u00f3s a transa\u00e7\u00e3o). Em Singapura, o crime de lesa-majestade pode implicar at\u00e9 dois anos de pris\u00e3o ou multa, enquanto a perturba\u00e7\u00e3o da ordem p\u00fablica pode aplicar-se com pena de at\u00e9 tr\u00eas meses ou multa.\" \/>\n<meta property=\"og:url\" content=\"https:\/\/portaltela.pt\/noticias\/2026\/04\/30\/adolescente-frances-acusado-em-singapura-por-video-viral-envolvendo-palhinha\/\" \/>\n<meta property=\"og:site_name\" content=\"Portal Tela Portugal\" \/>\n<meta property=\"article:published_time\" content=\"2026-04-30T16:48:06+00:00\" \/>\n<meta name=\"author\" content=\"Telinha\" \/>\n<meta name=\"twitter:card\" content=\"summary_large_image\" \/>\n<meta name=\"twitter:label1\" content=\"Escrito por\" \/>\n\t<meta name=\"twitter:data1\" content=\"Telinha\" \/>\n\t<meta name=\"twitter:label2\" content=\"Tempo estimado de leitura\" \/>\n\t<meta name=\"twitter:data2\" content=\"1 minuto\" \/>\n<script type=\"application\/ld+json\" class=\"yoast-schema-graph\">{\"@context\":\"https:\/\/schema.org\",\"@graph\":[{\"@type\":\"Article\",\"@id\":\"https:\/\/portaltela.pt\/noticias\/2026\/04\/30\/adolescente-frances-acusado-em-singapura-por-video-viral-envolvendo-palhinha\/#article\",\"isPartOf\":{\"@id\":\"https:\/\/portaltela.pt\/noticias\/2026\/04\/30\/adolescente-frances-acusado-em-singapura-por-video-viral-envolvendo-palhinha\/\"},\"author\":{\"name\":\"Telinha\",\"@id\":\"https:\/\/portaltela.pt\/#\/schema\/person\/c4278d4a6028830caff9ee44b42d32ed\"},\"headline\":\"Adolescente franc\u00eas acusado em Singapura por v\u00eddeo viral envolvendo palhinha\",\"datePublished\":\"2026-04-30T16:48:06+00:00\",\"mainEntityOfPage\":{\"@id\":\"https:\/\/portaltela.pt\/noticias\/2026\/04\/30\/adolescente-frances-acusado-em-singapura-por-video-viral-envolvendo-palhinha\/\"},\"wordCount\":273,\"image\":{\"@id\":\"https:\/\/portaltela.pt\/noticias\/2026\/04\/30\/adolescente-frances-acusado-em-singapura-por-video-viral-envolvendo-palhinha\/#primaryimage\"},\"thumbnailUrl\":\"https:\/\/portaltela.pt\/s.01k8rhncp4jt1\/2026\/04\/1536x864_cmsv2_0b70d586-6059-559c-aa25-9b7de14456bf-9742372.jpg\",\"keywords\":[\"_adolescentes\",\"_\u00c1sia\",\"_crime\",\"_danos\",\"_perturba\u00e7\u00e3o da ordem p\u00fablica\",\"_vandalismo\"],\"articleSection\":[\"Crime\",\"Justi\u00e7a\"],\"inLanguage\":\"pt-PT\"},{\"@type\":\"WebPage\",\"@id\":\"https:\/\/portaltela.pt\/noticias\/2026\/04\/30\/adolescente-frances-acusado-em-singapura-por-video-viral-envolvendo-palhinha\/\",\"url\":\"https:\/\/portaltela.pt\/noticias\/2026\/04\/30\/adolescente-frances-acusado-em-singapura-por-video-viral-envolvendo-palhinha\/\",\"name\":\"Adolescente franc\u00eas acusado em Singapura por v\u00eddeo viral envolvendo palhinha - Portal Tela Portugal\",\"isPartOf\":{\"@id\":\"https:\/\/portaltela.pt\/#website\"},\"primaryImageOfPage\":{\"@id\":\"https:\/\/portaltela.pt\/noticias\/2026\/04\/30\/adolescente-frances-acusado-em-singapura-por-video-viral-envolvendo-palhinha\/#primaryimage\"},\"image\":{\"@id\":\"https:\/\/portaltela.pt\/noticias\/2026\/04\/30\/adolescente-frances-acusado-em-singapura-por-video-viral-envolvendo-palhinha\/#primaryimage\"},\"thumbnailUrl\":\"https:\/\/portaltela.pt\/s.01k8rhncp4jt1\/2026\/04\/1536x864_cmsv2_0b70d586-6059-559c-aa25-9b7de14456bf-9742372.jpg\",\"datePublished\":\"2026-04-30T16:48:06+00:00\",\"author\":{\"@id\":\"https:\/\/portaltela.pt\/#\/schema\/person\/c4278d4a6028830caff9ee44b42d32ed\"},\"breadcrumb\":{\"@id\":\"https:\/\/portaltela.pt\/noticias\/2026\/04\/30\/adolescente-frances-acusado-em-singapura-por-video-viral-envolvendo-palhinha\/#breadcrumb\"},\"inLanguage\":\"pt-PT\",\"potentialAction\":[{\"@type\":\"ReadAction\",\"target\":[\"https:\/\/portaltela.pt\/noticias\/2026\/04\/30\/adolescente-frances-acusado-em-singapura-por-video-viral-envolvendo-palhinha\/\"]}]},{\"@type\":\"ImageObject\",\"inLanguage\":\"pt-PT\",\"@id\":\"https:\/\/portaltela.pt\/noticias\/2026\/04\/30\/adolescente-frances-acusado-em-singapura-por-video-viral-envolvendo-palhinha\/#primaryimage\",\"url\":\"https:\/\/portaltela.pt\/s.01k8rhncp4jt1\/2026\/04\/1536x864_cmsv2_0b70d586-6059-559c-aa25-9b7de14456bf-9742372.jpg\",\"contentUrl\":\"https:\/\/portaltela.pt\/s.01k8rhncp4jt1\/2026\/04\/1536x864_cmsv2_0b70d586-6059-559c-aa25-9b7de14456bf-9742372.jpg\",\"width\":796,\"height\":448,\"caption\":\"Um homem recolhe sumo de laranja da m\u00e1quina de venda autom\u00e1tica IJooz em Singapura, 30 de abril de 2026\"},{\"@type\":\"BreadcrumbList\",\"@id\":\"https:\/\/portaltela.pt\/noticias\/2026\/04\/30\/adolescente-frances-acusado-em-singapura-por-video-viral-envolvendo-palhinha\/#breadcrumb\",\"itemListElement\":[{\"@type\":\"ListItem\",\"position\":1,\"name\":\"In\u00edcio\",\"item\":\"https:\/\/portaltela.pt\/\"},{\"@type\":\"ListItem\",\"position\":2,\"name\":\"Adolescente franc\u00eas acusado em Singapura por v\u00eddeo viral envolvendo palhinha\"}]},{\"@type\":\"WebSite\",\"@id\":\"https:\/\/portaltela.pt\/#website\",\"url\":\"https:\/\/portaltela.pt\/\",\"name\":\"Portal Tela Portugal\",\"description\":\"\",\"potentialAction\":[{\"@type\":\"SearchAction\",\"target\":{\"@type\":\"EntryPoint\",\"urlTemplate\":\"https:\/\/portaltela.pt\/?s={search_term_string}\"},\"query-input\":{\"@type\":\"PropertyValueSpecification\",\"valueRequired\":true,\"valueName\":\"search_term_string\"}}],\"inLanguage\":\"pt-PT\"},{\"@type\":\"Person\",\"@id\":\"https:\/\/portaltela.pt\/#\/schema\/person\/c4278d4a6028830caff9ee44b42d32ed\",\"name\":\"Telinha\",\"image\":{\"@type\":\"ImageObject\",\"inLanguage\":\"pt-PT\",\"@id\":\"https:\/\/portaltela.pt\/s.01k8rhncp4jt1\/2025\/11\/talking-bot-125x125.png\",\"url\":\"https:\/\/portaltela.pt\/s.01k8rhncp4jt1\/2025\/11\/talking-bot-125x125.png\",\"contentUrl\":\"https:\/\/portaltela.pt\/s.01k8rhncp4jt1\/2025\/11\/talking-bot-125x125.png\",\"caption\":\"Telinha\"},\"sameAs\":[\"https:\/\/portaltela.pt\/\"],\"url\":\"https:\/\/portaltela.pt\/por\/367410592786\/\"}]}<\/script>\n<!-- \/ Yoast SEO plugin. -->","yoast_head_json":{"title":"Adolescente franc\u00eas acusado em Singapura por v\u00eddeo viral envolvendo palhinha - Portal Tela Portugal","robots":{"index":"index","follow":"follow","max-snippet":"max-snippet:-1","max-image-preview":"max-image-preview:large","max-video-preview":"max-video-preview:-1"},"og_locale":"pt_PT","og_type":"article","og_title":"Adolescente franc\u00eas acusado em Singapura por v\u00eddeo viral envolvendo palhinha - Portal Tela Portugal","og_description":"O adolescente franc\u00eas Didier Gaspard Owen Maximilien, 18 anos, foi acusado em Singapura de danos e perturba\u00e7\u00e3o da ordem p\u00fablica, por v\u00eddeo em que lambe uma palhinha de uma m\u00e1quina de sumo de laranja e a devolve ao lugar. O crime ter\u00e1 ocorrido num centro comercial a 12 de mar\u00e7o, e o v\u00eddeo tornou-se viral online. A Straits Times adianta que o jovem recebeu autoriza\u00e7\u00e3o para viajar a Manila de 2 a 25 de maio para uma viagem de estudo, retornando ao tribunal a 29 de maio. A IJooz, empresa que explorava a m\u00e1quina, apresentou queixa \u00e0 pol\u00edcia e substituiu as 500 palhinhas, desinfetando o distribuidor e anunciando melhorias futuras (palhinhas embaladas individualmente e compartimentos que se abrem apenas ap\u00f3s a transa\u00e7\u00e3o). Em Singapura, o crime de lesa-majestade pode implicar at\u00e9 dois anos de pris\u00e3o ou multa, enquanto a perturba\u00e7\u00e3o da ordem p\u00fablica pode aplicar-se com pena de at\u00e9 tr\u00eas meses ou multa.","og_url":"https:\/\/portaltela.pt\/noticias\/2026\/04\/30\/adolescente-frances-acusado-em-singapura-por-video-viral-envolvendo-palhinha\/","og_site_name":"Portal Tela Portugal","article_published_time":"2026-04-30T16:48:06+00:00","author":"Telinha","twitter_card":"summary_large_image","twitter_misc":{"Escrito por":"Telinha","Tempo estimado de leitura":"1 minuto"},"schema":{"@context":"https:\/\/schema.org","@graph":[{"@type":"Article","@id":"https:\/\/portaltela.pt\/noticias\/2026\/04\/30\/adolescente-frances-acusado-em-singapura-por-video-viral-envolvendo-palhinha\/#article","isPartOf":{"@id":"https:\/\/portaltela.pt\/noticias\/2026\/04\/30\/adolescente-frances-acusado-em-singapura-por-video-viral-envolvendo-palhinha\/"},"author":{"name":"Telinha","@id":"https:\/\/portaltela.pt\/#\/schema\/person\/c4278d4a6028830caff9ee44b42d32ed"},"headline":"Adolescente franc\u00eas acusado em Singapura por v\u00eddeo viral envolvendo palhinha","datePublished":"2026-04-30T16:48:06+00:00","mainEntityOfPage":{"@id":"https:\/\/portaltela.pt\/noticias\/2026\/04\/30\/adolescente-frances-acusado-em-singapura-por-video-viral-envolvendo-palhinha\/"},"wordCount":273,"image":{"@id":"https:\/\/portaltela.pt\/noticias\/2026\/04\/30\/adolescente-frances-acusado-em-singapura-por-video-viral-envolvendo-palhinha\/#primaryimage"},"thumbnailUrl":"https:\/\/portaltela.pt\/s.01k8rhncp4jt1\/2026\/04\/1536x864_cmsv2_0b70d586-6059-559c-aa25-9b7de14456bf-9742372.jpg","keywords":["_adolescentes","_\u00c1sia","_crime","_danos","_perturba\u00e7\u00e3o da ordem p\u00fablica","_vandalismo"],"articleSection":["Crime","Justi\u00e7a"],"inLanguage":"pt-PT"},{"@type":"WebPage","@id":"https:\/\/portaltela.pt\/noticias\/2026\/04\/30\/adolescente-frances-acusado-em-singapura-por-video-viral-envolvendo-palhinha\/","url":"https:\/\/portaltela.pt\/noticias\/2026\/04\/30\/adolescente-frances-acusado-em-singapura-por-video-viral-envolvendo-palhinha\/","name":"Adolescente franc\u00eas acusado em Singapura por v\u00eddeo viral envolvendo palhinha - Portal Tela Portugal","isPartOf":{"@id":"https:\/\/portaltela.pt\/#website"},"primaryImageOfPage":{"@id":"https:\/\/portaltela.pt\/noticias\/2026\/04\/30\/adolescente-frances-acusado-em-singapura-por-video-viral-envolvendo-palhinha\/#primaryimage"},"image":{"@id":"https:\/\/portaltela.pt\/noticias\/2026\/04\/30\/adolescente-frances-acusado-em-singapura-por-video-viral-envolvendo-palhinha\/#primaryimage"},"thumbnailUrl":"https:\/\/portaltela.pt\/s.01k8rhncp4jt1\/2026\/04\/1536x864_cmsv2_0b70d586-6059-559c-aa25-9b7de14456bf-9742372.jpg","datePublished":"2026-04-30T16:48:06+00:00","author":{"@id":"https:\/\/portaltela.pt\/#\/schema\/person\/c4278d4a6028830caff9ee44b42d32ed"},"breadcrumb":{"@id":"https:\/\/portaltela.pt\/noticias\/2026\/04\/30\/adolescente-frances-acusado-em-singapura-por-video-viral-envolvendo-palhinha\/#breadcrumb"},"inLanguage":"pt-PT","potentialAction":[{"@type":"ReadAction","target":["https:\/\/portaltela.pt\/noticias\/2026\/04\/30\/adolescente-frances-acusado-em-singapura-por-video-viral-envolvendo-palhinha\/"]}]},{"@type":"ImageObject","inLanguage":"pt-PT","@id":"https:\/\/portaltela.pt\/noticias\/2026\/04\/30\/adolescente-frances-acusado-em-singapura-por-video-viral-envolvendo-palhinha\/#primaryimage","url":"https:\/\/portaltela.pt\/s.01k8rhncp4jt1\/2026\/04\/1536x864_cmsv2_0b70d586-6059-559c-aa25-9b7de14456bf-9742372.jpg","contentUrl":"https:\/\/portaltela.pt\/s.01k8rhncp4jt1\/2026\/04\/1536x864_cmsv2_0b70d586-6059-559c-aa25-9b7de14456bf-9742372.jpg","width":796,"height":448,"caption":"Um homem recolhe sumo de laranja da m\u00e1quina de venda autom\u00e1tica IJooz em Singapura, 30 de abril de 2026"},{"@type":"BreadcrumbList","@id":"https:\/\/portaltela.pt\/noticias\/2026\/04\/30\/adolescente-frances-acusado-em-singapura-por-video-viral-envolvendo-palhinha\/#breadcrumb","itemListElement":[{"@type":"ListItem","position":1,"name":"In\u00edcio","item":"https:\/\/portaltela.pt\/"},{"@type":"ListItem","position":2,"name":"Adolescente franc\u00eas acusado em Singapura por v\u00eddeo viral envolvendo palhinha"}]},{"@type":"WebSite","@id":"https:\/\/portaltela.pt\/#website","url":"https:\/\/portaltela.pt\/","name":"Portal Tela Portugal","description":"","potentialAction":[{"@type":"SearchAction","target":{"@type":"EntryPoint","urlTemplate":"https:\/\/portaltela.pt\/?s={search_term_string}"},"query-input":{"@type":"PropertyValueSpecification","valueRequired":true,"valueName":"search_term_string"}}],"inLanguage":"pt-PT"},{"@type":"Person","@id":"https:\/\/portaltela.pt\/#\/schema\/person\/c4278d4a6028830caff9ee44b42d32ed","name":"Telinha","image":{"@type":"ImageObject","inLanguage":"pt-PT","@id":"https:\/\/portaltela.pt\/s.01k8rhncp4jt1\/2025\/11\/talking-bot-125x125.png","url":"https:\/\/portaltela.pt\/s.01k8rhncp4jt1\/2025\/11\/talking-bot-125x125.png","contentUrl":"https:\/\/portaltela.pt\/s.01k8rhncp4jt1\/2025\/11\/talking-bot-125x125.png","caption":"Telinha"},"sameAs":["https:\/\/portaltela.pt\/"],"url":"https:\/\/portaltela.pt\/por\/367410592786\/"}]}},"_links":{"self":[{"href":"https:\/\/portaltela.pt\/api\/wp\/v2\/posts\/462794","targetHints":{"allow":["GET"]}}],"collection":[{"href":"https:\/\/portaltela.pt\/api\/wp\/v2\/posts"}],"about":[{"href":"https:\/\/portaltela.pt\/api\/wp\/v2\/types\/post"}],"author":[{"embeddable":true,"href":"https:\/\/portaltela.pt\/api\/wp\/v2\/users\/2"}],"replies":[{"embeddable":true,"href":"https:\/\/portaltela.pt\/api\/wp\/v2\/comments?post=462794"}],"version-history":[{"count":0,"href":"https:\/\/portaltela.pt\/api\/wp\/v2\/posts\/462794\/revisions"}],"wp:featuredmedia":[{"embeddable":true,"href":"https:\/\/portaltela.pt\/api\/wp\/v2\/media\/462800"}],"wp:attachment":[{"href":"https:\/\/portaltela.pt\/api\/wp\/v2\/media?parent=462794"}],"wp:term":[{"taxonomy":"category","embeddable":true,"href":"https:\/\/portaltela.pt\/api\/wp\/v2\/categories?post=462794"},{"taxonomy":"post_tag","embeddable":true,"href":"https:\/\/portaltela.pt\/api\/wp\/v2\/tags?post=462794"}],"curies":[{"name":"wp","href":"https:\/\/api.w.org\/{rel}","templated":true}]}}